{"id":52880,"date":"2022-03-02T16:35:16","date_gmt":"2022-03-02T22:35:16","guid":{"rendered":"https:\/\/canal7slp.tv\/2022\/?p=52880"},"modified":"2022-03-02T16:35:16","modified_gmt":"2022-03-02T22:35:16","slug":"ops-confirma-disminucion-en-contagios-y-defunciones-por-covid-19-en-mexico","status":"publish","type":"post","link":"https:\/\/canal7slp.tv\/2022\/ops-confirma-disminucion-en-contagios-y-defunciones-por-covid-19-en-mexico\/","title":{"rendered":"OPS confirma disminuci\u00f3n en contagios y defunciones por COVID-19 en M\u00e9xico"},"content":{"rendered":"<p style=\"text-align: justify;\">M\u00e9xico.- La Organizaci\u00f3n Panamericana de la Salud (OPS) confirm\u00f3 que durante las \u00faltimas semanas en M\u00e9xico, ha disminuido la identificaci\u00f3n de nuevos contagios y la cifra de defunciones por SARS-COV-2.<\/p>\n<p style=\"text-align: justify;\">Pese a estas cifras, la OPS advirti\u00f3 que la pandemia sigue activa.<\/p>\n<p style=\"text-align: justify;\">Asimismo, la gerente de incidente para Covid-19 de la OPS, Sylvain Aldighieri resalt\u00f3 una tendencia a la baja en los casos activos en un 32%.<\/p>\n<p style=\"text-align: justify;\">\u201cEstas \u00faltimas cinco semanas en M\u00e9xico se observa una reducci\u00f3n continua de los casos de Covid-19 entre finales de enero y finales de febrero la baja fue semana por semana de menos 9 por ciento, menos 16 por ciento,\u00a0 menos 36 por ciento, menos 13 por ciento,\u00a0 incluyendo\u00a0 menos 23 por ciento en la \u00faltima semana. Tambi\u00e9n se est\u00e1 observando la misma tendencia con una reducci\u00f3n de las defunciones semanales con una diferencia de tiempo de dos a tres semanas comparando con los casos\u201d.<\/p>\n<p style=\"text-align: justify;\">Aldighieri exhorto a no relajar las medidas sanitarias anticovid.<\/p>\n<p style=\"text-align: justify;\">\u201cLa pandemia no termina y dado a la inestabilidad de la situaci\u00f3n internacional se recomienda mantener las medidas preventivas no farmacol\u00f3gicas en el pa\u00eds y fomentar la vacunaci\u00f3n\u201d, coment\u00f3.<\/p>\n","protected":false},"excerpt":{"rendered":"<p>M\u00e9xico.- La Organizaci\u00f3n Panamericana de la Salud (OPS) confirm\u00f3 que durante las \u00faltimas semanas en M\u00e9xico, ha disminuido la identificaci\u00f3n de nuevos contagios y la cifra de defunciones por SARS-COV-2. Pese a estas cifras, la OPS advirti\u00f3 que la pandemia sigue activa. Asimismo, la gerente de incidente para Covid-19 de la OPS, Sylvain Aldighieri resalt\u00f3 una tendencia a la baja en los casos activos en un 32%. \u201cEstas \u00faltimas cinco semanas en M\u00e9xico se observa una reducci\u00f3n continua de los casos de Covid-19 entre finales de enero y finales de febrero la baja fue semana por semana de menos 9 [&hellip;]<\/p>\n","protected":false},"author":2,"featured_media":52893,"comment_status":"closed","ping_status":"closed","sticky":false,"template":"","format":"standard","meta":{"footnotes":""},"categories":[4,46],"tags":[],"class_list":["post-52880","post","type-post","status-publish","format-standard","has-post-thumbnail","hentry","category-covid-19","category-nacional","post--single"],"yoast_head":"<!-- This site is optimized with the Yoast SEO plugin v27.4 - https:\/\/yoast.com\/product\/yoast-seo-wordpress\/ -->\n<title>OPS confirma disminuci\u00f3n en contagios y defunciones por COVID-19 en M\u00e9xico - Canal 7 SLP - 2022<\/title>\n<meta name=\"robots\" content=\"index, follow, max-snippet:-1, max-image-preview:large, max-video-preview:-1\" \/>\n<link rel=\"canonical\" href=\"https:\/\/canal7slp.tv\/2022\/ops-confirma-disminucion-en-contagios-y-defunciones-por-covid-19-en-mexico\/\" \/>\n<meta property=\"og:locale\" content=\"es_ES\" \/>\n<meta property=\"og:type\" content=\"article\" \/>\n<meta property=\"og:title\" content=\"OPS confirma disminuci\u00f3n en contagios y defunciones por COVID-19 en M\u00e9xico - Canal 7 SLP - 2022\" \/>\n<meta property=\"og:description\" content=\"M\u00e9xico.- La Organizaci\u00f3n Panamericana de la Salud (OPS) confirm\u00f3 que durante las \u00faltimas semanas en M\u00e9xico, ha disminuido la identificaci\u00f3n de nuevos contagios y la cifra de defunciones por SARS-COV-2. Pese a estas cifras, la OPS advirti\u00f3 que la pandemia sigue activa. Asimismo, la gerente de incidente para Covid-19 de la OPS, Sylvain Aldighieri resalt\u00f3 una tendencia a la baja en los casos activos en un 32%. \u201cEstas \u00faltimas cinco semanas en M\u00e9xico se observa una reducci\u00f3n continua de los casos de Covid-19 entre finales de enero y finales de febrero la baja fue semana por semana de menos 9 [&hellip;]\" \/>\n<meta property=\"og:url\" content=\"https:\/\/canal7slp.tv\/2022\/ops-confirma-disminucion-en-contagios-y-defunciones-por-covid-19-en-mexico\/\" \/>\n<meta property=\"og:site_name\" content=\"Canal 7 SLP - 2022\" \/>\n<meta property=\"article:publisher\" content=\"https:\/\/www.facebook.com\/noticieroscanalsiete\" \/>\n<meta property=\"article:published_time\" content=\"2022-03-02T22:35:16+00:00\" \/>\n<meta property=\"og:image\" content=\"https:\/\/canal7slp.tv\/2022\/wp-content\/uploads\/2022\/03\/01-1-scaled.jpg\" \/>\n\t<meta property=\"og:image:width\" content=\"2560\" \/>\n\t<meta property=\"og:image:height\" content=\"1703\" \/>\n\t<meta property=\"og:image:type\" content=\"image\/jpeg\" \/>\n<meta name=\"author\" content=\"Edici\u00f3n Web\" \/>\n<meta name=\"twitter:card\" content=\"summary_large_image\" \/>\n<meta name=\"twitter:creator\" content=\"@NOTICIEROS7\" \/>\n<meta name=\"twitter:site\" content=\"@NOTICIEROS7\" \/>\n<meta name=\"twitter:label1\" content=\"Escrito por\" \/>\n\t<meta name=\"twitter:data1\" content=\"Edici\u00f3n Web\" \/>\n\t<meta name=\"twitter:label2\" content=\"Tiempo de lectura\" \/>\n\t<meta name=\"twitter:data2\" content=\"1 minuto\" \/>\n<script type=\"application\/ld+json\" class=\"yoast-schema-graph\">{\"@context\":\"https:\\\/\\\/schema.org\",\"@graph\":[{\"@type\":\"Article\",\"@id\":\"https:\\\/\\\/canal7slp.tv\\\/2022\\\/ops-confirma-disminucion-en-contagios-y-defunciones-por-covid-19-en-mexico\\\/#article\",\"isPartOf\":{\"@id\":\"https:\\\/\\\/canal7slp.tv\\\/2022\\\/ops-confirma-disminucion-en-contagios-y-defunciones-por-covid-19-en-mexico\\\/\"},\"author\":{\"name\":\"Edici\u00f3n Web\",\"@id\":\"https:\\\/\\\/canal7slp.tv\\\/2022\\\/#\\\/schema\\\/person\\\/429704152a21f5f856ce29aa69a238da\"},\"headline\":\"OPS confirma disminuci\u00f3n en contagios y defunciones por COVID-19 en M\u00e9xico\",\"datePublished\":\"2022-03-02T22:35:16+00:00\",\"mainEntityOfPage\":{\"@id\":\"https:\\\/\\\/canal7slp.tv\\\/2022\\\/ops-confirma-disminucion-en-contagios-y-defunciones-por-covid-19-en-mexico\\\/\"},\"wordCount\":209,\"publisher\":{\"@id\":\"https:\\\/\\\/canal7slp.tv\\\/2022\\\/#organization\"},\"image\":{\"@id\":\"https:\\\/\\\/canal7slp.tv\\\/2022\\\/ops-confirma-disminucion-en-contagios-y-defunciones-por-covid-19-en-mexico\\\/#primaryimage\"},\"thumbnailUrl\":\"https:\\\/\\\/canal7slp.tv\\\/2022\\\/wp-content\\\/uploads\\\/2022\\\/03\\\/01-1-scaled.jpg\",\"articleSection\":[\"COVID-19\",\"NACIONALES\"],\"inLanguage\":\"es\"},{\"@type\":\"WebPage\",\"@id\":\"https:\\\/\\\/canal7slp.tv\\\/2022\\\/ops-confirma-disminucion-en-contagios-y-defunciones-por-covid-19-en-mexico\\\/\",\"url\":\"https:\\\/\\\/canal7slp.tv\\\/2022\\\/ops-confirma-disminucion-en-contagios-y-defunciones-por-covid-19-en-mexico\\\/\",\"name\":\"OPS confirma disminuci\u00f3n en contagios y defunciones por COVID-19 en M\u00e9xico - Canal 7 SLP - 2022\",\"isPartOf\":{\"@id\":\"https:\\\/\\\/canal7slp.tv\\\/2022\\\/#website\"},\"primaryImageOfPage\":{\"@id\":\"https:\\\/\\\/canal7slp.tv\\\/2022\\\/ops-confirma-disminucion-en-contagios-y-defunciones-por-covid-19-en-mexico\\\/#primaryimage\"},\"image\":{\"@id\":\"https:\\\/\\\/canal7slp.tv\\\/2022\\\/ops-confirma-disminucion-en-contagios-y-defunciones-por-covid-19-en-mexico\\\/#primaryimage\"},\"thumbnailUrl\":\"https:\\\/\\\/canal7slp.tv\\\/2022\\\/wp-content\\\/uploads\\\/2022\\\/03\\\/01-1-scaled.jpg\",\"datePublished\":\"2022-03-02T22:35:16+00:00\",\"breadcrumb\":{\"@id\":\"https:\\\/\\\/canal7slp.tv\\\/2022\\\/ops-confirma-disminucion-en-contagios-y-defunciones-por-covid-19-en-mexico\\\/#breadcrumb\"},\"inLanguage\":\"es\",\"potentialAction\":[{\"@type\":\"ReadAction\",\"target\":[\"https:\\\/\\\/canal7slp.tv\\\/2022\\\/ops-confirma-disminucion-en-contagios-y-defunciones-por-covid-19-en-mexico\\\/\"]}]},{\"@type\":\"ImageObject\",\"inLanguage\":\"es\",\"@id\":\"https:\\\/\\\/canal7slp.tv\\\/2022\\\/ops-confirma-disminucion-en-contagios-y-defunciones-por-covid-19-en-mexico\\\/#primaryimage\",\"url\":\"https:\\\/\\\/canal7slp.tv\\\/2022\\\/wp-content\\\/uploads\\\/2022\\\/03\\\/01-1-scaled.jpg\",\"contentUrl\":\"https:\\\/\\\/canal7slp.tv\\\/2022\\\/wp-content\\\/uploads\\\/2022\\\/03\\\/01-1-scaled.jpg\",\"width\":2560,\"height\":1703},{\"@type\":\"BreadcrumbList\",\"@id\":\"https:\\\/\\\/canal7slp.tv\\\/2022\\\/ops-confirma-disminucion-en-contagios-y-defunciones-por-covid-19-en-mexico\\\/#breadcrumb\",\"itemListElement\":[{\"@type\":\"ListItem\",\"position\":1,\"name\":\"Portada\",\"item\":\"https:\\\/\\\/canal7slp.tv\\\/2022\\\/\"},{\"@type\":\"ListItem\",\"position\":2,\"name\":\"OPS confirma disminuci\u00f3n en contagios y defunciones por COVID-19 en M\u00e9xico\"}]},{\"@type\":\"WebSite\",\"@id\":\"https:\\\/\\\/canal7slp.tv\\\/2022\\\/#website\",\"url\":\"https:\\\/\\\/canal7slp.tv\\\/2022\\\/\",\"name\":\"N7 - Noticieros Canal 7\",\"description\":\"Somos Televisi\u00f3n\",\"publisher\":{\"@id\":\"https:\\\/\\\/canal7slp.tv\\\/2022\\\/#organization\"},\"potentialAction\":[{\"@type\":\"SearchAction\",\"target\":{\"@type\":\"EntryPoint\",\"urlTemplate\":\"https:\\\/\\\/canal7slp.tv\\\/2022\\\/?s={search_term_string}\"},\"query-input\":{\"@type\":\"PropertyValueSpecification\",\"valueRequired\":true,\"valueName\":\"search_term_string\"}}],\"inLanguage\":\"es\"},{\"@type\":\"Organization\",\"@id\":\"https:\\\/\\\/canal7slp.tv\\\/2022\\\/#organization\",\"name\":\"Noticieros Canal 7\",\"url\":\"https:\\\/\\\/canal7slp.tv\\\/2022\\\/\",\"logo\":{\"@type\":\"ImageObject\",\"inLanguage\":\"es\",\"@id\":\"https:\\\/\\\/canal7slp.tv\\\/2022\\\/#\\\/schema\\\/logo\\\/image\\\/\",\"url\":\"https:\\\/\\\/canal7slp.tv\\\/2022\\\/wp-content\\\/uploads\\\/2021\\\/01\\\/logo-noticieros@2x.png\",\"contentUrl\":\"https:\\\/\\\/canal7slp.tv\\\/2022\\\/wp-content\\\/uploads\\\/2021\\\/01\\\/logo-noticieros@2x.png\",\"width\":1017,\"height\":268,\"caption\":\"Noticieros Canal 7\"},\"image\":{\"@id\":\"https:\\\/\\\/canal7slp.tv\\\/2022\\\/#\\\/schema\\\/logo\\\/image\\\/\"},\"sameAs\":[\"https:\\\/\\\/www.facebook.com\\\/noticieroscanalsiete\",\"https:\\\/\\\/x.com\\\/NOTICIEROS7\",\"https:\\\/\\\/www.instagram.com\\\/canal7_slp\",\"https:\\\/\\\/www.youtube.com\\\/channel\\\/UCliiYs-gP3JfJeqdPrNdd5A\"]},{\"@type\":\"Person\",\"@id\":\"https:\\\/\\\/canal7slp.tv\\\/2022\\\/#\\\/schema\\\/person\\\/429704152a21f5f856ce29aa69a238da\",\"name\":\"Edici\u00f3n Web\",\"image\":{\"@type\":\"ImageObject\",\"inLanguage\":\"es\",\"@id\":\"https:\\\/\\\/secure.gravatar.com\\\/avatar\\\/eee448fc3f7164808013b816ba91ac7e43bbe82a70bebac296f8bc6f0addaa1a?s=96&d=mm&r=g\",\"url\":\"https:\\\/\\\/secure.gravatar.com\\\/avatar\\\/eee448fc3f7164808013b816ba91ac7e43bbe82a70bebac296f8bc6f0addaa1a?s=96&d=mm&r=g\",\"contentUrl\":\"https:\\\/\\\/secure.gravatar.com\\\/avatar\\\/eee448fc3f7164808013b816ba91ac7e43bbe82a70bebac296f8bc6f0addaa1a?s=96&d=mm&r=g\",\"caption\":\"Edici\u00f3n Web\"},\"url\":\"https:\\\/\\\/canal7slp.tv\\\/2022\\\/author\\\/edicionweb\\\/\"}]}<\/script>\n<!-- \/ Yoast SEO plugin. -->","yoast_head_json":{"title":"OPS confirma disminuci\u00f3n en contagios y defunciones por COVID-19 en M\u00e9xico - Canal 7 SLP - 2022","robots":{"index":"index","follow":"follow","max-snippet":"max-snippet:-1","max-image-preview":"max-image-preview:large","max-video-preview":"max-video-preview:-1"},"canonical":"https:\/\/canal7slp.tv\/2022\/ops-confirma-disminucion-en-contagios-y-defunciones-por-covid-19-en-mexico\/","og_locale":"es_ES","og_type":"article","og_title":"OPS confirma disminuci\u00f3n en contagios y defunciones por COVID-19 en M\u00e9xico - Canal 7 SLP - 2022","og_description":"M\u00e9xico.- La Organizaci\u00f3n Panamericana de la Salud (OPS) confirm\u00f3 que durante las \u00faltimas semanas en M\u00e9xico, ha disminuido la identificaci\u00f3n de nuevos contagios y la cifra de defunciones por SARS-COV-2. Pese a estas cifras, la OPS advirti\u00f3 que la pandemia sigue activa. Asimismo, la gerente de incidente para Covid-19 de la OPS, Sylvain Aldighieri resalt\u00f3 una tendencia a la baja en los casos activos en un 32%. \u201cEstas \u00faltimas cinco semanas en M\u00e9xico se observa una reducci\u00f3n continua de los casos de Covid-19 entre finales de enero y finales de febrero la baja fue semana por semana de menos 9 [&hellip;]","og_url":"https:\/\/canal7slp.tv\/2022\/ops-confirma-disminucion-en-contagios-y-defunciones-por-covid-19-en-mexico\/","og_site_name":"Canal 7 SLP - 2022","article_publisher":"https:\/\/www.facebook.com\/noticieroscanalsiete","article_published_time":"2022-03-02T22:35:16+00:00","og_image":[{"width":2560,"height":1703,"url":"https:\/\/canal7slp.tv\/2022\/wp-content\/uploads\/2022\/03\/01-1-scaled.jpg","type":"image\/jpeg"}],"author":"Edici\u00f3n Web","twitter_card":"summary_large_image","twitter_creator":"@NOTICIEROS7","twitter_site":"@NOTICIEROS7","twitter_misc":{"Escrito por":"Edici\u00f3n Web","Tiempo de lectura":"1 minuto"},"schema":{"@context":"https:\/\/schema.org","@graph":[{"@type":"Article","@id":"https:\/\/canal7slp.tv\/2022\/ops-confirma-disminucion-en-contagios-y-defunciones-por-covid-19-en-mexico\/#article","isPartOf":{"@id":"https:\/\/canal7slp.tv\/2022\/ops-confirma-disminucion-en-contagios-y-defunciones-por-covid-19-en-mexico\/"},"author":{"name":"Edici\u00f3n Web","@id":"https:\/\/canal7slp.tv\/2022\/#\/schema\/person\/429704152a21f5f856ce29aa69a238da"},"headline":"OPS confirma disminuci\u00f3n en contagios y defunciones por COVID-19 en M\u00e9xico","datePublished":"2022-03-02T22:35:16+00:00","mainEntityOfPage":{"@id":"https:\/\/canal7slp.tv\/2022\/ops-confirma-disminucion-en-contagios-y-defunciones-por-covid-19-en-mexico\/"},"wordCount":209,"publisher":{"@id":"https:\/\/canal7slp.tv\/2022\/#organization"},"image":{"@id":"https:\/\/canal7slp.tv\/2022\/ops-confirma-disminucion-en-contagios-y-defunciones-por-covid-19-en-mexico\/#primaryimage"},"thumbnailUrl":"https:\/\/canal7slp.tv\/2022\/wp-content\/uploads\/2022\/03\/01-1-scaled.jpg","articleSection":["COVID-19","NACIONALES"],"inLanguage":"es"},{"@type":"WebPage","@id":"https:\/\/canal7slp.tv\/2022\/ops-confirma-disminucion-en-contagios-y-defunciones-por-covid-19-en-mexico\/","url":"https:\/\/canal7slp.tv\/2022\/ops-confirma-disminucion-en-contagios-y-defunciones-por-covid-19-en-mexico\/","name":"OPS confirma disminuci\u00f3n en contagios y defunciones por COVID-19 en M\u00e9xico - Canal 7 SLP - 2022","isPartOf":{"@id":"https:\/\/canal7slp.tv\/2022\/#website"},"primaryImageOfPage":{"@id":"https:\/\/canal7slp.tv\/2022\/ops-confirma-disminucion-en-contagios-y-defunciones-por-covid-19-en-mexico\/#primaryimage"},"image":{"@id":"https:\/\/canal7slp.tv\/2022\/ops-confirma-disminucion-en-contagios-y-defunciones-por-covid-19-en-mexico\/#primaryimage"},"thumbnailUrl":"https:\/\/canal7slp.tv\/2022\/wp-content\/uploads\/2022\/03\/01-1-scaled.jpg","datePublished":"2022-03-02T22:35:16+00:00","breadcrumb":{"@id":"https:\/\/canal7slp.tv\/2022\/ops-confirma-disminucion-en-contagios-y-defunciones-por-covid-19-en-mexico\/#breadcrumb"},"inLanguage":"es","potentialAction":[{"@type":"ReadAction","target":["https:\/\/canal7slp.tv\/2022\/ops-confirma-disminucion-en-contagios-y-defunciones-por-covid-19-en-mexico\/"]}]},{"@type":"ImageObject","inLanguage":"es","@id":"https:\/\/canal7slp.tv\/2022\/ops-confirma-disminucion-en-contagios-y-defunciones-por-covid-19-en-mexico\/#primaryimage","url":"https:\/\/canal7slp.tv\/2022\/wp-content\/uploads\/2022\/03\/01-1-scaled.jpg","contentUrl":"https:\/\/canal7slp.tv\/2022\/wp-content\/uploads\/2022\/03\/01-1-scaled.jpg","width":2560,"height":1703},{"@type":"BreadcrumbList","@id":"https:\/\/canal7slp.tv\/2022\/ops-confirma-disminucion-en-contagios-y-defunciones-por-covid-19-en-mexico\/#breadcrumb","itemListElement":[{"@type":"ListItem","position":1,"name":"Portada","item":"https:\/\/canal7slp.tv\/2022\/"},{"@type":"ListItem","position":2,"name":"OPS confirma disminuci\u00f3n en contagios y defunciones por COVID-19 en M\u00e9xico"}]},{"@type":"WebSite","@id":"https:\/\/canal7slp.tv\/2022\/#website","url":"https:\/\/canal7slp.tv\/2022\/","name":"N7 - Noticieros Canal 7","description":"Somos Televisi\u00f3n","publisher":{"@id":"https:\/\/canal7slp.tv\/2022\/#organization"},"potentialAction":[{"@type":"SearchAction","target":{"@type":"EntryPoint","urlTemplate":"https:\/\/canal7slp.tv\/2022\/?s={search_term_string}"},"query-input":{"@type":"PropertyValueSpecification","valueRequired":true,"valueName":"search_term_string"}}],"inLanguage":"es"},{"@type":"Organization","@id":"https:\/\/canal7slp.tv\/2022\/#organization","name":"Noticieros Canal 7","url":"https:\/\/canal7slp.tv\/2022\/","logo":{"@type":"ImageObject","inLanguage":"es","@id":"https:\/\/canal7slp.tv\/2022\/#\/schema\/logo\/image\/","url":"https:\/\/canal7slp.tv\/2022\/wp-content\/uploads\/2021\/01\/logo-noticieros@2x.png","contentUrl":"https:\/\/canal7slp.tv\/2022\/wp-content\/uploads\/2021\/01\/logo-noticieros@2x.png","width":1017,"height":268,"caption":"Noticieros Canal 7"},"image":{"@id":"https:\/\/canal7slp.tv\/2022\/#\/schema\/logo\/image\/"},"sameAs":["https:\/\/www.facebook.com\/noticieroscanalsiete","https:\/\/x.com\/NOTICIEROS7","https:\/\/www.instagram.com\/canal7_slp","https:\/\/www.youtube.com\/channel\/UCliiYs-gP3JfJeqdPrNdd5A"]},{"@type":"Person","@id":"https:\/\/canal7slp.tv\/2022\/#\/schema\/person\/429704152a21f5f856ce29aa69a238da","name":"Edici\u00f3n Web","image":{"@type":"ImageObject","inLanguage":"es","@id":"https:\/\/secure.gravatar.com\/avatar\/eee448fc3f7164808013b816ba91ac7e43bbe82a70bebac296f8bc6f0addaa1a?s=96&d=mm&r=g","url":"https:\/\/secure.gravatar.com\/avatar\/eee448fc3f7164808013b816ba91ac7e43bbe82a70bebac296f8bc6f0addaa1a?s=96&d=mm&r=g","contentUrl":"https:\/\/secure.gravatar.com\/avatar\/eee448fc3f7164808013b816ba91ac7e43bbe82a70bebac296f8bc6f0addaa1a?s=96&d=mm&r=g","caption":"Edici\u00f3n Web"},"url":"https:\/\/canal7slp.tv\/2022\/author\/edicionweb\/"}]}},"amp_enabled":true,"_links":{"self":[{"href":"https:\/\/canal7slp.tv\/2022\/wp-json\/wp\/v2\/posts\/52880","targetHints":{"allow":["GET"]}}],"collection":[{"href":"https:\/\/canal7slp.tv\/2022\/wp-json\/wp\/v2\/posts"}],"about":[{"href":"https:\/\/canal7slp.tv\/2022\/wp-json\/wp\/v2\/types\/post"}],"author":[{"embeddable":true,"href":"https:\/\/canal7slp.tv\/2022\/wp-json\/wp\/v2\/users\/2"}],"replies":[{"embeddable":true,"href":"https:\/\/canal7slp.tv\/2022\/wp-json\/wp\/v2\/comments?post=52880"}],"version-history":[{"count":2,"href":"https:\/\/canal7slp.tv\/2022\/wp-json\/wp\/v2\/posts\/52880\/revisions"}],"predecessor-version":[{"id":52898,"href":"https:\/\/canal7slp.tv\/2022\/wp-json\/wp\/v2\/posts\/52880\/revisions\/52898"}],"wp:featuredmedia":[{"embeddable":true,"href":"https:\/\/canal7slp.tv\/2022\/wp-json\/wp\/v2\/media\/52893"}],"wp:attachment":[{"href":"https:\/\/canal7slp.tv\/2022\/wp-json\/wp\/v2\/media?parent=52880"}],"wp:term":[{"taxonomy":"category","embeddable":true,"href":"https:\/\/canal7slp.tv\/2022\/wp-json\/wp\/v2\/categories?post=52880"},{"taxonomy":"post_tag","embeddable":true,"href":"https:\/\/canal7slp.tv\/2022\/wp-json\/wp\/v2\/tags?post=52880"}],"curies":[{"name":"wp","href":"https:\/\/api.w.org\/{rel}","templated":true}]}}