{"id":52760,"date":"2022-03-01T15:44:11","date_gmt":"2022-03-01T21:44:11","guid":{"rendered":"https:\/\/canal7slp.tv\/2022\/?p=52760"},"modified":"2022-03-01T15:44:11","modified_gmt":"2022-03-01T21:44:11","slug":"acnur-califica-de-extremadamente-preocupante-la-cifra-de-personas-que-huyen-de-ucrania","status":"publish","type":"post","link":"https:\/\/canal7slp.tv\/2022\/acnur-califica-de-extremadamente-preocupante-la-cifra-de-personas-que-huyen-de-ucrania\/","title":{"rendered":"ACNUR califica de extremadamente preocupante la cifra de personas que huyen de Ucrania"},"content":{"rendered":"<p style=\"text-align: justify;\">Ginebra.- De acuerdo con cifras del Alto Comisionado de las Naciones Unidas para los Refugiados (ACNUR), cerca de 677 mil personas han huido de Ucrania a causa del conflicto b\u00e9lico con Rusia.<\/p>\n<p style=\"text-align: justify;\">Cabe se\u00f1alar que Ucrania tiene frontera con 7 pa\u00edses: Rusia, Bielorrusia, Polinia, Eslovaquia, Rumania, Hungr\u00eda y Moldavia.<\/p>\n<p style=\"text-align: justify;\">Filippo Grandi, jefe del ACNUR, puntualiz\u00f3 que esta cifra de refugiados es \u201cextremadamente preocupante\u201d.<\/p>\n<p style=\"text-align: justify;\">\u201cObservamos c\u00f3mo podr\u00eda convertirse en la crisis de refugiados m\u00e1s importante de este siglo en Europa\u201d, agreg\u00f3.<\/p>\n<p style=\"text-align: justify;\">El titular del organismo detall\u00f3 que cerca de 90 mil personas huyeron hacia Polonia, 60 mil a Hungr\u00eda, 50 mil a Moldavia y 40 mil m\u00e1s a Rumania.<\/p>\n<p style=\"text-align: justify;\">Shabia Mantoo, vocero de ACNUR, se\u00f1al\u00f3 que el Alto Comisionado exhorta a los gobierno a continuar manteniendo el acceso a sus territorios a todos aquellos que huyen del conflicto armado.<\/p>\n","protected":false},"excerpt":{"rendered":"<p>Ginebra.- De acuerdo con cifras del Alto Comisionado de las Naciones Unidas para los Refugiados (ACNUR), cerca de 677 mil personas han huido de Ucrania a causa del conflicto b\u00e9lico con Rusia. Cabe se\u00f1alar que Ucrania tiene frontera con 7 pa\u00edses: Rusia, Bielorrusia, Polinia, Eslovaquia, Rumania, Hungr\u00eda y Moldavia. Filippo Grandi, jefe del ACNUR, puntualiz\u00f3 que esta cifra de refugiados es \u201cextremadamente preocupante\u201d. \u201cObservamos c\u00f3mo podr\u00eda convertirse en la crisis de refugiados m\u00e1s importante de este siglo en Europa\u201d, agreg\u00f3. El titular del organismo detall\u00f3 que cerca de 90 mil personas huyeron hacia Polonia, 60 mil a Hungr\u00eda, 50 mil [&hellip;]<\/p>\n","protected":false},"author":2,"featured_media":52772,"comment_status":"closed","ping_status":"closed","sticky":false,"template":"","format":"standard","meta":{"footnotes":""},"categories":[44],"tags":[],"class_list":["post-52760","post","type-post","status-publish","format-standard","has-post-thumbnail","hentry","category-internacional","post--single"],"yoast_head":"<!-- This site is optimized with the Yoast SEO plugin v27.4 - https:\/\/yoast.com\/product\/yoast-seo-wordpress\/ -->\n<title>ACNUR califica de extremadamente preocupante la cifra de personas que huyen de Ucrania - Canal 7 SLP - 2022<\/title>\n<meta name=\"robots\" content=\"index, follow, max-snippet:-1, max-image-preview:large, max-video-preview:-1\" \/>\n<link rel=\"canonical\" href=\"https:\/\/canal7slp.tv\/2022\/acnur-califica-de-extremadamente-preocupante-la-cifra-de-personas-que-huyen-de-ucrania\/\" \/>\n<meta property=\"og:locale\" content=\"es_ES\" \/>\n<meta property=\"og:type\" content=\"article\" \/>\n<meta property=\"og:title\" content=\"ACNUR califica de extremadamente preocupante la cifra de personas que huyen de Ucrania - Canal 7 SLP - 2022\" \/>\n<meta property=\"og:description\" content=\"Ginebra.- De acuerdo con cifras del Alto Comisionado de las Naciones Unidas para los Refugiados (ACNUR), cerca de 677 mil personas han huido de Ucrania a causa del conflicto b\u00e9lico con Rusia. Cabe se\u00f1alar que Ucrania tiene frontera con 7 pa\u00edses: Rusia, Bielorrusia, Polinia, Eslovaquia, Rumania, Hungr\u00eda y Moldavia. Filippo Grandi, jefe del ACNUR, puntualiz\u00f3 que esta cifra de refugiados es \u201cextremadamente preocupante\u201d. \u201cObservamos c\u00f3mo podr\u00eda convertirse en la crisis de refugiados m\u00e1s importante de este siglo en Europa\u201d, agreg\u00f3. El titular del organismo detall\u00f3 que cerca de 90 mil personas huyeron hacia Polonia, 60 mil a Hungr\u00eda, 50 mil [&hellip;]\" \/>\n<meta property=\"og:url\" content=\"https:\/\/canal7slp.tv\/2022\/acnur-califica-de-extremadamente-preocupante-la-cifra-de-personas-que-huyen-de-ucrania\/\" \/>\n<meta property=\"og:site_name\" content=\"Canal 7 SLP - 2022\" \/>\n<meta property=\"article:publisher\" content=\"https:\/\/www.facebook.com\/noticieroscanalsiete\" \/>\n<meta property=\"article:published_time\" content=\"2022-03-01T21:44:11+00:00\" \/>\n<meta property=\"og:image\" content=\"https:\/\/canal7slp.tv\/2022\/wp-content\/uploads\/2022\/03\/05.jpg\" \/>\n\t<meta property=\"og:image:width\" content=\"750\" \/>\n\t<meta property=\"og:image:height\" content=\"500\" \/>\n\t<meta property=\"og:image:type\" content=\"image\/jpeg\" \/>\n<meta name=\"author\" content=\"Edici\u00f3n Web\" \/>\n<meta name=\"twitter:card\" content=\"summary_large_image\" \/>\n<meta name=\"twitter:creator\" content=\"@NOTICIEROS7\" \/>\n<meta name=\"twitter:site\" content=\"@NOTICIEROS7\" \/>\n<meta name=\"twitter:label1\" content=\"Escrito por\" \/>\n\t<meta name=\"twitter:data1\" content=\"Edici\u00f3n Web\" \/>\n\t<meta name=\"twitter:label2\" content=\"Tiempo de lectura\" \/>\n\t<meta name=\"twitter:data2\" content=\"1 minuto\" \/>\n<script type=\"application\/ld+json\" class=\"yoast-schema-graph\">{\"@context\":\"https:\\\/\\\/schema.org\",\"@graph\":[{\"@type\":\"Article\",\"@id\":\"https:\\\/\\\/canal7slp.tv\\\/2022\\\/acnur-califica-de-extremadamente-preocupante-la-cifra-de-personas-que-huyen-de-ucrania\\\/#article\",\"isPartOf\":{\"@id\":\"https:\\\/\\\/canal7slp.tv\\\/2022\\\/acnur-califica-de-extremadamente-preocupante-la-cifra-de-personas-que-huyen-de-ucrania\\\/\"},\"author\":{\"name\":\"Edici\u00f3n Web\",\"@id\":\"https:\\\/\\\/canal7slp.tv\\\/2022\\\/#\\\/schema\\\/person\\\/429704152a21f5f856ce29aa69a238da\"},\"headline\":\"ACNUR califica de extremadamente preocupante la cifra de personas que huyen de Ucrania\",\"datePublished\":\"2022-03-01T21:44:11+00:00\",\"mainEntityOfPage\":{\"@id\":\"https:\\\/\\\/canal7slp.tv\\\/2022\\\/acnur-califica-de-extremadamente-preocupante-la-cifra-de-personas-que-huyen-de-ucrania\\\/\"},\"wordCount\":156,\"publisher\":{\"@id\":\"https:\\\/\\\/canal7slp.tv\\\/2022\\\/#organization\"},\"image\":{\"@id\":\"https:\\\/\\\/canal7slp.tv\\\/2022\\\/acnur-califica-de-extremadamente-preocupante-la-cifra-de-personas-que-huyen-de-ucrania\\\/#primaryimage\"},\"thumbnailUrl\":\"https:\\\/\\\/canal7slp.tv\\\/2022\\\/wp-content\\\/uploads\\\/2022\\\/03\\\/05.jpg\",\"articleSection\":[\"INTERNACIONALES\"],\"inLanguage\":\"es\"},{\"@type\":\"WebPage\",\"@id\":\"https:\\\/\\\/canal7slp.tv\\\/2022\\\/acnur-califica-de-extremadamente-preocupante-la-cifra-de-personas-que-huyen-de-ucrania\\\/\",\"url\":\"https:\\\/\\\/canal7slp.tv\\\/2022\\\/acnur-califica-de-extremadamente-preocupante-la-cifra-de-personas-que-huyen-de-ucrania\\\/\",\"name\":\"ACNUR califica de extremadamente preocupante la cifra de personas que huyen de Ucrania - Canal 7 SLP - 2022\",\"isPartOf\":{\"@id\":\"https:\\\/\\\/canal7slp.tv\\\/2022\\\/#website\"},\"primaryImageOfPage\":{\"@id\":\"https:\\\/\\\/canal7slp.tv\\\/2022\\\/acnur-califica-de-extremadamente-preocupante-la-cifra-de-personas-que-huyen-de-ucrania\\\/#primaryimage\"},\"image\":{\"@id\":\"https:\\\/\\\/canal7slp.tv\\\/2022\\\/acnur-califica-de-extremadamente-preocupante-la-cifra-de-personas-que-huyen-de-ucrania\\\/#primaryimage\"},\"thumbnailUrl\":\"https:\\\/\\\/canal7slp.tv\\\/2022\\\/wp-content\\\/uploads\\\/2022\\\/03\\\/05.jpg\",\"datePublished\":\"2022-03-01T21:44:11+00:00\",\"breadcrumb\":{\"@id\":\"https:\\\/\\\/canal7slp.tv\\\/2022\\\/acnur-califica-de-extremadamente-preocupante-la-cifra-de-personas-que-huyen-de-ucrania\\\/#breadcrumb\"},\"inLanguage\":\"es\",\"potentialAction\":[{\"@type\":\"ReadAction\",\"target\":[\"https:\\\/\\\/canal7slp.tv\\\/2022\\\/acnur-califica-de-extremadamente-preocupante-la-cifra-de-personas-que-huyen-de-ucrania\\\/\"]}]},{\"@type\":\"ImageObject\",\"inLanguage\":\"es\",\"@id\":\"https:\\\/\\\/canal7slp.tv\\\/2022\\\/acnur-califica-de-extremadamente-preocupante-la-cifra-de-personas-que-huyen-de-ucrania\\\/#primaryimage\",\"url\":\"https:\\\/\\\/canal7slp.tv\\\/2022\\\/wp-content\\\/uploads\\\/2022\\\/03\\\/05.jpg\",\"contentUrl\":\"https:\\\/\\\/canal7slp.tv\\\/2022\\\/wp-content\\\/uploads\\\/2022\\\/03\\\/05.jpg\",\"width\":750,\"height\":500},{\"@type\":\"BreadcrumbList\",\"@id\":\"https:\\\/\\\/canal7slp.tv\\\/2022\\\/acnur-califica-de-extremadamente-preocupante-la-cifra-de-personas-que-huyen-de-ucrania\\\/#breadcrumb\",\"itemListElement\":[{\"@type\":\"ListItem\",\"position\":1,\"name\":\"Portada\",\"item\":\"https:\\\/\\\/canal7slp.tv\\\/2022\\\/\"},{\"@type\":\"ListItem\",\"position\":2,\"name\":\"ACNUR califica de extremadamente preocupante la cifra de personas que huyen de Ucrania\"}]},{\"@type\":\"WebSite\",\"@id\":\"https:\\\/\\\/canal7slp.tv\\\/2022\\\/#website\",\"url\":\"https:\\\/\\\/canal7slp.tv\\\/2022\\\/\",\"name\":\"N7 - Noticieros Canal 7\",\"description\":\"Somos Televisi\u00f3n\",\"publisher\":{\"@id\":\"https:\\\/\\\/canal7slp.tv\\\/2022\\\/#organization\"},\"potentialAction\":[{\"@type\":\"SearchAction\",\"target\":{\"@type\":\"EntryPoint\",\"urlTemplate\":\"https:\\\/\\\/canal7slp.tv\\\/2022\\\/?s={search_term_string}\"},\"query-input\":{\"@type\":\"PropertyValueSpecification\",\"valueRequired\":true,\"valueName\":\"search_term_string\"}}],\"inLanguage\":\"es\"},{\"@type\":\"Organization\",\"@id\":\"https:\\\/\\\/canal7slp.tv\\\/2022\\\/#organization\",\"name\":\"Noticieros Canal 7\",\"url\":\"https:\\\/\\\/canal7slp.tv\\\/2022\\\/\",\"logo\":{\"@type\":\"ImageObject\",\"inLanguage\":\"es\",\"@id\":\"https:\\\/\\\/canal7slp.tv\\\/2022\\\/#\\\/schema\\\/logo\\\/image\\\/\",\"url\":\"https:\\\/\\\/canal7slp.tv\\\/2022\\\/wp-content\\\/uploads\\\/2021\\\/01\\\/logo-noticieros@2x.png\",\"contentUrl\":\"https:\\\/\\\/canal7slp.tv\\\/2022\\\/wp-content\\\/uploads\\\/2021\\\/01\\\/logo-noticieros@2x.png\",\"width\":1017,\"height\":268,\"caption\":\"Noticieros Canal 7\"},\"image\":{\"@id\":\"https:\\\/\\\/canal7slp.tv\\\/2022\\\/#\\\/schema\\\/logo\\\/image\\\/\"},\"sameAs\":[\"https:\\\/\\\/www.facebook.com\\\/noticieroscanalsiete\",\"https:\\\/\\\/x.com\\\/NOTICIEROS7\",\"https:\\\/\\\/www.instagram.com\\\/canal7_slp\",\"https:\\\/\\\/www.youtube.com\\\/channel\\\/UCliiYs-gP3JfJeqdPrNdd5A\"]},{\"@type\":\"Person\",\"@id\":\"https:\\\/\\\/canal7slp.tv\\\/2022\\\/#\\\/schema\\\/person\\\/429704152a21f5f856ce29aa69a238da\",\"name\":\"Edici\u00f3n Web\",\"image\":{\"@type\":\"ImageObject\",\"inLanguage\":\"es\",\"@id\":\"https:\\\/\\\/secure.gravatar.com\\\/avatar\\\/eee448fc3f7164808013b816ba91ac7e43bbe82a70bebac296f8bc6f0addaa1a?s=96&d=mm&r=g\",\"url\":\"https:\\\/\\\/secure.gravatar.com\\\/avatar\\\/eee448fc3f7164808013b816ba91ac7e43bbe82a70bebac296f8bc6f0addaa1a?s=96&d=mm&r=g\",\"contentUrl\":\"https:\\\/\\\/secure.gravatar.com\\\/avatar\\\/eee448fc3f7164808013b816ba91ac7e43bbe82a70bebac296f8bc6f0addaa1a?s=96&d=mm&r=g\",\"caption\":\"Edici\u00f3n Web\"},\"url\":\"https:\\\/\\\/canal7slp.tv\\\/2022\\\/author\\\/edicionweb\\\/\"}]}<\/script>\n<!-- \/ Yoast SEO plugin. -->","yoast_head_json":{"title":"ACNUR califica de extremadamente preocupante la cifra de personas que huyen de Ucrania - Canal 7 SLP - 2022","robots":{"index":"index","follow":"follow","max-snippet":"max-snippet:-1","max-image-preview":"max-image-preview:large","max-video-preview":"max-video-preview:-1"},"canonical":"https:\/\/canal7slp.tv\/2022\/acnur-califica-de-extremadamente-preocupante-la-cifra-de-personas-que-huyen-de-ucrania\/","og_locale":"es_ES","og_type":"article","og_title":"ACNUR califica de extremadamente preocupante la cifra de personas que huyen de Ucrania - Canal 7 SLP - 2022","og_description":"Ginebra.- De acuerdo con cifras del Alto Comisionado de las Naciones Unidas para los Refugiados (ACNUR), cerca de 677 mil personas han huido de Ucrania a causa del conflicto b\u00e9lico con Rusia. Cabe se\u00f1alar que Ucrania tiene frontera con 7 pa\u00edses: Rusia, Bielorrusia, Polinia, Eslovaquia, Rumania, Hungr\u00eda y Moldavia. Filippo Grandi, jefe del ACNUR, puntualiz\u00f3 que esta cifra de refugiados es \u201cextremadamente preocupante\u201d. \u201cObservamos c\u00f3mo podr\u00eda convertirse en la crisis de refugiados m\u00e1s importante de este siglo en Europa\u201d, agreg\u00f3. El titular del organismo detall\u00f3 que cerca de 90 mil personas huyeron hacia Polonia, 60 mil a Hungr\u00eda, 50 mil [&hellip;]","og_url":"https:\/\/canal7slp.tv\/2022\/acnur-califica-de-extremadamente-preocupante-la-cifra-de-personas-que-huyen-de-ucrania\/","og_site_name":"Canal 7 SLP - 2022","article_publisher":"https:\/\/www.facebook.com\/noticieroscanalsiete","article_published_time":"2022-03-01T21:44:11+00:00","og_image":[{"width":750,"height":500,"url":"https:\/\/canal7slp.tv\/2022\/wp-content\/uploads\/2022\/03\/05.jpg","type":"image\/jpeg"}],"author":"Edici\u00f3n Web","twitter_card":"summary_large_image","twitter_creator":"@NOTICIEROS7","twitter_site":"@NOTICIEROS7","twitter_misc":{"Escrito por":"Edici\u00f3n Web","Tiempo de lectura":"1 minuto"},"schema":{"@context":"https:\/\/schema.org","@graph":[{"@type":"Article","@id":"https:\/\/canal7slp.tv\/2022\/acnur-califica-de-extremadamente-preocupante-la-cifra-de-personas-que-huyen-de-ucrania\/#article","isPartOf":{"@id":"https:\/\/canal7slp.tv\/2022\/acnur-califica-de-extremadamente-preocupante-la-cifra-de-personas-que-huyen-de-ucrania\/"},"author":{"name":"Edici\u00f3n Web","@id":"https:\/\/canal7slp.tv\/2022\/#\/schema\/person\/429704152a21f5f856ce29aa69a238da"},"headline":"ACNUR califica de extremadamente preocupante la cifra de personas que huyen de Ucrania","datePublished":"2022-03-01T21:44:11+00:00","mainEntityOfPage":{"@id":"https:\/\/canal7slp.tv\/2022\/acnur-califica-de-extremadamente-preocupante-la-cifra-de-personas-que-huyen-de-ucrania\/"},"wordCount":156,"publisher":{"@id":"https:\/\/canal7slp.tv\/2022\/#organization"},"image":{"@id":"https:\/\/canal7slp.tv\/2022\/acnur-califica-de-extremadamente-preocupante-la-cifra-de-personas-que-huyen-de-ucrania\/#primaryimage"},"thumbnailUrl":"https:\/\/canal7slp.tv\/2022\/wp-content\/uploads\/2022\/03\/05.jpg","articleSection":["INTERNACIONALES"],"inLanguage":"es"},{"@type":"WebPage","@id":"https:\/\/canal7slp.tv\/2022\/acnur-califica-de-extremadamente-preocupante-la-cifra-de-personas-que-huyen-de-ucrania\/","url":"https:\/\/canal7slp.tv\/2022\/acnur-califica-de-extremadamente-preocupante-la-cifra-de-personas-que-huyen-de-ucrania\/","name":"ACNUR califica de extremadamente preocupante la cifra de personas que huyen de Ucrania - Canal 7 SLP - 2022","isPartOf":{"@id":"https:\/\/canal7slp.tv\/2022\/#website"},"primaryImageOfPage":{"@id":"https:\/\/canal7slp.tv\/2022\/acnur-califica-de-extremadamente-preocupante-la-cifra-de-personas-que-huyen-de-ucrania\/#primaryimage"},"image":{"@id":"https:\/\/canal7slp.tv\/2022\/acnur-califica-de-extremadamente-preocupante-la-cifra-de-personas-que-huyen-de-ucrania\/#primaryimage"},"thumbnailUrl":"https:\/\/canal7slp.tv\/2022\/wp-content\/uploads\/2022\/03\/05.jpg","datePublished":"2022-03-01T21:44:11+00:00","breadcrumb":{"@id":"https:\/\/canal7slp.tv\/2022\/acnur-califica-de-extremadamente-preocupante-la-cifra-de-personas-que-huyen-de-ucrania\/#breadcrumb"},"inLanguage":"es","potentialAction":[{"@type":"ReadAction","target":["https:\/\/canal7slp.tv\/2022\/acnur-califica-de-extremadamente-preocupante-la-cifra-de-personas-que-huyen-de-ucrania\/"]}]},{"@type":"ImageObject","inLanguage":"es","@id":"https:\/\/canal7slp.tv\/2022\/acnur-califica-de-extremadamente-preocupante-la-cifra-de-personas-que-huyen-de-ucrania\/#primaryimage","url":"https:\/\/canal7slp.tv\/2022\/wp-content\/uploads\/2022\/03\/05.jpg","contentUrl":"https:\/\/canal7slp.tv\/2022\/wp-content\/uploads\/2022\/03\/05.jpg","width":750,"height":500},{"@type":"BreadcrumbList","@id":"https:\/\/canal7slp.tv\/2022\/acnur-califica-de-extremadamente-preocupante-la-cifra-de-personas-que-huyen-de-ucrania\/#breadcrumb","itemListElement":[{"@type":"ListItem","position":1,"name":"Portada","item":"https:\/\/canal7slp.tv\/2022\/"},{"@type":"ListItem","position":2,"name":"ACNUR califica de extremadamente preocupante la cifra de personas que huyen de Ucrania"}]},{"@type":"WebSite","@id":"https:\/\/canal7slp.tv\/2022\/#website","url":"https:\/\/canal7slp.tv\/2022\/","name":"N7 - Noticieros Canal 7","description":"Somos Televisi\u00f3n","publisher":{"@id":"https:\/\/canal7slp.tv\/2022\/#organization"},"potentialAction":[{"@type":"SearchAction","target":{"@type":"EntryPoint","urlTemplate":"https:\/\/canal7slp.tv\/2022\/?s={search_term_string}"},"query-input":{"@type":"PropertyValueSpecification","valueRequired":true,"valueName":"search_term_string"}}],"inLanguage":"es"},{"@type":"Organization","@id":"https:\/\/canal7slp.tv\/2022\/#organization","name":"Noticieros Canal 7","url":"https:\/\/canal7slp.tv\/2022\/","logo":{"@type":"ImageObject","inLanguage":"es","@id":"https:\/\/canal7slp.tv\/2022\/#\/schema\/logo\/image\/","url":"https:\/\/canal7slp.tv\/2022\/wp-content\/uploads\/2021\/01\/logo-noticieros@2x.png","contentUrl":"https:\/\/canal7slp.tv\/2022\/wp-content\/uploads\/2021\/01\/logo-noticieros@2x.png","width":1017,"height":268,"caption":"Noticieros Canal 7"},"image":{"@id":"https:\/\/canal7slp.tv\/2022\/#\/schema\/logo\/image\/"},"sameAs":["https:\/\/www.facebook.com\/noticieroscanalsiete","https:\/\/x.com\/NOTICIEROS7","https:\/\/www.instagram.com\/canal7_slp","https:\/\/www.youtube.com\/channel\/UCliiYs-gP3JfJeqdPrNdd5A"]},{"@type":"Person","@id":"https:\/\/canal7slp.tv\/2022\/#\/schema\/person\/429704152a21f5f856ce29aa69a238da","name":"Edici\u00f3n Web","image":{"@type":"ImageObject","inLanguage":"es","@id":"https:\/\/secure.gravatar.com\/avatar\/eee448fc3f7164808013b816ba91ac7e43bbe82a70bebac296f8bc6f0addaa1a?s=96&d=mm&r=g","url":"https:\/\/secure.gravatar.com\/avatar\/eee448fc3f7164808013b816ba91ac7e43bbe82a70bebac296f8bc6f0addaa1a?s=96&d=mm&r=g","contentUrl":"https:\/\/secure.gravatar.com\/avatar\/eee448fc3f7164808013b816ba91ac7e43bbe82a70bebac296f8bc6f0addaa1a?s=96&d=mm&r=g","caption":"Edici\u00f3n Web"},"url":"https:\/\/canal7slp.tv\/2022\/author\/edicionweb\/"}]}},"amp_enabled":true,"_links":{"self":[{"href":"https:\/\/canal7slp.tv\/2022\/wp-json\/wp\/v2\/posts\/52760","targetHints":{"allow":["GET"]}}],"collection":[{"href":"https:\/\/canal7slp.tv\/2022\/wp-json\/wp\/v2\/posts"}],"about":[{"href":"https:\/\/canal7slp.tv\/2022\/wp-json\/wp\/v2\/types\/post"}],"author":[{"embeddable":true,"href":"https:\/\/canal7slp.tv\/2022\/wp-json\/wp\/v2\/users\/2"}],"replies":[{"embeddable":true,"href":"https:\/\/canal7slp.tv\/2022\/wp-json\/wp\/v2\/comments?post=52760"}],"version-history":[{"count":2,"href":"https:\/\/canal7slp.tv\/2022\/wp-json\/wp\/v2\/posts\/52760\/revisions"}],"predecessor-version":[{"id":52777,"href":"https:\/\/canal7slp.tv\/2022\/wp-json\/wp\/v2\/posts\/52760\/revisions\/52777"}],"wp:featuredmedia":[{"embeddable":true,"href":"https:\/\/canal7slp.tv\/2022\/wp-json\/wp\/v2\/media\/52772"}],"wp:attachment":[{"href":"https:\/\/canal7slp.tv\/2022\/wp-json\/wp\/v2\/media?parent=52760"}],"wp:term":[{"taxonomy":"category","embeddable":true,"href":"https:\/\/canal7slp.tv\/2022\/wp-json\/wp\/v2\/categories?post=52760"},{"taxonomy":"post_tag","embeddable":true,"href":"https:\/\/canal7slp.tv\/2022\/wp-json\/wp\/v2\/tags?post=52760"}],"curies":[{"name":"wp","href":"https:\/\/api.w.org\/{rel}","templated":true}]}}