{"id":52758,"date":"2022-03-01T15:39:06","date_gmt":"2022-03-01T21:39:06","guid":{"rendered":"https:\/\/canal7slp.tv\/2022\/?p=52758"},"modified":"2022-03-01T15:39:06","modified_gmt":"2022-03-01T21:39:06","slug":"se-registra-sismo-de-5-2-grados-en-oaxaca","status":"publish","type":"post","link":"https:\/\/canal7slp.tv\/2022\/se-registra-sismo-de-5-2-grados-en-oaxaca\/","title":{"rendered":"Se registra sismo de 5.2 grados en Oaxaca"},"content":{"rendered":"<p style=\"text-align: justify;\">M\u00e9xico.- El Servicio Sismol\u00f3gico Nacional (SSN) inform\u00f3 que a las 13:35 horas se registr\u00f3 un sismo de magnitud 5.2 a 26 kil\u00f3metros de San Pedro Pochutla, Oaxaca, con una profundidad de 41 kil\u00f3metros.<\/p>\n<p style=\"text-align: justify;\">Usuarios de Redes Sociales reportaron que el movimiento tel\u00farico se sinti\u00f3 en los estados de Veracruz y Ciudad de M\u00e9xico.<\/p>\n<p style=\"text-align: justify;\">Por su parte, la la Coordinaci\u00f3n Nacional de Protecci\u00f3n Civil del Gobierno de M\u00e9xico (CNPC) se\u00f1al\u00f3 que se mantiene comunicaci\u00f3n con las unidades estatales y municipales y los integrantes del Comit\u00e9 Nacional de Emergencias (CNE) para realizar una evaluaci\u00f3n preliminar tras el temblor de hoy.<\/p>\n<p style=\"text-align: justify;\">Asimismo, el del Centro de Alerta de Tsunamis de la Secretar\u00eda de Marina (SEMAR) se\u00f1al\u00f3 que no se espera la generaci\u00f3n de variaciones en el nivel del mar por la ubicaci\u00f3n del epicentro.<\/p>\n","protected":false},"excerpt":{"rendered":"<p>M\u00e9xico.- El Servicio Sismol\u00f3gico Nacional (SSN) inform\u00f3 que a las 13:35 horas se registr\u00f3 un sismo de magnitud 5.2 a 26 kil\u00f3metros de San Pedro Pochutla, Oaxaca, con una profundidad de 41 kil\u00f3metros. Usuarios de Redes Sociales reportaron que el movimiento tel\u00farico se sinti\u00f3 en los estados de Veracruz y Ciudad de M\u00e9xico. Por su parte, la la Coordinaci\u00f3n Nacional de Protecci\u00f3n Civil del Gobierno de M\u00e9xico (CNPC) se\u00f1al\u00f3 que se mantiene comunicaci\u00f3n con las unidades estatales y municipales y los integrantes del Comit\u00e9 Nacional de Emergencias (CNE) para realizar una evaluaci\u00f3n preliminar tras el temblor de hoy. Asimismo, el [&hellip;]<\/p>\n","protected":false},"author":2,"featured_media":52770,"comment_status":"closed","ping_status":"closed","sticky":false,"template":"","format":"standard","meta":{"footnotes":""},"categories":[46],"tags":[],"class_list":["post-52758","post","type-post","status-publish","format-standard","has-post-thumbnail","hentry","category-nacional","post--single"],"yoast_head":"<!-- This site is optimized with the Yoast SEO plugin v27.4 - https:\/\/yoast.com\/product\/yoast-seo-wordpress\/ -->\n<title>Se registra sismo de 5.2 grados en Oaxaca - Canal 7 SLP - 2022<\/title>\n<meta name=\"robots\" content=\"index, follow, max-snippet:-1, max-image-preview:large, max-video-preview:-1\" \/>\n<link rel=\"canonical\" href=\"https:\/\/canal7slp.tv\/2022\/se-registra-sismo-de-5-2-grados-en-oaxaca\/\" \/>\n<meta property=\"og:locale\" content=\"es_ES\" \/>\n<meta property=\"og:type\" content=\"article\" \/>\n<meta property=\"og:title\" content=\"Se registra sismo de 5.2 grados en Oaxaca - Canal 7 SLP - 2022\" \/>\n<meta property=\"og:description\" content=\"M\u00e9xico.- El Servicio Sismol\u00f3gico Nacional (SSN) inform\u00f3 que a las 13:35 horas se registr\u00f3 un sismo de magnitud 5.2 a 26 kil\u00f3metros de San Pedro Pochutla, Oaxaca, con una profundidad de 41 kil\u00f3metros. Usuarios de Redes Sociales reportaron que el movimiento tel\u00farico se sinti\u00f3 en los estados de Veracruz y Ciudad de M\u00e9xico. Por su parte, la la Coordinaci\u00f3n Nacional de Protecci\u00f3n Civil del Gobierno de M\u00e9xico (CNPC) se\u00f1al\u00f3 que se mantiene comunicaci\u00f3n con las unidades estatales y municipales y los integrantes del Comit\u00e9 Nacional de Emergencias (CNE) para realizar una evaluaci\u00f3n preliminar tras el temblor de hoy. Asimismo, el [&hellip;]\" \/>\n<meta property=\"og:url\" content=\"https:\/\/canal7slp.tv\/2022\/se-registra-sismo-de-5-2-grados-en-oaxaca\/\" \/>\n<meta property=\"og:site_name\" content=\"Canal 7 SLP - 2022\" \/>\n<meta property=\"article:publisher\" content=\"https:\/\/www.facebook.com\/noticieroscanalsiete\" \/>\n<meta property=\"article:published_time\" content=\"2022-03-01T21:39:06+00:00\" \/>\n<meta property=\"og:image\" content=\"https:\/\/canal7slp.tv\/2022\/wp-content\/uploads\/2022\/03\/03.png\" \/>\n\t<meta property=\"og:image:width\" content=\"750\" \/>\n\t<meta property=\"og:image:height\" content=\"450\" \/>\n\t<meta property=\"og:image:type\" content=\"image\/png\" \/>\n<meta name=\"author\" content=\"Edici\u00f3n Web\" \/>\n<meta name=\"twitter:card\" content=\"summary_large_image\" \/>\n<meta name=\"twitter:creator\" content=\"@NOTICIEROS7\" \/>\n<meta name=\"twitter:site\" content=\"@NOTICIEROS7\" \/>\n<meta name=\"twitter:label1\" content=\"Escrito por\" \/>\n\t<meta name=\"twitter:data1\" content=\"Edici\u00f3n Web\" \/>\n\t<meta name=\"twitter:label2\" content=\"Tiempo de lectura\" \/>\n\t<meta name=\"twitter:data2\" content=\"1 minuto\" \/>\n<script type=\"application\/ld+json\" class=\"yoast-schema-graph\">{\"@context\":\"https:\\\/\\\/schema.org\",\"@graph\":[{\"@type\":\"Article\",\"@id\":\"https:\\\/\\\/canal7slp.tv\\\/2022\\\/se-registra-sismo-de-5-2-grados-en-oaxaca\\\/#article\",\"isPartOf\":{\"@id\":\"https:\\\/\\\/canal7slp.tv\\\/2022\\\/se-registra-sismo-de-5-2-grados-en-oaxaca\\\/\"},\"author\":{\"name\":\"Edici\u00f3n Web\",\"@id\":\"https:\\\/\\\/canal7slp.tv\\\/2022\\\/#\\\/schema\\\/person\\\/429704152a21f5f856ce29aa69a238da\"},\"headline\":\"Se registra sismo de 5.2 grados en Oaxaca\",\"datePublished\":\"2022-03-01T21:39:06+00:00\",\"mainEntityOfPage\":{\"@id\":\"https:\\\/\\\/canal7slp.tv\\\/2022\\\/se-registra-sismo-de-5-2-grados-en-oaxaca\\\/\"},\"wordCount\":151,\"publisher\":{\"@id\":\"https:\\\/\\\/canal7slp.tv\\\/2022\\\/#organization\"},\"image\":{\"@id\":\"https:\\\/\\\/canal7slp.tv\\\/2022\\\/se-registra-sismo-de-5-2-grados-en-oaxaca\\\/#primaryimage\"},\"thumbnailUrl\":\"https:\\\/\\\/canal7slp.tv\\\/2022\\\/wp-content\\\/uploads\\\/2022\\\/03\\\/03.png\",\"articleSection\":[\"NACIONALES\"],\"inLanguage\":\"es\"},{\"@type\":\"WebPage\",\"@id\":\"https:\\\/\\\/canal7slp.tv\\\/2022\\\/se-registra-sismo-de-5-2-grados-en-oaxaca\\\/\",\"url\":\"https:\\\/\\\/canal7slp.tv\\\/2022\\\/se-registra-sismo-de-5-2-grados-en-oaxaca\\\/\",\"name\":\"Se registra sismo de 5.2 grados en Oaxaca - Canal 7 SLP - 2022\",\"isPartOf\":{\"@id\":\"https:\\\/\\\/canal7slp.tv\\\/2022\\\/#website\"},\"primaryImageOfPage\":{\"@id\":\"https:\\\/\\\/canal7slp.tv\\\/2022\\\/se-registra-sismo-de-5-2-grados-en-oaxaca\\\/#primaryimage\"},\"image\":{\"@id\":\"https:\\\/\\\/canal7slp.tv\\\/2022\\\/se-registra-sismo-de-5-2-grados-en-oaxaca\\\/#primaryimage\"},\"thumbnailUrl\":\"https:\\\/\\\/canal7slp.tv\\\/2022\\\/wp-content\\\/uploads\\\/2022\\\/03\\\/03.png\",\"datePublished\":\"2022-03-01T21:39:06+00:00\",\"breadcrumb\":{\"@id\":\"https:\\\/\\\/canal7slp.tv\\\/2022\\\/se-registra-sismo-de-5-2-grados-en-oaxaca\\\/#breadcrumb\"},\"inLanguage\":\"es\",\"potentialAction\":[{\"@type\":\"ReadAction\",\"target\":[\"https:\\\/\\\/canal7slp.tv\\\/2022\\\/se-registra-sismo-de-5-2-grados-en-oaxaca\\\/\"]}]},{\"@type\":\"ImageObject\",\"inLanguage\":\"es\",\"@id\":\"https:\\\/\\\/canal7slp.tv\\\/2022\\\/se-registra-sismo-de-5-2-grados-en-oaxaca\\\/#primaryimage\",\"url\":\"https:\\\/\\\/canal7slp.tv\\\/2022\\\/wp-content\\\/uploads\\\/2022\\\/03\\\/03.png\",\"contentUrl\":\"https:\\\/\\\/canal7slp.tv\\\/2022\\\/wp-content\\\/uploads\\\/2022\\\/03\\\/03.png\",\"width\":750,\"height\":450},{\"@type\":\"BreadcrumbList\",\"@id\":\"https:\\\/\\\/canal7slp.tv\\\/2022\\\/se-registra-sismo-de-5-2-grados-en-oaxaca\\\/#breadcrumb\",\"itemListElement\":[{\"@type\":\"ListItem\",\"position\":1,\"name\":\"Portada\",\"item\":\"https:\\\/\\\/canal7slp.tv\\\/2022\\\/\"},{\"@type\":\"ListItem\",\"position\":2,\"name\":\"Se registra sismo de 5.2 grados en Oaxaca\"}]},{\"@type\":\"WebSite\",\"@id\":\"https:\\\/\\\/canal7slp.tv\\\/2022\\\/#website\",\"url\":\"https:\\\/\\\/canal7slp.tv\\\/2022\\\/\",\"name\":\"N7 - Noticieros Canal 7\",\"description\":\"Somos Televisi\u00f3n\",\"publisher\":{\"@id\":\"https:\\\/\\\/canal7slp.tv\\\/2022\\\/#organization\"},\"potentialAction\":[{\"@type\":\"SearchAction\",\"target\":{\"@type\":\"EntryPoint\",\"urlTemplate\":\"https:\\\/\\\/canal7slp.tv\\\/2022\\\/?s={search_term_string}\"},\"query-input\":{\"@type\":\"PropertyValueSpecification\",\"valueRequired\":true,\"valueName\":\"search_term_string\"}}],\"inLanguage\":\"es\"},{\"@type\":\"Organization\",\"@id\":\"https:\\\/\\\/canal7slp.tv\\\/2022\\\/#organization\",\"name\":\"Noticieros Canal 7\",\"url\":\"https:\\\/\\\/canal7slp.tv\\\/2022\\\/\",\"logo\":{\"@type\":\"ImageObject\",\"inLanguage\":\"es\",\"@id\":\"https:\\\/\\\/canal7slp.tv\\\/2022\\\/#\\\/schema\\\/logo\\\/image\\\/\",\"url\":\"https:\\\/\\\/canal7slp.tv\\\/2022\\\/wp-content\\\/uploads\\\/2021\\\/01\\\/logo-noticieros@2x.png\",\"contentUrl\":\"https:\\\/\\\/canal7slp.tv\\\/2022\\\/wp-content\\\/uploads\\\/2021\\\/01\\\/logo-noticieros@2x.png\",\"width\":1017,\"height\":268,\"caption\":\"Noticieros Canal 7\"},\"image\":{\"@id\":\"https:\\\/\\\/canal7slp.tv\\\/2022\\\/#\\\/schema\\\/logo\\\/image\\\/\"},\"sameAs\":[\"https:\\\/\\\/www.facebook.com\\\/noticieroscanalsiete\",\"https:\\\/\\\/x.com\\\/NOTICIEROS7\",\"https:\\\/\\\/www.instagram.com\\\/canal7_slp\",\"https:\\\/\\\/www.youtube.com\\\/channel\\\/UCliiYs-gP3JfJeqdPrNdd5A\"]},{\"@type\":\"Person\",\"@id\":\"https:\\\/\\\/canal7slp.tv\\\/2022\\\/#\\\/schema\\\/person\\\/429704152a21f5f856ce29aa69a238da\",\"name\":\"Edici\u00f3n Web\",\"image\":{\"@type\":\"ImageObject\",\"inLanguage\":\"es\",\"@id\":\"https:\\\/\\\/secure.gravatar.com\\\/avatar\\\/eee448fc3f7164808013b816ba91ac7e43bbe82a70bebac296f8bc6f0addaa1a?s=96&d=mm&r=g\",\"url\":\"https:\\\/\\\/secure.gravatar.com\\\/avatar\\\/eee448fc3f7164808013b816ba91ac7e43bbe82a70bebac296f8bc6f0addaa1a?s=96&d=mm&r=g\",\"contentUrl\":\"https:\\\/\\\/secure.gravatar.com\\\/avatar\\\/eee448fc3f7164808013b816ba91ac7e43bbe82a70bebac296f8bc6f0addaa1a?s=96&d=mm&r=g\",\"caption\":\"Edici\u00f3n Web\"},\"url\":\"https:\\\/\\\/canal7slp.tv\\\/2022\\\/author\\\/edicionweb\\\/\"}]}<\/script>\n<!-- \/ Yoast SEO plugin. -->","yoast_head_json":{"title":"Se registra sismo de 5.2 grados en Oaxaca - Canal 7 SLP - 2022","robots":{"index":"index","follow":"follow","max-snippet":"max-snippet:-1","max-image-preview":"max-image-preview:large","max-video-preview":"max-video-preview:-1"},"canonical":"https:\/\/canal7slp.tv\/2022\/se-registra-sismo-de-5-2-grados-en-oaxaca\/","og_locale":"es_ES","og_type":"article","og_title":"Se registra sismo de 5.2 grados en Oaxaca - Canal 7 SLP - 2022","og_description":"M\u00e9xico.- El Servicio Sismol\u00f3gico Nacional (SSN) inform\u00f3 que a las 13:35 horas se registr\u00f3 un sismo de magnitud 5.2 a 26 kil\u00f3metros de San Pedro Pochutla, Oaxaca, con una profundidad de 41 kil\u00f3metros. Usuarios de Redes Sociales reportaron que el movimiento tel\u00farico se sinti\u00f3 en los estados de Veracruz y Ciudad de M\u00e9xico. Por su parte, la la Coordinaci\u00f3n Nacional de Protecci\u00f3n Civil del Gobierno de M\u00e9xico (CNPC) se\u00f1al\u00f3 que se mantiene comunicaci\u00f3n con las unidades estatales y municipales y los integrantes del Comit\u00e9 Nacional de Emergencias (CNE) para realizar una evaluaci\u00f3n preliminar tras el temblor de hoy. Asimismo, el [&hellip;]","og_url":"https:\/\/canal7slp.tv\/2022\/se-registra-sismo-de-5-2-grados-en-oaxaca\/","og_site_name":"Canal 7 SLP - 2022","article_publisher":"https:\/\/www.facebook.com\/noticieroscanalsiete","article_published_time":"2022-03-01T21:39:06+00:00","og_image":[{"width":750,"height":450,"url":"https:\/\/canal7slp.tv\/2022\/wp-content\/uploads\/2022\/03\/03.png","type":"image\/png"}],"author":"Edici\u00f3n Web","twitter_card":"summary_large_image","twitter_creator":"@NOTICIEROS7","twitter_site":"@NOTICIEROS7","twitter_misc":{"Escrito por":"Edici\u00f3n Web","Tiempo de lectura":"1 minuto"},"schema":{"@context":"https:\/\/schema.org","@graph":[{"@type":"Article","@id":"https:\/\/canal7slp.tv\/2022\/se-registra-sismo-de-5-2-grados-en-oaxaca\/#article","isPartOf":{"@id":"https:\/\/canal7slp.tv\/2022\/se-registra-sismo-de-5-2-grados-en-oaxaca\/"},"author":{"name":"Edici\u00f3n Web","@id":"https:\/\/canal7slp.tv\/2022\/#\/schema\/person\/429704152a21f5f856ce29aa69a238da"},"headline":"Se registra sismo de 5.2 grados en Oaxaca","datePublished":"2022-03-01T21:39:06+00:00","mainEntityOfPage":{"@id":"https:\/\/canal7slp.tv\/2022\/se-registra-sismo-de-5-2-grados-en-oaxaca\/"},"wordCount":151,"publisher":{"@id":"https:\/\/canal7slp.tv\/2022\/#organization"},"image":{"@id":"https:\/\/canal7slp.tv\/2022\/se-registra-sismo-de-5-2-grados-en-oaxaca\/#primaryimage"},"thumbnailUrl":"https:\/\/canal7slp.tv\/2022\/wp-content\/uploads\/2022\/03\/03.png","articleSection":["NACIONALES"],"inLanguage":"es"},{"@type":"WebPage","@id":"https:\/\/canal7slp.tv\/2022\/se-registra-sismo-de-5-2-grados-en-oaxaca\/","url":"https:\/\/canal7slp.tv\/2022\/se-registra-sismo-de-5-2-grados-en-oaxaca\/","name":"Se registra sismo de 5.2 grados en Oaxaca - Canal 7 SLP - 2022","isPartOf":{"@id":"https:\/\/canal7slp.tv\/2022\/#website"},"primaryImageOfPage":{"@id":"https:\/\/canal7slp.tv\/2022\/se-registra-sismo-de-5-2-grados-en-oaxaca\/#primaryimage"},"image":{"@id":"https:\/\/canal7slp.tv\/2022\/se-registra-sismo-de-5-2-grados-en-oaxaca\/#primaryimage"},"thumbnailUrl":"https:\/\/canal7slp.tv\/2022\/wp-content\/uploads\/2022\/03\/03.png","datePublished":"2022-03-01T21:39:06+00:00","breadcrumb":{"@id":"https:\/\/canal7slp.tv\/2022\/se-registra-sismo-de-5-2-grados-en-oaxaca\/#breadcrumb"},"inLanguage":"es","potentialAction":[{"@type":"ReadAction","target":["https:\/\/canal7slp.tv\/2022\/se-registra-sismo-de-5-2-grados-en-oaxaca\/"]}]},{"@type":"ImageObject","inLanguage":"es","@id":"https:\/\/canal7slp.tv\/2022\/se-registra-sismo-de-5-2-grados-en-oaxaca\/#primaryimage","url":"https:\/\/canal7slp.tv\/2022\/wp-content\/uploads\/2022\/03\/03.png","contentUrl":"https:\/\/canal7slp.tv\/2022\/wp-content\/uploads\/2022\/03\/03.png","width":750,"height":450},{"@type":"BreadcrumbList","@id":"https:\/\/canal7slp.tv\/2022\/se-registra-sismo-de-5-2-grados-en-oaxaca\/#breadcrumb","itemListElement":[{"@type":"ListItem","position":1,"name":"Portada","item":"https:\/\/canal7slp.tv\/2022\/"},{"@type":"ListItem","position":2,"name":"Se registra sismo de 5.2 grados en Oaxaca"}]},{"@type":"WebSite","@id":"https:\/\/canal7slp.tv\/2022\/#website","url":"https:\/\/canal7slp.tv\/2022\/","name":"N7 - Noticieros Canal 7","description":"Somos Televisi\u00f3n","publisher":{"@id":"https:\/\/canal7slp.tv\/2022\/#organization"},"potentialAction":[{"@type":"SearchAction","target":{"@type":"EntryPoint","urlTemplate":"https:\/\/canal7slp.tv\/2022\/?s={search_term_string}"},"query-input":{"@type":"PropertyValueSpecification","valueRequired":true,"valueName":"search_term_string"}}],"inLanguage":"es"},{"@type":"Organization","@id":"https:\/\/canal7slp.tv\/2022\/#organization","name":"Noticieros Canal 7","url":"https:\/\/canal7slp.tv\/2022\/","logo":{"@type":"ImageObject","inLanguage":"es","@id":"https:\/\/canal7slp.tv\/2022\/#\/schema\/logo\/image\/","url":"https:\/\/canal7slp.tv\/2022\/wp-content\/uploads\/2021\/01\/logo-noticieros@2x.png","contentUrl":"https:\/\/canal7slp.tv\/2022\/wp-content\/uploads\/2021\/01\/logo-noticieros@2x.png","width":1017,"height":268,"caption":"Noticieros Canal 7"},"image":{"@id":"https:\/\/canal7slp.tv\/2022\/#\/schema\/logo\/image\/"},"sameAs":["https:\/\/www.facebook.com\/noticieroscanalsiete","https:\/\/x.com\/NOTICIEROS7","https:\/\/www.instagram.com\/canal7_slp","https:\/\/www.youtube.com\/channel\/UCliiYs-gP3JfJeqdPrNdd5A"]},{"@type":"Person","@id":"https:\/\/canal7slp.tv\/2022\/#\/schema\/person\/429704152a21f5f856ce29aa69a238da","name":"Edici\u00f3n Web","image":{"@type":"ImageObject","inLanguage":"es","@id":"https:\/\/secure.gravatar.com\/avatar\/eee448fc3f7164808013b816ba91ac7e43bbe82a70bebac296f8bc6f0addaa1a?s=96&d=mm&r=g","url":"https:\/\/secure.gravatar.com\/avatar\/eee448fc3f7164808013b816ba91ac7e43bbe82a70bebac296f8bc6f0addaa1a?s=96&d=mm&r=g","contentUrl":"https:\/\/secure.gravatar.com\/avatar\/eee448fc3f7164808013b816ba91ac7e43bbe82a70bebac296f8bc6f0addaa1a?s=96&d=mm&r=g","caption":"Edici\u00f3n Web"},"url":"https:\/\/canal7slp.tv\/2022\/author\/edicionweb\/"}]}},"amp_enabled":true,"_links":{"self":[{"href":"https:\/\/canal7slp.tv\/2022\/wp-json\/wp\/v2\/posts\/52758","targetHints":{"allow":["GET"]}}],"collection":[{"href":"https:\/\/canal7slp.tv\/2022\/wp-json\/wp\/v2\/posts"}],"about":[{"href":"https:\/\/canal7slp.tv\/2022\/wp-json\/wp\/v2\/types\/post"}],"author":[{"embeddable":true,"href":"https:\/\/canal7slp.tv\/2022\/wp-json\/wp\/v2\/users\/2"}],"replies":[{"embeddable":true,"href":"https:\/\/canal7slp.tv\/2022\/wp-json\/wp\/v2\/comments?post=52758"}],"version-history":[{"count":2,"href":"https:\/\/canal7slp.tv\/2022\/wp-json\/wp\/v2\/posts\/52758\/revisions"}],"predecessor-version":[{"id":52776,"href":"https:\/\/canal7slp.tv\/2022\/wp-json\/wp\/v2\/posts\/52758\/revisions\/52776"}],"wp:featuredmedia":[{"embeddable":true,"href":"https:\/\/canal7slp.tv\/2022\/wp-json\/wp\/v2\/media\/52770"}],"wp:attachment":[{"href":"https:\/\/canal7slp.tv\/2022\/wp-json\/wp\/v2\/media?parent=52758"}],"wp:term":[{"taxonomy":"category","embeddable":true,"href":"https:\/\/canal7slp.tv\/2022\/wp-json\/wp\/v2\/categories?post=52758"},{"taxonomy":"post_tag","embeddable":true,"href":"https:\/\/canal7slp.tv\/2022\/wp-json\/wp\/v2\/tags?post=52758"}],"curies":[{"name":"wp","href":"https:\/\/api.w.org\/{rel}","templated":true}]}}