{"id":52645,"date":"2022-02-28T14:43:48","date_gmt":"2022-02-28T20:43:48","guid":{"rendered":"https:\/\/canal7slp.tv\/2022\/?p=52645"},"modified":"2022-02-28T14:43:48","modified_gmt":"2022-02-28T20:43:48","slug":"ratifica-conacyt-al-dr-david-vazquez-salguero-frente-el-colegio-de-san-luis-para-el-periodo-2022-2027","status":"publish","type":"post","link":"https:\/\/canal7slp.tv\/2022\/ratifica-conacyt-al-dr-david-vazquez-salguero-frente-el-colegio-de-san-luis-para-el-periodo-2022-2027\/","title":{"rendered":"Ratifica Conacyt al Dr. David V\u00e1zquez Salguero frente El Colegio de San Luis para el per\u00edodo 2022-2027"},"content":{"rendered":"<p style=\"text-align: justify;\">SLP.-\u00a0La directora general del Consejo Nacional de Ciencia y Tecnolog\u00eda (Conacyt), Dra. Elena \u00c1lvarez Buylla anunci\u00f3 la ratificaci\u00f3n del Dr. David Eduardo V\u00e1zquez Salguero en la presidencia de El Colegio de San Luis para el periodo 2022-2027.<\/p>\n<p><img loading=\"lazy\" decoding=\"async\" class=\"size-medium wp-image-52649 aligncenter\" src=\"https:\/\/canal7slp.tv\/2022\/wp-content\/uploads\/2022\/02\/Colsan01b-300x169.jpg\" alt=\"\" width=\"300\" height=\"169\" srcset=\"https:\/\/canal7slp.tv\/2022\/wp-content\/uploads\/2022\/02\/Colsan01b-300x169.jpg 300w, https:\/\/canal7slp.tv\/2022\/wp-content\/uploads\/2022\/02\/Colsan01b-1024x576.jpg 1024w, https:\/\/canal7slp.tv\/2022\/wp-content\/uploads\/2022\/02\/Colsan01b-768x432.jpg 768w, https:\/\/canal7slp.tv\/2022\/wp-content\/uploads\/2022\/02\/Colsan01b-400x225.jpg 400w, https:\/\/canal7slp.tv\/2022\/wp-content\/uploads\/2022\/02\/Colsan01b-600x338.jpg 600w, https:\/\/canal7slp.tv\/2022\/wp-content\/uploads\/2022\/02\/Colsan01b-800x450.jpg 800w, https:\/\/canal7slp.tv\/2022\/wp-content\/uploads\/2022\/02\/Colsan01b-1200x675.jpg 1200w, https:\/\/canal7slp.tv\/2022\/wp-content\/uploads\/2022\/02\/Colsan01b.jpg 1280w\" sizes=\"auto, (max-width: 300px) 100vw, 300px\" \/><\/p>\n<p style=\"text-align: justify;\">En sesi\u00f3n virtual, la titular del Conacyt dijo que El Colsan tiene toda la capacidad para hacer realidad los principales cambios que requiere la pol\u00edtica cient\u00edfica del pa\u00eds, adem\u00e1s, \u201cgoza de buen prestigio a nivel nacional e internacional\u201d en disciplinas fundamentales para el desarrollo.<\/p>\n<p style=\"text-align: justify;\">Destac\u00f3 mayor articulaci\u00f3n entre las capacidades de los Centros P\u00fablicos de Investigaci\u00f3n del Conacyt que incidan en acercar la ciencia a la poblaci\u00f3n y se atienda el derecho humano de acceso al conocimiento.<\/p>\n<p style=\"text-align: justify;\">Dijo tambi\u00e9n que El Colsan cuenta con liderazgo para impulsar mayor articulaci\u00f3n con el resto de los 26 Centros P\u00fablicos de Investigaci\u00f3n en diversos proyectos -como posgrados y producci\u00f3n editorial-.<\/p>\n<p style=\"text-align: justify;\">Por su parte, el presidente, David V\u00e1zquez agradeci\u00f3 el apoyo institucional de Conacyt y de la comunidad del propio Colegio.<\/p>\n<p style=\"text-align: justify;\">Reiter\u00f3 que entre los grandes retos est\u00e1 seguir con la generaci\u00f3n de conocimiento con utilidad social con una perspectiva incluyente, creativa e integradora.<\/p>\n<p style=\"text-align: justify;\">A\u00f1adi\u00f3 que M\u00e9xico enfrenta retos hist\u00f3ricos en el contexto global, marcados por las \u201cdesigualdades sociales, deterioro del medio ambiente y agobio por los efectos de la pandemia del Covid-19 en salud, educaci\u00f3n, econom\u00eda, justicia y relaciones interpersonales\u201d.<\/p>\n<p style=\"text-align: justify;\">Entre los principales desaf\u00edos mencion\u00f3 la necesidad de mayor impacto social de sus investigaciones a trav\u00e9s de la flexibilidad, capacidad de respuesta y mayor participaci\u00f3n con otros Centros P\u00fablicos de Investigaci\u00f3n.<\/p>\n<p style=\"text-align: justify;\">Entre las prioridades para el nuevo per\u00edodo de gesti\u00f3n mencion\u00f3 el trabajo cercano con el Conacyt; reformar las l\u00edneas de investigaci\u00f3n para mayor impacto en la sociedad y hacer efectivo el goce del derecho humano a la ciencia y fortalecer el programa editorial.<\/p>\n<p style=\"text-align: justify;\">A\u00f1adi\u00f3 que el impacto de los centros de investigaci\u00f3n no debe medirse por el tama\u00f1o de su presupuesto o de su infraestructura, sino por la capacidad de ofrecer respuestas creativas a los desaf\u00edos.<\/p>\n","protected":false},"excerpt":{"rendered":"<p>SLP.-\u00a0La directora general del Consejo Nacional de Ciencia y Tecnolog\u00eda (Conacyt), Dra. Elena \u00c1lvarez Buylla anunci\u00f3 la ratificaci\u00f3n del Dr. David Eduardo V\u00e1zquez Salguero en la presidencia de El Colegio de San Luis para el periodo 2022-2027. En sesi\u00f3n virtual, la titular del Conacyt dijo que El Colsan tiene toda la capacidad para hacer realidad los principales cambios que requiere la pol\u00edtica cient\u00edfica del pa\u00eds, adem\u00e1s, \u201cgoza de buen prestigio a nivel nacional e internacional\u201d en disciplinas fundamentales para el desarrollo. Destac\u00f3 mayor articulaci\u00f3n entre las capacidades de los Centros P\u00fablicos de Investigaci\u00f3n del Conacyt que incidan en acercar la [&hellip;]<\/p>\n","protected":false},"author":2,"featured_media":52648,"comment_status":"closed","ping_status":"closed","sticky":false,"template":"","format":"standard","meta":{"footnotes":""},"categories":[45],"tags":[],"class_list":["post-52645","post","type-post","status-publish","format-standard","has-post-thumbnail","hentry","category-localesyregionales","post--single"],"yoast_head":"<!-- This site is optimized with the Yoast SEO plugin v27.4 - https:\/\/yoast.com\/product\/yoast-seo-wordpress\/ -->\n<title>Ratifica Conacyt al Dr. David V\u00e1zquez Salguero frente El Colegio de San Luis para el per\u00edodo 2022-2027 - Canal 7 SLP - 2022<\/title>\n<meta name=\"robots\" content=\"index, follow, max-snippet:-1, max-image-preview:large, max-video-preview:-1\" \/>\n<link rel=\"canonical\" href=\"https:\/\/canal7slp.tv\/2022\/ratifica-conacyt-al-dr-david-vazquez-salguero-frente-el-colegio-de-san-luis-para-el-periodo-2022-2027\/\" \/>\n<meta property=\"og:locale\" content=\"es_ES\" \/>\n<meta property=\"og:type\" content=\"article\" \/>\n<meta property=\"og:title\" content=\"Ratifica Conacyt al Dr. David V\u00e1zquez Salguero frente El Colegio de San Luis para el per\u00edodo 2022-2027 - Canal 7 SLP - 2022\" \/>\n<meta property=\"og:description\" content=\"SLP.-\u00a0La directora general del Consejo Nacional de Ciencia y Tecnolog\u00eda (Conacyt), Dra. Elena \u00c1lvarez Buylla anunci\u00f3 la ratificaci\u00f3n del Dr. David Eduardo V\u00e1zquez Salguero en la presidencia de El Colegio de San Luis para el periodo 2022-2027. En sesi\u00f3n virtual, la titular del Conacyt dijo que El Colsan tiene toda la capacidad para hacer realidad los principales cambios que requiere la pol\u00edtica cient\u00edfica del pa\u00eds, adem\u00e1s, \u201cgoza de buen prestigio a nivel nacional e internacional\u201d en disciplinas fundamentales para el desarrollo. Destac\u00f3 mayor articulaci\u00f3n entre las capacidades de los Centros P\u00fablicos de Investigaci\u00f3n del Conacyt que incidan en acercar la [&hellip;]\" \/>\n<meta property=\"og:url\" content=\"https:\/\/canal7slp.tv\/2022\/ratifica-conacyt-al-dr-david-vazquez-salguero-frente-el-colegio-de-san-luis-para-el-periodo-2022-2027\/\" \/>\n<meta property=\"og:site_name\" content=\"Canal 7 SLP - 2022\" \/>\n<meta property=\"article:publisher\" content=\"https:\/\/www.facebook.com\/noticieroscanalsiete\" \/>\n<meta property=\"article:published_time\" content=\"2022-02-28T20:43:48+00:00\" \/>\n<meta property=\"og:image\" content=\"https:\/\/canal7slp.tv\/2022\/wp-content\/uploads\/2022\/02\/Colsan01a.jpg\" \/>\n\t<meta property=\"og:image:width\" content=\"1280\" \/>\n\t<meta property=\"og:image:height\" content=\"720\" \/>\n\t<meta property=\"og:image:type\" content=\"image\/jpeg\" \/>\n<meta name=\"author\" content=\"Edici\u00f3n Web\" \/>\n<meta name=\"twitter:card\" content=\"summary_large_image\" \/>\n<meta name=\"twitter:creator\" content=\"@NOTICIEROS7\" \/>\n<meta name=\"twitter:site\" content=\"@NOTICIEROS7\" \/>\n<meta name=\"twitter:label1\" content=\"Escrito por\" \/>\n\t<meta name=\"twitter:data1\" content=\"Edici\u00f3n Web\" \/>\n\t<meta name=\"twitter:label2\" content=\"Tiempo de lectura\" \/>\n\t<meta name=\"twitter:data2\" content=\"2 minutos\" \/>\n<script type=\"application\/ld+json\" class=\"yoast-schema-graph\">{\"@context\":\"https:\\\/\\\/schema.org\",\"@graph\":[{\"@type\":\"Article\",\"@id\":\"https:\\\/\\\/canal7slp.tv\\\/2022\\\/ratifica-conacyt-al-dr-david-vazquez-salguero-frente-el-colegio-de-san-luis-para-el-periodo-2022-2027\\\/#article\",\"isPartOf\":{\"@id\":\"https:\\\/\\\/canal7slp.tv\\\/2022\\\/ratifica-conacyt-al-dr-david-vazquez-salguero-frente-el-colegio-de-san-luis-para-el-periodo-2022-2027\\\/\"},\"author\":{\"name\":\"Edici\u00f3n Web\",\"@id\":\"https:\\\/\\\/canal7slp.tv\\\/2022\\\/#\\\/schema\\\/person\\\/429704152a21f5f856ce29aa69a238da\"},\"headline\":\"Ratifica Conacyt al Dr. David V\u00e1zquez Salguero frente El Colegio de San Luis para el per\u00edodo 2022-2027\",\"datePublished\":\"2022-02-28T20:43:48+00:00\",\"mainEntityOfPage\":{\"@id\":\"https:\\\/\\\/canal7slp.tv\\\/2022\\\/ratifica-conacyt-al-dr-david-vazquez-salguero-frente-el-colegio-de-san-luis-para-el-periodo-2022-2027\\\/\"},\"wordCount\":388,\"publisher\":{\"@id\":\"https:\\\/\\\/canal7slp.tv\\\/2022\\\/#organization\"},\"image\":{\"@id\":\"https:\\\/\\\/canal7slp.tv\\\/2022\\\/ratifica-conacyt-al-dr-david-vazquez-salguero-frente-el-colegio-de-san-luis-para-el-periodo-2022-2027\\\/#primaryimage\"},\"thumbnailUrl\":\"https:\\\/\\\/canal7slp.tv\\\/2022\\\/wp-content\\\/uploads\\\/2022\\\/02\\\/Colsan01a.jpg\",\"articleSection\":[\"LOCALES Y REGIONALES\"],\"inLanguage\":\"es\"},{\"@type\":\"WebPage\",\"@id\":\"https:\\\/\\\/canal7slp.tv\\\/2022\\\/ratifica-conacyt-al-dr-david-vazquez-salguero-frente-el-colegio-de-san-luis-para-el-periodo-2022-2027\\\/\",\"url\":\"https:\\\/\\\/canal7slp.tv\\\/2022\\\/ratifica-conacyt-al-dr-david-vazquez-salguero-frente-el-colegio-de-san-luis-para-el-periodo-2022-2027\\\/\",\"name\":\"Ratifica Conacyt al Dr. David V\u00e1zquez Salguero frente El Colegio de San Luis para el per\u00edodo 2022-2027 - Canal 7 SLP - 2022\",\"isPartOf\":{\"@id\":\"https:\\\/\\\/canal7slp.tv\\\/2022\\\/#website\"},\"primaryImageOfPage\":{\"@id\":\"https:\\\/\\\/canal7slp.tv\\\/2022\\\/ratifica-conacyt-al-dr-david-vazquez-salguero-frente-el-colegio-de-san-luis-para-el-periodo-2022-2027\\\/#primaryimage\"},\"image\":{\"@id\":\"https:\\\/\\\/canal7slp.tv\\\/2022\\\/ratifica-conacyt-al-dr-david-vazquez-salguero-frente-el-colegio-de-san-luis-para-el-periodo-2022-2027\\\/#primaryimage\"},\"thumbnailUrl\":\"https:\\\/\\\/canal7slp.tv\\\/2022\\\/wp-content\\\/uploads\\\/2022\\\/02\\\/Colsan01a.jpg\",\"datePublished\":\"2022-02-28T20:43:48+00:00\",\"breadcrumb\":{\"@id\":\"https:\\\/\\\/canal7slp.tv\\\/2022\\\/ratifica-conacyt-al-dr-david-vazquez-salguero-frente-el-colegio-de-san-luis-para-el-periodo-2022-2027\\\/#breadcrumb\"},\"inLanguage\":\"es\",\"potentialAction\":[{\"@type\":\"ReadAction\",\"target\":[\"https:\\\/\\\/canal7slp.tv\\\/2022\\\/ratifica-conacyt-al-dr-david-vazquez-salguero-frente-el-colegio-de-san-luis-para-el-periodo-2022-2027\\\/\"]}]},{\"@type\":\"ImageObject\",\"inLanguage\":\"es\",\"@id\":\"https:\\\/\\\/canal7slp.tv\\\/2022\\\/ratifica-conacyt-al-dr-david-vazquez-salguero-frente-el-colegio-de-san-luis-para-el-periodo-2022-2027\\\/#primaryimage\",\"url\":\"https:\\\/\\\/canal7slp.tv\\\/2022\\\/wp-content\\\/uploads\\\/2022\\\/02\\\/Colsan01a.jpg\",\"contentUrl\":\"https:\\\/\\\/canal7slp.tv\\\/2022\\\/wp-content\\\/uploads\\\/2022\\\/02\\\/Colsan01a.jpg\",\"width\":1280,\"height\":720},{\"@type\":\"BreadcrumbList\",\"@id\":\"https:\\\/\\\/canal7slp.tv\\\/2022\\\/ratifica-conacyt-al-dr-david-vazquez-salguero-frente-el-colegio-de-san-luis-para-el-periodo-2022-2027\\\/#breadcrumb\",\"itemListElement\":[{\"@type\":\"ListItem\",\"position\":1,\"name\":\"Portada\",\"item\":\"https:\\\/\\\/canal7slp.tv\\\/2022\\\/\"},{\"@type\":\"ListItem\",\"position\":2,\"name\":\"Ratifica Conacyt al Dr. David V\u00e1zquez Salguero frente El Colegio de San Luis para el per\u00edodo 2022-2027\"}]},{\"@type\":\"WebSite\",\"@id\":\"https:\\\/\\\/canal7slp.tv\\\/2022\\\/#website\",\"url\":\"https:\\\/\\\/canal7slp.tv\\\/2022\\\/\",\"name\":\"N7 - Noticieros Canal 7\",\"description\":\"Somos Televisi\u00f3n\",\"publisher\":{\"@id\":\"https:\\\/\\\/canal7slp.tv\\\/2022\\\/#organization\"},\"potentialAction\":[{\"@type\":\"SearchAction\",\"target\":{\"@type\":\"EntryPoint\",\"urlTemplate\":\"https:\\\/\\\/canal7slp.tv\\\/2022\\\/?s={search_term_string}\"},\"query-input\":{\"@type\":\"PropertyValueSpecification\",\"valueRequired\":true,\"valueName\":\"search_term_string\"}}],\"inLanguage\":\"es\"},{\"@type\":\"Organization\",\"@id\":\"https:\\\/\\\/canal7slp.tv\\\/2022\\\/#organization\",\"name\":\"Noticieros Canal 7\",\"url\":\"https:\\\/\\\/canal7slp.tv\\\/2022\\\/\",\"logo\":{\"@type\":\"ImageObject\",\"inLanguage\":\"es\",\"@id\":\"https:\\\/\\\/canal7slp.tv\\\/2022\\\/#\\\/schema\\\/logo\\\/image\\\/\",\"url\":\"https:\\\/\\\/canal7slp.tv\\\/2022\\\/wp-content\\\/uploads\\\/2021\\\/01\\\/logo-noticieros@2x.png\",\"contentUrl\":\"https:\\\/\\\/canal7slp.tv\\\/2022\\\/wp-content\\\/uploads\\\/2021\\\/01\\\/logo-noticieros@2x.png\",\"width\":1017,\"height\":268,\"caption\":\"Noticieros Canal 7\"},\"image\":{\"@id\":\"https:\\\/\\\/canal7slp.tv\\\/2022\\\/#\\\/schema\\\/logo\\\/image\\\/\"},\"sameAs\":[\"https:\\\/\\\/www.facebook.com\\\/noticieroscanalsiete\",\"https:\\\/\\\/x.com\\\/NOTICIEROS7\",\"https:\\\/\\\/www.instagram.com\\\/canal7_slp\",\"https:\\\/\\\/www.youtube.com\\\/channel\\\/UCliiYs-gP3JfJeqdPrNdd5A\"]},{\"@type\":\"Person\",\"@id\":\"https:\\\/\\\/canal7slp.tv\\\/2022\\\/#\\\/schema\\\/person\\\/429704152a21f5f856ce29aa69a238da\",\"name\":\"Edici\u00f3n Web\",\"image\":{\"@type\":\"ImageObject\",\"inLanguage\":\"es\",\"@id\":\"https:\\\/\\\/secure.gravatar.com\\\/avatar\\\/eee448fc3f7164808013b816ba91ac7e43bbe82a70bebac296f8bc6f0addaa1a?s=96&d=mm&r=g\",\"url\":\"https:\\\/\\\/secure.gravatar.com\\\/avatar\\\/eee448fc3f7164808013b816ba91ac7e43bbe82a70bebac296f8bc6f0addaa1a?s=96&d=mm&r=g\",\"contentUrl\":\"https:\\\/\\\/secure.gravatar.com\\\/avatar\\\/eee448fc3f7164808013b816ba91ac7e43bbe82a70bebac296f8bc6f0addaa1a?s=96&d=mm&r=g\",\"caption\":\"Edici\u00f3n Web\"},\"url\":\"https:\\\/\\\/canal7slp.tv\\\/2022\\\/author\\\/edicionweb\\\/\"}]}<\/script>\n<!-- \/ Yoast SEO plugin. -->","yoast_head_json":{"title":"Ratifica Conacyt al Dr. David V\u00e1zquez Salguero frente El Colegio de San Luis para el per\u00edodo 2022-2027 - Canal 7 SLP - 2022","robots":{"index":"index","follow":"follow","max-snippet":"max-snippet:-1","max-image-preview":"max-image-preview:large","max-video-preview":"max-video-preview:-1"},"canonical":"https:\/\/canal7slp.tv\/2022\/ratifica-conacyt-al-dr-david-vazquez-salguero-frente-el-colegio-de-san-luis-para-el-periodo-2022-2027\/","og_locale":"es_ES","og_type":"article","og_title":"Ratifica Conacyt al Dr. David V\u00e1zquez Salguero frente El Colegio de San Luis para el per\u00edodo 2022-2027 - Canal 7 SLP - 2022","og_description":"SLP.-\u00a0La directora general del Consejo Nacional de Ciencia y Tecnolog\u00eda (Conacyt), Dra. Elena \u00c1lvarez Buylla anunci\u00f3 la ratificaci\u00f3n del Dr. David Eduardo V\u00e1zquez Salguero en la presidencia de El Colegio de San Luis para el periodo 2022-2027. En sesi\u00f3n virtual, la titular del Conacyt dijo que El Colsan tiene toda la capacidad para hacer realidad los principales cambios que requiere la pol\u00edtica cient\u00edfica del pa\u00eds, adem\u00e1s, \u201cgoza de buen prestigio a nivel nacional e internacional\u201d en disciplinas fundamentales para el desarrollo. Destac\u00f3 mayor articulaci\u00f3n entre las capacidades de los Centros P\u00fablicos de Investigaci\u00f3n del Conacyt que incidan en acercar la [&hellip;]","og_url":"https:\/\/canal7slp.tv\/2022\/ratifica-conacyt-al-dr-david-vazquez-salguero-frente-el-colegio-de-san-luis-para-el-periodo-2022-2027\/","og_site_name":"Canal 7 SLP - 2022","article_publisher":"https:\/\/www.facebook.com\/noticieroscanalsiete","article_published_time":"2022-02-28T20:43:48+00:00","og_image":[{"width":1280,"height":720,"url":"https:\/\/canal7slp.tv\/2022\/wp-content\/uploads\/2022\/02\/Colsan01a.jpg","type":"image\/jpeg"}],"author":"Edici\u00f3n Web","twitter_card":"summary_large_image","twitter_creator":"@NOTICIEROS7","twitter_site":"@NOTICIEROS7","twitter_misc":{"Escrito por":"Edici\u00f3n Web","Tiempo de lectura":"2 minutos"},"schema":{"@context":"https:\/\/schema.org","@graph":[{"@type":"Article","@id":"https:\/\/canal7slp.tv\/2022\/ratifica-conacyt-al-dr-david-vazquez-salguero-frente-el-colegio-de-san-luis-para-el-periodo-2022-2027\/#article","isPartOf":{"@id":"https:\/\/canal7slp.tv\/2022\/ratifica-conacyt-al-dr-david-vazquez-salguero-frente-el-colegio-de-san-luis-para-el-periodo-2022-2027\/"},"author":{"name":"Edici\u00f3n Web","@id":"https:\/\/canal7slp.tv\/2022\/#\/schema\/person\/429704152a21f5f856ce29aa69a238da"},"headline":"Ratifica Conacyt al Dr. David V\u00e1zquez Salguero frente El Colegio de San Luis para el per\u00edodo 2022-2027","datePublished":"2022-02-28T20:43:48+00:00","mainEntityOfPage":{"@id":"https:\/\/canal7slp.tv\/2022\/ratifica-conacyt-al-dr-david-vazquez-salguero-frente-el-colegio-de-san-luis-para-el-periodo-2022-2027\/"},"wordCount":388,"publisher":{"@id":"https:\/\/canal7slp.tv\/2022\/#organization"},"image":{"@id":"https:\/\/canal7slp.tv\/2022\/ratifica-conacyt-al-dr-david-vazquez-salguero-frente-el-colegio-de-san-luis-para-el-periodo-2022-2027\/#primaryimage"},"thumbnailUrl":"https:\/\/canal7slp.tv\/2022\/wp-content\/uploads\/2022\/02\/Colsan01a.jpg","articleSection":["LOCALES Y REGIONALES"],"inLanguage":"es"},{"@type":"WebPage","@id":"https:\/\/canal7slp.tv\/2022\/ratifica-conacyt-al-dr-david-vazquez-salguero-frente-el-colegio-de-san-luis-para-el-periodo-2022-2027\/","url":"https:\/\/canal7slp.tv\/2022\/ratifica-conacyt-al-dr-david-vazquez-salguero-frente-el-colegio-de-san-luis-para-el-periodo-2022-2027\/","name":"Ratifica Conacyt al Dr. David V\u00e1zquez Salguero frente El Colegio de San Luis para el per\u00edodo 2022-2027 - Canal 7 SLP - 2022","isPartOf":{"@id":"https:\/\/canal7slp.tv\/2022\/#website"},"primaryImageOfPage":{"@id":"https:\/\/canal7slp.tv\/2022\/ratifica-conacyt-al-dr-david-vazquez-salguero-frente-el-colegio-de-san-luis-para-el-periodo-2022-2027\/#primaryimage"},"image":{"@id":"https:\/\/canal7slp.tv\/2022\/ratifica-conacyt-al-dr-david-vazquez-salguero-frente-el-colegio-de-san-luis-para-el-periodo-2022-2027\/#primaryimage"},"thumbnailUrl":"https:\/\/canal7slp.tv\/2022\/wp-content\/uploads\/2022\/02\/Colsan01a.jpg","datePublished":"2022-02-28T20:43:48+00:00","breadcrumb":{"@id":"https:\/\/canal7slp.tv\/2022\/ratifica-conacyt-al-dr-david-vazquez-salguero-frente-el-colegio-de-san-luis-para-el-periodo-2022-2027\/#breadcrumb"},"inLanguage":"es","potentialAction":[{"@type":"ReadAction","target":["https:\/\/canal7slp.tv\/2022\/ratifica-conacyt-al-dr-david-vazquez-salguero-frente-el-colegio-de-san-luis-para-el-periodo-2022-2027\/"]}]},{"@type":"ImageObject","inLanguage":"es","@id":"https:\/\/canal7slp.tv\/2022\/ratifica-conacyt-al-dr-david-vazquez-salguero-frente-el-colegio-de-san-luis-para-el-periodo-2022-2027\/#primaryimage","url":"https:\/\/canal7slp.tv\/2022\/wp-content\/uploads\/2022\/02\/Colsan01a.jpg","contentUrl":"https:\/\/canal7slp.tv\/2022\/wp-content\/uploads\/2022\/02\/Colsan01a.jpg","width":1280,"height":720},{"@type":"BreadcrumbList","@id":"https:\/\/canal7slp.tv\/2022\/ratifica-conacyt-al-dr-david-vazquez-salguero-frente-el-colegio-de-san-luis-para-el-periodo-2022-2027\/#breadcrumb","itemListElement":[{"@type":"ListItem","position":1,"name":"Portada","item":"https:\/\/canal7slp.tv\/2022\/"},{"@type":"ListItem","position":2,"name":"Ratifica Conacyt al Dr. David V\u00e1zquez Salguero frente El Colegio de San Luis para el per\u00edodo 2022-2027"}]},{"@type":"WebSite","@id":"https:\/\/canal7slp.tv\/2022\/#website","url":"https:\/\/canal7slp.tv\/2022\/","name":"N7 - Noticieros Canal 7","description":"Somos Televisi\u00f3n","publisher":{"@id":"https:\/\/canal7slp.tv\/2022\/#organization"},"potentialAction":[{"@type":"SearchAction","target":{"@type":"EntryPoint","urlTemplate":"https:\/\/canal7slp.tv\/2022\/?s={search_term_string}"},"query-input":{"@type":"PropertyValueSpecification","valueRequired":true,"valueName":"search_term_string"}}],"inLanguage":"es"},{"@type":"Organization","@id":"https:\/\/canal7slp.tv\/2022\/#organization","name":"Noticieros Canal 7","url":"https:\/\/canal7slp.tv\/2022\/","logo":{"@type":"ImageObject","inLanguage":"es","@id":"https:\/\/canal7slp.tv\/2022\/#\/schema\/logo\/image\/","url":"https:\/\/canal7slp.tv\/2022\/wp-content\/uploads\/2021\/01\/logo-noticieros@2x.png","contentUrl":"https:\/\/canal7slp.tv\/2022\/wp-content\/uploads\/2021\/01\/logo-noticieros@2x.png","width":1017,"height":268,"caption":"Noticieros Canal 7"},"image":{"@id":"https:\/\/canal7slp.tv\/2022\/#\/schema\/logo\/image\/"},"sameAs":["https:\/\/www.facebook.com\/noticieroscanalsiete","https:\/\/x.com\/NOTICIEROS7","https:\/\/www.instagram.com\/canal7_slp","https:\/\/www.youtube.com\/channel\/UCliiYs-gP3JfJeqdPrNdd5A"]},{"@type":"Person","@id":"https:\/\/canal7slp.tv\/2022\/#\/schema\/person\/429704152a21f5f856ce29aa69a238da","name":"Edici\u00f3n Web","image":{"@type":"ImageObject","inLanguage":"es","@id":"https:\/\/secure.gravatar.com\/avatar\/eee448fc3f7164808013b816ba91ac7e43bbe82a70bebac296f8bc6f0addaa1a?s=96&d=mm&r=g","url":"https:\/\/secure.gravatar.com\/avatar\/eee448fc3f7164808013b816ba91ac7e43bbe82a70bebac296f8bc6f0addaa1a?s=96&d=mm&r=g","contentUrl":"https:\/\/secure.gravatar.com\/avatar\/eee448fc3f7164808013b816ba91ac7e43bbe82a70bebac296f8bc6f0addaa1a?s=96&d=mm&r=g","caption":"Edici\u00f3n Web"},"url":"https:\/\/canal7slp.tv\/2022\/author\/edicionweb\/"}]}},"amp_enabled":true,"_links":{"self":[{"href":"https:\/\/canal7slp.tv\/2022\/wp-json\/wp\/v2\/posts\/52645","targetHints":{"allow":["GET"]}}],"collection":[{"href":"https:\/\/canal7slp.tv\/2022\/wp-json\/wp\/v2\/posts"}],"about":[{"href":"https:\/\/canal7slp.tv\/2022\/wp-json\/wp\/v2\/types\/post"}],"author":[{"embeddable":true,"href":"https:\/\/canal7slp.tv\/2022\/wp-json\/wp\/v2\/users\/2"}],"replies":[{"embeddable":true,"href":"https:\/\/canal7slp.tv\/2022\/wp-json\/wp\/v2\/comments?post=52645"}],"version-history":[{"count":3,"href":"https:\/\/canal7slp.tv\/2022\/wp-json\/wp\/v2\/posts\/52645\/revisions"}],"predecessor-version":[{"id":52650,"href":"https:\/\/canal7slp.tv\/2022\/wp-json\/wp\/v2\/posts\/52645\/revisions\/52650"}],"wp:featuredmedia":[{"embeddable":true,"href":"https:\/\/canal7slp.tv\/2022\/wp-json\/wp\/v2\/media\/52648"}],"wp:attachment":[{"href":"https:\/\/canal7slp.tv\/2022\/wp-json\/wp\/v2\/media?parent=52645"}],"wp:term":[{"taxonomy":"category","embeddable":true,"href":"https:\/\/canal7slp.tv\/2022\/wp-json\/wp\/v2\/categories?post=52645"},{"taxonomy":"post_tag","embeddable":true,"href":"https:\/\/canal7slp.tv\/2022\/wp-json\/wp\/v2\/tags?post=52645"}],"curies":[{"name":"wp","href":"https:\/\/api.w.org\/{rel}","templated":true}]}}