{"id":52639,"date":"2022-02-28T14:54:53","date_gmt":"2022-02-28T20:54:53","guid":{"rendered":"https:\/\/canal7slp.tv\/2022\/?p=52639"},"modified":"2022-02-28T14:54:53","modified_gmt":"2022-02-28T20:54:53","slug":"presidente-de-ucrania-firma-solicitud-para-unirse-a-la-union-europea","status":"publish","type":"post","link":"https:\/\/canal7slp.tv\/2022\/presidente-de-ucrania-firma-solicitud-para-unirse-a-la-union-europea\/","title":{"rendered":"Presidente de Ucrania firma solicitud para unirse a la Uni\u00f3n Europea"},"content":{"rendered":"<p style=\"text-align: justify;\">Kiev.- Volod\u00edmir Zelenski, Presidente de Ucrania, firm\u00f3 este 28 de febrero una solicitud para la entrada de su naci\u00f3n a la Uni\u00f3n Europea<\/p>\n<p style=\"text-align: justify;\">\u201cEs un momento hist\u00f3rico\u201d, dice un mensaje de la Rada Suprema, donde tambi\u00e9n se puede ver al mandatario ucraniano en el momento de la firma del documento.<\/p>\n<p style=\"text-align: justify;\">En la firma del documento estuvieron presentes tambi\u00e9n el presidente de la Rada y el primer ministro ucraniano, Rusl\u00e1n Stefanchuk y Denys Shmyhal respectivamente.<\/p>\n<p style=\"text-align: justify;\">\u201cLos ucranianos han mostrado desde hace tiempo que somos una parte inalienable de la comunidad europea. Ha llegado la hora de sellarlo en el papel\u201d, coment\u00f3 Shmyhal.<\/p>\n<p style=\"text-align: justify;\">\u201cHacemos un llamamiento a la Uni\u00f3n Europea para la adhesi\u00f3n inmediata de Ucrania bajo un nuevo procedimiento especial\u00bb, se\u00f1al\u00f3 Zelenski.<\/p>\n","protected":false},"excerpt":{"rendered":"<p>Kiev.- Volod\u00edmir Zelenski, Presidente de Ucrania, firm\u00f3 este 28 de febrero una solicitud para la entrada de su naci\u00f3n a la Uni\u00f3n Europea \u201cEs un momento hist\u00f3rico\u201d, dice un mensaje de la Rada Suprema, donde tambi\u00e9n se puede ver al mandatario ucraniano en el momento de la firma del documento. En la firma del documento estuvieron presentes tambi\u00e9n el presidente de la Rada y el primer ministro ucraniano, Rusl\u00e1n Stefanchuk y Denys Shmyhal respectivamente. \u201cLos ucranianos han mostrado desde hace tiempo que somos una parte inalienable de la comunidad europea. Ha llegado la hora de sellarlo en el papel\u201d, coment\u00f3 [&hellip;]<\/p>\n","protected":false},"author":2,"featured_media":52654,"comment_status":"closed","ping_status":"closed","sticky":false,"template":"","format":"standard","meta":{"footnotes":""},"categories":[44],"tags":[],"class_list":["post-52639","post","type-post","status-publish","format-standard","has-post-thumbnail","hentry","category-internacional","post--single"],"yoast_head":"<!-- This site is optimized with the Yoast SEO plugin v27.4 - https:\/\/yoast.com\/product\/yoast-seo-wordpress\/ -->\n<title>Presidente de Ucrania firma solicitud para unirse a la Uni\u00f3n Europea - Canal 7 SLP - 2022<\/title>\n<meta name=\"robots\" content=\"index, follow, max-snippet:-1, max-image-preview:large, max-video-preview:-1\" \/>\n<link rel=\"canonical\" href=\"https:\/\/canal7slp.tv\/2022\/presidente-de-ucrania-firma-solicitud-para-unirse-a-la-union-europea\/\" \/>\n<meta property=\"og:locale\" content=\"es_ES\" \/>\n<meta property=\"og:type\" content=\"article\" \/>\n<meta property=\"og:title\" content=\"Presidente de Ucrania firma solicitud para unirse a la Uni\u00f3n Europea - Canal 7 SLP - 2022\" \/>\n<meta property=\"og:description\" content=\"Kiev.- Volod\u00edmir Zelenski, Presidente de Ucrania, firm\u00f3 este 28 de febrero una solicitud para la entrada de su naci\u00f3n a la Uni\u00f3n Europea \u201cEs un momento hist\u00f3rico\u201d, dice un mensaje de la Rada Suprema, donde tambi\u00e9n se puede ver al mandatario ucraniano en el momento de la firma del documento. En la firma del documento estuvieron presentes tambi\u00e9n el presidente de la Rada y el primer ministro ucraniano, Rusl\u00e1n Stefanchuk y Denys Shmyhal respectivamente. \u201cLos ucranianos han mostrado desde hace tiempo que somos una parte inalienable de la comunidad europea. Ha llegado la hora de sellarlo en el papel\u201d, coment\u00f3 [&hellip;]\" \/>\n<meta property=\"og:url\" content=\"https:\/\/canal7slp.tv\/2022\/presidente-de-ucrania-firma-solicitud-para-unirse-a-la-union-europea\/\" \/>\n<meta property=\"og:site_name\" content=\"Canal 7 SLP - 2022\" \/>\n<meta property=\"article:publisher\" content=\"https:\/\/www.facebook.com\/noticieroscanalsiete\" \/>\n<meta property=\"article:published_time\" content=\"2022-02-28T20:54:53+00:00\" \/>\n<meta property=\"og:image\" content=\"https:\/\/canal7slp.tv\/2022\/wp-content\/uploads\/2022\/02\/06-20.jpg\" \/>\n\t<meta property=\"og:image:width\" content=\"750\" \/>\n\t<meta property=\"og:image:height\" content=\"375\" \/>\n\t<meta property=\"og:image:type\" content=\"image\/jpeg\" \/>\n<meta name=\"author\" content=\"Edici\u00f3n Web\" \/>\n<meta name=\"twitter:card\" content=\"summary_large_image\" \/>\n<meta name=\"twitter:creator\" content=\"@NOTICIEROS7\" \/>\n<meta name=\"twitter:site\" content=\"@NOTICIEROS7\" \/>\n<meta name=\"twitter:label1\" content=\"Escrito por\" \/>\n\t<meta name=\"twitter:data1\" content=\"Edici\u00f3n Web\" \/>\n\t<meta name=\"twitter:label2\" content=\"Tiempo de lectura\" \/>\n\t<meta name=\"twitter:data2\" content=\"1 minuto\" \/>\n<script type=\"application\/ld+json\" class=\"yoast-schema-graph\">{\"@context\":\"https:\\\/\\\/schema.org\",\"@graph\":[{\"@type\":\"Article\",\"@id\":\"https:\\\/\\\/canal7slp.tv\\\/2022\\\/presidente-de-ucrania-firma-solicitud-para-unirse-a-la-union-europea\\\/#article\",\"isPartOf\":{\"@id\":\"https:\\\/\\\/canal7slp.tv\\\/2022\\\/presidente-de-ucrania-firma-solicitud-para-unirse-a-la-union-europea\\\/\"},\"author\":{\"name\":\"Edici\u00f3n Web\",\"@id\":\"https:\\\/\\\/canal7slp.tv\\\/2022\\\/#\\\/schema\\\/person\\\/429704152a21f5f856ce29aa69a238da\"},\"headline\":\"Presidente de Ucrania firma solicitud para unirse a la Uni\u00f3n Europea\",\"datePublished\":\"2022-02-28T20:54:53+00:00\",\"mainEntityOfPage\":{\"@id\":\"https:\\\/\\\/canal7slp.tv\\\/2022\\\/presidente-de-ucrania-firma-solicitud-para-unirse-a-la-union-europea\\\/\"},\"wordCount\":143,\"publisher\":{\"@id\":\"https:\\\/\\\/canal7slp.tv\\\/2022\\\/#organization\"},\"image\":{\"@id\":\"https:\\\/\\\/canal7slp.tv\\\/2022\\\/presidente-de-ucrania-firma-solicitud-para-unirse-a-la-union-europea\\\/#primaryimage\"},\"thumbnailUrl\":\"https:\\\/\\\/canal7slp.tv\\\/2022\\\/wp-content\\\/uploads\\\/2022\\\/02\\\/06-20.jpg\",\"articleSection\":[\"INTERNACIONALES\"],\"inLanguage\":\"es\"},{\"@type\":\"WebPage\",\"@id\":\"https:\\\/\\\/canal7slp.tv\\\/2022\\\/presidente-de-ucrania-firma-solicitud-para-unirse-a-la-union-europea\\\/\",\"url\":\"https:\\\/\\\/canal7slp.tv\\\/2022\\\/presidente-de-ucrania-firma-solicitud-para-unirse-a-la-union-europea\\\/\",\"name\":\"Presidente de Ucrania firma solicitud para unirse a la Uni\u00f3n Europea - Canal 7 SLP - 2022\",\"isPartOf\":{\"@id\":\"https:\\\/\\\/canal7slp.tv\\\/2022\\\/#website\"},\"primaryImageOfPage\":{\"@id\":\"https:\\\/\\\/canal7slp.tv\\\/2022\\\/presidente-de-ucrania-firma-solicitud-para-unirse-a-la-union-europea\\\/#primaryimage\"},\"image\":{\"@id\":\"https:\\\/\\\/canal7slp.tv\\\/2022\\\/presidente-de-ucrania-firma-solicitud-para-unirse-a-la-union-europea\\\/#primaryimage\"},\"thumbnailUrl\":\"https:\\\/\\\/canal7slp.tv\\\/2022\\\/wp-content\\\/uploads\\\/2022\\\/02\\\/06-20.jpg\",\"datePublished\":\"2022-02-28T20:54:53+00:00\",\"breadcrumb\":{\"@id\":\"https:\\\/\\\/canal7slp.tv\\\/2022\\\/presidente-de-ucrania-firma-solicitud-para-unirse-a-la-union-europea\\\/#breadcrumb\"},\"inLanguage\":\"es\",\"potentialAction\":[{\"@type\":\"ReadAction\",\"target\":[\"https:\\\/\\\/canal7slp.tv\\\/2022\\\/presidente-de-ucrania-firma-solicitud-para-unirse-a-la-union-europea\\\/\"]}]},{\"@type\":\"ImageObject\",\"inLanguage\":\"es\",\"@id\":\"https:\\\/\\\/canal7slp.tv\\\/2022\\\/presidente-de-ucrania-firma-solicitud-para-unirse-a-la-union-europea\\\/#primaryimage\",\"url\":\"https:\\\/\\\/canal7slp.tv\\\/2022\\\/wp-content\\\/uploads\\\/2022\\\/02\\\/06-20.jpg\",\"contentUrl\":\"https:\\\/\\\/canal7slp.tv\\\/2022\\\/wp-content\\\/uploads\\\/2022\\\/02\\\/06-20.jpg\",\"width\":750,\"height\":375},{\"@type\":\"BreadcrumbList\",\"@id\":\"https:\\\/\\\/canal7slp.tv\\\/2022\\\/presidente-de-ucrania-firma-solicitud-para-unirse-a-la-union-europea\\\/#breadcrumb\",\"itemListElement\":[{\"@type\":\"ListItem\",\"position\":1,\"name\":\"Portada\",\"item\":\"https:\\\/\\\/canal7slp.tv\\\/2022\\\/\"},{\"@type\":\"ListItem\",\"position\":2,\"name\":\"Presidente de Ucrania firma solicitud para unirse a la Uni\u00f3n Europea\"}]},{\"@type\":\"WebSite\",\"@id\":\"https:\\\/\\\/canal7slp.tv\\\/2022\\\/#website\",\"url\":\"https:\\\/\\\/canal7slp.tv\\\/2022\\\/\",\"name\":\"N7 - Noticieros Canal 7\",\"description\":\"Somos Televisi\u00f3n\",\"publisher\":{\"@id\":\"https:\\\/\\\/canal7slp.tv\\\/2022\\\/#organization\"},\"potentialAction\":[{\"@type\":\"SearchAction\",\"target\":{\"@type\":\"EntryPoint\",\"urlTemplate\":\"https:\\\/\\\/canal7slp.tv\\\/2022\\\/?s={search_term_string}\"},\"query-input\":{\"@type\":\"PropertyValueSpecification\",\"valueRequired\":true,\"valueName\":\"search_term_string\"}}],\"inLanguage\":\"es\"},{\"@type\":\"Organization\",\"@id\":\"https:\\\/\\\/canal7slp.tv\\\/2022\\\/#organization\",\"name\":\"Noticieros Canal 7\",\"url\":\"https:\\\/\\\/canal7slp.tv\\\/2022\\\/\",\"logo\":{\"@type\":\"ImageObject\",\"inLanguage\":\"es\",\"@id\":\"https:\\\/\\\/canal7slp.tv\\\/2022\\\/#\\\/schema\\\/logo\\\/image\\\/\",\"url\":\"https:\\\/\\\/canal7slp.tv\\\/2022\\\/wp-content\\\/uploads\\\/2021\\\/01\\\/logo-noticieros@2x.png\",\"contentUrl\":\"https:\\\/\\\/canal7slp.tv\\\/2022\\\/wp-content\\\/uploads\\\/2021\\\/01\\\/logo-noticieros@2x.png\",\"width\":1017,\"height\":268,\"caption\":\"Noticieros Canal 7\"},\"image\":{\"@id\":\"https:\\\/\\\/canal7slp.tv\\\/2022\\\/#\\\/schema\\\/logo\\\/image\\\/\"},\"sameAs\":[\"https:\\\/\\\/www.facebook.com\\\/noticieroscanalsiete\",\"https:\\\/\\\/x.com\\\/NOTICIEROS7\",\"https:\\\/\\\/www.instagram.com\\\/canal7_slp\",\"https:\\\/\\\/www.youtube.com\\\/channel\\\/UCliiYs-gP3JfJeqdPrNdd5A\"]},{\"@type\":\"Person\",\"@id\":\"https:\\\/\\\/canal7slp.tv\\\/2022\\\/#\\\/schema\\\/person\\\/429704152a21f5f856ce29aa69a238da\",\"name\":\"Edici\u00f3n Web\",\"image\":{\"@type\":\"ImageObject\",\"inLanguage\":\"es\",\"@id\":\"https:\\\/\\\/secure.gravatar.com\\\/avatar\\\/eee448fc3f7164808013b816ba91ac7e43bbe82a70bebac296f8bc6f0addaa1a?s=96&d=mm&r=g\",\"url\":\"https:\\\/\\\/secure.gravatar.com\\\/avatar\\\/eee448fc3f7164808013b816ba91ac7e43bbe82a70bebac296f8bc6f0addaa1a?s=96&d=mm&r=g\",\"contentUrl\":\"https:\\\/\\\/secure.gravatar.com\\\/avatar\\\/eee448fc3f7164808013b816ba91ac7e43bbe82a70bebac296f8bc6f0addaa1a?s=96&d=mm&r=g\",\"caption\":\"Edici\u00f3n Web\"},\"url\":\"https:\\\/\\\/canal7slp.tv\\\/2022\\\/author\\\/edicionweb\\\/\"}]}<\/script>\n<!-- \/ Yoast SEO plugin. -->","yoast_head_json":{"title":"Presidente de Ucrania firma solicitud para unirse a la Uni\u00f3n Europea - Canal 7 SLP - 2022","robots":{"index":"index","follow":"follow","max-snippet":"max-snippet:-1","max-image-preview":"max-image-preview:large","max-video-preview":"max-video-preview:-1"},"canonical":"https:\/\/canal7slp.tv\/2022\/presidente-de-ucrania-firma-solicitud-para-unirse-a-la-union-europea\/","og_locale":"es_ES","og_type":"article","og_title":"Presidente de Ucrania firma solicitud para unirse a la Uni\u00f3n Europea - Canal 7 SLP - 2022","og_description":"Kiev.- Volod\u00edmir Zelenski, Presidente de Ucrania, firm\u00f3 este 28 de febrero una solicitud para la entrada de su naci\u00f3n a la Uni\u00f3n Europea \u201cEs un momento hist\u00f3rico\u201d, dice un mensaje de la Rada Suprema, donde tambi\u00e9n se puede ver al mandatario ucraniano en el momento de la firma del documento. En la firma del documento estuvieron presentes tambi\u00e9n el presidente de la Rada y el primer ministro ucraniano, Rusl\u00e1n Stefanchuk y Denys Shmyhal respectivamente. \u201cLos ucranianos han mostrado desde hace tiempo que somos una parte inalienable de la comunidad europea. Ha llegado la hora de sellarlo en el papel\u201d, coment\u00f3 [&hellip;]","og_url":"https:\/\/canal7slp.tv\/2022\/presidente-de-ucrania-firma-solicitud-para-unirse-a-la-union-europea\/","og_site_name":"Canal 7 SLP - 2022","article_publisher":"https:\/\/www.facebook.com\/noticieroscanalsiete","article_published_time":"2022-02-28T20:54:53+00:00","og_image":[{"width":750,"height":375,"url":"https:\/\/canal7slp.tv\/2022\/wp-content\/uploads\/2022\/02\/06-20.jpg","type":"image\/jpeg"}],"author":"Edici\u00f3n Web","twitter_card":"summary_large_image","twitter_creator":"@NOTICIEROS7","twitter_site":"@NOTICIEROS7","twitter_misc":{"Escrito por":"Edici\u00f3n Web","Tiempo de lectura":"1 minuto"},"schema":{"@context":"https:\/\/schema.org","@graph":[{"@type":"Article","@id":"https:\/\/canal7slp.tv\/2022\/presidente-de-ucrania-firma-solicitud-para-unirse-a-la-union-europea\/#article","isPartOf":{"@id":"https:\/\/canal7slp.tv\/2022\/presidente-de-ucrania-firma-solicitud-para-unirse-a-la-union-europea\/"},"author":{"name":"Edici\u00f3n Web","@id":"https:\/\/canal7slp.tv\/2022\/#\/schema\/person\/429704152a21f5f856ce29aa69a238da"},"headline":"Presidente de Ucrania firma solicitud para unirse a la Uni\u00f3n Europea","datePublished":"2022-02-28T20:54:53+00:00","mainEntityOfPage":{"@id":"https:\/\/canal7slp.tv\/2022\/presidente-de-ucrania-firma-solicitud-para-unirse-a-la-union-europea\/"},"wordCount":143,"publisher":{"@id":"https:\/\/canal7slp.tv\/2022\/#organization"},"image":{"@id":"https:\/\/canal7slp.tv\/2022\/presidente-de-ucrania-firma-solicitud-para-unirse-a-la-union-europea\/#primaryimage"},"thumbnailUrl":"https:\/\/canal7slp.tv\/2022\/wp-content\/uploads\/2022\/02\/06-20.jpg","articleSection":["INTERNACIONALES"],"inLanguage":"es"},{"@type":"WebPage","@id":"https:\/\/canal7slp.tv\/2022\/presidente-de-ucrania-firma-solicitud-para-unirse-a-la-union-europea\/","url":"https:\/\/canal7slp.tv\/2022\/presidente-de-ucrania-firma-solicitud-para-unirse-a-la-union-europea\/","name":"Presidente de Ucrania firma solicitud para unirse a la Uni\u00f3n Europea - Canal 7 SLP - 2022","isPartOf":{"@id":"https:\/\/canal7slp.tv\/2022\/#website"},"primaryImageOfPage":{"@id":"https:\/\/canal7slp.tv\/2022\/presidente-de-ucrania-firma-solicitud-para-unirse-a-la-union-europea\/#primaryimage"},"image":{"@id":"https:\/\/canal7slp.tv\/2022\/presidente-de-ucrania-firma-solicitud-para-unirse-a-la-union-europea\/#primaryimage"},"thumbnailUrl":"https:\/\/canal7slp.tv\/2022\/wp-content\/uploads\/2022\/02\/06-20.jpg","datePublished":"2022-02-28T20:54:53+00:00","breadcrumb":{"@id":"https:\/\/canal7slp.tv\/2022\/presidente-de-ucrania-firma-solicitud-para-unirse-a-la-union-europea\/#breadcrumb"},"inLanguage":"es","potentialAction":[{"@type":"ReadAction","target":["https:\/\/canal7slp.tv\/2022\/presidente-de-ucrania-firma-solicitud-para-unirse-a-la-union-europea\/"]}]},{"@type":"ImageObject","inLanguage":"es","@id":"https:\/\/canal7slp.tv\/2022\/presidente-de-ucrania-firma-solicitud-para-unirse-a-la-union-europea\/#primaryimage","url":"https:\/\/canal7slp.tv\/2022\/wp-content\/uploads\/2022\/02\/06-20.jpg","contentUrl":"https:\/\/canal7slp.tv\/2022\/wp-content\/uploads\/2022\/02\/06-20.jpg","width":750,"height":375},{"@type":"BreadcrumbList","@id":"https:\/\/canal7slp.tv\/2022\/presidente-de-ucrania-firma-solicitud-para-unirse-a-la-union-europea\/#breadcrumb","itemListElement":[{"@type":"ListItem","position":1,"name":"Portada","item":"https:\/\/canal7slp.tv\/2022\/"},{"@type":"ListItem","position":2,"name":"Presidente de Ucrania firma solicitud para unirse a la Uni\u00f3n Europea"}]},{"@type":"WebSite","@id":"https:\/\/canal7slp.tv\/2022\/#website","url":"https:\/\/canal7slp.tv\/2022\/","name":"N7 - Noticieros Canal 7","description":"Somos Televisi\u00f3n","publisher":{"@id":"https:\/\/canal7slp.tv\/2022\/#organization"},"potentialAction":[{"@type":"SearchAction","target":{"@type":"EntryPoint","urlTemplate":"https:\/\/canal7slp.tv\/2022\/?s={search_term_string}"},"query-input":{"@type":"PropertyValueSpecification","valueRequired":true,"valueName":"search_term_string"}}],"inLanguage":"es"},{"@type":"Organization","@id":"https:\/\/canal7slp.tv\/2022\/#organization","name":"Noticieros Canal 7","url":"https:\/\/canal7slp.tv\/2022\/","logo":{"@type":"ImageObject","inLanguage":"es","@id":"https:\/\/canal7slp.tv\/2022\/#\/schema\/logo\/image\/","url":"https:\/\/canal7slp.tv\/2022\/wp-content\/uploads\/2021\/01\/logo-noticieros@2x.png","contentUrl":"https:\/\/canal7slp.tv\/2022\/wp-content\/uploads\/2021\/01\/logo-noticieros@2x.png","width":1017,"height":268,"caption":"Noticieros Canal 7"},"image":{"@id":"https:\/\/canal7slp.tv\/2022\/#\/schema\/logo\/image\/"},"sameAs":["https:\/\/www.facebook.com\/noticieroscanalsiete","https:\/\/x.com\/NOTICIEROS7","https:\/\/www.instagram.com\/canal7_slp","https:\/\/www.youtube.com\/channel\/UCliiYs-gP3JfJeqdPrNdd5A"]},{"@type":"Person","@id":"https:\/\/canal7slp.tv\/2022\/#\/schema\/person\/429704152a21f5f856ce29aa69a238da","name":"Edici\u00f3n Web","image":{"@type":"ImageObject","inLanguage":"es","@id":"https:\/\/secure.gravatar.com\/avatar\/eee448fc3f7164808013b816ba91ac7e43bbe82a70bebac296f8bc6f0addaa1a?s=96&d=mm&r=g","url":"https:\/\/secure.gravatar.com\/avatar\/eee448fc3f7164808013b816ba91ac7e43bbe82a70bebac296f8bc6f0addaa1a?s=96&d=mm&r=g","contentUrl":"https:\/\/secure.gravatar.com\/avatar\/eee448fc3f7164808013b816ba91ac7e43bbe82a70bebac296f8bc6f0addaa1a?s=96&d=mm&r=g","caption":"Edici\u00f3n Web"},"url":"https:\/\/canal7slp.tv\/2022\/author\/edicionweb\/"}]}},"amp_enabled":true,"_links":{"self":[{"href":"https:\/\/canal7slp.tv\/2022\/wp-json\/wp\/v2\/posts\/52639","targetHints":{"allow":["GET"]}}],"collection":[{"href":"https:\/\/canal7slp.tv\/2022\/wp-json\/wp\/v2\/posts"}],"about":[{"href":"https:\/\/canal7slp.tv\/2022\/wp-json\/wp\/v2\/types\/post"}],"author":[{"embeddable":true,"href":"https:\/\/canal7slp.tv\/2022\/wp-json\/wp\/v2\/users\/2"}],"replies":[{"embeddable":true,"href":"https:\/\/canal7slp.tv\/2022\/wp-json\/wp\/v2\/comments?post=52639"}],"version-history":[{"count":2,"href":"https:\/\/canal7slp.tv\/2022\/wp-json\/wp\/v2\/posts\/52639\/revisions"}],"predecessor-version":[{"id":52655,"href":"https:\/\/canal7slp.tv\/2022\/wp-json\/wp\/v2\/posts\/52639\/revisions\/52655"}],"wp:featuredmedia":[{"embeddable":true,"href":"https:\/\/canal7slp.tv\/2022\/wp-json\/wp\/v2\/media\/52654"}],"wp:attachment":[{"href":"https:\/\/canal7slp.tv\/2022\/wp-json\/wp\/v2\/media?parent=52639"}],"wp:term":[{"taxonomy":"category","embeddable":true,"href":"https:\/\/canal7slp.tv\/2022\/wp-json\/wp\/v2\/categories?post=52639"},{"taxonomy":"post_tag","embeddable":true,"href":"https:\/\/canal7slp.tv\/2022\/wp-json\/wp\/v2\/tags?post=52639"}],"curies":[{"name":"wp","href":"https:\/\/api.w.org\/{rel}","templated":true}]}}