{"id":52635,"date":"2022-02-28T14:56:59","date_gmt":"2022-02-28T20:56:59","guid":{"rendered":"https:\/\/canal7slp.tv\/2022\/?p=52635"},"modified":"2022-02-28T14:56:59","modified_gmt":"2022-02-28T20:56:59","slug":"avion-de-la-fuerza-aerea-de-mexico-aterriza-en-rumania","status":"publish","type":"post","link":"https:\/\/canal7slp.tv\/2022\/avion-de-la-fuerza-aerea-de-mexico-aterriza-en-rumania\/","title":{"rendered":"Avi\u00f3n de la Fuerza A\u00e9rea de M\u00e9xico aterriza en Rumania"},"content":{"rendered":"<ul style=\"text-align: justify;\">\n<li>Repatriar\u00e1 a connacionales que fueron desplazados por la guerra entre Rusia y Ucrania<\/li>\n<\/ul>\n<p style=\"text-align: justify;\">Bucarest.- El Boeing 737-800 militar de la Fuerza A\u00e9rea Mexicana aterriz\u00f3 este 28 de febrero en territorio rumano alrededor de las 8 de la ma\u00f1ana.<\/p>\n<p style=\"text-align: justify;\">Su misi\u00f3n es repatriar a las familias mexicanas que fueron extra\u00eddas de Ucrania debido al conflicto con Rusia.<\/p>\n<p style=\"text-align: justify;\">Por su parte, el canciller Marcelo Ebrard se\u00f1al\u00f3 que se espera el arribo de m\u00e1s familias evacuadas desde Kiev.<\/p>\n<p style=\"text-align: justify;\">Es importante se\u00f1alar que las embajadas en Polonia y Rumania est\u00e1n apoyando a Olga Garc\u00eda Guill\u00e9n, Embajadora de M\u00e9xico en Ucrania.<\/p>\n<p style=\"text-align: justify;\">Daniel Mill\u00e1n, Jefe de Oficina de la SRE, adelant\u00f3 que de ser necesario se llevar\u00e1n a cabo m\u00e1s vuelos.<\/p>\n<p style=\"text-align: justify;\">Cabe destacar que aun hay varios connacionales en Ucrania, quienes no han podido ser evacuados del lugar debido a restricciones.<\/p>\n","protected":false},"excerpt":{"rendered":"<p>Repatriar\u00e1 a connacionales que fueron desplazados por la guerra entre Rusia y Ucrania Bucarest.- El Boeing 737-800 militar de la Fuerza A\u00e9rea Mexicana aterriz\u00f3 este 28 de febrero en territorio rumano alrededor de las 8 de la ma\u00f1ana. Su misi\u00f3n es repatriar a las familias mexicanas que fueron extra\u00eddas de Ucrania debido al conflicto con Rusia. Por su parte, el canciller Marcelo Ebrard se\u00f1al\u00f3 que se espera el arribo de m\u00e1s familias evacuadas desde Kiev. Es importante se\u00f1alar que las embajadas en Polonia y Rumania est\u00e1n apoyando a Olga Garc\u00eda Guill\u00e9n, Embajadora de M\u00e9xico en Ucrania. Daniel Mill\u00e1n, Jefe de [&hellip;]<\/p>\n","protected":false},"author":2,"featured_media":52651,"comment_status":"closed","ping_status":"closed","sticky":false,"template":"","format":"standard","meta":{"footnotes":""},"categories":[46],"tags":[],"class_list":["post-52635","post","type-post","status-publish","format-standard","has-post-thumbnail","hentry","category-nacional","post--single"],"yoast_head":"<!-- This site is optimized with the Yoast SEO plugin v27.4 - https:\/\/yoast.com\/product\/yoast-seo-wordpress\/ -->\n<title>Avi\u00f3n de la Fuerza A\u00e9rea de M\u00e9xico aterriza en Rumania - Canal 7 SLP - 2022<\/title>\n<meta name=\"robots\" content=\"index, follow, max-snippet:-1, max-image-preview:large, max-video-preview:-1\" \/>\n<link rel=\"canonical\" href=\"https:\/\/canal7slp.tv\/2022\/avion-de-la-fuerza-aerea-de-mexico-aterriza-en-rumania\/\" \/>\n<meta property=\"og:locale\" content=\"es_ES\" \/>\n<meta property=\"og:type\" content=\"article\" \/>\n<meta property=\"og:title\" content=\"Avi\u00f3n de la Fuerza A\u00e9rea de M\u00e9xico aterriza en Rumania - Canal 7 SLP - 2022\" \/>\n<meta property=\"og:description\" content=\"Repatriar\u00e1 a connacionales que fueron desplazados por la guerra entre Rusia y Ucrania Bucarest.- El Boeing 737-800 militar de la Fuerza A\u00e9rea Mexicana aterriz\u00f3 este 28 de febrero en territorio rumano alrededor de las 8 de la ma\u00f1ana. Su misi\u00f3n es repatriar a las familias mexicanas que fueron extra\u00eddas de Ucrania debido al conflicto con Rusia. Por su parte, el canciller Marcelo Ebrard se\u00f1al\u00f3 que se espera el arribo de m\u00e1s familias evacuadas desde Kiev. Es importante se\u00f1alar que las embajadas en Polonia y Rumania est\u00e1n apoyando a Olga Garc\u00eda Guill\u00e9n, Embajadora de M\u00e9xico en Ucrania. Daniel Mill\u00e1n, Jefe de [&hellip;]\" \/>\n<meta property=\"og:url\" content=\"https:\/\/canal7slp.tv\/2022\/avion-de-la-fuerza-aerea-de-mexico-aterriza-en-rumania\/\" \/>\n<meta property=\"og:site_name\" content=\"Canal 7 SLP - 2022\" \/>\n<meta property=\"article:publisher\" content=\"https:\/\/www.facebook.com\/noticieroscanalsiete\" \/>\n<meta property=\"article:published_time\" content=\"2022-02-28T20:56:59+00:00\" \/>\n<meta property=\"og:image\" content=\"https:\/\/canal7slp.tv\/2022\/wp-content\/uploads\/2022\/02\/03-20.jpg\" \/>\n\t<meta property=\"og:image:width\" content=\"552\" \/>\n\t<meta property=\"og:image:height\" content=\"367\" \/>\n\t<meta property=\"og:image:type\" content=\"image\/jpeg\" \/>\n<meta name=\"author\" content=\"Edici\u00f3n Web\" \/>\n<meta name=\"twitter:card\" content=\"summary_large_image\" \/>\n<meta name=\"twitter:creator\" content=\"@NOTICIEROS7\" \/>\n<meta name=\"twitter:site\" content=\"@NOTICIEROS7\" \/>\n<meta name=\"twitter:label1\" content=\"Escrito por\" \/>\n\t<meta name=\"twitter:data1\" content=\"Edici\u00f3n Web\" \/>\n\t<meta name=\"twitter:label2\" content=\"Tiempo de lectura\" \/>\n\t<meta name=\"twitter:data2\" content=\"1 minuto\" \/>\n<script type=\"application\/ld+json\" class=\"yoast-schema-graph\">{\"@context\":\"https:\\\/\\\/schema.org\",\"@graph\":[{\"@type\":\"Article\",\"@id\":\"https:\\\/\\\/canal7slp.tv\\\/2022\\\/avion-de-la-fuerza-aerea-de-mexico-aterriza-en-rumania\\\/#article\",\"isPartOf\":{\"@id\":\"https:\\\/\\\/canal7slp.tv\\\/2022\\\/avion-de-la-fuerza-aerea-de-mexico-aterriza-en-rumania\\\/\"},\"author\":{\"name\":\"Edici\u00f3n Web\",\"@id\":\"https:\\\/\\\/canal7slp.tv\\\/2022\\\/#\\\/schema\\\/person\\\/429704152a21f5f856ce29aa69a238da\"},\"headline\":\"Avi\u00f3n de la Fuerza A\u00e9rea de M\u00e9xico aterriza en Rumania\",\"datePublished\":\"2022-02-28T20:56:59+00:00\",\"mainEntityOfPage\":{\"@id\":\"https:\\\/\\\/canal7slp.tv\\\/2022\\\/avion-de-la-fuerza-aerea-de-mexico-aterriza-en-rumania\\\/\"},\"wordCount\":161,\"publisher\":{\"@id\":\"https:\\\/\\\/canal7slp.tv\\\/2022\\\/#organization\"},\"image\":{\"@id\":\"https:\\\/\\\/canal7slp.tv\\\/2022\\\/avion-de-la-fuerza-aerea-de-mexico-aterriza-en-rumania\\\/#primaryimage\"},\"thumbnailUrl\":\"https:\\\/\\\/canal7slp.tv\\\/2022\\\/wp-content\\\/uploads\\\/2022\\\/02\\\/03-20.jpg\",\"articleSection\":[\"NACIONALES\"],\"inLanguage\":\"es\"},{\"@type\":\"WebPage\",\"@id\":\"https:\\\/\\\/canal7slp.tv\\\/2022\\\/avion-de-la-fuerza-aerea-de-mexico-aterriza-en-rumania\\\/\",\"url\":\"https:\\\/\\\/canal7slp.tv\\\/2022\\\/avion-de-la-fuerza-aerea-de-mexico-aterriza-en-rumania\\\/\",\"name\":\"Avi\u00f3n de la Fuerza A\u00e9rea de M\u00e9xico aterriza en Rumania - Canal 7 SLP - 2022\",\"isPartOf\":{\"@id\":\"https:\\\/\\\/canal7slp.tv\\\/2022\\\/#website\"},\"primaryImageOfPage\":{\"@id\":\"https:\\\/\\\/canal7slp.tv\\\/2022\\\/avion-de-la-fuerza-aerea-de-mexico-aterriza-en-rumania\\\/#primaryimage\"},\"image\":{\"@id\":\"https:\\\/\\\/canal7slp.tv\\\/2022\\\/avion-de-la-fuerza-aerea-de-mexico-aterriza-en-rumania\\\/#primaryimage\"},\"thumbnailUrl\":\"https:\\\/\\\/canal7slp.tv\\\/2022\\\/wp-content\\\/uploads\\\/2022\\\/02\\\/03-20.jpg\",\"datePublished\":\"2022-02-28T20:56:59+00:00\",\"breadcrumb\":{\"@id\":\"https:\\\/\\\/canal7slp.tv\\\/2022\\\/avion-de-la-fuerza-aerea-de-mexico-aterriza-en-rumania\\\/#breadcrumb\"},\"inLanguage\":\"es\",\"potentialAction\":[{\"@type\":\"ReadAction\",\"target\":[\"https:\\\/\\\/canal7slp.tv\\\/2022\\\/avion-de-la-fuerza-aerea-de-mexico-aterriza-en-rumania\\\/\"]}]},{\"@type\":\"ImageObject\",\"inLanguage\":\"es\",\"@id\":\"https:\\\/\\\/canal7slp.tv\\\/2022\\\/avion-de-la-fuerza-aerea-de-mexico-aterriza-en-rumania\\\/#primaryimage\",\"url\":\"https:\\\/\\\/canal7slp.tv\\\/2022\\\/wp-content\\\/uploads\\\/2022\\\/02\\\/03-20.jpg\",\"contentUrl\":\"https:\\\/\\\/canal7slp.tv\\\/2022\\\/wp-content\\\/uploads\\\/2022\\\/02\\\/03-20.jpg\",\"width\":552,\"height\":367},{\"@type\":\"BreadcrumbList\",\"@id\":\"https:\\\/\\\/canal7slp.tv\\\/2022\\\/avion-de-la-fuerza-aerea-de-mexico-aterriza-en-rumania\\\/#breadcrumb\",\"itemListElement\":[{\"@type\":\"ListItem\",\"position\":1,\"name\":\"Portada\",\"item\":\"https:\\\/\\\/canal7slp.tv\\\/2022\\\/\"},{\"@type\":\"ListItem\",\"position\":2,\"name\":\"Avi\u00f3n de la Fuerza A\u00e9rea de M\u00e9xico aterriza en Rumania\"}]},{\"@type\":\"WebSite\",\"@id\":\"https:\\\/\\\/canal7slp.tv\\\/2022\\\/#website\",\"url\":\"https:\\\/\\\/canal7slp.tv\\\/2022\\\/\",\"name\":\"N7 - Noticieros Canal 7\",\"description\":\"Somos Televisi\u00f3n\",\"publisher\":{\"@id\":\"https:\\\/\\\/canal7slp.tv\\\/2022\\\/#organization\"},\"potentialAction\":[{\"@type\":\"SearchAction\",\"target\":{\"@type\":\"EntryPoint\",\"urlTemplate\":\"https:\\\/\\\/canal7slp.tv\\\/2022\\\/?s={search_term_string}\"},\"query-input\":{\"@type\":\"PropertyValueSpecification\",\"valueRequired\":true,\"valueName\":\"search_term_string\"}}],\"inLanguage\":\"es\"},{\"@type\":\"Organization\",\"@id\":\"https:\\\/\\\/canal7slp.tv\\\/2022\\\/#organization\",\"name\":\"Noticieros Canal 7\",\"url\":\"https:\\\/\\\/canal7slp.tv\\\/2022\\\/\",\"logo\":{\"@type\":\"ImageObject\",\"inLanguage\":\"es\",\"@id\":\"https:\\\/\\\/canal7slp.tv\\\/2022\\\/#\\\/schema\\\/logo\\\/image\\\/\",\"url\":\"https:\\\/\\\/canal7slp.tv\\\/2022\\\/wp-content\\\/uploads\\\/2021\\\/01\\\/logo-noticieros@2x.png\",\"contentUrl\":\"https:\\\/\\\/canal7slp.tv\\\/2022\\\/wp-content\\\/uploads\\\/2021\\\/01\\\/logo-noticieros@2x.png\",\"width\":1017,\"height\":268,\"caption\":\"Noticieros Canal 7\"},\"image\":{\"@id\":\"https:\\\/\\\/canal7slp.tv\\\/2022\\\/#\\\/schema\\\/logo\\\/image\\\/\"},\"sameAs\":[\"https:\\\/\\\/www.facebook.com\\\/noticieroscanalsiete\",\"https:\\\/\\\/x.com\\\/NOTICIEROS7\",\"https:\\\/\\\/www.instagram.com\\\/canal7_slp\",\"https:\\\/\\\/www.youtube.com\\\/channel\\\/UCliiYs-gP3JfJeqdPrNdd5A\"]},{\"@type\":\"Person\",\"@id\":\"https:\\\/\\\/canal7slp.tv\\\/2022\\\/#\\\/schema\\\/person\\\/429704152a21f5f856ce29aa69a238da\",\"name\":\"Edici\u00f3n Web\",\"image\":{\"@type\":\"ImageObject\",\"inLanguage\":\"es\",\"@id\":\"https:\\\/\\\/secure.gravatar.com\\\/avatar\\\/eee448fc3f7164808013b816ba91ac7e43bbe82a70bebac296f8bc6f0addaa1a?s=96&d=mm&r=g\",\"url\":\"https:\\\/\\\/secure.gravatar.com\\\/avatar\\\/eee448fc3f7164808013b816ba91ac7e43bbe82a70bebac296f8bc6f0addaa1a?s=96&d=mm&r=g\",\"contentUrl\":\"https:\\\/\\\/secure.gravatar.com\\\/avatar\\\/eee448fc3f7164808013b816ba91ac7e43bbe82a70bebac296f8bc6f0addaa1a?s=96&d=mm&r=g\",\"caption\":\"Edici\u00f3n Web\"},\"url\":\"https:\\\/\\\/canal7slp.tv\\\/2022\\\/author\\\/edicionweb\\\/\"}]}<\/script>\n<!-- \/ Yoast SEO plugin. -->","yoast_head_json":{"title":"Avi\u00f3n de la Fuerza A\u00e9rea de M\u00e9xico aterriza en Rumania - Canal 7 SLP - 2022","robots":{"index":"index","follow":"follow","max-snippet":"max-snippet:-1","max-image-preview":"max-image-preview:large","max-video-preview":"max-video-preview:-1"},"canonical":"https:\/\/canal7slp.tv\/2022\/avion-de-la-fuerza-aerea-de-mexico-aterriza-en-rumania\/","og_locale":"es_ES","og_type":"article","og_title":"Avi\u00f3n de la Fuerza A\u00e9rea de M\u00e9xico aterriza en Rumania - Canal 7 SLP - 2022","og_description":"Repatriar\u00e1 a connacionales que fueron desplazados por la guerra entre Rusia y Ucrania Bucarest.- El Boeing 737-800 militar de la Fuerza A\u00e9rea Mexicana aterriz\u00f3 este 28 de febrero en territorio rumano alrededor de las 8 de la ma\u00f1ana. Su misi\u00f3n es repatriar a las familias mexicanas que fueron extra\u00eddas de Ucrania debido al conflicto con Rusia. Por su parte, el canciller Marcelo Ebrard se\u00f1al\u00f3 que se espera el arribo de m\u00e1s familias evacuadas desde Kiev. Es importante se\u00f1alar que las embajadas en Polonia y Rumania est\u00e1n apoyando a Olga Garc\u00eda Guill\u00e9n, Embajadora de M\u00e9xico en Ucrania. Daniel Mill\u00e1n, Jefe de [&hellip;]","og_url":"https:\/\/canal7slp.tv\/2022\/avion-de-la-fuerza-aerea-de-mexico-aterriza-en-rumania\/","og_site_name":"Canal 7 SLP - 2022","article_publisher":"https:\/\/www.facebook.com\/noticieroscanalsiete","article_published_time":"2022-02-28T20:56:59+00:00","og_image":[{"width":552,"height":367,"url":"https:\/\/canal7slp.tv\/2022\/wp-content\/uploads\/2022\/02\/03-20.jpg","type":"image\/jpeg"}],"author":"Edici\u00f3n Web","twitter_card":"summary_large_image","twitter_creator":"@NOTICIEROS7","twitter_site":"@NOTICIEROS7","twitter_misc":{"Escrito por":"Edici\u00f3n Web","Tiempo de lectura":"1 minuto"},"schema":{"@context":"https:\/\/schema.org","@graph":[{"@type":"Article","@id":"https:\/\/canal7slp.tv\/2022\/avion-de-la-fuerza-aerea-de-mexico-aterriza-en-rumania\/#article","isPartOf":{"@id":"https:\/\/canal7slp.tv\/2022\/avion-de-la-fuerza-aerea-de-mexico-aterriza-en-rumania\/"},"author":{"name":"Edici\u00f3n Web","@id":"https:\/\/canal7slp.tv\/2022\/#\/schema\/person\/429704152a21f5f856ce29aa69a238da"},"headline":"Avi\u00f3n de la Fuerza A\u00e9rea de M\u00e9xico aterriza en Rumania","datePublished":"2022-02-28T20:56:59+00:00","mainEntityOfPage":{"@id":"https:\/\/canal7slp.tv\/2022\/avion-de-la-fuerza-aerea-de-mexico-aterriza-en-rumania\/"},"wordCount":161,"publisher":{"@id":"https:\/\/canal7slp.tv\/2022\/#organization"},"image":{"@id":"https:\/\/canal7slp.tv\/2022\/avion-de-la-fuerza-aerea-de-mexico-aterriza-en-rumania\/#primaryimage"},"thumbnailUrl":"https:\/\/canal7slp.tv\/2022\/wp-content\/uploads\/2022\/02\/03-20.jpg","articleSection":["NACIONALES"],"inLanguage":"es"},{"@type":"WebPage","@id":"https:\/\/canal7slp.tv\/2022\/avion-de-la-fuerza-aerea-de-mexico-aterriza-en-rumania\/","url":"https:\/\/canal7slp.tv\/2022\/avion-de-la-fuerza-aerea-de-mexico-aterriza-en-rumania\/","name":"Avi\u00f3n de la Fuerza A\u00e9rea de M\u00e9xico aterriza en Rumania - Canal 7 SLP - 2022","isPartOf":{"@id":"https:\/\/canal7slp.tv\/2022\/#website"},"primaryImageOfPage":{"@id":"https:\/\/canal7slp.tv\/2022\/avion-de-la-fuerza-aerea-de-mexico-aterriza-en-rumania\/#primaryimage"},"image":{"@id":"https:\/\/canal7slp.tv\/2022\/avion-de-la-fuerza-aerea-de-mexico-aterriza-en-rumania\/#primaryimage"},"thumbnailUrl":"https:\/\/canal7slp.tv\/2022\/wp-content\/uploads\/2022\/02\/03-20.jpg","datePublished":"2022-02-28T20:56:59+00:00","breadcrumb":{"@id":"https:\/\/canal7slp.tv\/2022\/avion-de-la-fuerza-aerea-de-mexico-aterriza-en-rumania\/#breadcrumb"},"inLanguage":"es","potentialAction":[{"@type":"ReadAction","target":["https:\/\/canal7slp.tv\/2022\/avion-de-la-fuerza-aerea-de-mexico-aterriza-en-rumania\/"]}]},{"@type":"ImageObject","inLanguage":"es","@id":"https:\/\/canal7slp.tv\/2022\/avion-de-la-fuerza-aerea-de-mexico-aterriza-en-rumania\/#primaryimage","url":"https:\/\/canal7slp.tv\/2022\/wp-content\/uploads\/2022\/02\/03-20.jpg","contentUrl":"https:\/\/canal7slp.tv\/2022\/wp-content\/uploads\/2022\/02\/03-20.jpg","width":552,"height":367},{"@type":"BreadcrumbList","@id":"https:\/\/canal7slp.tv\/2022\/avion-de-la-fuerza-aerea-de-mexico-aterriza-en-rumania\/#breadcrumb","itemListElement":[{"@type":"ListItem","position":1,"name":"Portada","item":"https:\/\/canal7slp.tv\/2022\/"},{"@type":"ListItem","position":2,"name":"Avi\u00f3n de la Fuerza A\u00e9rea de M\u00e9xico aterriza en Rumania"}]},{"@type":"WebSite","@id":"https:\/\/canal7slp.tv\/2022\/#website","url":"https:\/\/canal7slp.tv\/2022\/","name":"N7 - Noticieros Canal 7","description":"Somos Televisi\u00f3n","publisher":{"@id":"https:\/\/canal7slp.tv\/2022\/#organization"},"potentialAction":[{"@type":"SearchAction","target":{"@type":"EntryPoint","urlTemplate":"https:\/\/canal7slp.tv\/2022\/?s={search_term_string}"},"query-input":{"@type":"PropertyValueSpecification","valueRequired":true,"valueName":"search_term_string"}}],"inLanguage":"es"},{"@type":"Organization","@id":"https:\/\/canal7slp.tv\/2022\/#organization","name":"Noticieros Canal 7","url":"https:\/\/canal7slp.tv\/2022\/","logo":{"@type":"ImageObject","inLanguage":"es","@id":"https:\/\/canal7slp.tv\/2022\/#\/schema\/logo\/image\/","url":"https:\/\/canal7slp.tv\/2022\/wp-content\/uploads\/2021\/01\/logo-noticieros@2x.png","contentUrl":"https:\/\/canal7slp.tv\/2022\/wp-content\/uploads\/2021\/01\/logo-noticieros@2x.png","width":1017,"height":268,"caption":"Noticieros Canal 7"},"image":{"@id":"https:\/\/canal7slp.tv\/2022\/#\/schema\/logo\/image\/"},"sameAs":["https:\/\/www.facebook.com\/noticieroscanalsiete","https:\/\/x.com\/NOTICIEROS7","https:\/\/www.instagram.com\/canal7_slp","https:\/\/www.youtube.com\/channel\/UCliiYs-gP3JfJeqdPrNdd5A"]},{"@type":"Person","@id":"https:\/\/canal7slp.tv\/2022\/#\/schema\/person\/429704152a21f5f856ce29aa69a238da","name":"Edici\u00f3n Web","image":{"@type":"ImageObject","inLanguage":"es","@id":"https:\/\/secure.gravatar.com\/avatar\/eee448fc3f7164808013b816ba91ac7e43bbe82a70bebac296f8bc6f0addaa1a?s=96&d=mm&r=g","url":"https:\/\/secure.gravatar.com\/avatar\/eee448fc3f7164808013b816ba91ac7e43bbe82a70bebac296f8bc6f0addaa1a?s=96&d=mm&r=g","contentUrl":"https:\/\/secure.gravatar.com\/avatar\/eee448fc3f7164808013b816ba91ac7e43bbe82a70bebac296f8bc6f0addaa1a?s=96&d=mm&r=g","caption":"Edici\u00f3n Web"},"url":"https:\/\/canal7slp.tv\/2022\/author\/edicionweb\/"}]}},"amp_enabled":true,"_links":{"self":[{"href":"https:\/\/canal7slp.tv\/2022\/wp-json\/wp\/v2\/posts\/52635","targetHints":{"allow":["GET"]}}],"collection":[{"href":"https:\/\/canal7slp.tv\/2022\/wp-json\/wp\/v2\/posts"}],"about":[{"href":"https:\/\/canal7slp.tv\/2022\/wp-json\/wp\/v2\/types\/post"}],"author":[{"embeddable":true,"href":"https:\/\/canal7slp.tv\/2022\/wp-json\/wp\/v2\/users\/2"}],"replies":[{"embeddable":true,"href":"https:\/\/canal7slp.tv\/2022\/wp-json\/wp\/v2\/comments?post=52635"}],"version-history":[{"count":4,"href":"https:\/\/canal7slp.tv\/2022\/wp-json\/wp\/v2\/posts\/52635\/revisions"}],"predecessor-version":[{"id":52660,"href":"https:\/\/canal7slp.tv\/2022\/wp-json\/wp\/v2\/posts\/52635\/revisions\/52660"}],"wp:featuredmedia":[{"embeddable":true,"href":"https:\/\/canal7slp.tv\/2022\/wp-json\/wp\/v2\/media\/52651"}],"wp:attachment":[{"href":"https:\/\/canal7slp.tv\/2022\/wp-json\/wp\/v2\/media?parent=52635"}],"wp:term":[{"taxonomy":"category","embeddable":true,"href":"https:\/\/canal7slp.tv\/2022\/wp-json\/wp\/v2\/categories?post=52635"},{"taxonomy":"post_tag","embeddable":true,"href":"https:\/\/canal7slp.tv\/2022\/wp-json\/wp\/v2\/tags?post=52635"}],"curies":[{"name":"wp","href":"https:\/\/api.w.org\/{rel}","templated":true}]}}