{"id":52625,"date":"2022-02-28T12:58:40","date_gmt":"2022-02-28T18:58:40","guid":{"rendered":"https:\/\/canal7slp.tv\/2022\/?p=52625"},"modified":"2022-02-28T12:58:40","modified_gmt":"2022-02-28T18:58:40","slug":"confirman-fiscalias-de-coahuila-nl-slp-y-tamaulipas-accidente-automovilistico-en-la-carretera-piedras-negras-nuevo-laredo","status":"publish","type":"post","link":"https:\/\/canal7slp.tv\/2022\/confirman-fiscalias-de-coahuila-nl-slp-y-tamaulipas-accidente-automovilistico-en-la-carretera-piedras-negras-nuevo-laredo\/","title":{"rendered":"Confirman Fiscal\u00edas de Coahuila, NL, SLP y Tamaulipas accidente automovil\u00edstico en la Carretera Piedras Negras-Nuevo Laredo."},"content":{"rendered":"<ul>\n<li style=\"text-align: justify;\">No se ha corroborado si quien abordaba la unidad involucrada era \u00abEl Mijis\u00bb.<\/li>\n<\/ul>\n<p style=\"text-align: justify;\">SLP.- En relaci\u00f3n al caso de la desaparici\u00f3n del C. Pedro C\u00e9sar Carrizales Becerra, alias \u00abEl Mijis\u00bb, las Fiscal\u00edas Generales de Justicia de los Estados de Coahuila, Nuevo Le\u00f3n, San Luis Potos\u00ed y Tamaulipas, informan que conforme fueron tomando conocimiento de los hechos, de manera particular y coordinada, efectuaron diversos actos de investigaci\u00f3n tendientes a su localizaci\u00f3n de conformidad en lo establecido por los Protocolos de la materia, entre los que destacan solicitudes de informaci\u00f3n a los centros hospitalarios, de detenci\u00f3n, hoteles, y bases de datos institucionales y todas aquellas instituciones p\u00fablicas y privadas que pudieran tener informaci\u00f3n.<\/p>\n<p style=\"text-align: justify;\">De igual forma, en conjunto con la Guardia Nacional, las Comisiones Nacional de B\u00fasqueda y de Tamaulipas, la Coordinaci\u00f3n Nacional Antisecuestro y la Unidad Especializada en Combate al Secuestro de Tamaulipas, en la semana del 14 al 18 de febrero, se desarrollaron operativos de b\u00fasqueda en brechas y carreteras lim\u00edtrofes entre los estados de Coahuila, Nuevo Le\u00f3n y Tamaulipas, as\u00ed como en los lugares que de manera preliminar arrojaron la informaci\u00f3n del an\u00e1lisis de llamadas o conectividad del tel\u00e9fono del C. Pedro Carrizales.<\/p>\n<p style=\"text-align: justify;\">Lo anterior permiti\u00f3 conocer, entre otras cosas, que el 03 de febrero aproximadamente a la 1:00 am ocurri\u00f3 un accidente automovil\u00edstico en el kil\u00f3metro 27 de la carretera Piedras Negras \u2013 Nuevo Laredo en los l\u00edmites de los estados de Nuevo Le\u00f3n y Tamaulipas, por lo que actualmente se est\u00e1 investigando ese hecho por parte de equipos multidisciplinarios de las Fiscal\u00edas Estatales. De igual forma, peritos de la Guardia Nacional, llevan a cabo peritajes en antropolog\u00eda, identificaci\u00f3n humana y gen\u00e9tica, y se est\u00e1 en espera de que concluyan a efecto de que emitan sus opiniones las instituciones involucradas en la investigaci\u00f3n de estos hechos.<\/p>\n<p style=\"text-align: justify;\">En relaci\u00f3n con la informaci\u00f3n que circula en algunos medios de comunicaci\u00f3n y redes sociales, esta en ning\u00fan momento ha sido difundida por las Fiscal\u00edas Generales de Justicia de los estados involucrados, por lo que inmediatamente que se tengan resultados contundentes de la intervenci\u00f3n pericial se comunicar\u00e1n a la familia directamente para garantizar sus derechos y guardar el debido sigilo de la investigaci\u00f3n.<\/p>\n","protected":false},"excerpt":{"rendered":"<p>No se ha corroborado si quien abordaba la unidad involucrada era \u00abEl Mijis\u00bb. SLP.- En relaci\u00f3n al caso de la desaparici\u00f3n del C. Pedro C\u00e9sar Carrizales Becerra, alias \u00abEl Mijis\u00bb, las Fiscal\u00edas Generales de Justicia de los Estados de Coahuila, Nuevo Le\u00f3n, San Luis Potos\u00ed y Tamaulipas, informan que conforme fueron tomando conocimiento de los hechos, de manera particular y coordinada, efectuaron diversos actos de investigaci\u00f3n tendientes a su localizaci\u00f3n de conformidad en lo establecido por los Protocolos de la materia, entre los que destacan solicitudes de informaci\u00f3n a los centros hospitalarios, de detenci\u00f3n, hoteles, y bases de datos institucionales [&hellip;]<\/p>\n","protected":false},"author":2,"featured_media":0,"comment_status":"closed","ping_status":"closed","sticky":false,"template":"","format":"standard","meta":{"footnotes":""},"categories":[45],"tags":[],"class_list":["post-52625","post","type-post","status-publish","format-standard","hentry","category-localesyregionales","post--single"],"yoast_head":"<!-- This site is optimized with the Yoast SEO plugin v27.4 - https:\/\/yoast.com\/product\/yoast-seo-wordpress\/ -->\n<title>Confirman Fiscal\u00edas de Coahuila, NL, SLP y Tamaulipas accidente automovil\u00edstico en la Carretera Piedras Negras-Nuevo Laredo. - Canal 7 SLP - 2022<\/title>\n<meta name=\"robots\" content=\"index, follow, max-snippet:-1, max-image-preview:large, max-video-preview:-1\" \/>\n<link rel=\"canonical\" href=\"https:\/\/canal7slp.tv\/2022\/confirman-fiscalias-de-coahuila-nl-slp-y-tamaulipas-accidente-automovilistico-en-la-carretera-piedras-negras-nuevo-laredo\/\" \/>\n<meta property=\"og:locale\" content=\"es_ES\" \/>\n<meta property=\"og:type\" content=\"article\" \/>\n<meta property=\"og:title\" content=\"Confirman Fiscal\u00edas de Coahuila, NL, SLP y Tamaulipas accidente automovil\u00edstico en la Carretera Piedras Negras-Nuevo Laredo. - Canal 7 SLP - 2022\" \/>\n<meta property=\"og:description\" content=\"No se ha corroborado si quien abordaba la unidad involucrada era \u00abEl Mijis\u00bb. SLP.- En relaci\u00f3n al caso de la desaparici\u00f3n del C. Pedro C\u00e9sar Carrizales Becerra, alias \u00abEl Mijis\u00bb, las Fiscal\u00edas Generales de Justicia de los Estados de Coahuila, Nuevo Le\u00f3n, San Luis Potos\u00ed y Tamaulipas, informan que conforme fueron tomando conocimiento de los hechos, de manera particular y coordinada, efectuaron diversos actos de investigaci\u00f3n tendientes a su localizaci\u00f3n de conformidad en lo establecido por los Protocolos de la materia, entre los que destacan solicitudes de informaci\u00f3n a los centros hospitalarios, de detenci\u00f3n, hoteles, y bases de datos institucionales [&hellip;]\" \/>\n<meta property=\"og:url\" content=\"https:\/\/canal7slp.tv\/2022\/confirman-fiscalias-de-coahuila-nl-slp-y-tamaulipas-accidente-automovilistico-en-la-carretera-piedras-negras-nuevo-laredo\/\" \/>\n<meta property=\"og:site_name\" content=\"Canal 7 SLP - 2022\" \/>\n<meta property=\"article:publisher\" content=\"https:\/\/www.facebook.com\/noticieroscanalsiete\" \/>\n<meta property=\"article:published_time\" content=\"2022-02-28T18:58:40+00:00\" \/>\n<meta property=\"og:image\" content=\"https:\/\/canal7slp.tv\/2022\/wp-content\/uploads\/2021\/11\/zz1_fiscalia.jpg\" \/>\n\t<meta property=\"og:image:width\" content=\"1280\" \/>\n\t<meta property=\"og:image:height\" content=\"853\" \/>\n\t<meta property=\"og:image:type\" content=\"image\/jpeg\" \/>\n<meta name=\"author\" content=\"Edici\u00f3n Web\" \/>\n<meta name=\"twitter:card\" content=\"summary_large_image\" \/>\n<meta name=\"twitter:creator\" content=\"@NOTICIEROS7\" \/>\n<meta name=\"twitter:site\" content=\"@NOTICIEROS7\" \/>\n<meta name=\"twitter:label1\" content=\"Escrito por\" \/>\n\t<meta name=\"twitter:data1\" content=\"Edici\u00f3n Web\" \/>\n\t<meta name=\"twitter:label2\" content=\"Tiempo de lectura\" \/>\n\t<meta name=\"twitter:data2\" content=\"2 minutos\" \/>\n<script type=\"application\/ld+json\" class=\"yoast-schema-graph\">{\"@context\":\"https:\\\/\\\/schema.org\",\"@graph\":[{\"@type\":\"Article\",\"@id\":\"https:\\\/\\\/canal7slp.tv\\\/2022\\\/confirman-fiscalias-de-coahuila-nl-slp-y-tamaulipas-accidente-automovilistico-en-la-carretera-piedras-negras-nuevo-laredo\\\/#article\",\"isPartOf\":{\"@id\":\"https:\\\/\\\/canal7slp.tv\\\/2022\\\/confirman-fiscalias-de-coahuila-nl-slp-y-tamaulipas-accidente-automovilistico-en-la-carretera-piedras-negras-nuevo-laredo\\\/\"},\"author\":{\"name\":\"Edici\u00f3n Web\",\"@id\":\"https:\\\/\\\/canal7slp.tv\\\/2022\\\/#\\\/schema\\\/person\\\/429704152a21f5f856ce29aa69a238da\"},\"headline\":\"Confirman Fiscal\u00edas de Coahuila, NL, SLP y Tamaulipas accidente automovil\u00edstico en la Carretera Piedras Negras-Nuevo Laredo.\",\"datePublished\":\"2022-02-28T18:58:40+00:00\",\"mainEntityOfPage\":{\"@id\":\"https:\\\/\\\/canal7slp.tv\\\/2022\\\/confirman-fiscalias-de-coahuila-nl-slp-y-tamaulipas-accidente-automovilistico-en-la-carretera-piedras-negras-nuevo-laredo\\\/\"},\"wordCount\":410,\"publisher\":{\"@id\":\"https:\\\/\\\/canal7slp.tv\\\/2022\\\/#organization\"},\"articleSection\":[\"LOCALES Y REGIONALES\"],\"inLanguage\":\"es\"},{\"@type\":\"WebPage\",\"@id\":\"https:\\\/\\\/canal7slp.tv\\\/2022\\\/confirman-fiscalias-de-coahuila-nl-slp-y-tamaulipas-accidente-automovilistico-en-la-carretera-piedras-negras-nuevo-laredo\\\/\",\"url\":\"https:\\\/\\\/canal7slp.tv\\\/2022\\\/confirman-fiscalias-de-coahuila-nl-slp-y-tamaulipas-accidente-automovilistico-en-la-carretera-piedras-negras-nuevo-laredo\\\/\",\"name\":\"Confirman Fiscal\u00edas de Coahuila, NL, SLP y Tamaulipas accidente automovil\u00edstico en la Carretera Piedras Negras-Nuevo Laredo. - Canal 7 SLP - 2022\",\"isPartOf\":{\"@id\":\"https:\\\/\\\/canal7slp.tv\\\/2022\\\/#website\"},\"datePublished\":\"2022-02-28T18:58:40+00:00\",\"breadcrumb\":{\"@id\":\"https:\\\/\\\/canal7slp.tv\\\/2022\\\/confirman-fiscalias-de-coahuila-nl-slp-y-tamaulipas-accidente-automovilistico-en-la-carretera-piedras-negras-nuevo-laredo\\\/#breadcrumb\"},\"inLanguage\":\"es\",\"potentialAction\":[{\"@type\":\"ReadAction\",\"target\":[\"https:\\\/\\\/canal7slp.tv\\\/2022\\\/confirman-fiscalias-de-coahuila-nl-slp-y-tamaulipas-accidente-automovilistico-en-la-carretera-piedras-negras-nuevo-laredo\\\/\"]}]},{\"@type\":\"BreadcrumbList\",\"@id\":\"https:\\\/\\\/canal7slp.tv\\\/2022\\\/confirman-fiscalias-de-coahuila-nl-slp-y-tamaulipas-accidente-automovilistico-en-la-carretera-piedras-negras-nuevo-laredo\\\/#breadcrumb\",\"itemListElement\":[{\"@type\":\"ListItem\",\"position\":1,\"name\":\"Portada\",\"item\":\"https:\\\/\\\/canal7slp.tv\\\/2022\\\/\"},{\"@type\":\"ListItem\",\"position\":2,\"name\":\"Confirman Fiscal\u00edas de Coahuila, NL, SLP y Tamaulipas accidente automovil\u00edstico en la Carretera Piedras Negras-Nuevo Laredo.\"}]},{\"@type\":\"WebSite\",\"@id\":\"https:\\\/\\\/canal7slp.tv\\\/2022\\\/#website\",\"url\":\"https:\\\/\\\/canal7slp.tv\\\/2022\\\/\",\"name\":\"N7 - Noticieros Canal 7\",\"description\":\"Somos Televisi\u00f3n\",\"publisher\":{\"@id\":\"https:\\\/\\\/canal7slp.tv\\\/2022\\\/#organization\"},\"potentialAction\":[{\"@type\":\"SearchAction\",\"target\":{\"@type\":\"EntryPoint\",\"urlTemplate\":\"https:\\\/\\\/canal7slp.tv\\\/2022\\\/?s={search_term_string}\"},\"query-input\":{\"@type\":\"PropertyValueSpecification\",\"valueRequired\":true,\"valueName\":\"search_term_string\"}}],\"inLanguage\":\"es\"},{\"@type\":\"Organization\",\"@id\":\"https:\\\/\\\/canal7slp.tv\\\/2022\\\/#organization\",\"name\":\"Noticieros Canal 7\",\"url\":\"https:\\\/\\\/canal7slp.tv\\\/2022\\\/\",\"logo\":{\"@type\":\"ImageObject\",\"inLanguage\":\"es\",\"@id\":\"https:\\\/\\\/canal7slp.tv\\\/2022\\\/#\\\/schema\\\/logo\\\/image\\\/\",\"url\":\"https:\\\/\\\/canal7slp.tv\\\/2022\\\/wp-content\\\/uploads\\\/2021\\\/01\\\/logo-noticieros@2x.png\",\"contentUrl\":\"https:\\\/\\\/canal7slp.tv\\\/2022\\\/wp-content\\\/uploads\\\/2021\\\/01\\\/logo-noticieros@2x.png\",\"width\":1017,\"height\":268,\"caption\":\"Noticieros Canal 7\"},\"image\":{\"@id\":\"https:\\\/\\\/canal7slp.tv\\\/2022\\\/#\\\/schema\\\/logo\\\/image\\\/\"},\"sameAs\":[\"https:\\\/\\\/www.facebook.com\\\/noticieroscanalsiete\",\"https:\\\/\\\/x.com\\\/NOTICIEROS7\",\"https:\\\/\\\/www.instagram.com\\\/canal7_slp\",\"https:\\\/\\\/www.youtube.com\\\/channel\\\/UCliiYs-gP3JfJeqdPrNdd5A\"]},{\"@type\":\"Person\",\"@id\":\"https:\\\/\\\/canal7slp.tv\\\/2022\\\/#\\\/schema\\\/person\\\/429704152a21f5f856ce29aa69a238da\",\"name\":\"Edici\u00f3n Web\",\"image\":{\"@type\":\"ImageObject\",\"inLanguage\":\"es\",\"@id\":\"https:\\\/\\\/secure.gravatar.com\\\/avatar\\\/eee448fc3f7164808013b816ba91ac7e43bbe82a70bebac296f8bc6f0addaa1a?s=96&d=mm&r=g\",\"url\":\"https:\\\/\\\/secure.gravatar.com\\\/avatar\\\/eee448fc3f7164808013b816ba91ac7e43bbe82a70bebac296f8bc6f0addaa1a?s=96&d=mm&r=g\",\"contentUrl\":\"https:\\\/\\\/secure.gravatar.com\\\/avatar\\\/eee448fc3f7164808013b816ba91ac7e43bbe82a70bebac296f8bc6f0addaa1a?s=96&d=mm&r=g\",\"caption\":\"Edici\u00f3n Web\"},\"url\":\"https:\\\/\\\/canal7slp.tv\\\/2022\\\/author\\\/edicionweb\\\/\"}]}<\/script>\n<!-- \/ Yoast SEO plugin. -->","yoast_head_json":{"title":"Confirman Fiscal\u00edas de Coahuila, NL, SLP y Tamaulipas accidente automovil\u00edstico en la Carretera Piedras Negras-Nuevo Laredo. - Canal 7 SLP - 2022","robots":{"index":"index","follow":"follow","max-snippet":"max-snippet:-1","max-image-preview":"max-image-preview:large","max-video-preview":"max-video-preview:-1"},"canonical":"https:\/\/canal7slp.tv\/2022\/confirman-fiscalias-de-coahuila-nl-slp-y-tamaulipas-accidente-automovilistico-en-la-carretera-piedras-negras-nuevo-laredo\/","og_locale":"es_ES","og_type":"article","og_title":"Confirman Fiscal\u00edas de Coahuila, NL, SLP y Tamaulipas accidente automovil\u00edstico en la Carretera Piedras Negras-Nuevo Laredo. - Canal 7 SLP - 2022","og_description":"No se ha corroborado si quien abordaba la unidad involucrada era \u00abEl Mijis\u00bb. SLP.- En relaci\u00f3n al caso de la desaparici\u00f3n del C. Pedro C\u00e9sar Carrizales Becerra, alias \u00abEl Mijis\u00bb, las Fiscal\u00edas Generales de Justicia de los Estados de Coahuila, Nuevo Le\u00f3n, San Luis Potos\u00ed y Tamaulipas, informan que conforme fueron tomando conocimiento de los hechos, de manera particular y coordinada, efectuaron diversos actos de investigaci\u00f3n tendientes a su localizaci\u00f3n de conformidad en lo establecido por los Protocolos de la materia, entre los que destacan solicitudes de informaci\u00f3n a los centros hospitalarios, de detenci\u00f3n, hoteles, y bases de datos institucionales [&hellip;]","og_url":"https:\/\/canal7slp.tv\/2022\/confirman-fiscalias-de-coahuila-nl-slp-y-tamaulipas-accidente-automovilistico-en-la-carretera-piedras-negras-nuevo-laredo\/","og_site_name":"Canal 7 SLP - 2022","article_publisher":"https:\/\/www.facebook.com\/noticieroscanalsiete","article_published_time":"2022-02-28T18:58:40+00:00","og_image":[{"width":1280,"height":853,"url":"https:\/\/canal7slp.tv\/2022\/wp-content\/uploads\/2021\/11\/zz1_fiscalia.jpg","type":"image\/jpeg"}],"author":"Edici\u00f3n Web","twitter_card":"summary_large_image","twitter_creator":"@NOTICIEROS7","twitter_site":"@NOTICIEROS7","twitter_misc":{"Escrito por":"Edici\u00f3n Web","Tiempo de lectura":"2 minutos"},"schema":{"@context":"https:\/\/schema.org","@graph":[{"@type":"Article","@id":"https:\/\/canal7slp.tv\/2022\/confirman-fiscalias-de-coahuila-nl-slp-y-tamaulipas-accidente-automovilistico-en-la-carretera-piedras-negras-nuevo-laredo\/#article","isPartOf":{"@id":"https:\/\/canal7slp.tv\/2022\/confirman-fiscalias-de-coahuila-nl-slp-y-tamaulipas-accidente-automovilistico-en-la-carretera-piedras-negras-nuevo-laredo\/"},"author":{"name":"Edici\u00f3n Web","@id":"https:\/\/canal7slp.tv\/2022\/#\/schema\/person\/429704152a21f5f856ce29aa69a238da"},"headline":"Confirman Fiscal\u00edas de Coahuila, NL, SLP y Tamaulipas accidente automovil\u00edstico en la Carretera Piedras Negras-Nuevo Laredo.","datePublished":"2022-02-28T18:58:40+00:00","mainEntityOfPage":{"@id":"https:\/\/canal7slp.tv\/2022\/confirman-fiscalias-de-coahuila-nl-slp-y-tamaulipas-accidente-automovilistico-en-la-carretera-piedras-negras-nuevo-laredo\/"},"wordCount":410,"publisher":{"@id":"https:\/\/canal7slp.tv\/2022\/#organization"},"articleSection":["LOCALES Y REGIONALES"],"inLanguage":"es"},{"@type":"WebPage","@id":"https:\/\/canal7slp.tv\/2022\/confirman-fiscalias-de-coahuila-nl-slp-y-tamaulipas-accidente-automovilistico-en-la-carretera-piedras-negras-nuevo-laredo\/","url":"https:\/\/canal7slp.tv\/2022\/confirman-fiscalias-de-coahuila-nl-slp-y-tamaulipas-accidente-automovilistico-en-la-carretera-piedras-negras-nuevo-laredo\/","name":"Confirman Fiscal\u00edas de Coahuila, NL, SLP y Tamaulipas accidente automovil\u00edstico en la Carretera Piedras Negras-Nuevo Laredo. - Canal 7 SLP - 2022","isPartOf":{"@id":"https:\/\/canal7slp.tv\/2022\/#website"},"datePublished":"2022-02-28T18:58:40+00:00","breadcrumb":{"@id":"https:\/\/canal7slp.tv\/2022\/confirman-fiscalias-de-coahuila-nl-slp-y-tamaulipas-accidente-automovilistico-en-la-carretera-piedras-negras-nuevo-laredo\/#breadcrumb"},"inLanguage":"es","potentialAction":[{"@type":"ReadAction","target":["https:\/\/canal7slp.tv\/2022\/confirman-fiscalias-de-coahuila-nl-slp-y-tamaulipas-accidente-automovilistico-en-la-carretera-piedras-negras-nuevo-laredo\/"]}]},{"@type":"BreadcrumbList","@id":"https:\/\/canal7slp.tv\/2022\/confirman-fiscalias-de-coahuila-nl-slp-y-tamaulipas-accidente-automovilistico-en-la-carretera-piedras-negras-nuevo-laredo\/#breadcrumb","itemListElement":[{"@type":"ListItem","position":1,"name":"Portada","item":"https:\/\/canal7slp.tv\/2022\/"},{"@type":"ListItem","position":2,"name":"Confirman Fiscal\u00edas de Coahuila, NL, SLP y Tamaulipas accidente automovil\u00edstico en la Carretera Piedras Negras-Nuevo Laredo."}]},{"@type":"WebSite","@id":"https:\/\/canal7slp.tv\/2022\/#website","url":"https:\/\/canal7slp.tv\/2022\/","name":"N7 - Noticieros Canal 7","description":"Somos Televisi\u00f3n","publisher":{"@id":"https:\/\/canal7slp.tv\/2022\/#organization"},"potentialAction":[{"@type":"SearchAction","target":{"@type":"EntryPoint","urlTemplate":"https:\/\/canal7slp.tv\/2022\/?s={search_term_string}"},"query-input":{"@type":"PropertyValueSpecification","valueRequired":true,"valueName":"search_term_string"}}],"inLanguage":"es"},{"@type":"Organization","@id":"https:\/\/canal7slp.tv\/2022\/#organization","name":"Noticieros Canal 7","url":"https:\/\/canal7slp.tv\/2022\/","logo":{"@type":"ImageObject","inLanguage":"es","@id":"https:\/\/canal7slp.tv\/2022\/#\/schema\/logo\/image\/","url":"https:\/\/canal7slp.tv\/2022\/wp-content\/uploads\/2021\/01\/logo-noticieros@2x.png","contentUrl":"https:\/\/canal7slp.tv\/2022\/wp-content\/uploads\/2021\/01\/logo-noticieros@2x.png","width":1017,"height":268,"caption":"Noticieros Canal 7"},"image":{"@id":"https:\/\/canal7slp.tv\/2022\/#\/schema\/logo\/image\/"},"sameAs":["https:\/\/www.facebook.com\/noticieroscanalsiete","https:\/\/x.com\/NOTICIEROS7","https:\/\/www.instagram.com\/canal7_slp","https:\/\/www.youtube.com\/channel\/UCliiYs-gP3JfJeqdPrNdd5A"]},{"@type":"Person","@id":"https:\/\/canal7slp.tv\/2022\/#\/schema\/person\/429704152a21f5f856ce29aa69a238da","name":"Edici\u00f3n Web","image":{"@type":"ImageObject","inLanguage":"es","@id":"https:\/\/secure.gravatar.com\/avatar\/eee448fc3f7164808013b816ba91ac7e43bbe82a70bebac296f8bc6f0addaa1a?s=96&d=mm&r=g","url":"https:\/\/secure.gravatar.com\/avatar\/eee448fc3f7164808013b816ba91ac7e43bbe82a70bebac296f8bc6f0addaa1a?s=96&d=mm&r=g","contentUrl":"https:\/\/secure.gravatar.com\/avatar\/eee448fc3f7164808013b816ba91ac7e43bbe82a70bebac296f8bc6f0addaa1a?s=96&d=mm&r=g","caption":"Edici\u00f3n Web"},"url":"https:\/\/canal7slp.tv\/2022\/author\/edicionweb\/"}]}},"amp_enabled":true,"_links":{"self":[{"href":"https:\/\/canal7slp.tv\/2022\/wp-json\/wp\/v2\/posts\/52625","targetHints":{"allow":["GET"]}}],"collection":[{"href":"https:\/\/canal7slp.tv\/2022\/wp-json\/wp\/v2\/posts"}],"about":[{"href":"https:\/\/canal7slp.tv\/2022\/wp-json\/wp\/v2\/types\/post"}],"author":[{"embeddable":true,"href":"https:\/\/canal7slp.tv\/2022\/wp-json\/wp\/v2\/users\/2"}],"replies":[{"embeddable":true,"href":"https:\/\/canal7slp.tv\/2022\/wp-json\/wp\/v2\/comments?post=52625"}],"version-history":[{"count":1,"href":"https:\/\/canal7slp.tv\/2022\/wp-json\/wp\/v2\/posts\/52625\/revisions"}],"predecessor-version":[{"id":52626,"href":"https:\/\/canal7slp.tv\/2022\/wp-json\/wp\/v2\/posts\/52625\/revisions\/52626"}],"wp:attachment":[{"href":"https:\/\/canal7slp.tv\/2022\/wp-json\/wp\/v2\/media?parent=52625"}],"wp:term":[{"taxonomy":"category","embeddable":true,"href":"https:\/\/canal7slp.tv\/2022\/wp-json\/wp\/v2\/categories?post=52625"},{"taxonomy":"post_tag","embeddable":true,"href":"https:\/\/canal7slp.tv\/2022\/wp-json\/wp\/v2\/tags?post=52625"}],"curies":[{"name":"wp","href":"https:\/\/api.w.org\/{rel}","templated":true}]}}