{"id":52605,"date":"2022-02-27T17:14:47","date_gmt":"2022-02-27T23:14:47","guid":{"rendered":"https:\/\/canal7slp.tv\/2022\/?p=52605"},"modified":"2022-02-27T17:14:47","modified_gmt":"2022-02-27T23:14:47","slug":"potosinos-dieron-inicio-a-los-festejos-del-carnaval-de-san-luis-potosi","status":"publish","type":"post","link":"https:\/\/canal7slp.tv\/2022\/potosinos-dieron-inicio-a-los-festejos-del-carnaval-de-san-luis-potosi\/","title":{"rendered":"Potosinos dieron inicio a los festejos del Carnaval de San Luis Potos\u00ed."},"content":{"rendered":"<p style=\"text-align: justify;\">SLP.- Desde el pasado s\u00e1bado 26 de febrero, se dio comienzo con la celebraci\u00f3n de carnaval de San Luis Potos\u00ed en las colonias General I. Mart\u00ednez, San Juan de Guadalupe y Apost\u00f3lica donde comparsas recorren diversas calles para bailar y que seg\u00fan uno de sus organizadores, Pedro Camarillo, se trata de una tradici\u00f3n que gira entorno a una lucha entre el bien y el mal.<\/p>\n<p style=\"text-align: justify;\">\u00abEs algo relacionado con el bien y el mal es personificar eso, es una tradici\u00f3n pagana&#8230; con el transcurso de los a\u00f1os han ido cambiando algunas cosas pero sin dejar de buscar el que estemos bailando y tratando de evitar el mal, hay una conjugaci\u00f3n de cuestiones religiosas y paganas, Pero la realidad de la historia es que solamente los que tienen muchos m\u00e1s a\u00f1os te pudieran dar una mejor versi\u00f3n de esto&#8230; nosotros lo hacemos porque as\u00ed crecimos as\u00ed nacimos\u00bb<\/p>\n<p style=\"text-align: justify;\">Seg\u00fan se refiere, esta celebraci\u00f3n tiene ya una antig\u00fcedad de m\u00e1s de cien a\u00f1os en la entidad potosina.<\/p>\n<p style=\"text-align: justify;\">\u00abEs una tradici\u00f3n de muchos a\u00f1os y es una derivaci\u00f3n del carnaval de San Juan de Guadalupe, la situaci\u00f3n del crecimiento de la Mancha urbana a generado que se derive en diferentes organizaciones qu\u00e9 continuamos la tradici\u00f3n, aqu\u00ed en particular el carnaval General I Mart\u00ednez lo empezamos a dividir para evitar confrontaciones una cuesti\u00f3n social nos obliga eso\u00bb, detall\u00f3.<\/p>\n<p style=\"text-align: justify;\">Las comparsas toman las calles desde el d\u00eda s\u00e1bado y hasta el pr\u00f3ximo martes; hombres, mujeres, ni\u00f1as y ni\u00f1os participan en lo que se denomina \u00abtumbar al toro\u00bb.<\/p>\n<p style=\"text-align: justify;\">\u00abDedicamos un s\u00e1bado para hacer un desfile donde participan todas las familias con carros aleg\u00f3ricos; el d\u00eda domingo se lo dedicamos a los ni\u00f1os, es un d\u00eda familiar; el lunes nos dedicamos a las damas y el martes es libre con la finalidad de que todo mundo se divierta y que hay espacio para todos los g\u00e9neros, procurando de esa manera se vayan dando cuenta que el carnaval se hace con todo fin de diversi\u00f3n en una zona complicada de la ciudad\u00bb, dijo.<\/p>\n<p style=\"text-align: justify;\">Record\u00f3 que por la pandemia de Covid-19, el carnaval fue suspendido en los \u00faltimos dos a\u00f1os, pero destac\u00f3 que por actual escenario epidemiol\u00f3gico se tuvo la oportunidad de organizarlo.<\/p>\n<p style=\"text-align: justify;\">\u00abEl a\u00f1o pasado se cancel\u00f3 por la situaci\u00f3n de pandemia de salud y hoy la gente est\u00e1 ansiosa de diversi\u00f3n, ansiosa de desahogar el estr\u00e9s de la semana, entonces es una manera de que la gente de estos rumbos se desestrese de una manera donde no se afecte su ingreso o su econom\u00eda\u00bb, termin\u00f3.<\/p>\n<p style=\"text-align: justify;\">Por: Jos\u00e9 Luis V\u00e1zquez<\/p>\n","protected":false},"excerpt":{"rendered":"<p>SLP.- Desde el pasado s\u00e1bado 26 de febrero, se dio comienzo con la celebraci\u00f3n de carnaval de San Luis Potos\u00ed en las colonias General I. Mart\u00ednez, San Juan de Guadalupe y Apost\u00f3lica donde comparsas recorren diversas calles para bailar y que seg\u00fan uno de sus organizadores, Pedro Camarillo, se trata de una tradici\u00f3n que gira entorno a una lucha entre el bien y el mal. \u00abEs algo relacionado con el bien y el mal es personificar eso, es una tradici\u00f3n pagana&#8230; con el transcurso de los a\u00f1os han ido cambiando algunas cosas pero sin dejar de buscar el que estemos [&hellip;]<\/p>\n","protected":false},"author":2,"featured_media":52606,"comment_status":"closed","ping_status":"closed","sticky":false,"template":"","format":"video","meta":{"footnotes":""},"categories":[5,45],"tags":[],"class_list":["post-52605","post","type-post","status-publish","format-video","has-post-thumbnail","hentry","category-destacadas","category-localesyregionales","post_format-post-format-video","post--single"],"yoast_head":"<!-- This site is optimized with the Yoast SEO plugin v27.4 - https:\/\/yoast.com\/product\/yoast-seo-wordpress\/ -->\n<title>Potosinos dieron inicio a los festejos del Carnaval de San Luis Potos\u00ed. - Canal 7 SLP - 2022<\/title>\n<meta name=\"robots\" content=\"index, follow, max-snippet:-1, max-image-preview:large, max-video-preview:-1\" \/>\n<link rel=\"canonical\" href=\"https:\/\/canal7slp.tv\/2022\/potosinos-dieron-inicio-a-los-festejos-del-carnaval-de-san-luis-potosi\/\" \/>\n<meta property=\"og:locale\" content=\"es_ES\" \/>\n<meta property=\"og:type\" content=\"article\" \/>\n<meta property=\"og:title\" content=\"Potosinos dieron inicio a los festejos del Carnaval de San Luis Potos\u00ed. - Canal 7 SLP - 2022\" \/>\n<meta property=\"og:description\" content=\"SLP.- Desde el pasado s\u00e1bado 26 de febrero, se dio comienzo con la celebraci\u00f3n de carnaval de San Luis Potos\u00ed en las colonias General I. Mart\u00ednez, San Juan de Guadalupe y Apost\u00f3lica donde comparsas recorren diversas calles para bailar y que seg\u00fan uno de sus organizadores, Pedro Camarillo, se trata de una tradici\u00f3n que gira entorno a una lucha entre el bien y el mal. \u00abEs algo relacionado con el bien y el mal es personificar eso, es una tradici\u00f3n pagana&#8230; con el transcurso de los a\u00f1os han ido cambiando algunas cosas pero sin dejar de buscar el que estemos [&hellip;]\" \/>\n<meta property=\"og:url\" content=\"https:\/\/canal7slp.tv\/2022\/potosinos-dieron-inicio-a-los-festejos-del-carnaval-de-san-luis-potosi\/\" \/>\n<meta property=\"og:site_name\" content=\"Canal 7 SLP - 2022\" \/>\n<meta property=\"article:publisher\" content=\"https:\/\/www.facebook.com\/noticieroscanalsiete\" \/>\n<meta property=\"article:published_time\" content=\"2022-02-27T23:14:47+00:00\" \/>\n<meta property=\"og:image\" content=\"https:\/\/canal7slp.tv\/2022\/wp-content\/uploads\/2022\/02\/Vazquez03Carnaval.jpg\" \/>\n\t<meta property=\"og:image:width\" content=\"888\" \/>\n\t<meta property=\"og:image:height\" content=\"500\" \/>\n\t<meta property=\"og:image:type\" content=\"image\/jpeg\" \/>\n<meta name=\"author\" content=\"Edici\u00f3n Web\" \/>\n<meta name=\"twitter:card\" content=\"summary_large_image\" \/>\n<meta name=\"twitter:creator\" content=\"@NOTICIEROS7\" \/>\n<meta name=\"twitter:site\" content=\"@NOTICIEROS7\" \/>\n<meta name=\"twitter:label1\" content=\"Escrito por\" \/>\n\t<meta name=\"twitter:data1\" content=\"Edici\u00f3n Web\" \/>\n\t<meta name=\"twitter:label2\" content=\"Tiempo de lectura\" \/>\n\t<meta name=\"twitter:data2\" content=\"2 minutos\" \/>\n<script type=\"application\/ld+json\" class=\"yoast-schema-graph\">{\"@context\":\"https:\\\/\\\/schema.org\",\"@graph\":[{\"@type\":\"Article\",\"@id\":\"https:\\\/\\\/canal7slp.tv\\\/2022\\\/potosinos-dieron-inicio-a-los-festejos-del-carnaval-de-san-luis-potosi\\\/#article\",\"isPartOf\":{\"@id\":\"https:\\\/\\\/canal7slp.tv\\\/2022\\\/potosinos-dieron-inicio-a-los-festejos-del-carnaval-de-san-luis-potosi\\\/\"},\"author\":{\"name\":\"Edici\u00f3n Web\",\"@id\":\"https:\\\/\\\/canal7slp.tv\\\/2022\\\/#\\\/schema\\\/person\\\/429704152a21f5f856ce29aa69a238da\"},\"headline\":\"Potosinos dieron inicio a los festejos del Carnaval de San Luis Potos\u00ed.\",\"datePublished\":\"2022-02-27T23:14:47+00:00\",\"mainEntityOfPage\":{\"@id\":\"https:\\\/\\\/canal7slp.tv\\\/2022\\\/potosinos-dieron-inicio-a-los-festejos-del-carnaval-de-san-luis-potosi\\\/\"},\"wordCount\":477,\"publisher\":{\"@id\":\"https:\\\/\\\/canal7slp.tv\\\/2022\\\/#organization\"},\"image\":{\"@id\":\"https:\\\/\\\/canal7slp.tv\\\/2022\\\/potosinos-dieron-inicio-a-los-festejos-del-carnaval-de-san-luis-potosi\\\/#primaryimage\"},\"thumbnailUrl\":\"https:\\\/\\\/canal7slp.tv\\\/2022\\\/wp-content\\\/uploads\\\/2022\\\/02\\\/Vazquez03Carnaval.jpg\",\"articleSection\":[\"DESTACADAS\",\"LOCALES Y REGIONALES\"],\"inLanguage\":\"es\"},{\"@type\":\"WebPage\",\"@id\":\"https:\\\/\\\/canal7slp.tv\\\/2022\\\/potosinos-dieron-inicio-a-los-festejos-del-carnaval-de-san-luis-potosi\\\/\",\"url\":\"https:\\\/\\\/canal7slp.tv\\\/2022\\\/potosinos-dieron-inicio-a-los-festejos-del-carnaval-de-san-luis-potosi\\\/\",\"name\":\"Potosinos dieron inicio a los festejos del Carnaval de San Luis Potos\u00ed. - Canal 7 SLP - 2022\",\"isPartOf\":{\"@id\":\"https:\\\/\\\/canal7slp.tv\\\/2022\\\/#website\"},\"primaryImageOfPage\":{\"@id\":\"https:\\\/\\\/canal7slp.tv\\\/2022\\\/potosinos-dieron-inicio-a-los-festejos-del-carnaval-de-san-luis-potosi\\\/#primaryimage\"},\"image\":{\"@id\":\"https:\\\/\\\/canal7slp.tv\\\/2022\\\/potosinos-dieron-inicio-a-los-festejos-del-carnaval-de-san-luis-potosi\\\/#primaryimage\"},\"thumbnailUrl\":\"https:\\\/\\\/canal7slp.tv\\\/2022\\\/wp-content\\\/uploads\\\/2022\\\/02\\\/Vazquez03Carnaval.jpg\",\"datePublished\":\"2022-02-27T23:14:47+00:00\",\"breadcrumb\":{\"@id\":\"https:\\\/\\\/canal7slp.tv\\\/2022\\\/potosinos-dieron-inicio-a-los-festejos-del-carnaval-de-san-luis-potosi\\\/#breadcrumb\"},\"inLanguage\":\"es\",\"potentialAction\":[{\"@type\":\"ReadAction\",\"target\":[\"https:\\\/\\\/canal7slp.tv\\\/2022\\\/potosinos-dieron-inicio-a-los-festejos-del-carnaval-de-san-luis-potosi\\\/\"]}]},{\"@type\":\"ImageObject\",\"inLanguage\":\"es\",\"@id\":\"https:\\\/\\\/canal7slp.tv\\\/2022\\\/potosinos-dieron-inicio-a-los-festejos-del-carnaval-de-san-luis-potosi\\\/#primaryimage\",\"url\":\"https:\\\/\\\/canal7slp.tv\\\/2022\\\/wp-content\\\/uploads\\\/2022\\\/02\\\/Vazquez03Carnaval.jpg\",\"contentUrl\":\"https:\\\/\\\/canal7slp.tv\\\/2022\\\/wp-content\\\/uploads\\\/2022\\\/02\\\/Vazquez03Carnaval.jpg\",\"width\":888,\"height\":500},{\"@type\":\"BreadcrumbList\",\"@id\":\"https:\\\/\\\/canal7slp.tv\\\/2022\\\/potosinos-dieron-inicio-a-los-festejos-del-carnaval-de-san-luis-potosi\\\/#breadcrumb\",\"itemListElement\":[{\"@type\":\"ListItem\",\"position\":1,\"name\":\"Portada\",\"item\":\"https:\\\/\\\/canal7slp.tv\\\/2022\\\/\"},{\"@type\":\"ListItem\",\"position\":2,\"name\":\"Potosinos dieron inicio a los festejos del Carnaval de San Luis Potos\u00ed.\"}]},{\"@type\":\"WebSite\",\"@id\":\"https:\\\/\\\/canal7slp.tv\\\/2022\\\/#website\",\"url\":\"https:\\\/\\\/canal7slp.tv\\\/2022\\\/\",\"name\":\"N7 - Noticieros Canal 7\",\"description\":\"Somos Televisi\u00f3n\",\"publisher\":{\"@id\":\"https:\\\/\\\/canal7slp.tv\\\/2022\\\/#organization\"},\"potentialAction\":[{\"@type\":\"SearchAction\",\"target\":{\"@type\":\"EntryPoint\",\"urlTemplate\":\"https:\\\/\\\/canal7slp.tv\\\/2022\\\/?s={search_term_string}\"},\"query-input\":{\"@type\":\"PropertyValueSpecification\",\"valueRequired\":true,\"valueName\":\"search_term_string\"}}],\"inLanguage\":\"es\"},{\"@type\":\"Organization\",\"@id\":\"https:\\\/\\\/canal7slp.tv\\\/2022\\\/#organization\",\"name\":\"Noticieros Canal 7\",\"url\":\"https:\\\/\\\/canal7slp.tv\\\/2022\\\/\",\"logo\":{\"@type\":\"ImageObject\",\"inLanguage\":\"es\",\"@id\":\"https:\\\/\\\/canal7slp.tv\\\/2022\\\/#\\\/schema\\\/logo\\\/image\\\/\",\"url\":\"https:\\\/\\\/canal7slp.tv\\\/2022\\\/wp-content\\\/uploads\\\/2021\\\/01\\\/logo-noticieros@2x.png\",\"contentUrl\":\"https:\\\/\\\/canal7slp.tv\\\/2022\\\/wp-content\\\/uploads\\\/2021\\\/01\\\/logo-noticieros@2x.png\",\"width\":1017,\"height\":268,\"caption\":\"Noticieros Canal 7\"},\"image\":{\"@id\":\"https:\\\/\\\/canal7slp.tv\\\/2022\\\/#\\\/schema\\\/logo\\\/image\\\/\"},\"sameAs\":[\"https:\\\/\\\/www.facebook.com\\\/noticieroscanalsiete\",\"https:\\\/\\\/x.com\\\/NOTICIEROS7\",\"https:\\\/\\\/www.instagram.com\\\/canal7_slp\",\"https:\\\/\\\/www.youtube.com\\\/channel\\\/UCliiYs-gP3JfJeqdPrNdd5A\"]},{\"@type\":\"Person\",\"@id\":\"https:\\\/\\\/canal7slp.tv\\\/2022\\\/#\\\/schema\\\/person\\\/429704152a21f5f856ce29aa69a238da\",\"name\":\"Edici\u00f3n Web\",\"image\":{\"@type\":\"ImageObject\",\"inLanguage\":\"es\",\"@id\":\"https:\\\/\\\/secure.gravatar.com\\\/avatar\\\/eee448fc3f7164808013b816ba91ac7e43bbe82a70bebac296f8bc6f0addaa1a?s=96&d=mm&r=g\",\"url\":\"https:\\\/\\\/secure.gravatar.com\\\/avatar\\\/eee448fc3f7164808013b816ba91ac7e43bbe82a70bebac296f8bc6f0addaa1a?s=96&d=mm&r=g\",\"contentUrl\":\"https:\\\/\\\/secure.gravatar.com\\\/avatar\\\/eee448fc3f7164808013b816ba91ac7e43bbe82a70bebac296f8bc6f0addaa1a?s=96&d=mm&r=g\",\"caption\":\"Edici\u00f3n Web\"},\"url\":\"https:\\\/\\\/canal7slp.tv\\\/2022\\\/author\\\/edicionweb\\\/\"}]}<\/script>\n<!-- \/ Yoast SEO plugin. -->","yoast_head_json":{"title":"Potosinos dieron inicio a los festejos del Carnaval de San Luis Potos\u00ed. - Canal 7 SLP - 2022","robots":{"index":"index","follow":"follow","max-snippet":"max-snippet:-1","max-image-preview":"max-image-preview:large","max-video-preview":"max-video-preview:-1"},"canonical":"https:\/\/canal7slp.tv\/2022\/potosinos-dieron-inicio-a-los-festejos-del-carnaval-de-san-luis-potosi\/","og_locale":"es_ES","og_type":"article","og_title":"Potosinos dieron inicio a los festejos del Carnaval de San Luis Potos\u00ed. - Canal 7 SLP - 2022","og_description":"SLP.- Desde el pasado s\u00e1bado 26 de febrero, se dio comienzo con la celebraci\u00f3n de carnaval de San Luis Potos\u00ed en las colonias General I. Mart\u00ednez, San Juan de Guadalupe y Apost\u00f3lica donde comparsas recorren diversas calles para bailar y que seg\u00fan uno de sus organizadores, Pedro Camarillo, se trata de una tradici\u00f3n que gira entorno a una lucha entre el bien y el mal. \u00abEs algo relacionado con el bien y el mal es personificar eso, es una tradici\u00f3n pagana&#8230; con el transcurso de los a\u00f1os han ido cambiando algunas cosas pero sin dejar de buscar el que estemos [&hellip;]","og_url":"https:\/\/canal7slp.tv\/2022\/potosinos-dieron-inicio-a-los-festejos-del-carnaval-de-san-luis-potosi\/","og_site_name":"Canal 7 SLP - 2022","article_publisher":"https:\/\/www.facebook.com\/noticieroscanalsiete","article_published_time":"2022-02-27T23:14:47+00:00","og_image":[{"width":888,"height":500,"url":"https:\/\/canal7slp.tv\/2022\/wp-content\/uploads\/2022\/02\/Vazquez03Carnaval.jpg","type":"image\/jpeg"}],"author":"Edici\u00f3n Web","twitter_card":"summary_large_image","twitter_creator":"@NOTICIEROS7","twitter_site":"@NOTICIEROS7","twitter_misc":{"Escrito por":"Edici\u00f3n Web","Tiempo de lectura":"2 minutos"},"schema":{"@context":"https:\/\/schema.org","@graph":[{"@type":"Article","@id":"https:\/\/canal7slp.tv\/2022\/potosinos-dieron-inicio-a-los-festejos-del-carnaval-de-san-luis-potosi\/#article","isPartOf":{"@id":"https:\/\/canal7slp.tv\/2022\/potosinos-dieron-inicio-a-los-festejos-del-carnaval-de-san-luis-potosi\/"},"author":{"name":"Edici\u00f3n Web","@id":"https:\/\/canal7slp.tv\/2022\/#\/schema\/person\/429704152a21f5f856ce29aa69a238da"},"headline":"Potosinos dieron inicio a los festejos del Carnaval de San Luis Potos\u00ed.","datePublished":"2022-02-27T23:14:47+00:00","mainEntityOfPage":{"@id":"https:\/\/canal7slp.tv\/2022\/potosinos-dieron-inicio-a-los-festejos-del-carnaval-de-san-luis-potosi\/"},"wordCount":477,"publisher":{"@id":"https:\/\/canal7slp.tv\/2022\/#organization"},"image":{"@id":"https:\/\/canal7slp.tv\/2022\/potosinos-dieron-inicio-a-los-festejos-del-carnaval-de-san-luis-potosi\/#primaryimage"},"thumbnailUrl":"https:\/\/canal7slp.tv\/2022\/wp-content\/uploads\/2022\/02\/Vazquez03Carnaval.jpg","articleSection":["DESTACADAS","LOCALES Y REGIONALES"],"inLanguage":"es"},{"@type":"WebPage","@id":"https:\/\/canal7slp.tv\/2022\/potosinos-dieron-inicio-a-los-festejos-del-carnaval-de-san-luis-potosi\/","url":"https:\/\/canal7slp.tv\/2022\/potosinos-dieron-inicio-a-los-festejos-del-carnaval-de-san-luis-potosi\/","name":"Potosinos dieron inicio a los festejos del Carnaval de San Luis Potos\u00ed. - Canal 7 SLP - 2022","isPartOf":{"@id":"https:\/\/canal7slp.tv\/2022\/#website"},"primaryImageOfPage":{"@id":"https:\/\/canal7slp.tv\/2022\/potosinos-dieron-inicio-a-los-festejos-del-carnaval-de-san-luis-potosi\/#primaryimage"},"image":{"@id":"https:\/\/canal7slp.tv\/2022\/potosinos-dieron-inicio-a-los-festejos-del-carnaval-de-san-luis-potosi\/#primaryimage"},"thumbnailUrl":"https:\/\/canal7slp.tv\/2022\/wp-content\/uploads\/2022\/02\/Vazquez03Carnaval.jpg","datePublished":"2022-02-27T23:14:47+00:00","breadcrumb":{"@id":"https:\/\/canal7slp.tv\/2022\/potosinos-dieron-inicio-a-los-festejos-del-carnaval-de-san-luis-potosi\/#breadcrumb"},"inLanguage":"es","potentialAction":[{"@type":"ReadAction","target":["https:\/\/canal7slp.tv\/2022\/potosinos-dieron-inicio-a-los-festejos-del-carnaval-de-san-luis-potosi\/"]}]},{"@type":"ImageObject","inLanguage":"es","@id":"https:\/\/canal7slp.tv\/2022\/potosinos-dieron-inicio-a-los-festejos-del-carnaval-de-san-luis-potosi\/#primaryimage","url":"https:\/\/canal7slp.tv\/2022\/wp-content\/uploads\/2022\/02\/Vazquez03Carnaval.jpg","contentUrl":"https:\/\/canal7slp.tv\/2022\/wp-content\/uploads\/2022\/02\/Vazquez03Carnaval.jpg","width":888,"height":500},{"@type":"BreadcrumbList","@id":"https:\/\/canal7slp.tv\/2022\/potosinos-dieron-inicio-a-los-festejos-del-carnaval-de-san-luis-potosi\/#breadcrumb","itemListElement":[{"@type":"ListItem","position":1,"name":"Portada","item":"https:\/\/canal7slp.tv\/2022\/"},{"@type":"ListItem","position":2,"name":"Potosinos dieron inicio a los festejos del Carnaval de San Luis Potos\u00ed."}]},{"@type":"WebSite","@id":"https:\/\/canal7slp.tv\/2022\/#website","url":"https:\/\/canal7slp.tv\/2022\/","name":"N7 - Noticieros Canal 7","description":"Somos Televisi\u00f3n","publisher":{"@id":"https:\/\/canal7slp.tv\/2022\/#organization"},"potentialAction":[{"@type":"SearchAction","target":{"@type":"EntryPoint","urlTemplate":"https:\/\/canal7slp.tv\/2022\/?s={search_term_string}"},"query-input":{"@type":"PropertyValueSpecification","valueRequired":true,"valueName":"search_term_string"}}],"inLanguage":"es"},{"@type":"Organization","@id":"https:\/\/canal7slp.tv\/2022\/#organization","name":"Noticieros Canal 7","url":"https:\/\/canal7slp.tv\/2022\/","logo":{"@type":"ImageObject","inLanguage":"es","@id":"https:\/\/canal7slp.tv\/2022\/#\/schema\/logo\/image\/","url":"https:\/\/canal7slp.tv\/2022\/wp-content\/uploads\/2021\/01\/logo-noticieros@2x.png","contentUrl":"https:\/\/canal7slp.tv\/2022\/wp-content\/uploads\/2021\/01\/logo-noticieros@2x.png","width":1017,"height":268,"caption":"Noticieros Canal 7"},"image":{"@id":"https:\/\/canal7slp.tv\/2022\/#\/schema\/logo\/image\/"},"sameAs":["https:\/\/www.facebook.com\/noticieroscanalsiete","https:\/\/x.com\/NOTICIEROS7","https:\/\/www.instagram.com\/canal7_slp","https:\/\/www.youtube.com\/channel\/UCliiYs-gP3JfJeqdPrNdd5A"]},{"@type":"Person","@id":"https:\/\/canal7slp.tv\/2022\/#\/schema\/person\/429704152a21f5f856ce29aa69a238da","name":"Edici\u00f3n Web","image":{"@type":"ImageObject","inLanguage":"es","@id":"https:\/\/secure.gravatar.com\/avatar\/eee448fc3f7164808013b816ba91ac7e43bbe82a70bebac296f8bc6f0addaa1a?s=96&d=mm&r=g","url":"https:\/\/secure.gravatar.com\/avatar\/eee448fc3f7164808013b816ba91ac7e43bbe82a70bebac296f8bc6f0addaa1a?s=96&d=mm&r=g","contentUrl":"https:\/\/secure.gravatar.com\/avatar\/eee448fc3f7164808013b816ba91ac7e43bbe82a70bebac296f8bc6f0addaa1a?s=96&d=mm&r=g","caption":"Edici\u00f3n Web"},"url":"https:\/\/canal7slp.tv\/2022\/author\/edicionweb\/"}]}},"amp_enabled":true,"_links":{"self":[{"href":"https:\/\/canal7slp.tv\/2022\/wp-json\/wp\/v2\/posts\/52605","targetHints":{"allow":["GET"]}}],"collection":[{"href":"https:\/\/canal7slp.tv\/2022\/wp-json\/wp\/v2\/posts"}],"about":[{"href":"https:\/\/canal7slp.tv\/2022\/wp-json\/wp\/v2\/types\/post"}],"author":[{"embeddable":true,"href":"https:\/\/canal7slp.tv\/2022\/wp-json\/wp\/v2\/users\/2"}],"replies":[{"embeddable":true,"href":"https:\/\/canal7slp.tv\/2022\/wp-json\/wp\/v2\/comments?post=52605"}],"version-history":[{"count":1,"href":"https:\/\/canal7slp.tv\/2022\/wp-json\/wp\/v2\/posts\/52605\/revisions"}],"predecessor-version":[{"id":52607,"href":"https:\/\/canal7slp.tv\/2022\/wp-json\/wp\/v2\/posts\/52605\/revisions\/52607"}],"wp:featuredmedia":[{"embeddable":true,"href":"https:\/\/canal7slp.tv\/2022\/wp-json\/wp\/v2\/media\/52606"}],"wp:attachment":[{"href":"https:\/\/canal7slp.tv\/2022\/wp-json\/wp\/v2\/media?parent=52605"}],"wp:term":[{"taxonomy":"category","embeddable":true,"href":"https:\/\/canal7slp.tv\/2022\/wp-json\/wp\/v2\/categories?post=52605"},{"taxonomy":"post_tag","embeddable":true,"href":"https:\/\/canal7slp.tv\/2022\/wp-json\/wp\/v2\/tags?post=52605"}],"curies":[{"name":"wp","href":"https:\/\/api.w.org\/{rel}","templated":true}]}}