{"id":52595,"date":"2022-02-27T16:52:16","date_gmt":"2022-02-27T22:52:16","guid":{"rendered":"https:\/\/canal7slp.tv\/2022\/?p=52595"},"modified":"2022-02-27T16:52:16","modified_gmt":"2022-02-27T22:52:16","slug":"jovencitas-de-cedral-desaparecieron-tras-aceptar-reto-viral-de-internet","status":"publish","type":"post","link":"https:\/\/canal7slp.tv\/2022\/jovencitas-de-cedral-desaparecieron-tras-aceptar-reto-viral-de-internet\/","title":{"rendered":"Jovencitas de Cedral desaparecieron tras aceptar reto viral de internet."},"content":{"rendered":"<p style=\"text-align: justify;\">Cedral.- Las jovencitas fueron localizadas en una casa de asistencia estudiantil, donde habr\u00edan arribado identific\u00e1ndose como estudiantes, asegurando que sus pap\u00e1s llegar\u00edan en los pr\u00f3ximos d\u00edas, ya que ellas ten\u00edan que estar ah\u00ed para su retorno escolar.<\/p>\n<p style=\"text-align: justify;\">La encargada de la casa asumi\u00f3 la historia como verdadera, ya que suelen recibir a estudiantes de todos los municipios por lo que les permiti\u00f3 la estancia en el lugar, sin embargo, al darse cuenta en redes sociales que estaban siendo buscadas, avis\u00f3 a las autoridades.<\/p>\n<p style=\"text-align: justify;\">Ambas j\u00f3venes habr\u00edan llegado al municipio de Doctor Arroyo con maletas y dinero, pues ten\u00edan el plan de viajar a la Ciudad de M\u00e9xico, esto de acuerdo a la modalidad del desaf\u00edo que se encontraban haciendo.<\/p>\n<p style=\"text-align: justify;\">Adem\u00e1s, se tiene conocimiento de que se encontraban en contacto con una supuesta persona de Chile, quien les estar\u00eda dando indicaciones sobre lo que deb\u00edan hacer, desconoci\u00e9ndose los motivos por los cuales se habr\u00eda puesto en contacto con ellas.<\/p>\n<p style=\"text-align: justify;\">Desaf\u00edo 48 horas&#8217;, que es como denominan a este nuevo reto entre los j\u00f3venes, consiste en abandonar todo contacto con amigos y familiares. \u00bfEl objetivo final? Que esa b\u00fasqueda se haga viral en las redes sociales y trascienda a los medios de comunicaci\u00f3n.<\/p>\n<p style=\"text-align: justify;\">Otra de las consecuencias de este desaf\u00edo es generar alarma entre los padres de los \u00abdesaparecidos\u00bb. Ya que se proclamar\u00e1 ganador del reto aquella persona que haya conseguido causar un mayor esc\u00e1ndalo, se obtiene puntos extra si logran que sus familias denuncien su desaparici\u00f3n y que su retrato aparezca en las listas de personas desaparecidas.<\/p>\n<p style=\"text-align: justify;\">Por: Jes\u00fas Valencia<\/p>\n","protected":false},"excerpt":{"rendered":"<p>Cedral.- Las jovencitas fueron localizadas en una casa de asistencia estudiantil, donde habr\u00edan arribado identific\u00e1ndose como estudiantes, asegurando que sus pap\u00e1s llegar\u00edan en los pr\u00f3ximos d\u00edas, ya que ellas ten\u00edan que estar ah\u00ed para su retorno escolar. La encargada de la casa asumi\u00f3 la historia como verdadera, ya que suelen recibir a estudiantes de todos los municipios por lo que les permiti\u00f3 la estancia en el lugar, sin embargo, al darse cuenta en redes sociales que estaban siendo buscadas, avis\u00f3 a las autoridades. Ambas j\u00f3venes habr\u00edan llegado al municipio de Doctor Arroyo con maletas y dinero, pues ten\u00edan el plan [&hellip;]<\/p>\n","protected":false},"author":2,"featured_media":52597,"comment_status":"closed","ping_status":"closed","sticky":false,"template":"","format":"video","meta":{"footnotes":""},"categories":[5,43],"tags":[],"class_list":["post-52595","post","type-post","status-publish","format-video","has-post-thumbnail","hentry","category-destacadas","category-interior","post_format-post-format-video","post--single"],"yoast_head":"<!-- This site is optimized with the Yoast SEO plugin v27.4 - https:\/\/yoast.com\/product\/yoast-seo-wordpress\/ -->\n<title>Jovencitas de Cedral desaparecieron tras aceptar reto viral de internet. - Canal 7 SLP - 2022<\/title>\n<meta name=\"robots\" content=\"index, follow, max-snippet:-1, max-image-preview:large, max-video-preview:-1\" \/>\n<link rel=\"canonical\" href=\"https:\/\/canal7slp.tv\/2022\/jovencitas-de-cedral-desaparecieron-tras-aceptar-reto-viral-de-internet\/\" \/>\n<meta property=\"og:locale\" content=\"es_ES\" \/>\n<meta property=\"og:type\" content=\"article\" \/>\n<meta property=\"og:title\" content=\"Jovencitas de Cedral desaparecieron tras aceptar reto viral de internet. - Canal 7 SLP - 2022\" \/>\n<meta property=\"og:description\" content=\"Cedral.- Las jovencitas fueron localizadas en una casa de asistencia estudiantil, donde habr\u00edan arribado identific\u00e1ndose como estudiantes, asegurando que sus pap\u00e1s llegar\u00edan en los pr\u00f3ximos d\u00edas, ya que ellas ten\u00edan que estar ah\u00ed para su retorno escolar. La encargada de la casa asumi\u00f3 la historia como verdadera, ya que suelen recibir a estudiantes de todos los municipios por lo que les permiti\u00f3 la estancia en el lugar, sin embargo, al darse cuenta en redes sociales que estaban siendo buscadas, avis\u00f3 a las autoridades. Ambas j\u00f3venes habr\u00edan llegado al municipio de Doctor Arroyo con maletas y dinero, pues ten\u00edan el plan [&hellip;]\" \/>\n<meta property=\"og:url\" content=\"https:\/\/canal7slp.tv\/2022\/jovencitas-de-cedral-desaparecieron-tras-aceptar-reto-viral-de-internet\/\" \/>\n<meta property=\"og:site_name\" content=\"Canal 7 SLP - 2022\" \/>\n<meta property=\"article:publisher\" content=\"https:\/\/www.facebook.com\/noticieroscanalsiete\" \/>\n<meta property=\"article:published_time\" content=\"2022-02-27T22:52:16+00:00\" \/>\n<meta property=\"og:image\" content=\"https:\/\/canal7slp.tv\/2022\/wp-content\/uploads\/2022\/02\/Valencia01Desaparecidas.jpg\" \/>\n\t<meta property=\"og:image:width\" content=\"909\" \/>\n\t<meta property=\"og:image:height\" content=\"500\" \/>\n\t<meta property=\"og:image:type\" content=\"image\/jpeg\" \/>\n<meta name=\"author\" content=\"Edici\u00f3n Web\" \/>\n<meta name=\"twitter:card\" content=\"summary_large_image\" \/>\n<meta name=\"twitter:creator\" content=\"@NOTICIEROS7\" \/>\n<meta name=\"twitter:site\" content=\"@NOTICIEROS7\" \/>\n<meta name=\"twitter:label1\" content=\"Escrito por\" \/>\n\t<meta name=\"twitter:data1\" content=\"Edici\u00f3n Web\" \/>\n\t<meta name=\"twitter:label2\" content=\"Tiempo de lectura\" \/>\n\t<meta name=\"twitter:data2\" content=\"2 minutos\" \/>\n<script type=\"application\/ld+json\" class=\"yoast-schema-graph\">{\"@context\":\"https:\\\/\\\/schema.org\",\"@graph\":[{\"@type\":\"Article\",\"@id\":\"https:\\\/\\\/canal7slp.tv\\\/2022\\\/jovencitas-de-cedral-desaparecieron-tras-aceptar-reto-viral-de-internet\\\/#article\",\"isPartOf\":{\"@id\":\"https:\\\/\\\/canal7slp.tv\\\/2022\\\/jovencitas-de-cedral-desaparecieron-tras-aceptar-reto-viral-de-internet\\\/\"},\"author\":{\"name\":\"Edici\u00f3n Web\",\"@id\":\"https:\\\/\\\/canal7slp.tv\\\/2022\\\/#\\\/schema\\\/person\\\/429704152a21f5f856ce29aa69a238da\"},\"headline\":\"Jovencitas de Cedral desaparecieron tras aceptar reto viral de internet.\",\"datePublished\":\"2022-02-27T22:52:16+00:00\",\"mainEntityOfPage\":{\"@id\":\"https:\\\/\\\/canal7slp.tv\\\/2022\\\/jovencitas-de-cedral-desaparecieron-tras-aceptar-reto-viral-de-internet\\\/\"},\"wordCount\":294,\"publisher\":{\"@id\":\"https:\\\/\\\/canal7slp.tv\\\/2022\\\/#organization\"},\"image\":{\"@id\":\"https:\\\/\\\/canal7slp.tv\\\/2022\\\/jovencitas-de-cedral-desaparecieron-tras-aceptar-reto-viral-de-internet\\\/#primaryimage\"},\"thumbnailUrl\":\"https:\\\/\\\/canal7slp.tv\\\/2022\\\/wp-content\\\/uploads\\\/2022\\\/02\\\/Valencia01Desaparecidas.jpg\",\"articleSection\":[\"DESTACADAS\",\"INTERIOR DEL ESTADO\"],\"inLanguage\":\"es\"},{\"@type\":\"WebPage\",\"@id\":\"https:\\\/\\\/canal7slp.tv\\\/2022\\\/jovencitas-de-cedral-desaparecieron-tras-aceptar-reto-viral-de-internet\\\/\",\"url\":\"https:\\\/\\\/canal7slp.tv\\\/2022\\\/jovencitas-de-cedral-desaparecieron-tras-aceptar-reto-viral-de-internet\\\/\",\"name\":\"Jovencitas de Cedral desaparecieron tras aceptar reto viral de internet. - Canal 7 SLP - 2022\",\"isPartOf\":{\"@id\":\"https:\\\/\\\/canal7slp.tv\\\/2022\\\/#website\"},\"primaryImageOfPage\":{\"@id\":\"https:\\\/\\\/canal7slp.tv\\\/2022\\\/jovencitas-de-cedral-desaparecieron-tras-aceptar-reto-viral-de-internet\\\/#primaryimage\"},\"image\":{\"@id\":\"https:\\\/\\\/canal7slp.tv\\\/2022\\\/jovencitas-de-cedral-desaparecieron-tras-aceptar-reto-viral-de-internet\\\/#primaryimage\"},\"thumbnailUrl\":\"https:\\\/\\\/canal7slp.tv\\\/2022\\\/wp-content\\\/uploads\\\/2022\\\/02\\\/Valencia01Desaparecidas.jpg\",\"datePublished\":\"2022-02-27T22:52:16+00:00\",\"breadcrumb\":{\"@id\":\"https:\\\/\\\/canal7slp.tv\\\/2022\\\/jovencitas-de-cedral-desaparecieron-tras-aceptar-reto-viral-de-internet\\\/#breadcrumb\"},\"inLanguage\":\"es\",\"potentialAction\":[{\"@type\":\"ReadAction\",\"target\":[\"https:\\\/\\\/canal7slp.tv\\\/2022\\\/jovencitas-de-cedral-desaparecieron-tras-aceptar-reto-viral-de-internet\\\/\"]}]},{\"@type\":\"ImageObject\",\"inLanguage\":\"es\",\"@id\":\"https:\\\/\\\/canal7slp.tv\\\/2022\\\/jovencitas-de-cedral-desaparecieron-tras-aceptar-reto-viral-de-internet\\\/#primaryimage\",\"url\":\"https:\\\/\\\/canal7slp.tv\\\/2022\\\/wp-content\\\/uploads\\\/2022\\\/02\\\/Valencia01Desaparecidas.jpg\",\"contentUrl\":\"https:\\\/\\\/canal7slp.tv\\\/2022\\\/wp-content\\\/uploads\\\/2022\\\/02\\\/Valencia01Desaparecidas.jpg\",\"width\":909,\"height\":500},{\"@type\":\"BreadcrumbList\",\"@id\":\"https:\\\/\\\/canal7slp.tv\\\/2022\\\/jovencitas-de-cedral-desaparecieron-tras-aceptar-reto-viral-de-internet\\\/#breadcrumb\",\"itemListElement\":[{\"@type\":\"ListItem\",\"position\":1,\"name\":\"Portada\",\"item\":\"https:\\\/\\\/canal7slp.tv\\\/2022\\\/\"},{\"@type\":\"ListItem\",\"position\":2,\"name\":\"Jovencitas de Cedral desaparecieron tras aceptar reto viral de internet.\"}]},{\"@type\":\"WebSite\",\"@id\":\"https:\\\/\\\/canal7slp.tv\\\/2022\\\/#website\",\"url\":\"https:\\\/\\\/canal7slp.tv\\\/2022\\\/\",\"name\":\"N7 - Noticieros Canal 7\",\"description\":\"Somos Televisi\u00f3n\",\"publisher\":{\"@id\":\"https:\\\/\\\/canal7slp.tv\\\/2022\\\/#organization\"},\"potentialAction\":[{\"@type\":\"SearchAction\",\"target\":{\"@type\":\"EntryPoint\",\"urlTemplate\":\"https:\\\/\\\/canal7slp.tv\\\/2022\\\/?s={search_term_string}\"},\"query-input\":{\"@type\":\"PropertyValueSpecification\",\"valueRequired\":true,\"valueName\":\"search_term_string\"}}],\"inLanguage\":\"es\"},{\"@type\":\"Organization\",\"@id\":\"https:\\\/\\\/canal7slp.tv\\\/2022\\\/#organization\",\"name\":\"Noticieros Canal 7\",\"url\":\"https:\\\/\\\/canal7slp.tv\\\/2022\\\/\",\"logo\":{\"@type\":\"ImageObject\",\"inLanguage\":\"es\",\"@id\":\"https:\\\/\\\/canal7slp.tv\\\/2022\\\/#\\\/schema\\\/logo\\\/image\\\/\",\"url\":\"https:\\\/\\\/canal7slp.tv\\\/2022\\\/wp-content\\\/uploads\\\/2021\\\/01\\\/logo-noticieros@2x.png\",\"contentUrl\":\"https:\\\/\\\/canal7slp.tv\\\/2022\\\/wp-content\\\/uploads\\\/2021\\\/01\\\/logo-noticieros@2x.png\",\"width\":1017,\"height\":268,\"caption\":\"Noticieros Canal 7\"},\"image\":{\"@id\":\"https:\\\/\\\/canal7slp.tv\\\/2022\\\/#\\\/schema\\\/logo\\\/image\\\/\"},\"sameAs\":[\"https:\\\/\\\/www.facebook.com\\\/noticieroscanalsiete\",\"https:\\\/\\\/x.com\\\/NOTICIEROS7\",\"https:\\\/\\\/www.instagram.com\\\/canal7_slp\",\"https:\\\/\\\/www.youtube.com\\\/channel\\\/UCliiYs-gP3JfJeqdPrNdd5A\"]},{\"@type\":\"Person\",\"@id\":\"https:\\\/\\\/canal7slp.tv\\\/2022\\\/#\\\/schema\\\/person\\\/429704152a21f5f856ce29aa69a238da\",\"name\":\"Edici\u00f3n Web\",\"image\":{\"@type\":\"ImageObject\",\"inLanguage\":\"es\",\"@id\":\"https:\\\/\\\/secure.gravatar.com\\\/avatar\\\/eee448fc3f7164808013b816ba91ac7e43bbe82a70bebac296f8bc6f0addaa1a?s=96&d=mm&r=g\",\"url\":\"https:\\\/\\\/secure.gravatar.com\\\/avatar\\\/eee448fc3f7164808013b816ba91ac7e43bbe82a70bebac296f8bc6f0addaa1a?s=96&d=mm&r=g\",\"contentUrl\":\"https:\\\/\\\/secure.gravatar.com\\\/avatar\\\/eee448fc3f7164808013b816ba91ac7e43bbe82a70bebac296f8bc6f0addaa1a?s=96&d=mm&r=g\",\"caption\":\"Edici\u00f3n Web\"},\"url\":\"https:\\\/\\\/canal7slp.tv\\\/2022\\\/author\\\/edicionweb\\\/\"}]}<\/script>\n<!-- \/ Yoast SEO plugin. -->","yoast_head_json":{"title":"Jovencitas de Cedral desaparecieron tras aceptar reto viral de internet. - Canal 7 SLP - 2022","robots":{"index":"index","follow":"follow","max-snippet":"max-snippet:-1","max-image-preview":"max-image-preview:large","max-video-preview":"max-video-preview:-1"},"canonical":"https:\/\/canal7slp.tv\/2022\/jovencitas-de-cedral-desaparecieron-tras-aceptar-reto-viral-de-internet\/","og_locale":"es_ES","og_type":"article","og_title":"Jovencitas de Cedral desaparecieron tras aceptar reto viral de internet. - Canal 7 SLP - 2022","og_description":"Cedral.- Las jovencitas fueron localizadas en una casa de asistencia estudiantil, donde habr\u00edan arribado identific\u00e1ndose como estudiantes, asegurando que sus pap\u00e1s llegar\u00edan en los pr\u00f3ximos d\u00edas, ya que ellas ten\u00edan que estar ah\u00ed para su retorno escolar. La encargada de la casa asumi\u00f3 la historia como verdadera, ya que suelen recibir a estudiantes de todos los municipios por lo que les permiti\u00f3 la estancia en el lugar, sin embargo, al darse cuenta en redes sociales que estaban siendo buscadas, avis\u00f3 a las autoridades. Ambas j\u00f3venes habr\u00edan llegado al municipio de Doctor Arroyo con maletas y dinero, pues ten\u00edan el plan [&hellip;]","og_url":"https:\/\/canal7slp.tv\/2022\/jovencitas-de-cedral-desaparecieron-tras-aceptar-reto-viral-de-internet\/","og_site_name":"Canal 7 SLP - 2022","article_publisher":"https:\/\/www.facebook.com\/noticieroscanalsiete","article_published_time":"2022-02-27T22:52:16+00:00","og_image":[{"width":909,"height":500,"url":"https:\/\/canal7slp.tv\/2022\/wp-content\/uploads\/2022\/02\/Valencia01Desaparecidas.jpg","type":"image\/jpeg"}],"author":"Edici\u00f3n Web","twitter_card":"summary_large_image","twitter_creator":"@NOTICIEROS7","twitter_site":"@NOTICIEROS7","twitter_misc":{"Escrito por":"Edici\u00f3n Web","Tiempo de lectura":"2 minutos"},"schema":{"@context":"https:\/\/schema.org","@graph":[{"@type":"Article","@id":"https:\/\/canal7slp.tv\/2022\/jovencitas-de-cedral-desaparecieron-tras-aceptar-reto-viral-de-internet\/#article","isPartOf":{"@id":"https:\/\/canal7slp.tv\/2022\/jovencitas-de-cedral-desaparecieron-tras-aceptar-reto-viral-de-internet\/"},"author":{"name":"Edici\u00f3n Web","@id":"https:\/\/canal7slp.tv\/2022\/#\/schema\/person\/429704152a21f5f856ce29aa69a238da"},"headline":"Jovencitas de Cedral desaparecieron tras aceptar reto viral de internet.","datePublished":"2022-02-27T22:52:16+00:00","mainEntityOfPage":{"@id":"https:\/\/canal7slp.tv\/2022\/jovencitas-de-cedral-desaparecieron-tras-aceptar-reto-viral-de-internet\/"},"wordCount":294,"publisher":{"@id":"https:\/\/canal7slp.tv\/2022\/#organization"},"image":{"@id":"https:\/\/canal7slp.tv\/2022\/jovencitas-de-cedral-desaparecieron-tras-aceptar-reto-viral-de-internet\/#primaryimage"},"thumbnailUrl":"https:\/\/canal7slp.tv\/2022\/wp-content\/uploads\/2022\/02\/Valencia01Desaparecidas.jpg","articleSection":["DESTACADAS","INTERIOR DEL ESTADO"],"inLanguage":"es"},{"@type":"WebPage","@id":"https:\/\/canal7slp.tv\/2022\/jovencitas-de-cedral-desaparecieron-tras-aceptar-reto-viral-de-internet\/","url":"https:\/\/canal7slp.tv\/2022\/jovencitas-de-cedral-desaparecieron-tras-aceptar-reto-viral-de-internet\/","name":"Jovencitas de Cedral desaparecieron tras aceptar reto viral de internet. - Canal 7 SLP - 2022","isPartOf":{"@id":"https:\/\/canal7slp.tv\/2022\/#website"},"primaryImageOfPage":{"@id":"https:\/\/canal7slp.tv\/2022\/jovencitas-de-cedral-desaparecieron-tras-aceptar-reto-viral-de-internet\/#primaryimage"},"image":{"@id":"https:\/\/canal7slp.tv\/2022\/jovencitas-de-cedral-desaparecieron-tras-aceptar-reto-viral-de-internet\/#primaryimage"},"thumbnailUrl":"https:\/\/canal7slp.tv\/2022\/wp-content\/uploads\/2022\/02\/Valencia01Desaparecidas.jpg","datePublished":"2022-02-27T22:52:16+00:00","breadcrumb":{"@id":"https:\/\/canal7slp.tv\/2022\/jovencitas-de-cedral-desaparecieron-tras-aceptar-reto-viral-de-internet\/#breadcrumb"},"inLanguage":"es","potentialAction":[{"@type":"ReadAction","target":["https:\/\/canal7slp.tv\/2022\/jovencitas-de-cedral-desaparecieron-tras-aceptar-reto-viral-de-internet\/"]}]},{"@type":"ImageObject","inLanguage":"es","@id":"https:\/\/canal7slp.tv\/2022\/jovencitas-de-cedral-desaparecieron-tras-aceptar-reto-viral-de-internet\/#primaryimage","url":"https:\/\/canal7slp.tv\/2022\/wp-content\/uploads\/2022\/02\/Valencia01Desaparecidas.jpg","contentUrl":"https:\/\/canal7slp.tv\/2022\/wp-content\/uploads\/2022\/02\/Valencia01Desaparecidas.jpg","width":909,"height":500},{"@type":"BreadcrumbList","@id":"https:\/\/canal7slp.tv\/2022\/jovencitas-de-cedral-desaparecieron-tras-aceptar-reto-viral-de-internet\/#breadcrumb","itemListElement":[{"@type":"ListItem","position":1,"name":"Portada","item":"https:\/\/canal7slp.tv\/2022\/"},{"@type":"ListItem","position":2,"name":"Jovencitas de Cedral desaparecieron tras aceptar reto viral de internet."}]},{"@type":"WebSite","@id":"https:\/\/canal7slp.tv\/2022\/#website","url":"https:\/\/canal7slp.tv\/2022\/","name":"N7 - Noticieros Canal 7","description":"Somos Televisi\u00f3n","publisher":{"@id":"https:\/\/canal7slp.tv\/2022\/#organization"},"potentialAction":[{"@type":"SearchAction","target":{"@type":"EntryPoint","urlTemplate":"https:\/\/canal7slp.tv\/2022\/?s={search_term_string}"},"query-input":{"@type":"PropertyValueSpecification","valueRequired":true,"valueName":"search_term_string"}}],"inLanguage":"es"},{"@type":"Organization","@id":"https:\/\/canal7slp.tv\/2022\/#organization","name":"Noticieros Canal 7","url":"https:\/\/canal7slp.tv\/2022\/","logo":{"@type":"ImageObject","inLanguage":"es","@id":"https:\/\/canal7slp.tv\/2022\/#\/schema\/logo\/image\/","url":"https:\/\/canal7slp.tv\/2022\/wp-content\/uploads\/2021\/01\/logo-noticieros@2x.png","contentUrl":"https:\/\/canal7slp.tv\/2022\/wp-content\/uploads\/2021\/01\/logo-noticieros@2x.png","width":1017,"height":268,"caption":"Noticieros Canal 7"},"image":{"@id":"https:\/\/canal7slp.tv\/2022\/#\/schema\/logo\/image\/"},"sameAs":["https:\/\/www.facebook.com\/noticieroscanalsiete","https:\/\/x.com\/NOTICIEROS7","https:\/\/www.instagram.com\/canal7_slp","https:\/\/www.youtube.com\/channel\/UCliiYs-gP3JfJeqdPrNdd5A"]},{"@type":"Person","@id":"https:\/\/canal7slp.tv\/2022\/#\/schema\/person\/429704152a21f5f856ce29aa69a238da","name":"Edici\u00f3n Web","image":{"@type":"ImageObject","inLanguage":"es","@id":"https:\/\/secure.gravatar.com\/avatar\/eee448fc3f7164808013b816ba91ac7e43bbe82a70bebac296f8bc6f0addaa1a?s=96&d=mm&r=g","url":"https:\/\/secure.gravatar.com\/avatar\/eee448fc3f7164808013b816ba91ac7e43bbe82a70bebac296f8bc6f0addaa1a?s=96&d=mm&r=g","contentUrl":"https:\/\/secure.gravatar.com\/avatar\/eee448fc3f7164808013b816ba91ac7e43bbe82a70bebac296f8bc6f0addaa1a?s=96&d=mm&r=g","caption":"Edici\u00f3n Web"},"url":"https:\/\/canal7slp.tv\/2022\/author\/edicionweb\/"}]}},"amp_enabled":true,"_links":{"self":[{"href":"https:\/\/canal7slp.tv\/2022\/wp-json\/wp\/v2\/posts\/52595","targetHints":{"allow":["GET"]}}],"collection":[{"href":"https:\/\/canal7slp.tv\/2022\/wp-json\/wp\/v2\/posts"}],"about":[{"href":"https:\/\/canal7slp.tv\/2022\/wp-json\/wp\/v2\/types\/post"}],"author":[{"embeddable":true,"href":"https:\/\/canal7slp.tv\/2022\/wp-json\/wp\/v2\/users\/2"}],"replies":[{"embeddable":true,"href":"https:\/\/canal7slp.tv\/2022\/wp-json\/wp\/v2\/comments?post=52595"}],"version-history":[{"count":1,"href":"https:\/\/canal7slp.tv\/2022\/wp-json\/wp\/v2\/posts\/52595\/revisions"}],"predecessor-version":[{"id":52598,"href":"https:\/\/canal7slp.tv\/2022\/wp-json\/wp\/v2\/posts\/52595\/revisions\/52598"}],"wp:featuredmedia":[{"embeddable":true,"href":"https:\/\/canal7slp.tv\/2022\/wp-json\/wp\/v2\/media\/52597"}],"wp:attachment":[{"href":"https:\/\/canal7slp.tv\/2022\/wp-json\/wp\/v2\/media?parent=52595"}],"wp:term":[{"taxonomy":"category","embeddable":true,"href":"https:\/\/canal7slp.tv\/2022\/wp-json\/wp\/v2\/categories?post=52595"},{"taxonomy":"post_tag","embeddable":true,"href":"https:\/\/canal7slp.tv\/2022\/wp-json\/wp\/v2\/tags?post=52595"}],"curies":[{"name":"wp","href":"https:\/\/api.w.org\/{rel}","templated":true}]}}