{"id":52575,"date":"2022-02-27T15:58:58","date_gmt":"2022-02-27T21:58:58","guid":{"rendered":"https:\/\/canal7slp.tv\/2022\/?p=52575"},"modified":"2022-02-27T16:38:39","modified_gmt":"2022-02-27T22:38:39","slug":"naciones-arabes-temen-que-guerra-entre-ucrania-y-rusia-afecte-abasto-de-trigo","status":"publish","type":"post","link":"https:\/\/canal7slp.tv\/2022\/naciones-arabes-temen-que-guerra-entre-ucrania-y-rusia-afecte-abasto-de-trigo\/","title":{"rendered":"Naciones \u00e1rabes temen que guerra entre Ucrania y Rusia afecte abasto de trigo"},"content":{"rendered":"<p style=\"text-align: justify;\">Washington DC.- Egipto, Libia, Yemen entre otros pa\u00edses \u00e1rabes temen que la guerra entre Rusia y Ucrania perturbe el suministro de trigo, ya que estas naciones son sus principales proveedoras de dicho grano.<\/p>\n<p style=\"text-align: justify;\">Esta crisis podr\u00eda desencadenar nuevas manifestaciones e inestabilidad en varios pa\u00edses dependientes de las importaciones alimentarias, advirti\u00f3 el Middle East Institute.<\/p>\n<p style=\"text-align: justify;\">David Beasley, director ejecutivo del Programa Mundial de Alimentos (PMA) en Yemen, advirti\u00f3 que la guerra guerra en Ucrania s\u00f3lo \u201cempeorar\u00e1 las cosas. Pens\u00e1bamos que hab\u00edamos tocado fondo, pero no, es a\u00fan peor\u201d.<\/p>\n<p style=\"text-align: justify;\">\u00a0\u201cRecibimos la mitad de nuestros cereales de Rusia y Ucrania, esta guerra va a tener un impacto dram\u00e1tico\u201d, asever\u00f3.<\/p>\n<p style=\"text-align: justify;\">De acuerdo con datos del PMA, guerra tambi\u00e9n est\u00e1 matando de hambre a 12.4 millones de sirios.<\/p>\n<p style=\"text-align: justify;\">Siria afirma que tratar\u00e1 de distribuir las existencias a lo largo de dos meses.<\/p>\n","protected":false},"excerpt":{"rendered":"<p>Washington DC.- Egipto, Libia, Yemen entre otros pa\u00edses \u00e1rabes temen que la guerra entre Rusia y Ucrania perturbe el suministro de trigo, ya que estas naciones son sus principales proveedoras de dicho grano. Esta crisis podr\u00eda desencadenar nuevas manifestaciones e inestabilidad en varios pa\u00edses dependientes de las importaciones alimentarias, advirti\u00f3 el Middle East Institute. David Beasley, director ejecutivo del Programa Mundial de Alimentos (PMA) en Yemen, advirti\u00f3 que la guerra guerra en Ucrania s\u00f3lo \u201cempeorar\u00e1 las cosas. Pens\u00e1bamos que hab\u00edamos tocado fondo, pero no, es a\u00fan peor\u201d. \u00a0\u201cRecibimos la mitad de nuestros cereales de Rusia y Ucrania, esta guerra va [&hellip;]<\/p>\n","protected":false},"author":2,"featured_media":52587,"comment_status":"closed","ping_status":"closed","sticky":false,"template":"","format":"standard","meta":{"footnotes":""},"categories":[40,44],"tags":[],"class_list":["post-52575","post","type-post","status-publish","format-standard","has-post-thumbnail","hentry","category-economia","category-internacional","post--single"],"yoast_head":"<!-- This site is optimized with the Yoast SEO plugin v27.4 - https:\/\/yoast.com\/product\/yoast-seo-wordpress\/ -->\n<title>Naciones \u00e1rabes temen que guerra entre Ucrania y Rusia afecte abasto de trigo - Canal 7 SLP - 2022<\/title>\n<meta name=\"robots\" content=\"index, follow, max-snippet:-1, max-image-preview:large, max-video-preview:-1\" \/>\n<link rel=\"canonical\" href=\"https:\/\/canal7slp.tv\/2022\/naciones-arabes-temen-que-guerra-entre-ucrania-y-rusia-afecte-abasto-de-trigo\/\" \/>\n<meta property=\"og:locale\" content=\"es_ES\" \/>\n<meta property=\"og:type\" content=\"article\" \/>\n<meta property=\"og:title\" content=\"Naciones \u00e1rabes temen que guerra entre Ucrania y Rusia afecte abasto de trigo - Canal 7 SLP - 2022\" \/>\n<meta property=\"og:description\" content=\"Washington DC.- Egipto, Libia, Yemen entre otros pa\u00edses \u00e1rabes temen que la guerra entre Rusia y Ucrania perturbe el suministro de trigo, ya que estas naciones son sus principales proveedoras de dicho grano. Esta crisis podr\u00eda desencadenar nuevas manifestaciones e inestabilidad en varios pa\u00edses dependientes de las importaciones alimentarias, advirti\u00f3 el Middle East Institute. David Beasley, director ejecutivo del Programa Mundial de Alimentos (PMA) en Yemen, advirti\u00f3 que la guerra guerra en Ucrania s\u00f3lo \u201cempeorar\u00e1 las cosas. Pens\u00e1bamos que hab\u00edamos tocado fondo, pero no, es a\u00fan peor\u201d. \u00a0\u201cRecibimos la mitad de nuestros cereales de Rusia y Ucrania, esta guerra va [&hellip;]\" \/>\n<meta property=\"og:url\" content=\"https:\/\/canal7slp.tv\/2022\/naciones-arabes-temen-que-guerra-entre-ucrania-y-rusia-afecte-abasto-de-trigo\/\" \/>\n<meta property=\"og:site_name\" content=\"Canal 7 SLP - 2022\" \/>\n<meta property=\"article:publisher\" content=\"https:\/\/www.facebook.com\/noticieroscanalsiete\" \/>\n<meta property=\"article:published_time\" content=\"2022-02-27T21:58:58+00:00\" \/>\n<meta property=\"article:modified_time\" content=\"2022-02-27T22:38:39+00:00\" \/>\n<meta property=\"og:image\" content=\"https:\/\/canal7slp.tv\/2022\/wp-content\/uploads\/2022\/02\/05-20.jpg\" \/>\n\t<meta property=\"og:image:width\" content=\"1920\" \/>\n\t<meta property=\"og:image:height\" content=\"1080\" \/>\n\t<meta property=\"og:image:type\" content=\"image\/jpeg\" \/>\n<meta name=\"author\" content=\"Edici\u00f3n Web\" \/>\n<meta name=\"twitter:card\" content=\"summary_large_image\" \/>\n<meta name=\"twitter:creator\" content=\"@NOTICIEROS7\" \/>\n<meta name=\"twitter:site\" content=\"@NOTICIEROS7\" \/>\n<meta name=\"twitter:label1\" content=\"Escrito por\" \/>\n\t<meta name=\"twitter:data1\" content=\"Edici\u00f3n Web\" \/>\n\t<meta name=\"twitter:label2\" content=\"Tiempo de lectura\" \/>\n\t<meta name=\"twitter:data2\" content=\"1 minuto\" \/>\n<script type=\"application\/ld+json\" class=\"yoast-schema-graph\">{\"@context\":\"https:\\\/\\\/schema.org\",\"@graph\":[{\"@type\":\"Article\",\"@id\":\"https:\\\/\\\/canal7slp.tv\\\/2022\\\/naciones-arabes-temen-que-guerra-entre-ucrania-y-rusia-afecte-abasto-de-trigo\\\/#article\",\"isPartOf\":{\"@id\":\"https:\\\/\\\/canal7slp.tv\\\/2022\\\/naciones-arabes-temen-que-guerra-entre-ucrania-y-rusia-afecte-abasto-de-trigo\\\/\"},\"author\":{\"name\":\"Edici\u00f3n Web\",\"@id\":\"https:\\\/\\\/canal7slp.tv\\\/2022\\\/#\\\/schema\\\/person\\\/429704152a21f5f856ce29aa69a238da\"},\"headline\":\"Naciones \u00e1rabes temen que guerra entre Ucrania y Rusia afecte abasto de trigo\",\"datePublished\":\"2022-02-27T21:58:58+00:00\",\"dateModified\":\"2022-02-27T22:38:39+00:00\",\"mainEntityOfPage\":{\"@id\":\"https:\\\/\\\/canal7slp.tv\\\/2022\\\/naciones-arabes-temen-que-guerra-entre-ucrania-y-rusia-afecte-abasto-de-trigo\\\/\"},\"wordCount\":159,\"publisher\":{\"@id\":\"https:\\\/\\\/canal7slp.tv\\\/2022\\\/#organization\"},\"image\":{\"@id\":\"https:\\\/\\\/canal7slp.tv\\\/2022\\\/naciones-arabes-temen-que-guerra-entre-ucrania-y-rusia-afecte-abasto-de-trigo\\\/#primaryimage\"},\"thumbnailUrl\":\"https:\\\/\\\/canal7slp.tv\\\/2022\\\/wp-content\\\/uploads\\\/2022\\\/02\\\/05-20.jpg\",\"articleSection\":[\"ECONOM\u00cdA\",\"INTERNACIONALES\"],\"inLanguage\":\"es\"},{\"@type\":\"WebPage\",\"@id\":\"https:\\\/\\\/canal7slp.tv\\\/2022\\\/naciones-arabes-temen-que-guerra-entre-ucrania-y-rusia-afecte-abasto-de-trigo\\\/\",\"url\":\"https:\\\/\\\/canal7slp.tv\\\/2022\\\/naciones-arabes-temen-que-guerra-entre-ucrania-y-rusia-afecte-abasto-de-trigo\\\/\",\"name\":\"Naciones \u00e1rabes temen que guerra entre Ucrania y Rusia afecte abasto de trigo - Canal 7 SLP - 2022\",\"isPartOf\":{\"@id\":\"https:\\\/\\\/canal7slp.tv\\\/2022\\\/#website\"},\"primaryImageOfPage\":{\"@id\":\"https:\\\/\\\/canal7slp.tv\\\/2022\\\/naciones-arabes-temen-que-guerra-entre-ucrania-y-rusia-afecte-abasto-de-trigo\\\/#primaryimage\"},\"image\":{\"@id\":\"https:\\\/\\\/canal7slp.tv\\\/2022\\\/naciones-arabes-temen-que-guerra-entre-ucrania-y-rusia-afecte-abasto-de-trigo\\\/#primaryimage\"},\"thumbnailUrl\":\"https:\\\/\\\/canal7slp.tv\\\/2022\\\/wp-content\\\/uploads\\\/2022\\\/02\\\/05-20.jpg\",\"datePublished\":\"2022-02-27T21:58:58+00:00\",\"dateModified\":\"2022-02-27T22:38:39+00:00\",\"breadcrumb\":{\"@id\":\"https:\\\/\\\/canal7slp.tv\\\/2022\\\/naciones-arabes-temen-que-guerra-entre-ucrania-y-rusia-afecte-abasto-de-trigo\\\/#breadcrumb\"},\"inLanguage\":\"es\",\"potentialAction\":[{\"@type\":\"ReadAction\",\"target\":[\"https:\\\/\\\/canal7slp.tv\\\/2022\\\/naciones-arabes-temen-que-guerra-entre-ucrania-y-rusia-afecte-abasto-de-trigo\\\/\"]}]},{\"@type\":\"ImageObject\",\"inLanguage\":\"es\",\"@id\":\"https:\\\/\\\/canal7slp.tv\\\/2022\\\/naciones-arabes-temen-que-guerra-entre-ucrania-y-rusia-afecte-abasto-de-trigo\\\/#primaryimage\",\"url\":\"https:\\\/\\\/canal7slp.tv\\\/2022\\\/wp-content\\\/uploads\\\/2022\\\/02\\\/05-20.jpg\",\"contentUrl\":\"https:\\\/\\\/canal7slp.tv\\\/2022\\\/wp-content\\\/uploads\\\/2022\\\/02\\\/05-20.jpg\",\"width\":1920,\"height\":1080},{\"@type\":\"BreadcrumbList\",\"@id\":\"https:\\\/\\\/canal7slp.tv\\\/2022\\\/naciones-arabes-temen-que-guerra-entre-ucrania-y-rusia-afecte-abasto-de-trigo\\\/#breadcrumb\",\"itemListElement\":[{\"@type\":\"ListItem\",\"position\":1,\"name\":\"Portada\",\"item\":\"https:\\\/\\\/canal7slp.tv\\\/2022\\\/\"},{\"@type\":\"ListItem\",\"position\":2,\"name\":\"Naciones \u00e1rabes temen que guerra entre Ucrania y Rusia afecte abasto de trigo\"}]},{\"@type\":\"WebSite\",\"@id\":\"https:\\\/\\\/canal7slp.tv\\\/2022\\\/#website\",\"url\":\"https:\\\/\\\/canal7slp.tv\\\/2022\\\/\",\"name\":\"N7 - Noticieros Canal 7\",\"description\":\"Somos Televisi\u00f3n\",\"publisher\":{\"@id\":\"https:\\\/\\\/canal7slp.tv\\\/2022\\\/#organization\"},\"potentialAction\":[{\"@type\":\"SearchAction\",\"target\":{\"@type\":\"EntryPoint\",\"urlTemplate\":\"https:\\\/\\\/canal7slp.tv\\\/2022\\\/?s={search_term_string}\"},\"query-input\":{\"@type\":\"PropertyValueSpecification\",\"valueRequired\":true,\"valueName\":\"search_term_string\"}}],\"inLanguage\":\"es\"},{\"@type\":\"Organization\",\"@id\":\"https:\\\/\\\/canal7slp.tv\\\/2022\\\/#organization\",\"name\":\"Noticieros Canal 7\",\"url\":\"https:\\\/\\\/canal7slp.tv\\\/2022\\\/\",\"logo\":{\"@type\":\"ImageObject\",\"inLanguage\":\"es\",\"@id\":\"https:\\\/\\\/canal7slp.tv\\\/2022\\\/#\\\/schema\\\/logo\\\/image\\\/\",\"url\":\"https:\\\/\\\/canal7slp.tv\\\/2022\\\/wp-content\\\/uploads\\\/2021\\\/01\\\/logo-noticieros@2x.png\",\"contentUrl\":\"https:\\\/\\\/canal7slp.tv\\\/2022\\\/wp-content\\\/uploads\\\/2021\\\/01\\\/logo-noticieros@2x.png\",\"width\":1017,\"height\":268,\"caption\":\"Noticieros Canal 7\"},\"image\":{\"@id\":\"https:\\\/\\\/canal7slp.tv\\\/2022\\\/#\\\/schema\\\/logo\\\/image\\\/\"},\"sameAs\":[\"https:\\\/\\\/www.facebook.com\\\/noticieroscanalsiete\",\"https:\\\/\\\/x.com\\\/NOTICIEROS7\",\"https:\\\/\\\/www.instagram.com\\\/canal7_slp\",\"https:\\\/\\\/www.youtube.com\\\/channel\\\/UCliiYs-gP3JfJeqdPrNdd5A\"]},{\"@type\":\"Person\",\"@id\":\"https:\\\/\\\/canal7slp.tv\\\/2022\\\/#\\\/schema\\\/person\\\/429704152a21f5f856ce29aa69a238da\",\"name\":\"Edici\u00f3n Web\",\"image\":{\"@type\":\"ImageObject\",\"inLanguage\":\"es\",\"@id\":\"https:\\\/\\\/secure.gravatar.com\\\/avatar\\\/eee448fc3f7164808013b816ba91ac7e43bbe82a70bebac296f8bc6f0addaa1a?s=96&d=mm&r=g\",\"url\":\"https:\\\/\\\/secure.gravatar.com\\\/avatar\\\/eee448fc3f7164808013b816ba91ac7e43bbe82a70bebac296f8bc6f0addaa1a?s=96&d=mm&r=g\",\"contentUrl\":\"https:\\\/\\\/secure.gravatar.com\\\/avatar\\\/eee448fc3f7164808013b816ba91ac7e43bbe82a70bebac296f8bc6f0addaa1a?s=96&d=mm&r=g\",\"caption\":\"Edici\u00f3n Web\"},\"url\":\"https:\\\/\\\/canal7slp.tv\\\/2022\\\/author\\\/edicionweb\\\/\"}]}<\/script>\n<!-- \/ Yoast SEO plugin. -->","yoast_head_json":{"title":"Naciones \u00e1rabes temen que guerra entre Ucrania y Rusia afecte abasto de trigo - Canal 7 SLP - 2022","robots":{"index":"index","follow":"follow","max-snippet":"max-snippet:-1","max-image-preview":"max-image-preview:large","max-video-preview":"max-video-preview:-1"},"canonical":"https:\/\/canal7slp.tv\/2022\/naciones-arabes-temen-que-guerra-entre-ucrania-y-rusia-afecte-abasto-de-trigo\/","og_locale":"es_ES","og_type":"article","og_title":"Naciones \u00e1rabes temen que guerra entre Ucrania y Rusia afecte abasto de trigo - Canal 7 SLP - 2022","og_description":"Washington DC.- Egipto, Libia, Yemen entre otros pa\u00edses \u00e1rabes temen que la guerra entre Rusia y Ucrania perturbe el suministro de trigo, ya que estas naciones son sus principales proveedoras de dicho grano. Esta crisis podr\u00eda desencadenar nuevas manifestaciones e inestabilidad en varios pa\u00edses dependientes de las importaciones alimentarias, advirti\u00f3 el Middle East Institute. David Beasley, director ejecutivo del Programa Mundial de Alimentos (PMA) en Yemen, advirti\u00f3 que la guerra guerra en Ucrania s\u00f3lo \u201cempeorar\u00e1 las cosas. Pens\u00e1bamos que hab\u00edamos tocado fondo, pero no, es a\u00fan peor\u201d. \u00a0\u201cRecibimos la mitad de nuestros cereales de Rusia y Ucrania, esta guerra va [&hellip;]","og_url":"https:\/\/canal7slp.tv\/2022\/naciones-arabes-temen-que-guerra-entre-ucrania-y-rusia-afecte-abasto-de-trigo\/","og_site_name":"Canal 7 SLP - 2022","article_publisher":"https:\/\/www.facebook.com\/noticieroscanalsiete","article_published_time":"2022-02-27T21:58:58+00:00","article_modified_time":"2022-02-27T22:38:39+00:00","og_image":[{"width":1920,"height":1080,"url":"https:\/\/canal7slp.tv\/2022\/wp-content\/uploads\/2022\/02\/05-20.jpg","type":"image\/jpeg"}],"author":"Edici\u00f3n Web","twitter_card":"summary_large_image","twitter_creator":"@NOTICIEROS7","twitter_site":"@NOTICIEROS7","twitter_misc":{"Escrito por":"Edici\u00f3n Web","Tiempo de lectura":"1 minuto"},"schema":{"@context":"https:\/\/schema.org","@graph":[{"@type":"Article","@id":"https:\/\/canal7slp.tv\/2022\/naciones-arabes-temen-que-guerra-entre-ucrania-y-rusia-afecte-abasto-de-trigo\/#article","isPartOf":{"@id":"https:\/\/canal7slp.tv\/2022\/naciones-arabes-temen-que-guerra-entre-ucrania-y-rusia-afecte-abasto-de-trigo\/"},"author":{"name":"Edici\u00f3n Web","@id":"https:\/\/canal7slp.tv\/2022\/#\/schema\/person\/429704152a21f5f856ce29aa69a238da"},"headline":"Naciones \u00e1rabes temen que guerra entre Ucrania y Rusia afecte abasto de trigo","datePublished":"2022-02-27T21:58:58+00:00","dateModified":"2022-02-27T22:38:39+00:00","mainEntityOfPage":{"@id":"https:\/\/canal7slp.tv\/2022\/naciones-arabes-temen-que-guerra-entre-ucrania-y-rusia-afecte-abasto-de-trigo\/"},"wordCount":159,"publisher":{"@id":"https:\/\/canal7slp.tv\/2022\/#organization"},"image":{"@id":"https:\/\/canal7slp.tv\/2022\/naciones-arabes-temen-que-guerra-entre-ucrania-y-rusia-afecte-abasto-de-trigo\/#primaryimage"},"thumbnailUrl":"https:\/\/canal7slp.tv\/2022\/wp-content\/uploads\/2022\/02\/05-20.jpg","articleSection":["ECONOM\u00cdA","INTERNACIONALES"],"inLanguage":"es"},{"@type":"WebPage","@id":"https:\/\/canal7slp.tv\/2022\/naciones-arabes-temen-que-guerra-entre-ucrania-y-rusia-afecte-abasto-de-trigo\/","url":"https:\/\/canal7slp.tv\/2022\/naciones-arabes-temen-que-guerra-entre-ucrania-y-rusia-afecte-abasto-de-trigo\/","name":"Naciones \u00e1rabes temen que guerra entre Ucrania y Rusia afecte abasto de trigo - Canal 7 SLP - 2022","isPartOf":{"@id":"https:\/\/canal7slp.tv\/2022\/#website"},"primaryImageOfPage":{"@id":"https:\/\/canal7slp.tv\/2022\/naciones-arabes-temen-que-guerra-entre-ucrania-y-rusia-afecte-abasto-de-trigo\/#primaryimage"},"image":{"@id":"https:\/\/canal7slp.tv\/2022\/naciones-arabes-temen-que-guerra-entre-ucrania-y-rusia-afecte-abasto-de-trigo\/#primaryimage"},"thumbnailUrl":"https:\/\/canal7slp.tv\/2022\/wp-content\/uploads\/2022\/02\/05-20.jpg","datePublished":"2022-02-27T21:58:58+00:00","dateModified":"2022-02-27T22:38:39+00:00","breadcrumb":{"@id":"https:\/\/canal7slp.tv\/2022\/naciones-arabes-temen-que-guerra-entre-ucrania-y-rusia-afecte-abasto-de-trigo\/#breadcrumb"},"inLanguage":"es","potentialAction":[{"@type":"ReadAction","target":["https:\/\/canal7slp.tv\/2022\/naciones-arabes-temen-que-guerra-entre-ucrania-y-rusia-afecte-abasto-de-trigo\/"]}]},{"@type":"ImageObject","inLanguage":"es","@id":"https:\/\/canal7slp.tv\/2022\/naciones-arabes-temen-que-guerra-entre-ucrania-y-rusia-afecte-abasto-de-trigo\/#primaryimage","url":"https:\/\/canal7slp.tv\/2022\/wp-content\/uploads\/2022\/02\/05-20.jpg","contentUrl":"https:\/\/canal7slp.tv\/2022\/wp-content\/uploads\/2022\/02\/05-20.jpg","width":1920,"height":1080},{"@type":"BreadcrumbList","@id":"https:\/\/canal7slp.tv\/2022\/naciones-arabes-temen-que-guerra-entre-ucrania-y-rusia-afecte-abasto-de-trigo\/#breadcrumb","itemListElement":[{"@type":"ListItem","position":1,"name":"Portada","item":"https:\/\/canal7slp.tv\/2022\/"},{"@type":"ListItem","position":2,"name":"Naciones \u00e1rabes temen que guerra entre Ucrania y Rusia afecte abasto de trigo"}]},{"@type":"WebSite","@id":"https:\/\/canal7slp.tv\/2022\/#website","url":"https:\/\/canal7slp.tv\/2022\/","name":"N7 - Noticieros Canal 7","description":"Somos Televisi\u00f3n","publisher":{"@id":"https:\/\/canal7slp.tv\/2022\/#organization"},"potentialAction":[{"@type":"SearchAction","target":{"@type":"EntryPoint","urlTemplate":"https:\/\/canal7slp.tv\/2022\/?s={search_term_string}"},"query-input":{"@type":"PropertyValueSpecification","valueRequired":true,"valueName":"search_term_string"}}],"inLanguage":"es"},{"@type":"Organization","@id":"https:\/\/canal7slp.tv\/2022\/#organization","name":"Noticieros Canal 7","url":"https:\/\/canal7slp.tv\/2022\/","logo":{"@type":"ImageObject","inLanguage":"es","@id":"https:\/\/canal7slp.tv\/2022\/#\/schema\/logo\/image\/","url":"https:\/\/canal7slp.tv\/2022\/wp-content\/uploads\/2021\/01\/logo-noticieros@2x.png","contentUrl":"https:\/\/canal7slp.tv\/2022\/wp-content\/uploads\/2021\/01\/logo-noticieros@2x.png","width":1017,"height":268,"caption":"Noticieros Canal 7"},"image":{"@id":"https:\/\/canal7slp.tv\/2022\/#\/schema\/logo\/image\/"},"sameAs":["https:\/\/www.facebook.com\/noticieroscanalsiete","https:\/\/x.com\/NOTICIEROS7","https:\/\/www.instagram.com\/canal7_slp","https:\/\/www.youtube.com\/channel\/UCliiYs-gP3JfJeqdPrNdd5A"]},{"@type":"Person","@id":"https:\/\/canal7slp.tv\/2022\/#\/schema\/person\/429704152a21f5f856ce29aa69a238da","name":"Edici\u00f3n Web","image":{"@type":"ImageObject","inLanguage":"es","@id":"https:\/\/secure.gravatar.com\/avatar\/eee448fc3f7164808013b816ba91ac7e43bbe82a70bebac296f8bc6f0addaa1a?s=96&d=mm&r=g","url":"https:\/\/secure.gravatar.com\/avatar\/eee448fc3f7164808013b816ba91ac7e43bbe82a70bebac296f8bc6f0addaa1a?s=96&d=mm&r=g","contentUrl":"https:\/\/secure.gravatar.com\/avatar\/eee448fc3f7164808013b816ba91ac7e43bbe82a70bebac296f8bc6f0addaa1a?s=96&d=mm&r=g","caption":"Edici\u00f3n Web"},"url":"https:\/\/canal7slp.tv\/2022\/author\/edicionweb\/"}]}},"amp_enabled":true,"_links":{"self":[{"href":"https:\/\/canal7slp.tv\/2022\/wp-json\/wp\/v2\/posts\/52575","targetHints":{"allow":["GET"]}}],"collection":[{"href":"https:\/\/canal7slp.tv\/2022\/wp-json\/wp\/v2\/posts"}],"about":[{"href":"https:\/\/canal7slp.tv\/2022\/wp-json\/wp\/v2\/types\/post"}],"author":[{"embeddable":true,"href":"https:\/\/canal7slp.tv\/2022\/wp-json\/wp\/v2\/users\/2"}],"replies":[{"embeddable":true,"href":"https:\/\/canal7slp.tv\/2022\/wp-json\/wp\/v2\/comments?post=52575"}],"version-history":[{"count":2,"href":"https:\/\/canal7slp.tv\/2022\/wp-json\/wp\/v2\/posts\/52575\/revisions"}],"predecessor-version":[{"id":52593,"href":"https:\/\/canal7slp.tv\/2022\/wp-json\/wp\/v2\/posts\/52575\/revisions\/52593"}],"wp:featuredmedia":[{"embeddable":true,"href":"https:\/\/canal7slp.tv\/2022\/wp-json\/wp\/v2\/media\/52587"}],"wp:attachment":[{"href":"https:\/\/canal7slp.tv\/2022\/wp-json\/wp\/v2\/media?parent=52575"}],"wp:term":[{"taxonomy":"category","embeddable":true,"href":"https:\/\/canal7slp.tv\/2022\/wp-json\/wp\/v2\/categories?post=52575"},{"taxonomy":"post_tag","embeddable":true,"href":"https:\/\/canal7slp.tv\/2022\/wp-json\/wp\/v2\/tags?post=52575"}],"curies":[{"name":"wp","href":"https:\/\/api.w.org\/{rel}","templated":true}]}}