{"id":52571,"date":"2022-02-27T15:58:47","date_gmt":"2022-02-27T21:58:47","guid":{"rendered":"https:\/\/canal7slp.tv\/2022\/?p=52571"},"modified":"2022-02-27T15:58:47","modified_gmt":"2022-02-27T21:58:47","slug":"avion-de-fuerza-aerea-despega-rumbo-rumania-para-repatriar-a-mexicanos-que-huyeron-de-ucrania","status":"publish","type":"post","link":"https:\/\/canal7slp.tv\/2022\/avion-de-fuerza-aerea-despega-rumbo-rumania-para-repatriar-a-mexicanos-que-huyeron-de-ucrania\/","title":{"rendered":"Avi\u00f3n de Fuerza A\u00e9rea despega rumbo Rumania para repatriar a mexicanos que huyeron de Ucrania"},"content":{"rendered":"<p style=\"text-align: justify;\">M\u00e9xico.- Un Boeing modelo 737-800 de la Fuerza A\u00e9rea Mexicana, parti\u00f3 este domingo con rumbo a Rumania a fin de repatriar a los connacionales que fueron evacuados de Ucrania a ra\u00edz del conflicto con Rusia.<\/p>\n<p style=\"text-align: justify;\">En la aeronave viaja el personal de la Secretar\u00eda de Relaciones Exteriores (SRE).<\/p>\n<p style=\"text-align: justify;\">Cabe se\u00f1alar que se har\u00e1 una escala en Canad\u00e1 para luego salir hacia Irlanda, en donde reposar\u00e1 el avi\u00f3n.<\/p>\n<p style=\"text-align: justify;\">Tras esto, la el Boeing partir\u00e1 el 28 de Febrero con rumbo a Bucarest, Rumania, donde ya fueron desplazados al menos 22 mexicanos.<\/p>\n<p style=\"text-align: justify;\">Guillermo Ordorica, embajador de M\u00e9xico en Rumania, es el responsable del protocolo para repatriar a los mexicanos, los cuales se espera que este en territorio nacional el mi\u00e9rcoles 2 de marzo.<\/p>\n","protected":false},"excerpt":{"rendered":"<p>M\u00e9xico.- Un Boeing modelo 737-800 de la Fuerza A\u00e9rea Mexicana, parti\u00f3 este domingo con rumbo a Rumania a fin de repatriar a los connacionales que fueron evacuados de Ucrania a ra\u00edz del conflicto con Rusia. En la aeronave viaja el personal de la Secretar\u00eda de Relaciones Exteriores (SRE). Cabe se\u00f1alar que se har\u00e1 una escala en Canad\u00e1 para luego salir hacia Irlanda, en donde reposar\u00e1 el avi\u00f3n. Tras esto, la el Boeing partir\u00e1 el 28 de Febrero con rumbo a Bucarest, Rumania, donde ya fueron desplazados al menos 22 mexicanos. Guillermo Ordorica, embajador de M\u00e9xico en Rumania, es el responsable [&hellip;]<\/p>\n","protected":false},"author":2,"featured_media":52583,"comment_status":"closed","ping_status":"closed","sticky":false,"template":"","format":"standard","meta":{"footnotes":""},"categories":[46],"tags":[],"class_list":["post-52571","post","type-post","status-publish","format-standard","has-post-thumbnail","hentry","category-nacional","post--single"],"yoast_head":"<!-- This site is optimized with the Yoast SEO plugin v27.4 - https:\/\/yoast.com\/product\/yoast-seo-wordpress\/ -->\n<title>Avi\u00f3n de Fuerza A\u00e9rea despega rumbo Rumania para repatriar a mexicanos que huyeron de Ucrania - Canal 7 SLP - 2022<\/title>\n<meta name=\"robots\" content=\"index, follow, max-snippet:-1, max-image-preview:large, max-video-preview:-1\" \/>\n<link rel=\"canonical\" href=\"https:\/\/canal7slp.tv\/2022\/avion-de-fuerza-aerea-despega-rumbo-rumania-para-repatriar-a-mexicanos-que-huyeron-de-ucrania\/\" \/>\n<meta property=\"og:locale\" content=\"es_ES\" \/>\n<meta property=\"og:type\" content=\"article\" \/>\n<meta property=\"og:title\" content=\"Avi\u00f3n de Fuerza A\u00e9rea despega rumbo Rumania para repatriar a mexicanos que huyeron de Ucrania - Canal 7 SLP - 2022\" \/>\n<meta property=\"og:description\" content=\"M\u00e9xico.- Un Boeing modelo 737-800 de la Fuerza A\u00e9rea Mexicana, parti\u00f3 este domingo con rumbo a Rumania a fin de repatriar a los connacionales que fueron evacuados de Ucrania a ra\u00edz del conflicto con Rusia. En la aeronave viaja el personal de la Secretar\u00eda de Relaciones Exteriores (SRE). Cabe se\u00f1alar que se har\u00e1 una escala en Canad\u00e1 para luego salir hacia Irlanda, en donde reposar\u00e1 el avi\u00f3n. Tras esto, la el Boeing partir\u00e1 el 28 de Febrero con rumbo a Bucarest, Rumania, donde ya fueron desplazados al menos 22 mexicanos. Guillermo Ordorica, embajador de M\u00e9xico en Rumania, es el responsable [&hellip;]\" \/>\n<meta property=\"og:url\" content=\"https:\/\/canal7slp.tv\/2022\/avion-de-fuerza-aerea-despega-rumbo-rumania-para-repatriar-a-mexicanos-que-huyeron-de-ucrania\/\" \/>\n<meta property=\"og:site_name\" content=\"Canal 7 SLP - 2022\" \/>\n<meta property=\"article:publisher\" content=\"https:\/\/www.facebook.com\/noticieroscanalsiete\" \/>\n<meta property=\"article:published_time\" content=\"2022-02-27T21:58:47+00:00\" \/>\n<meta property=\"og:image\" content=\"https:\/\/canal7slp.tv\/2022\/wp-content\/uploads\/2022\/02\/01-17.jpg\" \/>\n\t<meta property=\"og:image:width\" content=\"946\" \/>\n\t<meta property=\"og:image:height\" content=\"532\" \/>\n\t<meta property=\"og:image:type\" content=\"image\/jpeg\" \/>\n<meta name=\"author\" content=\"Edici\u00f3n Web\" \/>\n<meta name=\"twitter:card\" content=\"summary_large_image\" \/>\n<meta name=\"twitter:creator\" content=\"@NOTICIEROS7\" \/>\n<meta name=\"twitter:site\" content=\"@NOTICIEROS7\" \/>\n<meta name=\"twitter:label1\" content=\"Escrito por\" \/>\n\t<meta name=\"twitter:data1\" content=\"Edici\u00f3n Web\" \/>\n\t<meta name=\"twitter:label2\" content=\"Tiempo de lectura\" \/>\n\t<meta name=\"twitter:data2\" content=\"1 minuto\" \/>\n<script type=\"application\/ld+json\" class=\"yoast-schema-graph\">{\"@context\":\"https:\\\/\\\/schema.org\",\"@graph\":[{\"@type\":\"Article\",\"@id\":\"https:\\\/\\\/canal7slp.tv\\\/2022\\\/avion-de-fuerza-aerea-despega-rumbo-rumania-para-repatriar-a-mexicanos-que-huyeron-de-ucrania\\\/#article\",\"isPartOf\":{\"@id\":\"https:\\\/\\\/canal7slp.tv\\\/2022\\\/avion-de-fuerza-aerea-despega-rumbo-rumania-para-repatriar-a-mexicanos-que-huyeron-de-ucrania\\\/\"},\"author\":{\"name\":\"Edici\u00f3n Web\",\"@id\":\"https:\\\/\\\/canal7slp.tv\\\/2022\\\/#\\\/schema\\\/person\\\/429704152a21f5f856ce29aa69a238da\"},\"headline\":\"Avi\u00f3n de Fuerza A\u00e9rea despega rumbo Rumania para repatriar a mexicanos que huyeron de Ucrania\",\"datePublished\":\"2022-02-27T21:58:47+00:00\",\"mainEntityOfPage\":{\"@id\":\"https:\\\/\\\/canal7slp.tv\\\/2022\\\/avion-de-fuerza-aerea-despega-rumbo-rumania-para-repatriar-a-mexicanos-que-huyeron-de-ucrania\\\/\"},\"wordCount\":144,\"publisher\":{\"@id\":\"https:\\\/\\\/canal7slp.tv\\\/2022\\\/#organization\"},\"image\":{\"@id\":\"https:\\\/\\\/canal7slp.tv\\\/2022\\\/avion-de-fuerza-aerea-despega-rumbo-rumania-para-repatriar-a-mexicanos-que-huyeron-de-ucrania\\\/#primaryimage\"},\"thumbnailUrl\":\"https:\\\/\\\/canal7slp.tv\\\/2022\\\/wp-content\\\/uploads\\\/2022\\\/02\\\/01-17.jpg\",\"articleSection\":[\"NACIONALES\"],\"inLanguage\":\"es\"},{\"@type\":\"WebPage\",\"@id\":\"https:\\\/\\\/canal7slp.tv\\\/2022\\\/avion-de-fuerza-aerea-despega-rumbo-rumania-para-repatriar-a-mexicanos-que-huyeron-de-ucrania\\\/\",\"url\":\"https:\\\/\\\/canal7slp.tv\\\/2022\\\/avion-de-fuerza-aerea-despega-rumbo-rumania-para-repatriar-a-mexicanos-que-huyeron-de-ucrania\\\/\",\"name\":\"Avi\u00f3n de Fuerza A\u00e9rea despega rumbo Rumania para repatriar a mexicanos que huyeron de Ucrania - Canal 7 SLP - 2022\",\"isPartOf\":{\"@id\":\"https:\\\/\\\/canal7slp.tv\\\/2022\\\/#website\"},\"primaryImageOfPage\":{\"@id\":\"https:\\\/\\\/canal7slp.tv\\\/2022\\\/avion-de-fuerza-aerea-despega-rumbo-rumania-para-repatriar-a-mexicanos-que-huyeron-de-ucrania\\\/#primaryimage\"},\"image\":{\"@id\":\"https:\\\/\\\/canal7slp.tv\\\/2022\\\/avion-de-fuerza-aerea-despega-rumbo-rumania-para-repatriar-a-mexicanos-que-huyeron-de-ucrania\\\/#primaryimage\"},\"thumbnailUrl\":\"https:\\\/\\\/canal7slp.tv\\\/2022\\\/wp-content\\\/uploads\\\/2022\\\/02\\\/01-17.jpg\",\"datePublished\":\"2022-02-27T21:58:47+00:00\",\"breadcrumb\":{\"@id\":\"https:\\\/\\\/canal7slp.tv\\\/2022\\\/avion-de-fuerza-aerea-despega-rumbo-rumania-para-repatriar-a-mexicanos-que-huyeron-de-ucrania\\\/#breadcrumb\"},\"inLanguage\":\"es\",\"potentialAction\":[{\"@type\":\"ReadAction\",\"target\":[\"https:\\\/\\\/canal7slp.tv\\\/2022\\\/avion-de-fuerza-aerea-despega-rumbo-rumania-para-repatriar-a-mexicanos-que-huyeron-de-ucrania\\\/\"]}]},{\"@type\":\"ImageObject\",\"inLanguage\":\"es\",\"@id\":\"https:\\\/\\\/canal7slp.tv\\\/2022\\\/avion-de-fuerza-aerea-despega-rumbo-rumania-para-repatriar-a-mexicanos-que-huyeron-de-ucrania\\\/#primaryimage\",\"url\":\"https:\\\/\\\/canal7slp.tv\\\/2022\\\/wp-content\\\/uploads\\\/2022\\\/02\\\/01-17.jpg\",\"contentUrl\":\"https:\\\/\\\/canal7slp.tv\\\/2022\\\/wp-content\\\/uploads\\\/2022\\\/02\\\/01-17.jpg\",\"width\":946,\"height\":532},{\"@type\":\"BreadcrumbList\",\"@id\":\"https:\\\/\\\/canal7slp.tv\\\/2022\\\/avion-de-fuerza-aerea-despega-rumbo-rumania-para-repatriar-a-mexicanos-que-huyeron-de-ucrania\\\/#breadcrumb\",\"itemListElement\":[{\"@type\":\"ListItem\",\"position\":1,\"name\":\"Portada\",\"item\":\"https:\\\/\\\/canal7slp.tv\\\/2022\\\/\"},{\"@type\":\"ListItem\",\"position\":2,\"name\":\"Avi\u00f3n de Fuerza A\u00e9rea despega rumbo Rumania para repatriar a mexicanos que huyeron de Ucrania\"}]},{\"@type\":\"WebSite\",\"@id\":\"https:\\\/\\\/canal7slp.tv\\\/2022\\\/#website\",\"url\":\"https:\\\/\\\/canal7slp.tv\\\/2022\\\/\",\"name\":\"N7 - Noticieros Canal 7\",\"description\":\"Somos Televisi\u00f3n\",\"publisher\":{\"@id\":\"https:\\\/\\\/canal7slp.tv\\\/2022\\\/#organization\"},\"potentialAction\":[{\"@type\":\"SearchAction\",\"target\":{\"@type\":\"EntryPoint\",\"urlTemplate\":\"https:\\\/\\\/canal7slp.tv\\\/2022\\\/?s={search_term_string}\"},\"query-input\":{\"@type\":\"PropertyValueSpecification\",\"valueRequired\":true,\"valueName\":\"search_term_string\"}}],\"inLanguage\":\"es\"},{\"@type\":\"Organization\",\"@id\":\"https:\\\/\\\/canal7slp.tv\\\/2022\\\/#organization\",\"name\":\"Noticieros Canal 7\",\"url\":\"https:\\\/\\\/canal7slp.tv\\\/2022\\\/\",\"logo\":{\"@type\":\"ImageObject\",\"inLanguage\":\"es\",\"@id\":\"https:\\\/\\\/canal7slp.tv\\\/2022\\\/#\\\/schema\\\/logo\\\/image\\\/\",\"url\":\"https:\\\/\\\/canal7slp.tv\\\/2022\\\/wp-content\\\/uploads\\\/2021\\\/01\\\/logo-noticieros@2x.png\",\"contentUrl\":\"https:\\\/\\\/canal7slp.tv\\\/2022\\\/wp-content\\\/uploads\\\/2021\\\/01\\\/logo-noticieros@2x.png\",\"width\":1017,\"height\":268,\"caption\":\"Noticieros Canal 7\"},\"image\":{\"@id\":\"https:\\\/\\\/canal7slp.tv\\\/2022\\\/#\\\/schema\\\/logo\\\/image\\\/\"},\"sameAs\":[\"https:\\\/\\\/www.facebook.com\\\/noticieroscanalsiete\",\"https:\\\/\\\/x.com\\\/NOTICIEROS7\",\"https:\\\/\\\/www.instagram.com\\\/canal7_slp\",\"https:\\\/\\\/www.youtube.com\\\/channel\\\/UCliiYs-gP3JfJeqdPrNdd5A\"]},{\"@type\":\"Person\",\"@id\":\"https:\\\/\\\/canal7slp.tv\\\/2022\\\/#\\\/schema\\\/person\\\/429704152a21f5f856ce29aa69a238da\",\"name\":\"Edici\u00f3n Web\",\"image\":{\"@type\":\"ImageObject\",\"inLanguage\":\"es\",\"@id\":\"https:\\\/\\\/secure.gravatar.com\\\/avatar\\\/eee448fc3f7164808013b816ba91ac7e43bbe82a70bebac296f8bc6f0addaa1a?s=96&d=mm&r=g\",\"url\":\"https:\\\/\\\/secure.gravatar.com\\\/avatar\\\/eee448fc3f7164808013b816ba91ac7e43bbe82a70bebac296f8bc6f0addaa1a?s=96&d=mm&r=g\",\"contentUrl\":\"https:\\\/\\\/secure.gravatar.com\\\/avatar\\\/eee448fc3f7164808013b816ba91ac7e43bbe82a70bebac296f8bc6f0addaa1a?s=96&d=mm&r=g\",\"caption\":\"Edici\u00f3n Web\"},\"url\":\"https:\\\/\\\/canal7slp.tv\\\/2022\\\/author\\\/edicionweb\\\/\"}]}<\/script>\n<!-- \/ Yoast SEO plugin. -->","yoast_head_json":{"title":"Avi\u00f3n de Fuerza A\u00e9rea despega rumbo Rumania para repatriar a mexicanos que huyeron de Ucrania - Canal 7 SLP - 2022","robots":{"index":"index","follow":"follow","max-snippet":"max-snippet:-1","max-image-preview":"max-image-preview:large","max-video-preview":"max-video-preview:-1"},"canonical":"https:\/\/canal7slp.tv\/2022\/avion-de-fuerza-aerea-despega-rumbo-rumania-para-repatriar-a-mexicanos-que-huyeron-de-ucrania\/","og_locale":"es_ES","og_type":"article","og_title":"Avi\u00f3n de Fuerza A\u00e9rea despega rumbo Rumania para repatriar a mexicanos que huyeron de Ucrania - Canal 7 SLP - 2022","og_description":"M\u00e9xico.- Un Boeing modelo 737-800 de la Fuerza A\u00e9rea Mexicana, parti\u00f3 este domingo con rumbo a Rumania a fin de repatriar a los connacionales que fueron evacuados de Ucrania a ra\u00edz del conflicto con Rusia. En la aeronave viaja el personal de la Secretar\u00eda de Relaciones Exteriores (SRE). Cabe se\u00f1alar que se har\u00e1 una escala en Canad\u00e1 para luego salir hacia Irlanda, en donde reposar\u00e1 el avi\u00f3n. Tras esto, la el Boeing partir\u00e1 el 28 de Febrero con rumbo a Bucarest, Rumania, donde ya fueron desplazados al menos 22 mexicanos. Guillermo Ordorica, embajador de M\u00e9xico en Rumania, es el responsable [&hellip;]","og_url":"https:\/\/canal7slp.tv\/2022\/avion-de-fuerza-aerea-despega-rumbo-rumania-para-repatriar-a-mexicanos-que-huyeron-de-ucrania\/","og_site_name":"Canal 7 SLP - 2022","article_publisher":"https:\/\/www.facebook.com\/noticieroscanalsiete","article_published_time":"2022-02-27T21:58:47+00:00","og_image":[{"width":946,"height":532,"url":"https:\/\/canal7slp.tv\/2022\/wp-content\/uploads\/2022\/02\/01-17.jpg","type":"image\/jpeg"}],"author":"Edici\u00f3n Web","twitter_card":"summary_large_image","twitter_creator":"@NOTICIEROS7","twitter_site":"@NOTICIEROS7","twitter_misc":{"Escrito por":"Edici\u00f3n Web","Tiempo de lectura":"1 minuto"},"schema":{"@context":"https:\/\/schema.org","@graph":[{"@type":"Article","@id":"https:\/\/canal7slp.tv\/2022\/avion-de-fuerza-aerea-despega-rumbo-rumania-para-repatriar-a-mexicanos-que-huyeron-de-ucrania\/#article","isPartOf":{"@id":"https:\/\/canal7slp.tv\/2022\/avion-de-fuerza-aerea-despega-rumbo-rumania-para-repatriar-a-mexicanos-que-huyeron-de-ucrania\/"},"author":{"name":"Edici\u00f3n Web","@id":"https:\/\/canal7slp.tv\/2022\/#\/schema\/person\/429704152a21f5f856ce29aa69a238da"},"headline":"Avi\u00f3n de Fuerza A\u00e9rea despega rumbo Rumania para repatriar a mexicanos que huyeron de Ucrania","datePublished":"2022-02-27T21:58:47+00:00","mainEntityOfPage":{"@id":"https:\/\/canal7slp.tv\/2022\/avion-de-fuerza-aerea-despega-rumbo-rumania-para-repatriar-a-mexicanos-que-huyeron-de-ucrania\/"},"wordCount":144,"publisher":{"@id":"https:\/\/canal7slp.tv\/2022\/#organization"},"image":{"@id":"https:\/\/canal7slp.tv\/2022\/avion-de-fuerza-aerea-despega-rumbo-rumania-para-repatriar-a-mexicanos-que-huyeron-de-ucrania\/#primaryimage"},"thumbnailUrl":"https:\/\/canal7slp.tv\/2022\/wp-content\/uploads\/2022\/02\/01-17.jpg","articleSection":["NACIONALES"],"inLanguage":"es"},{"@type":"WebPage","@id":"https:\/\/canal7slp.tv\/2022\/avion-de-fuerza-aerea-despega-rumbo-rumania-para-repatriar-a-mexicanos-que-huyeron-de-ucrania\/","url":"https:\/\/canal7slp.tv\/2022\/avion-de-fuerza-aerea-despega-rumbo-rumania-para-repatriar-a-mexicanos-que-huyeron-de-ucrania\/","name":"Avi\u00f3n de Fuerza A\u00e9rea despega rumbo Rumania para repatriar a mexicanos que huyeron de Ucrania - Canal 7 SLP - 2022","isPartOf":{"@id":"https:\/\/canal7slp.tv\/2022\/#website"},"primaryImageOfPage":{"@id":"https:\/\/canal7slp.tv\/2022\/avion-de-fuerza-aerea-despega-rumbo-rumania-para-repatriar-a-mexicanos-que-huyeron-de-ucrania\/#primaryimage"},"image":{"@id":"https:\/\/canal7slp.tv\/2022\/avion-de-fuerza-aerea-despega-rumbo-rumania-para-repatriar-a-mexicanos-que-huyeron-de-ucrania\/#primaryimage"},"thumbnailUrl":"https:\/\/canal7slp.tv\/2022\/wp-content\/uploads\/2022\/02\/01-17.jpg","datePublished":"2022-02-27T21:58:47+00:00","breadcrumb":{"@id":"https:\/\/canal7slp.tv\/2022\/avion-de-fuerza-aerea-despega-rumbo-rumania-para-repatriar-a-mexicanos-que-huyeron-de-ucrania\/#breadcrumb"},"inLanguage":"es","potentialAction":[{"@type":"ReadAction","target":["https:\/\/canal7slp.tv\/2022\/avion-de-fuerza-aerea-despega-rumbo-rumania-para-repatriar-a-mexicanos-que-huyeron-de-ucrania\/"]}]},{"@type":"ImageObject","inLanguage":"es","@id":"https:\/\/canal7slp.tv\/2022\/avion-de-fuerza-aerea-despega-rumbo-rumania-para-repatriar-a-mexicanos-que-huyeron-de-ucrania\/#primaryimage","url":"https:\/\/canal7slp.tv\/2022\/wp-content\/uploads\/2022\/02\/01-17.jpg","contentUrl":"https:\/\/canal7slp.tv\/2022\/wp-content\/uploads\/2022\/02\/01-17.jpg","width":946,"height":532},{"@type":"BreadcrumbList","@id":"https:\/\/canal7slp.tv\/2022\/avion-de-fuerza-aerea-despega-rumbo-rumania-para-repatriar-a-mexicanos-que-huyeron-de-ucrania\/#breadcrumb","itemListElement":[{"@type":"ListItem","position":1,"name":"Portada","item":"https:\/\/canal7slp.tv\/2022\/"},{"@type":"ListItem","position":2,"name":"Avi\u00f3n de Fuerza A\u00e9rea despega rumbo Rumania para repatriar a mexicanos que huyeron de Ucrania"}]},{"@type":"WebSite","@id":"https:\/\/canal7slp.tv\/2022\/#website","url":"https:\/\/canal7slp.tv\/2022\/","name":"N7 - Noticieros Canal 7","description":"Somos Televisi\u00f3n","publisher":{"@id":"https:\/\/canal7slp.tv\/2022\/#organization"},"potentialAction":[{"@type":"SearchAction","target":{"@type":"EntryPoint","urlTemplate":"https:\/\/canal7slp.tv\/2022\/?s={search_term_string}"},"query-input":{"@type":"PropertyValueSpecification","valueRequired":true,"valueName":"search_term_string"}}],"inLanguage":"es"},{"@type":"Organization","@id":"https:\/\/canal7slp.tv\/2022\/#organization","name":"Noticieros Canal 7","url":"https:\/\/canal7slp.tv\/2022\/","logo":{"@type":"ImageObject","inLanguage":"es","@id":"https:\/\/canal7slp.tv\/2022\/#\/schema\/logo\/image\/","url":"https:\/\/canal7slp.tv\/2022\/wp-content\/uploads\/2021\/01\/logo-noticieros@2x.png","contentUrl":"https:\/\/canal7slp.tv\/2022\/wp-content\/uploads\/2021\/01\/logo-noticieros@2x.png","width":1017,"height":268,"caption":"Noticieros Canal 7"},"image":{"@id":"https:\/\/canal7slp.tv\/2022\/#\/schema\/logo\/image\/"},"sameAs":["https:\/\/www.facebook.com\/noticieroscanalsiete","https:\/\/x.com\/NOTICIEROS7","https:\/\/www.instagram.com\/canal7_slp","https:\/\/www.youtube.com\/channel\/UCliiYs-gP3JfJeqdPrNdd5A"]},{"@type":"Person","@id":"https:\/\/canal7slp.tv\/2022\/#\/schema\/person\/429704152a21f5f856ce29aa69a238da","name":"Edici\u00f3n Web","image":{"@type":"ImageObject","inLanguage":"es","@id":"https:\/\/secure.gravatar.com\/avatar\/eee448fc3f7164808013b816ba91ac7e43bbe82a70bebac296f8bc6f0addaa1a?s=96&d=mm&r=g","url":"https:\/\/secure.gravatar.com\/avatar\/eee448fc3f7164808013b816ba91ac7e43bbe82a70bebac296f8bc6f0addaa1a?s=96&d=mm&r=g","contentUrl":"https:\/\/secure.gravatar.com\/avatar\/eee448fc3f7164808013b816ba91ac7e43bbe82a70bebac296f8bc6f0addaa1a?s=96&d=mm&r=g","caption":"Edici\u00f3n Web"},"url":"https:\/\/canal7slp.tv\/2022\/author\/edicionweb\/"}]}},"amp_enabled":true,"_links":{"self":[{"href":"https:\/\/canal7slp.tv\/2022\/wp-json\/wp\/v2\/posts\/52571","targetHints":{"allow":["GET"]}}],"collection":[{"href":"https:\/\/canal7slp.tv\/2022\/wp-json\/wp\/v2\/posts"}],"about":[{"href":"https:\/\/canal7slp.tv\/2022\/wp-json\/wp\/v2\/types\/post"}],"author":[{"embeddable":true,"href":"https:\/\/canal7slp.tv\/2022\/wp-json\/wp\/v2\/users\/2"}],"replies":[{"embeddable":true,"href":"https:\/\/canal7slp.tv\/2022\/wp-json\/wp\/v2\/comments?post=52571"}],"version-history":[{"count":2,"href":"https:\/\/canal7slp.tv\/2022\/wp-json\/wp\/v2\/posts\/52571\/revisions"}],"predecessor-version":[{"id":52589,"href":"https:\/\/canal7slp.tv\/2022\/wp-json\/wp\/v2\/posts\/52571\/revisions\/52589"}],"wp:featuredmedia":[{"embeddable":true,"href":"https:\/\/canal7slp.tv\/2022\/wp-json\/wp\/v2\/media\/52583"}],"wp:attachment":[{"href":"https:\/\/canal7slp.tv\/2022\/wp-json\/wp\/v2\/media?parent=52571"}],"wp:term":[{"taxonomy":"category","embeddable":true,"href":"https:\/\/canal7slp.tv\/2022\/wp-json\/wp\/v2\/categories?post=52571"},{"taxonomy":"post_tag","embeddable":true,"href":"https:\/\/canal7slp.tv\/2022\/wp-json\/wp\/v2\/tags?post=52571"}],"curies":[{"name":"wp","href":"https:\/\/api.w.org\/{rel}","templated":true}]}}