{"id":52565,"date":"2022-02-27T14:44:03","date_gmt":"2022-02-27T20:44:03","guid":{"rendered":"https:\/\/canal7slp.tv\/2022\/?p=52565"},"modified":"2022-02-27T14:44:03","modified_gmt":"2022-02-27T20:44:03","slug":"trasciende-que-el-mijis-murio-en-accidente-automovilistico-familiares-rechazan-la-version-y-piden-no-especular","status":"publish","type":"post","link":"https:\/\/canal7slp.tv\/2022\/trasciende-que-el-mijis-murio-en-accidente-automovilistico-familiares-rechazan-la-version-y-piden-no-especular\/","title":{"rendered":"Trasciende que \u00abEl Mijis\u00bb muri\u00f3 en accidente automovil\u00edstico; familiares rechazan la versi\u00f3n y piden no especular&#8230;"},"content":{"rendered":"<p style=\"text-align: justify;\">SLP.- Trasciende que la Fiscal\u00eda de Tamaulipas convoc\u00f3 a familiares del exdiputado Pedro C\u00e9sar Carrizales Becerra, alias \u00abEl Mijis\u00bb para informar que hab\u00eda perdido la vida en un accidente automovil\u00edstico en la carretera Ribere\u00f1a.<\/p>\n<p style=\"text-align: justify;\">Dicha versi\u00f3n extraoficial aclara que los familiares descartan la situaci\u00f3n y en redes sociales mantienen la b\u00fasqueda.<\/p>\n<p style=\"text-align: justify;\">Los datos no oficiales que asimismo circulan a nivel nacional apuntan a que la camioneta se incendi\u00f3 y el cuerpo qued\u00f3 incinerado -lo cu\u00e1l entorpeci\u00f3 la identificaci\u00f3n-.<\/p>\n<p style=\"text-align: justify;\">Supuestamente el accidente se habr\u00eda registrado los primeros d\u00edas de febrero en la carretera federal 2.<\/p>\n<p style=\"text-align: justify;\">La \u00faltima vez que se vio con vida a Pedro C\u00e9sar Carrizales Becerra fue el 31 de enero.<\/p>\n<p><img loading=\"lazy\" decoding=\"async\" class=\"size-medium wp-image-52567 aligncenter\" src=\"https:\/\/canal7slp.tv\/2022\/wp-content\/uploads\/2022\/02\/Mijis-211x300.jpg\" alt=\"\" width=\"211\" height=\"300\" srcset=\"https:\/\/canal7slp.tv\/2022\/wp-content\/uploads\/2022\/02\/Mijis-211x300.jpg 211w, https:\/\/canal7slp.tv\/2022\/wp-content\/uploads\/2022\/02\/Mijis.jpg 720w\" sizes=\"auto, (max-width: 211px) 100vw, 211px\" \/><\/p>\n<p>&nbsp;<\/p>\n","protected":false},"excerpt":{"rendered":"<p>SLP.- Trasciende que la Fiscal\u00eda de Tamaulipas convoc\u00f3 a familiares del exdiputado Pedro C\u00e9sar Carrizales Becerra, alias \u00abEl Mijis\u00bb para informar que hab\u00eda perdido la vida en un accidente automovil\u00edstico en la carretera Ribere\u00f1a. Dicha versi\u00f3n extraoficial aclara que los familiares descartan la situaci\u00f3n y en redes sociales mantienen la b\u00fasqueda. Los datos no oficiales que asimismo circulan a nivel nacional apuntan a que la camioneta se incendi\u00f3 y el cuerpo qued\u00f3 incinerado -lo cu\u00e1l entorpeci\u00f3 la identificaci\u00f3n-. Supuestamente el accidente se habr\u00eda registrado los primeros d\u00edas de febrero en la carretera federal 2. La \u00faltima vez que se vio [&hellip;]<\/p>\n","protected":false},"author":2,"featured_media":52568,"comment_status":"closed","ping_status":"closed","sticky":false,"template":"","format":"standard","meta":{"footnotes":""},"categories":[45],"tags":[],"class_list":["post-52565","post","type-post","status-publish","format-standard","has-post-thumbnail","hentry","category-localesyregionales","post--single"],"yoast_head":"<!-- This site is optimized with the Yoast SEO plugin v27.4 - https:\/\/yoast.com\/product\/yoast-seo-wordpress\/ -->\n<title>Trasciende que &quot;El Mijis&quot; muri\u00f3 en accidente automovil\u00edstico; familiares rechazan la versi\u00f3n y piden no especular... - Canal 7 SLP - 2022<\/title>\n<meta name=\"robots\" content=\"index, follow, max-snippet:-1, max-image-preview:large, max-video-preview:-1\" \/>\n<link rel=\"canonical\" href=\"https:\/\/canal7slp.tv\/2022\/trasciende-que-el-mijis-murio-en-accidente-automovilistico-familiares-rechazan-la-version-y-piden-no-especular\/\" \/>\n<meta property=\"og:locale\" content=\"es_ES\" \/>\n<meta property=\"og:type\" content=\"article\" \/>\n<meta property=\"og:title\" content=\"Trasciende que &quot;El Mijis&quot; muri\u00f3 en accidente automovil\u00edstico; familiares rechazan la versi\u00f3n y piden no especular... - Canal 7 SLP - 2022\" \/>\n<meta property=\"og:description\" content=\"SLP.- Trasciende que la Fiscal\u00eda de Tamaulipas convoc\u00f3 a familiares del exdiputado Pedro C\u00e9sar Carrizales Becerra, alias \u00abEl Mijis\u00bb para informar que hab\u00eda perdido la vida en un accidente automovil\u00edstico en la carretera Ribere\u00f1a. Dicha versi\u00f3n extraoficial aclara que los familiares descartan la situaci\u00f3n y en redes sociales mantienen la b\u00fasqueda. Los datos no oficiales que asimismo circulan a nivel nacional apuntan a que la camioneta se incendi\u00f3 y el cuerpo qued\u00f3 incinerado -lo cu\u00e1l entorpeci\u00f3 la identificaci\u00f3n-. Supuestamente el accidente se habr\u00eda registrado los primeros d\u00edas de febrero en la carretera federal 2. La \u00faltima vez que se vio [&hellip;]\" \/>\n<meta property=\"og:url\" content=\"https:\/\/canal7slp.tv\/2022\/trasciende-que-el-mijis-murio-en-accidente-automovilistico-familiares-rechazan-la-version-y-piden-no-especular\/\" \/>\n<meta property=\"og:site_name\" content=\"Canal 7 SLP - 2022\" \/>\n<meta property=\"article:publisher\" content=\"https:\/\/www.facebook.com\/noticieroscanalsiete\" \/>\n<meta property=\"article:published_time\" content=\"2022-02-27T20:44:03+00:00\" \/>\n<meta property=\"og:image\" content=\"https:\/\/canal7slp.tv\/2022\/wp-content\/uploads\/2022\/02\/Mijis2.jpg\" \/>\n\t<meta property=\"og:image:width\" content=\"720\" \/>\n\t<meta property=\"og:image:height\" content=\"331\" \/>\n\t<meta property=\"og:image:type\" content=\"image\/jpeg\" \/>\n<meta name=\"author\" content=\"Edici\u00f3n Web\" \/>\n<meta name=\"twitter:card\" content=\"summary_large_image\" \/>\n<meta name=\"twitter:creator\" content=\"@NOTICIEROS7\" \/>\n<meta name=\"twitter:site\" content=\"@NOTICIEROS7\" \/>\n<meta name=\"twitter:label1\" content=\"Escrito por\" \/>\n\t<meta name=\"twitter:data1\" content=\"Edici\u00f3n Web\" \/>\n\t<meta name=\"twitter:label2\" content=\"Tiempo de lectura\" \/>\n\t<meta name=\"twitter:data2\" content=\"1 minuto\" \/>\n<script type=\"application\/ld+json\" class=\"yoast-schema-graph\">{\"@context\":\"https:\\\/\\\/schema.org\",\"@graph\":[{\"@type\":\"Article\",\"@id\":\"https:\\\/\\\/canal7slp.tv\\\/2022\\\/trasciende-que-el-mijis-murio-en-accidente-automovilistico-familiares-rechazan-la-version-y-piden-no-especular\\\/#article\",\"isPartOf\":{\"@id\":\"https:\\\/\\\/canal7slp.tv\\\/2022\\\/trasciende-que-el-mijis-murio-en-accidente-automovilistico-familiares-rechazan-la-version-y-piden-no-especular\\\/\"},\"author\":{\"name\":\"Edici\u00f3n Web\",\"@id\":\"https:\\\/\\\/canal7slp.tv\\\/2022\\\/#\\\/schema\\\/person\\\/429704152a21f5f856ce29aa69a238da\"},\"headline\":\"Trasciende que \u00abEl Mijis\u00bb muri\u00f3 en accidente automovil\u00edstico; familiares rechazan la versi\u00f3n y piden no especular&#8230;\",\"datePublished\":\"2022-02-27T20:44:03+00:00\",\"mainEntityOfPage\":{\"@id\":\"https:\\\/\\\/canal7slp.tv\\\/2022\\\/trasciende-que-el-mijis-murio-en-accidente-automovilistico-familiares-rechazan-la-version-y-piden-no-especular\\\/\"},\"wordCount\":143,\"publisher\":{\"@id\":\"https:\\\/\\\/canal7slp.tv\\\/2022\\\/#organization\"},\"image\":{\"@id\":\"https:\\\/\\\/canal7slp.tv\\\/2022\\\/trasciende-que-el-mijis-murio-en-accidente-automovilistico-familiares-rechazan-la-version-y-piden-no-especular\\\/#primaryimage\"},\"thumbnailUrl\":\"https:\\\/\\\/canal7slp.tv\\\/2022\\\/wp-content\\\/uploads\\\/2022\\\/02\\\/Mijis2.jpg\",\"articleSection\":[\"LOCALES Y REGIONALES\"],\"inLanguage\":\"es\"},{\"@type\":\"WebPage\",\"@id\":\"https:\\\/\\\/canal7slp.tv\\\/2022\\\/trasciende-que-el-mijis-murio-en-accidente-automovilistico-familiares-rechazan-la-version-y-piden-no-especular\\\/\",\"url\":\"https:\\\/\\\/canal7slp.tv\\\/2022\\\/trasciende-que-el-mijis-murio-en-accidente-automovilistico-familiares-rechazan-la-version-y-piden-no-especular\\\/\",\"name\":\"Trasciende que \\\"El Mijis\\\" muri\u00f3 en accidente automovil\u00edstico; familiares rechazan la versi\u00f3n y piden no especular... - Canal 7 SLP - 2022\",\"isPartOf\":{\"@id\":\"https:\\\/\\\/canal7slp.tv\\\/2022\\\/#website\"},\"primaryImageOfPage\":{\"@id\":\"https:\\\/\\\/canal7slp.tv\\\/2022\\\/trasciende-que-el-mijis-murio-en-accidente-automovilistico-familiares-rechazan-la-version-y-piden-no-especular\\\/#primaryimage\"},\"image\":{\"@id\":\"https:\\\/\\\/canal7slp.tv\\\/2022\\\/trasciende-que-el-mijis-murio-en-accidente-automovilistico-familiares-rechazan-la-version-y-piden-no-especular\\\/#primaryimage\"},\"thumbnailUrl\":\"https:\\\/\\\/canal7slp.tv\\\/2022\\\/wp-content\\\/uploads\\\/2022\\\/02\\\/Mijis2.jpg\",\"datePublished\":\"2022-02-27T20:44:03+00:00\",\"breadcrumb\":{\"@id\":\"https:\\\/\\\/canal7slp.tv\\\/2022\\\/trasciende-que-el-mijis-murio-en-accidente-automovilistico-familiares-rechazan-la-version-y-piden-no-especular\\\/#breadcrumb\"},\"inLanguage\":\"es\",\"potentialAction\":[{\"@type\":\"ReadAction\",\"target\":[\"https:\\\/\\\/canal7slp.tv\\\/2022\\\/trasciende-que-el-mijis-murio-en-accidente-automovilistico-familiares-rechazan-la-version-y-piden-no-especular\\\/\"]}]},{\"@type\":\"ImageObject\",\"inLanguage\":\"es\",\"@id\":\"https:\\\/\\\/canal7slp.tv\\\/2022\\\/trasciende-que-el-mijis-murio-en-accidente-automovilistico-familiares-rechazan-la-version-y-piden-no-especular\\\/#primaryimage\",\"url\":\"https:\\\/\\\/canal7slp.tv\\\/2022\\\/wp-content\\\/uploads\\\/2022\\\/02\\\/Mijis2.jpg\",\"contentUrl\":\"https:\\\/\\\/canal7slp.tv\\\/2022\\\/wp-content\\\/uploads\\\/2022\\\/02\\\/Mijis2.jpg\",\"width\":720,\"height\":331},{\"@type\":\"BreadcrumbList\",\"@id\":\"https:\\\/\\\/canal7slp.tv\\\/2022\\\/trasciende-que-el-mijis-murio-en-accidente-automovilistico-familiares-rechazan-la-version-y-piden-no-especular\\\/#breadcrumb\",\"itemListElement\":[{\"@type\":\"ListItem\",\"position\":1,\"name\":\"Portada\",\"item\":\"https:\\\/\\\/canal7slp.tv\\\/2022\\\/\"},{\"@type\":\"ListItem\",\"position\":2,\"name\":\"Trasciende que &#8220;El Mijis&#8221; muri\u00f3 en accidente automovil\u00edstico; familiares rechazan la versi\u00f3n y piden no especular&#8230;\"}]},{\"@type\":\"WebSite\",\"@id\":\"https:\\\/\\\/canal7slp.tv\\\/2022\\\/#website\",\"url\":\"https:\\\/\\\/canal7slp.tv\\\/2022\\\/\",\"name\":\"N7 - Noticieros Canal 7\",\"description\":\"Somos Televisi\u00f3n\",\"publisher\":{\"@id\":\"https:\\\/\\\/canal7slp.tv\\\/2022\\\/#organization\"},\"potentialAction\":[{\"@type\":\"SearchAction\",\"target\":{\"@type\":\"EntryPoint\",\"urlTemplate\":\"https:\\\/\\\/canal7slp.tv\\\/2022\\\/?s={search_term_string}\"},\"query-input\":{\"@type\":\"PropertyValueSpecification\",\"valueRequired\":true,\"valueName\":\"search_term_string\"}}],\"inLanguage\":\"es\"},{\"@type\":\"Organization\",\"@id\":\"https:\\\/\\\/canal7slp.tv\\\/2022\\\/#organization\",\"name\":\"Noticieros Canal 7\",\"url\":\"https:\\\/\\\/canal7slp.tv\\\/2022\\\/\",\"logo\":{\"@type\":\"ImageObject\",\"inLanguage\":\"es\",\"@id\":\"https:\\\/\\\/canal7slp.tv\\\/2022\\\/#\\\/schema\\\/logo\\\/image\\\/\",\"url\":\"https:\\\/\\\/canal7slp.tv\\\/2022\\\/wp-content\\\/uploads\\\/2021\\\/01\\\/logo-noticieros@2x.png\",\"contentUrl\":\"https:\\\/\\\/canal7slp.tv\\\/2022\\\/wp-content\\\/uploads\\\/2021\\\/01\\\/logo-noticieros@2x.png\",\"width\":1017,\"height\":268,\"caption\":\"Noticieros Canal 7\"},\"image\":{\"@id\":\"https:\\\/\\\/canal7slp.tv\\\/2022\\\/#\\\/schema\\\/logo\\\/image\\\/\"},\"sameAs\":[\"https:\\\/\\\/www.facebook.com\\\/noticieroscanalsiete\",\"https:\\\/\\\/x.com\\\/NOTICIEROS7\",\"https:\\\/\\\/www.instagram.com\\\/canal7_slp\",\"https:\\\/\\\/www.youtube.com\\\/channel\\\/UCliiYs-gP3JfJeqdPrNdd5A\"]},{\"@type\":\"Person\",\"@id\":\"https:\\\/\\\/canal7slp.tv\\\/2022\\\/#\\\/schema\\\/person\\\/429704152a21f5f856ce29aa69a238da\",\"name\":\"Edici\u00f3n Web\",\"image\":{\"@type\":\"ImageObject\",\"inLanguage\":\"es\",\"@id\":\"https:\\\/\\\/secure.gravatar.com\\\/avatar\\\/eee448fc3f7164808013b816ba91ac7e43bbe82a70bebac296f8bc6f0addaa1a?s=96&d=mm&r=g\",\"url\":\"https:\\\/\\\/secure.gravatar.com\\\/avatar\\\/eee448fc3f7164808013b816ba91ac7e43bbe82a70bebac296f8bc6f0addaa1a?s=96&d=mm&r=g\",\"contentUrl\":\"https:\\\/\\\/secure.gravatar.com\\\/avatar\\\/eee448fc3f7164808013b816ba91ac7e43bbe82a70bebac296f8bc6f0addaa1a?s=96&d=mm&r=g\",\"caption\":\"Edici\u00f3n Web\"},\"url\":\"https:\\\/\\\/canal7slp.tv\\\/2022\\\/author\\\/edicionweb\\\/\"}]}<\/script>\n<!-- \/ Yoast SEO plugin. -->","yoast_head_json":{"title":"Trasciende que \"El Mijis\" muri\u00f3 en accidente automovil\u00edstico; familiares rechazan la versi\u00f3n y piden no especular... - Canal 7 SLP - 2022","robots":{"index":"index","follow":"follow","max-snippet":"max-snippet:-1","max-image-preview":"max-image-preview:large","max-video-preview":"max-video-preview:-1"},"canonical":"https:\/\/canal7slp.tv\/2022\/trasciende-que-el-mijis-murio-en-accidente-automovilistico-familiares-rechazan-la-version-y-piden-no-especular\/","og_locale":"es_ES","og_type":"article","og_title":"Trasciende que \"El Mijis\" muri\u00f3 en accidente automovil\u00edstico; familiares rechazan la versi\u00f3n y piden no especular... - Canal 7 SLP - 2022","og_description":"SLP.- Trasciende que la Fiscal\u00eda de Tamaulipas convoc\u00f3 a familiares del exdiputado Pedro C\u00e9sar Carrizales Becerra, alias \u00abEl Mijis\u00bb para informar que hab\u00eda perdido la vida en un accidente automovil\u00edstico en la carretera Ribere\u00f1a. Dicha versi\u00f3n extraoficial aclara que los familiares descartan la situaci\u00f3n y en redes sociales mantienen la b\u00fasqueda. Los datos no oficiales que asimismo circulan a nivel nacional apuntan a que la camioneta se incendi\u00f3 y el cuerpo qued\u00f3 incinerado -lo cu\u00e1l entorpeci\u00f3 la identificaci\u00f3n-. Supuestamente el accidente se habr\u00eda registrado los primeros d\u00edas de febrero en la carretera federal 2. La \u00faltima vez que se vio [&hellip;]","og_url":"https:\/\/canal7slp.tv\/2022\/trasciende-que-el-mijis-murio-en-accidente-automovilistico-familiares-rechazan-la-version-y-piden-no-especular\/","og_site_name":"Canal 7 SLP - 2022","article_publisher":"https:\/\/www.facebook.com\/noticieroscanalsiete","article_published_time":"2022-02-27T20:44:03+00:00","og_image":[{"width":720,"height":331,"url":"https:\/\/canal7slp.tv\/2022\/wp-content\/uploads\/2022\/02\/Mijis2.jpg","type":"image\/jpeg"}],"author":"Edici\u00f3n Web","twitter_card":"summary_large_image","twitter_creator":"@NOTICIEROS7","twitter_site":"@NOTICIEROS7","twitter_misc":{"Escrito por":"Edici\u00f3n Web","Tiempo de lectura":"1 minuto"},"schema":{"@context":"https:\/\/schema.org","@graph":[{"@type":"Article","@id":"https:\/\/canal7slp.tv\/2022\/trasciende-que-el-mijis-murio-en-accidente-automovilistico-familiares-rechazan-la-version-y-piden-no-especular\/#article","isPartOf":{"@id":"https:\/\/canal7slp.tv\/2022\/trasciende-que-el-mijis-murio-en-accidente-automovilistico-familiares-rechazan-la-version-y-piden-no-especular\/"},"author":{"name":"Edici\u00f3n Web","@id":"https:\/\/canal7slp.tv\/2022\/#\/schema\/person\/429704152a21f5f856ce29aa69a238da"},"headline":"Trasciende que \u00abEl Mijis\u00bb muri\u00f3 en accidente automovil\u00edstico; familiares rechazan la versi\u00f3n y piden no especular&#8230;","datePublished":"2022-02-27T20:44:03+00:00","mainEntityOfPage":{"@id":"https:\/\/canal7slp.tv\/2022\/trasciende-que-el-mijis-murio-en-accidente-automovilistico-familiares-rechazan-la-version-y-piden-no-especular\/"},"wordCount":143,"publisher":{"@id":"https:\/\/canal7slp.tv\/2022\/#organization"},"image":{"@id":"https:\/\/canal7slp.tv\/2022\/trasciende-que-el-mijis-murio-en-accidente-automovilistico-familiares-rechazan-la-version-y-piden-no-especular\/#primaryimage"},"thumbnailUrl":"https:\/\/canal7slp.tv\/2022\/wp-content\/uploads\/2022\/02\/Mijis2.jpg","articleSection":["LOCALES Y REGIONALES"],"inLanguage":"es"},{"@type":"WebPage","@id":"https:\/\/canal7slp.tv\/2022\/trasciende-que-el-mijis-murio-en-accidente-automovilistico-familiares-rechazan-la-version-y-piden-no-especular\/","url":"https:\/\/canal7slp.tv\/2022\/trasciende-que-el-mijis-murio-en-accidente-automovilistico-familiares-rechazan-la-version-y-piden-no-especular\/","name":"Trasciende que \"El Mijis\" muri\u00f3 en accidente automovil\u00edstico; familiares rechazan la versi\u00f3n y piden no especular... - Canal 7 SLP - 2022","isPartOf":{"@id":"https:\/\/canal7slp.tv\/2022\/#website"},"primaryImageOfPage":{"@id":"https:\/\/canal7slp.tv\/2022\/trasciende-que-el-mijis-murio-en-accidente-automovilistico-familiares-rechazan-la-version-y-piden-no-especular\/#primaryimage"},"image":{"@id":"https:\/\/canal7slp.tv\/2022\/trasciende-que-el-mijis-murio-en-accidente-automovilistico-familiares-rechazan-la-version-y-piden-no-especular\/#primaryimage"},"thumbnailUrl":"https:\/\/canal7slp.tv\/2022\/wp-content\/uploads\/2022\/02\/Mijis2.jpg","datePublished":"2022-02-27T20:44:03+00:00","breadcrumb":{"@id":"https:\/\/canal7slp.tv\/2022\/trasciende-que-el-mijis-murio-en-accidente-automovilistico-familiares-rechazan-la-version-y-piden-no-especular\/#breadcrumb"},"inLanguage":"es","potentialAction":[{"@type":"ReadAction","target":["https:\/\/canal7slp.tv\/2022\/trasciende-que-el-mijis-murio-en-accidente-automovilistico-familiares-rechazan-la-version-y-piden-no-especular\/"]}]},{"@type":"ImageObject","inLanguage":"es","@id":"https:\/\/canal7slp.tv\/2022\/trasciende-que-el-mijis-murio-en-accidente-automovilistico-familiares-rechazan-la-version-y-piden-no-especular\/#primaryimage","url":"https:\/\/canal7slp.tv\/2022\/wp-content\/uploads\/2022\/02\/Mijis2.jpg","contentUrl":"https:\/\/canal7slp.tv\/2022\/wp-content\/uploads\/2022\/02\/Mijis2.jpg","width":720,"height":331},{"@type":"BreadcrumbList","@id":"https:\/\/canal7slp.tv\/2022\/trasciende-que-el-mijis-murio-en-accidente-automovilistico-familiares-rechazan-la-version-y-piden-no-especular\/#breadcrumb","itemListElement":[{"@type":"ListItem","position":1,"name":"Portada","item":"https:\/\/canal7slp.tv\/2022\/"},{"@type":"ListItem","position":2,"name":"Trasciende que &#8220;El Mijis&#8221; muri\u00f3 en accidente automovil\u00edstico; familiares rechazan la versi\u00f3n y piden no especular&#8230;"}]},{"@type":"WebSite","@id":"https:\/\/canal7slp.tv\/2022\/#website","url":"https:\/\/canal7slp.tv\/2022\/","name":"N7 - Noticieros Canal 7","description":"Somos Televisi\u00f3n","publisher":{"@id":"https:\/\/canal7slp.tv\/2022\/#organization"},"potentialAction":[{"@type":"SearchAction","target":{"@type":"EntryPoint","urlTemplate":"https:\/\/canal7slp.tv\/2022\/?s={search_term_string}"},"query-input":{"@type":"PropertyValueSpecification","valueRequired":true,"valueName":"search_term_string"}}],"inLanguage":"es"},{"@type":"Organization","@id":"https:\/\/canal7slp.tv\/2022\/#organization","name":"Noticieros Canal 7","url":"https:\/\/canal7slp.tv\/2022\/","logo":{"@type":"ImageObject","inLanguage":"es","@id":"https:\/\/canal7slp.tv\/2022\/#\/schema\/logo\/image\/","url":"https:\/\/canal7slp.tv\/2022\/wp-content\/uploads\/2021\/01\/logo-noticieros@2x.png","contentUrl":"https:\/\/canal7slp.tv\/2022\/wp-content\/uploads\/2021\/01\/logo-noticieros@2x.png","width":1017,"height":268,"caption":"Noticieros Canal 7"},"image":{"@id":"https:\/\/canal7slp.tv\/2022\/#\/schema\/logo\/image\/"},"sameAs":["https:\/\/www.facebook.com\/noticieroscanalsiete","https:\/\/x.com\/NOTICIEROS7","https:\/\/www.instagram.com\/canal7_slp","https:\/\/www.youtube.com\/channel\/UCliiYs-gP3JfJeqdPrNdd5A"]},{"@type":"Person","@id":"https:\/\/canal7slp.tv\/2022\/#\/schema\/person\/429704152a21f5f856ce29aa69a238da","name":"Edici\u00f3n Web","image":{"@type":"ImageObject","inLanguage":"es","@id":"https:\/\/secure.gravatar.com\/avatar\/eee448fc3f7164808013b816ba91ac7e43bbe82a70bebac296f8bc6f0addaa1a?s=96&d=mm&r=g","url":"https:\/\/secure.gravatar.com\/avatar\/eee448fc3f7164808013b816ba91ac7e43bbe82a70bebac296f8bc6f0addaa1a?s=96&d=mm&r=g","contentUrl":"https:\/\/secure.gravatar.com\/avatar\/eee448fc3f7164808013b816ba91ac7e43bbe82a70bebac296f8bc6f0addaa1a?s=96&d=mm&r=g","caption":"Edici\u00f3n Web"},"url":"https:\/\/canal7slp.tv\/2022\/author\/edicionweb\/"}]}},"amp_enabled":true,"_links":{"self":[{"href":"https:\/\/canal7slp.tv\/2022\/wp-json\/wp\/v2\/posts\/52565","targetHints":{"allow":["GET"]}}],"collection":[{"href":"https:\/\/canal7slp.tv\/2022\/wp-json\/wp\/v2\/posts"}],"about":[{"href":"https:\/\/canal7slp.tv\/2022\/wp-json\/wp\/v2\/types\/post"}],"author":[{"embeddable":true,"href":"https:\/\/canal7slp.tv\/2022\/wp-json\/wp\/v2\/users\/2"}],"replies":[{"embeddable":true,"href":"https:\/\/canal7slp.tv\/2022\/wp-json\/wp\/v2\/comments?post=52565"}],"version-history":[{"count":3,"href":"https:\/\/canal7slp.tv\/2022\/wp-json\/wp\/v2\/posts\/52565\/revisions"}],"predecessor-version":[{"id":52570,"href":"https:\/\/canal7slp.tv\/2022\/wp-json\/wp\/v2\/posts\/52565\/revisions\/52570"}],"wp:featuredmedia":[{"embeddable":true,"href":"https:\/\/canal7slp.tv\/2022\/wp-json\/wp\/v2\/media\/52568"}],"wp:attachment":[{"href":"https:\/\/canal7slp.tv\/2022\/wp-json\/wp\/v2\/media?parent=52565"}],"wp:term":[{"taxonomy":"category","embeddable":true,"href":"https:\/\/canal7slp.tv\/2022\/wp-json\/wp\/v2\/categories?post=52565"},{"taxonomy":"post_tag","embeddable":true,"href":"https:\/\/canal7slp.tv\/2022\/wp-json\/wp\/v2\/tags?post=52565"}],"curies":[{"name":"wp","href":"https:\/\/api.w.org\/{rel}","templated":true}]}}