{"id":52504,"date":"2022-02-26T12:48:05","date_gmt":"2022-02-26T18:48:05","guid":{"rendered":"https:\/\/canal7slp.tv\/2022\/?p=52504"},"modified":"2022-02-26T12:48:05","modified_gmt":"2022-02-26T18:48:05","slug":"publican-acuerdo-para-que-el-aifa-opere-vuelos-nacionales-e-internacionales","status":"publish","type":"post","link":"https:\/\/canal7slp.tv\/2022\/publican-acuerdo-para-que-el-aifa-opere-vuelos-nacionales-e-internacionales\/","title":{"rendered":"Publican acuerdo para que el AIFA opere vuelos nacionales e internacionales"},"content":{"rendered":"<p style=\"text-align: justify;\">M\u00e9xico.- Autoridades publicaron en el Diario Oficial de la Federaci\u00f3n (DOF) un acuerdo en el que se reconoce que la infraestructura del Aeropuerto Internacional Felipe \u00c1ngeles (AIFA) es apta es para el aterrizaje y despegue tanto para vuelos nacionales como internacionales.<\/p>\n<p style=\"text-align: justify;\">Cabe se\u00f1alar, que el documento esta firmado por el presidente Andr\u00e9s Manuel L\u00f3pez Obrador. En el mismo, se establece que las instalaciones se usar\u00e1n para transporte p\u00fablico y privado.<\/p>\n<p style=\"text-align: justify;\">En el acuerdo indica que se cuenta con las instalaciones, se\u00f1ales de identificaci\u00f3n, equipos y servicios adecuados para atender a las aeronaves y pasajeros, esto detallado en un comunicado de la Secretar\u00eda de Infraestructura, Comunicaciones y Transportes (SICT).<\/p>\n<p style=\"text-align: justify;\">Cabe se\u00f1alar que las Aeromar, Volaris, Viva Aerob\u00fas, Interjey y Aerom\u00e9xico han confirmado que tendr\u00e1n operaciones en el AIFA.<\/p>\n","protected":false},"excerpt":{"rendered":"<p>M\u00e9xico.- Autoridades publicaron en el Diario Oficial de la Federaci\u00f3n (DOF) un acuerdo en el que se reconoce que la infraestructura del Aeropuerto Internacional Felipe \u00c1ngeles (AIFA) es apta es para el aterrizaje y despegue tanto para vuelos nacionales como internacionales. Cabe se\u00f1alar, que el documento esta firmado por el presidente Andr\u00e9s Manuel L\u00f3pez Obrador. En el mismo, se establece que las instalaciones se usar\u00e1n para transporte p\u00fablico y privado. En el acuerdo indica que se cuenta con las instalaciones, se\u00f1ales de identificaci\u00f3n, equipos y servicios adecuados para atender a las aeronaves y pasajeros, esto detallado en un comunicado de [&hellip;]<\/p>\n","protected":false},"author":2,"featured_media":52517,"comment_status":"closed","ping_status":"closed","sticky":false,"template":"","format":"standard","meta":{"footnotes":""},"categories":[46],"tags":[],"class_list":["post-52504","post","type-post","status-publish","format-standard","has-post-thumbnail","hentry","category-nacional","post--single"],"yoast_head":"<!-- This site is optimized with the Yoast SEO plugin v27.4 - https:\/\/yoast.com\/product\/yoast-seo-wordpress\/ -->\n<title>Publican acuerdo para que el AIFA opere vuelos nacionales e internacionales - Canal 7 SLP - 2022<\/title>\n<meta name=\"robots\" content=\"index, follow, max-snippet:-1, max-image-preview:large, max-video-preview:-1\" \/>\n<link rel=\"canonical\" href=\"https:\/\/canal7slp.tv\/2022\/publican-acuerdo-para-que-el-aifa-opere-vuelos-nacionales-e-internacionales\/\" \/>\n<meta property=\"og:locale\" content=\"es_ES\" \/>\n<meta property=\"og:type\" content=\"article\" \/>\n<meta property=\"og:title\" content=\"Publican acuerdo para que el AIFA opere vuelos nacionales e internacionales - Canal 7 SLP - 2022\" \/>\n<meta property=\"og:description\" content=\"M\u00e9xico.- Autoridades publicaron en el Diario Oficial de la Federaci\u00f3n (DOF) un acuerdo en el que se reconoce que la infraestructura del Aeropuerto Internacional Felipe \u00c1ngeles (AIFA) es apta es para el aterrizaje y despegue tanto para vuelos nacionales como internacionales. Cabe se\u00f1alar, que el documento esta firmado por el presidente Andr\u00e9s Manuel L\u00f3pez Obrador. En el mismo, se establece que las instalaciones se usar\u00e1n para transporte p\u00fablico y privado. En el acuerdo indica que se cuenta con las instalaciones, se\u00f1ales de identificaci\u00f3n, equipos y servicios adecuados para atender a las aeronaves y pasajeros, esto detallado en un comunicado de [&hellip;]\" \/>\n<meta property=\"og:url\" content=\"https:\/\/canal7slp.tv\/2022\/publican-acuerdo-para-que-el-aifa-opere-vuelos-nacionales-e-internacionales\/\" \/>\n<meta property=\"og:site_name\" content=\"Canal 7 SLP - 2022\" \/>\n<meta property=\"article:publisher\" content=\"https:\/\/www.facebook.com\/noticieroscanalsiete\" \/>\n<meta property=\"article:published_time\" content=\"2022-02-26T18:48:05+00:00\" \/>\n<meta property=\"og:image\" content=\"https:\/\/canal7slp.tv\/2022\/wp-content\/uploads\/2022\/02\/04-4.jpeg\" \/>\n\t<meta property=\"og:image:width\" content=\"1200\" \/>\n\t<meta property=\"og:image:height\" content=\"630\" \/>\n\t<meta property=\"og:image:type\" content=\"image\/jpeg\" \/>\n<meta name=\"author\" content=\"Edici\u00f3n Web\" \/>\n<meta name=\"twitter:card\" content=\"summary_large_image\" \/>\n<meta name=\"twitter:creator\" content=\"@NOTICIEROS7\" \/>\n<meta name=\"twitter:site\" content=\"@NOTICIEROS7\" \/>\n<meta name=\"twitter:label1\" content=\"Escrito por\" \/>\n\t<meta name=\"twitter:data1\" content=\"Edici\u00f3n Web\" \/>\n\t<meta name=\"twitter:label2\" content=\"Tiempo de lectura\" \/>\n\t<meta name=\"twitter:data2\" content=\"1 minuto\" \/>\n<script type=\"application\/ld+json\" class=\"yoast-schema-graph\">{\"@context\":\"https:\\\/\\\/schema.org\",\"@graph\":[{\"@type\":\"Article\",\"@id\":\"https:\\\/\\\/canal7slp.tv\\\/2022\\\/publican-acuerdo-para-que-el-aifa-opere-vuelos-nacionales-e-internacionales\\\/#article\",\"isPartOf\":{\"@id\":\"https:\\\/\\\/canal7slp.tv\\\/2022\\\/publican-acuerdo-para-que-el-aifa-opere-vuelos-nacionales-e-internacionales\\\/\"},\"author\":{\"name\":\"Edici\u00f3n Web\",\"@id\":\"https:\\\/\\\/canal7slp.tv\\\/2022\\\/#\\\/schema\\\/person\\\/429704152a21f5f856ce29aa69a238da\"},\"headline\":\"Publican acuerdo para que el AIFA opere vuelos nacionales e internacionales\",\"datePublished\":\"2022-02-26T18:48:05+00:00\",\"mainEntityOfPage\":{\"@id\":\"https:\\\/\\\/canal7slp.tv\\\/2022\\\/publican-acuerdo-para-que-el-aifa-opere-vuelos-nacionales-e-internacionales\\\/\"},\"wordCount\":153,\"publisher\":{\"@id\":\"https:\\\/\\\/canal7slp.tv\\\/2022\\\/#organization\"},\"image\":{\"@id\":\"https:\\\/\\\/canal7slp.tv\\\/2022\\\/publican-acuerdo-para-que-el-aifa-opere-vuelos-nacionales-e-internacionales\\\/#primaryimage\"},\"thumbnailUrl\":\"https:\\\/\\\/canal7slp.tv\\\/2022\\\/wp-content\\\/uploads\\\/2022\\\/02\\\/04-4.jpeg\",\"articleSection\":[\"NACIONALES\"],\"inLanguage\":\"es\"},{\"@type\":\"WebPage\",\"@id\":\"https:\\\/\\\/canal7slp.tv\\\/2022\\\/publican-acuerdo-para-que-el-aifa-opere-vuelos-nacionales-e-internacionales\\\/\",\"url\":\"https:\\\/\\\/canal7slp.tv\\\/2022\\\/publican-acuerdo-para-que-el-aifa-opere-vuelos-nacionales-e-internacionales\\\/\",\"name\":\"Publican acuerdo para que el AIFA opere vuelos nacionales e internacionales - Canal 7 SLP - 2022\",\"isPartOf\":{\"@id\":\"https:\\\/\\\/canal7slp.tv\\\/2022\\\/#website\"},\"primaryImageOfPage\":{\"@id\":\"https:\\\/\\\/canal7slp.tv\\\/2022\\\/publican-acuerdo-para-que-el-aifa-opere-vuelos-nacionales-e-internacionales\\\/#primaryimage\"},\"image\":{\"@id\":\"https:\\\/\\\/canal7slp.tv\\\/2022\\\/publican-acuerdo-para-que-el-aifa-opere-vuelos-nacionales-e-internacionales\\\/#primaryimage\"},\"thumbnailUrl\":\"https:\\\/\\\/canal7slp.tv\\\/2022\\\/wp-content\\\/uploads\\\/2022\\\/02\\\/04-4.jpeg\",\"datePublished\":\"2022-02-26T18:48:05+00:00\",\"breadcrumb\":{\"@id\":\"https:\\\/\\\/canal7slp.tv\\\/2022\\\/publican-acuerdo-para-que-el-aifa-opere-vuelos-nacionales-e-internacionales\\\/#breadcrumb\"},\"inLanguage\":\"es\",\"potentialAction\":[{\"@type\":\"ReadAction\",\"target\":[\"https:\\\/\\\/canal7slp.tv\\\/2022\\\/publican-acuerdo-para-que-el-aifa-opere-vuelos-nacionales-e-internacionales\\\/\"]}]},{\"@type\":\"ImageObject\",\"inLanguage\":\"es\",\"@id\":\"https:\\\/\\\/canal7slp.tv\\\/2022\\\/publican-acuerdo-para-que-el-aifa-opere-vuelos-nacionales-e-internacionales\\\/#primaryimage\",\"url\":\"https:\\\/\\\/canal7slp.tv\\\/2022\\\/wp-content\\\/uploads\\\/2022\\\/02\\\/04-4.jpeg\",\"contentUrl\":\"https:\\\/\\\/canal7slp.tv\\\/2022\\\/wp-content\\\/uploads\\\/2022\\\/02\\\/04-4.jpeg\",\"width\":1200,\"height\":630},{\"@type\":\"BreadcrumbList\",\"@id\":\"https:\\\/\\\/canal7slp.tv\\\/2022\\\/publican-acuerdo-para-que-el-aifa-opere-vuelos-nacionales-e-internacionales\\\/#breadcrumb\",\"itemListElement\":[{\"@type\":\"ListItem\",\"position\":1,\"name\":\"Portada\",\"item\":\"https:\\\/\\\/canal7slp.tv\\\/2022\\\/\"},{\"@type\":\"ListItem\",\"position\":2,\"name\":\"Publican acuerdo para que el AIFA opere vuelos nacionales e internacionales\"}]},{\"@type\":\"WebSite\",\"@id\":\"https:\\\/\\\/canal7slp.tv\\\/2022\\\/#website\",\"url\":\"https:\\\/\\\/canal7slp.tv\\\/2022\\\/\",\"name\":\"N7 - Noticieros Canal 7\",\"description\":\"Somos Televisi\u00f3n\",\"publisher\":{\"@id\":\"https:\\\/\\\/canal7slp.tv\\\/2022\\\/#organization\"},\"potentialAction\":[{\"@type\":\"SearchAction\",\"target\":{\"@type\":\"EntryPoint\",\"urlTemplate\":\"https:\\\/\\\/canal7slp.tv\\\/2022\\\/?s={search_term_string}\"},\"query-input\":{\"@type\":\"PropertyValueSpecification\",\"valueRequired\":true,\"valueName\":\"search_term_string\"}}],\"inLanguage\":\"es\"},{\"@type\":\"Organization\",\"@id\":\"https:\\\/\\\/canal7slp.tv\\\/2022\\\/#organization\",\"name\":\"Noticieros Canal 7\",\"url\":\"https:\\\/\\\/canal7slp.tv\\\/2022\\\/\",\"logo\":{\"@type\":\"ImageObject\",\"inLanguage\":\"es\",\"@id\":\"https:\\\/\\\/canal7slp.tv\\\/2022\\\/#\\\/schema\\\/logo\\\/image\\\/\",\"url\":\"https:\\\/\\\/canal7slp.tv\\\/2022\\\/wp-content\\\/uploads\\\/2021\\\/01\\\/logo-noticieros@2x.png\",\"contentUrl\":\"https:\\\/\\\/canal7slp.tv\\\/2022\\\/wp-content\\\/uploads\\\/2021\\\/01\\\/logo-noticieros@2x.png\",\"width\":1017,\"height\":268,\"caption\":\"Noticieros Canal 7\"},\"image\":{\"@id\":\"https:\\\/\\\/canal7slp.tv\\\/2022\\\/#\\\/schema\\\/logo\\\/image\\\/\"},\"sameAs\":[\"https:\\\/\\\/www.facebook.com\\\/noticieroscanalsiete\",\"https:\\\/\\\/x.com\\\/NOTICIEROS7\",\"https:\\\/\\\/www.instagram.com\\\/canal7_slp\",\"https:\\\/\\\/www.youtube.com\\\/channel\\\/UCliiYs-gP3JfJeqdPrNdd5A\"]},{\"@type\":\"Person\",\"@id\":\"https:\\\/\\\/canal7slp.tv\\\/2022\\\/#\\\/schema\\\/person\\\/429704152a21f5f856ce29aa69a238da\",\"name\":\"Edici\u00f3n Web\",\"image\":{\"@type\":\"ImageObject\",\"inLanguage\":\"es\",\"@id\":\"https:\\\/\\\/secure.gravatar.com\\\/avatar\\\/eee448fc3f7164808013b816ba91ac7e43bbe82a70bebac296f8bc6f0addaa1a?s=96&d=mm&r=g\",\"url\":\"https:\\\/\\\/secure.gravatar.com\\\/avatar\\\/eee448fc3f7164808013b816ba91ac7e43bbe82a70bebac296f8bc6f0addaa1a?s=96&d=mm&r=g\",\"contentUrl\":\"https:\\\/\\\/secure.gravatar.com\\\/avatar\\\/eee448fc3f7164808013b816ba91ac7e43bbe82a70bebac296f8bc6f0addaa1a?s=96&d=mm&r=g\",\"caption\":\"Edici\u00f3n Web\"},\"url\":\"https:\\\/\\\/canal7slp.tv\\\/2022\\\/author\\\/edicionweb\\\/\"}]}<\/script>\n<!-- \/ Yoast SEO plugin. -->","yoast_head_json":{"title":"Publican acuerdo para que el AIFA opere vuelos nacionales e internacionales - Canal 7 SLP - 2022","robots":{"index":"index","follow":"follow","max-snippet":"max-snippet:-1","max-image-preview":"max-image-preview:large","max-video-preview":"max-video-preview:-1"},"canonical":"https:\/\/canal7slp.tv\/2022\/publican-acuerdo-para-que-el-aifa-opere-vuelos-nacionales-e-internacionales\/","og_locale":"es_ES","og_type":"article","og_title":"Publican acuerdo para que el AIFA opere vuelos nacionales e internacionales - Canal 7 SLP - 2022","og_description":"M\u00e9xico.- Autoridades publicaron en el Diario Oficial de la Federaci\u00f3n (DOF) un acuerdo en el que se reconoce que la infraestructura del Aeropuerto Internacional Felipe \u00c1ngeles (AIFA) es apta es para el aterrizaje y despegue tanto para vuelos nacionales como internacionales. Cabe se\u00f1alar, que el documento esta firmado por el presidente Andr\u00e9s Manuel L\u00f3pez Obrador. En el mismo, se establece que las instalaciones se usar\u00e1n para transporte p\u00fablico y privado. En el acuerdo indica que se cuenta con las instalaciones, se\u00f1ales de identificaci\u00f3n, equipos y servicios adecuados para atender a las aeronaves y pasajeros, esto detallado en un comunicado de [&hellip;]","og_url":"https:\/\/canal7slp.tv\/2022\/publican-acuerdo-para-que-el-aifa-opere-vuelos-nacionales-e-internacionales\/","og_site_name":"Canal 7 SLP - 2022","article_publisher":"https:\/\/www.facebook.com\/noticieroscanalsiete","article_published_time":"2022-02-26T18:48:05+00:00","og_image":[{"width":1200,"height":630,"url":"https:\/\/canal7slp.tv\/2022\/wp-content\/uploads\/2022\/02\/04-4.jpeg","type":"image\/jpeg"}],"author":"Edici\u00f3n Web","twitter_card":"summary_large_image","twitter_creator":"@NOTICIEROS7","twitter_site":"@NOTICIEROS7","twitter_misc":{"Escrito por":"Edici\u00f3n Web","Tiempo de lectura":"1 minuto"},"schema":{"@context":"https:\/\/schema.org","@graph":[{"@type":"Article","@id":"https:\/\/canal7slp.tv\/2022\/publican-acuerdo-para-que-el-aifa-opere-vuelos-nacionales-e-internacionales\/#article","isPartOf":{"@id":"https:\/\/canal7slp.tv\/2022\/publican-acuerdo-para-que-el-aifa-opere-vuelos-nacionales-e-internacionales\/"},"author":{"name":"Edici\u00f3n Web","@id":"https:\/\/canal7slp.tv\/2022\/#\/schema\/person\/429704152a21f5f856ce29aa69a238da"},"headline":"Publican acuerdo para que el AIFA opere vuelos nacionales e internacionales","datePublished":"2022-02-26T18:48:05+00:00","mainEntityOfPage":{"@id":"https:\/\/canal7slp.tv\/2022\/publican-acuerdo-para-que-el-aifa-opere-vuelos-nacionales-e-internacionales\/"},"wordCount":153,"publisher":{"@id":"https:\/\/canal7slp.tv\/2022\/#organization"},"image":{"@id":"https:\/\/canal7slp.tv\/2022\/publican-acuerdo-para-que-el-aifa-opere-vuelos-nacionales-e-internacionales\/#primaryimage"},"thumbnailUrl":"https:\/\/canal7slp.tv\/2022\/wp-content\/uploads\/2022\/02\/04-4.jpeg","articleSection":["NACIONALES"],"inLanguage":"es"},{"@type":"WebPage","@id":"https:\/\/canal7slp.tv\/2022\/publican-acuerdo-para-que-el-aifa-opere-vuelos-nacionales-e-internacionales\/","url":"https:\/\/canal7slp.tv\/2022\/publican-acuerdo-para-que-el-aifa-opere-vuelos-nacionales-e-internacionales\/","name":"Publican acuerdo para que el AIFA opere vuelos nacionales e internacionales - Canal 7 SLP - 2022","isPartOf":{"@id":"https:\/\/canal7slp.tv\/2022\/#website"},"primaryImageOfPage":{"@id":"https:\/\/canal7slp.tv\/2022\/publican-acuerdo-para-que-el-aifa-opere-vuelos-nacionales-e-internacionales\/#primaryimage"},"image":{"@id":"https:\/\/canal7slp.tv\/2022\/publican-acuerdo-para-que-el-aifa-opere-vuelos-nacionales-e-internacionales\/#primaryimage"},"thumbnailUrl":"https:\/\/canal7slp.tv\/2022\/wp-content\/uploads\/2022\/02\/04-4.jpeg","datePublished":"2022-02-26T18:48:05+00:00","breadcrumb":{"@id":"https:\/\/canal7slp.tv\/2022\/publican-acuerdo-para-que-el-aifa-opere-vuelos-nacionales-e-internacionales\/#breadcrumb"},"inLanguage":"es","potentialAction":[{"@type":"ReadAction","target":["https:\/\/canal7slp.tv\/2022\/publican-acuerdo-para-que-el-aifa-opere-vuelos-nacionales-e-internacionales\/"]}]},{"@type":"ImageObject","inLanguage":"es","@id":"https:\/\/canal7slp.tv\/2022\/publican-acuerdo-para-que-el-aifa-opere-vuelos-nacionales-e-internacionales\/#primaryimage","url":"https:\/\/canal7slp.tv\/2022\/wp-content\/uploads\/2022\/02\/04-4.jpeg","contentUrl":"https:\/\/canal7slp.tv\/2022\/wp-content\/uploads\/2022\/02\/04-4.jpeg","width":1200,"height":630},{"@type":"BreadcrumbList","@id":"https:\/\/canal7slp.tv\/2022\/publican-acuerdo-para-que-el-aifa-opere-vuelos-nacionales-e-internacionales\/#breadcrumb","itemListElement":[{"@type":"ListItem","position":1,"name":"Portada","item":"https:\/\/canal7slp.tv\/2022\/"},{"@type":"ListItem","position":2,"name":"Publican acuerdo para que el AIFA opere vuelos nacionales e internacionales"}]},{"@type":"WebSite","@id":"https:\/\/canal7slp.tv\/2022\/#website","url":"https:\/\/canal7slp.tv\/2022\/","name":"N7 - Noticieros Canal 7","description":"Somos Televisi\u00f3n","publisher":{"@id":"https:\/\/canal7slp.tv\/2022\/#organization"},"potentialAction":[{"@type":"SearchAction","target":{"@type":"EntryPoint","urlTemplate":"https:\/\/canal7slp.tv\/2022\/?s={search_term_string}"},"query-input":{"@type":"PropertyValueSpecification","valueRequired":true,"valueName":"search_term_string"}}],"inLanguage":"es"},{"@type":"Organization","@id":"https:\/\/canal7slp.tv\/2022\/#organization","name":"Noticieros Canal 7","url":"https:\/\/canal7slp.tv\/2022\/","logo":{"@type":"ImageObject","inLanguage":"es","@id":"https:\/\/canal7slp.tv\/2022\/#\/schema\/logo\/image\/","url":"https:\/\/canal7slp.tv\/2022\/wp-content\/uploads\/2021\/01\/logo-noticieros@2x.png","contentUrl":"https:\/\/canal7slp.tv\/2022\/wp-content\/uploads\/2021\/01\/logo-noticieros@2x.png","width":1017,"height":268,"caption":"Noticieros Canal 7"},"image":{"@id":"https:\/\/canal7slp.tv\/2022\/#\/schema\/logo\/image\/"},"sameAs":["https:\/\/www.facebook.com\/noticieroscanalsiete","https:\/\/x.com\/NOTICIEROS7","https:\/\/www.instagram.com\/canal7_slp","https:\/\/www.youtube.com\/channel\/UCliiYs-gP3JfJeqdPrNdd5A"]},{"@type":"Person","@id":"https:\/\/canal7slp.tv\/2022\/#\/schema\/person\/429704152a21f5f856ce29aa69a238da","name":"Edici\u00f3n Web","image":{"@type":"ImageObject","inLanguage":"es","@id":"https:\/\/secure.gravatar.com\/avatar\/eee448fc3f7164808013b816ba91ac7e43bbe82a70bebac296f8bc6f0addaa1a?s=96&d=mm&r=g","url":"https:\/\/secure.gravatar.com\/avatar\/eee448fc3f7164808013b816ba91ac7e43bbe82a70bebac296f8bc6f0addaa1a?s=96&d=mm&r=g","contentUrl":"https:\/\/secure.gravatar.com\/avatar\/eee448fc3f7164808013b816ba91ac7e43bbe82a70bebac296f8bc6f0addaa1a?s=96&d=mm&r=g","caption":"Edici\u00f3n Web"},"url":"https:\/\/canal7slp.tv\/2022\/author\/edicionweb\/"}]}},"amp_enabled":true,"_links":{"self":[{"href":"https:\/\/canal7slp.tv\/2022\/wp-json\/wp\/v2\/posts\/52504","targetHints":{"allow":["GET"]}}],"collection":[{"href":"https:\/\/canal7slp.tv\/2022\/wp-json\/wp\/v2\/posts"}],"about":[{"href":"https:\/\/canal7slp.tv\/2022\/wp-json\/wp\/v2\/types\/post"}],"author":[{"embeddable":true,"href":"https:\/\/canal7slp.tv\/2022\/wp-json\/wp\/v2\/users\/2"}],"replies":[{"embeddable":true,"href":"https:\/\/canal7slp.tv\/2022\/wp-json\/wp\/v2\/comments?post=52504"}],"version-history":[{"count":3,"href":"https:\/\/canal7slp.tv\/2022\/wp-json\/wp\/v2\/posts\/52504\/revisions"}],"predecessor-version":[{"id":52527,"href":"https:\/\/canal7slp.tv\/2022\/wp-json\/wp\/v2\/posts\/52504\/revisions\/52527"}],"wp:featuredmedia":[{"embeddable":true,"href":"https:\/\/canal7slp.tv\/2022\/wp-json\/wp\/v2\/media\/52517"}],"wp:attachment":[{"href":"https:\/\/canal7slp.tv\/2022\/wp-json\/wp\/v2\/media?parent=52504"}],"wp:term":[{"taxonomy":"category","embeddable":true,"href":"https:\/\/canal7slp.tv\/2022\/wp-json\/wp\/v2\/categories?post=52504"},{"taxonomy":"post_tag","embeddable":true,"href":"https:\/\/canal7slp.tv\/2022\/wp-json\/wp\/v2\/tags?post=52504"}],"curies":[{"name":"wp","href":"https:\/\/api.w.org\/{rel}","templated":true}]}}