{"id":52501,"date":"2022-02-26T12:42:04","date_gmt":"2022-02-26T18:42:04","guid":{"rendered":"https:\/\/canal7slp.tv\/2022\/?p=52501"},"modified":"2022-02-26T12:42:04","modified_gmt":"2022-02-26T18:42:04","slug":"ine-avala-conteo-rapido-para-la-revocacion-de-mandato","status":"publish","type":"post","link":"https:\/\/canal7slp.tv\/2022\/ine-avala-conteo-rapido-para-la-revocacion-de-mandato\/","title":{"rendered":"INE avala conteo r\u00e1pido para la Revocaci\u00f3n de Mandato"},"content":{"rendered":"<ul style=\"text-align: justify;\">\n<li>No tendr\u00e1 costo adicional<\/li>\n<\/ul>\n<p style=\"text-align: justify;\">M\u00e9xico.- El Consejo General del Instituto Nacional Electoral (INE) aval\u00f3 que se lleve acabo el conteo r\u00e1pido para el ejercicio de la Revocaci\u00f3n de Mandato, misma que se realizar\u00e1 el 10 de abril del presente a\u00f1o.<\/p>\n<p style=\"text-align: justify;\">Asimismo, se aseguro que este proceso no tendr\u00e1 un costo adicional.<\/p>\n<p style=\"text-align: justify;\">El consejero electoral Ciro Murayama Rend\u00f3n se\u00f1al\u00f3 que para el conteo se tomar\u00e1 una muestra de entre mil 200 y mil 800 casillas.<\/p>\n<p style=\"text-align: justify;\">Esto debido al antecedente de un ejercicio similar que fue a consulta popular.<\/p>\n<p style=\"text-align: justify;\">Aunado a esto, destac\u00f3 que el mimo 10 de abril se podr\u00e1 conocer en t\u00e9rmino porcentuales cu\u00e1l es el apoyo a la revocaci\u00f3n y\/o a la continuidad de mandato, as\u00ed como el porcentaje de participaci\u00f3n ciudadana.<\/p>\n<p style=\"text-align: justify;\">Agreg\u00f3 que para llevar acabo dicho proceso van a estar involucrados cient\u00edficos y especialistas que ya est\u00e1n preparando los conteos r\u00e1pidos de las seis elecciones de gobernador que tendr\u00e1n lugar el 5 de junio de este a\u00f1o.<\/p>\n<p style=\"text-align: justify;\">Cabe se\u00f1alar, que el Consejo General del INE destac\u00f3 que para que los resultados de la Revocaci\u00f3n de Mandato sean vinculantes, esta deber\u00e1 contar con por lo menos un 40% de participaci\u00f3n ciudadana.<\/p>\n","protected":false},"excerpt":{"rendered":"<p>No tendr\u00e1 costo adicional M\u00e9xico.- El Consejo General del Instituto Nacional Electoral (INE) aval\u00f3 que se lleve acabo el conteo r\u00e1pido para el ejercicio de la Revocaci\u00f3n de Mandato, misma que se realizar\u00e1 el 10 de abril del presente a\u00f1o. Asimismo, se aseguro que este proceso no tendr\u00e1 un costo adicional. El consejero electoral Ciro Murayama Rend\u00f3n se\u00f1al\u00f3 que para el conteo se tomar\u00e1 una muestra de entre mil 200 y mil 800 casillas. Esto debido al antecedente de un ejercicio similar que fue a consulta popular. Aunado a esto, destac\u00f3 que el mimo 10 de abril se podr\u00e1 conocer [&hellip;]<\/p>\n","protected":false},"author":2,"featured_media":52514,"comment_status":"closed","ping_status":"closed","sticky":false,"template":"","format":"standard","meta":{"footnotes":""},"categories":[46],"tags":[],"class_list":["post-52501","post","type-post","status-publish","format-standard","has-post-thumbnail","hentry","category-nacional","post--single"],"yoast_head":"<!-- This site is optimized with the Yoast SEO plugin v27.4 - https:\/\/yoast.com\/product\/yoast-seo-wordpress\/ -->\n<title>INE avala conteo r\u00e1pido para la Revocaci\u00f3n de Mandato - Canal 7 SLP - 2022<\/title>\n<meta name=\"robots\" content=\"index, follow, max-snippet:-1, max-image-preview:large, max-video-preview:-1\" \/>\n<link rel=\"canonical\" href=\"https:\/\/canal7slp.tv\/2022\/ine-avala-conteo-rapido-para-la-revocacion-de-mandato\/\" \/>\n<meta property=\"og:locale\" content=\"es_ES\" \/>\n<meta property=\"og:type\" content=\"article\" \/>\n<meta property=\"og:title\" content=\"INE avala conteo r\u00e1pido para la Revocaci\u00f3n de Mandato - Canal 7 SLP - 2022\" \/>\n<meta property=\"og:description\" content=\"No tendr\u00e1 costo adicional M\u00e9xico.- El Consejo General del Instituto Nacional Electoral (INE) aval\u00f3 que se lleve acabo el conteo r\u00e1pido para el ejercicio de la Revocaci\u00f3n de Mandato, misma que se realizar\u00e1 el 10 de abril del presente a\u00f1o. Asimismo, se aseguro que este proceso no tendr\u00e1 un costo adicional. El consejero electoral Ciro Murayama Rend\u00f3n se\u00f1al\u00f3 que para el conteo se tomar\u00e1 una muestra de entre mil 200 y mil 800 casillas. Esto debido al antecedente de un ejercicio similar que fue a consulta popular. Aunado a esto, destac\u00f3 que el mimo 10 de abril se podr\u00e1 conocer [&hellip;]\" \/>\n<meta property=\"og:url\" content=\"https:\/\/canal7slp.tv\/2022\/ine-avala-conteo-rapido-para-la-revocacion-de-mandato\/\" \/>\n<meta property=\"og:site_name\" content=\"Canal 7 SLP - 2022\" \/>\n<meta property=\"article:publisher\" content=\"https:\/\/www.facebook.com\/noticieroscanalsiete\" \/>\n<meta property=\"article:published_time\" content=\"2022-02-26T18:42:04+00:00\" \/>\n<meta property=\"og:image\" content=\"https:\/\/canal7slp.tv\/2022\/wp-content\/uploads\/2022\/02\/01-16.jpg\" \/>\n\t<meta property=\"og:image:width\" content=\"640\" \/>\n\t<meta property=\"og:image:height\" content=\"374\" \/>\n\t<meta property=\"og:image:type\" content=\"image\/jpeg\" \/>\n<meta name=\"author\" content=\"Edici\u00f3n Web\" \/>\n<meta name=\"twitter:card\" content=\"summary_large_image\" \/>\n<meta name=\"twitter:creator\" content=\"@NOTICIEROS7\" \/>\n<meta name=\"twitter:site\" content=\"@NOTICIEROS7\" \/>\n<meta name=\"twitter:label1\" content=\"Escrito por\" \/>\n\t<meta name=\"twitter:data1\" content=\"Edici\u00f3n Web\" \/>\n\t<meta name=\"twitter:label2\" content=\"Tiempo de lectura\" \/>\n\t<meta name=\"twitter:data2\" content=\"1 minuto\" \/>\n<script type=\"application\/ld+json\" class=\"yoast-schema-graph\">{\"@context\":\"https:\\\/\\\/schema.org\",\"@graph\":[{\"@type\":\"Article\",\"@id\":\"https:\\\/\\\/canal7slp.tv\\\/2022\\\/ine-avala-conteo-rapido-para-la-revocacion-de-mandato\\\/#article\",\"isPartOf\":{\"@id\":\"https:\\\/\\\/canal7slp.tv\\\/2022\\\/ine-avala-conteo-rapido-para-la-revocacion-de-mandato\\\/\"},\"author\":{\"name\":\"Edici\u00f3n Web\",\"@id\":\"https:\\\/\\\/canal7slp.tv\\\/2022\\\/#\\\/schema\\\/person\\\/429704152a21f5f856ce29aa69a238da\"},\"headline\":\"INE avala conteo r\u00e1pido para la Revocaci\u00f3n de Mandato\",\"datePublished\":\"2022-02-26T18:42:04+00:00\",\"mainEntityOfPage\":{\"@id\":\"https:\\\/\\\/canal7slp.tv\\\/2022\\\/ine-avala-conteo-rapido-para-la-revocacion-de-mandato\\\/\"},\"wordCount\":218,\"publisher\":{\"@id\":\"https:\\\/\\\/canal7slp.tv\\\/2022\\\/#organization\"},\"image\":{\"@id\":\"https:\\\/\\\/canal7slp.tv\\\/2022\\\/ine-avala-conteo-rapido-para-la-revocacion-de-mandato\\\/#primaryimage\"},\"thumbnailUrl\":\"https:\\\/\\\/canal7slp.tv\\\/2022\\\/wp-content\\\/uploads\\\/2022\\\/02\\\/01-16.jpg\",\"articleSection\":[\"NACIONALES\"],\"inLanguage\":\"es\"},{\"@type\":\"WebPage\",\"@id\":\"https:\\\/\\\/canal7slp.tv\\\/2022\\\/ine-avala-conteo-rapido-para-la-revocacion-de-mandato\\\/\",\"url\":\"https:\\\/\\\/canal7slp.tv\\\/2022\\\/ine-avala-conteo-rapido-para-la-revocacion-de-mandato\\\/\",\"name\":\"INE avala conteo r\u00e1pido para la Revocaci\u00f3n de Mandato - Canal 7 SLP - 2022\",\"isPartOf\":{\"@id\":\"https:\\\/\\\/canal7slp.tv\\\/2022\\\/#website\"},\"primaryImageOfPage\":{\"@id\":\"https:\\\/\\\/canal7slp.tv\\\/2022\\\/ine-avala-conteo-rapido-para-la-revocacion-de-mandato\\\/#primaryimage\"},\"image\":{\"@id\":\"https:\\\/\\\/canal7slp.tv\\\/2022\\\/ine-avala-conteo-rapido-para-la-revocacion-de-mandato\\\/#primaryimage\"},\"thumbnailUrl\":\"https:\\\/\\\/canal7slp.tv\\\/2022\\\/wp-content\\\/uploads\\\/2022\\\/02\\\/01-16.jpg\",\"datePublished\":\"2022-02-26T18:42:04+00:00\",\"breadcrumb\":{\"@id\":\"https:\\\/\\\/canal7slp.tv\\\/2022\\\/ine-avala-conteo-rapido-para-la-revocacion-de-mandato\\\/#breadcrumb\"},\"inLanguage\":\"es\",\"potentialAction\":[{\"@type\":\"ReadAction\",\"target\":[\"https:\\\/\\\/canal7slp.tv\\\/2022\\\/ine-avala-conteo-rapido-para-la-revocacion-de-mandato\\\/\"]}]},{\"@type\":\"ImageObject\",\"inLanguage\":\"es\",\"@id\":\"https:\\\/\\\/canal7slp.tv\\\/2022\\\/ine-avala-conteo-rapido-para-la-revocacion-de-mandato\\\/#primaryimage\",\"url\":\"https:\\\/\\\/canal7slp.tv\\\/2022\\\/wp-content\\\/uploads\\\/2022\\\/02\\\/01-16.jpg\",\"contentUrl\":\"https:\\\/\\\/canal7slp.tv\\\/2022\\\/wp-content\\\/uploads\\\/2022\\\/02\\\/01-16.jpg\",\"width\":640,\"height\":374},{\"@type\":\"BreadcrumbList\",\"@id\":\"https:\\\/\\\/canal7slp.tv\\\/2022\\\/ine-avala-conteo-rapido-para-la-revocacion-de-mandato\\\/#breadcrumb\",\"itemListElement\":[{\"@type\":\"ListItem\",\"position\":1,\"name\":\"Portada\",\"item\":\"https:\\\/\\\/canal7slp.tv\\\/2022\\\/\"},{\"@type\":\"ListItem\",\"position\":2,\"name\":\"INE avala conteo r\u00e1pido para la Revocaci\u00f3n de Mandato\"}]},{\"@type\":\"WebSite\",\"@id\":\"https:\\\/\\\/canal7slp.tv\\\/2022\\\/#website\",\"url\":\"https:\\\/\\\/canal7slp.tv\\\/2022\\\/\",\"name\":\"N7 - Noticieros Canal 7\",\"description\":\"Somos Televisi\u00f3n\",\"publisher\":{\"@id\":\"https:\\\/\\\/canal7slp.tv\\\/2022\\\/#organization\"},\"potentialAction\":[{\"@type\":\"SearchAction\",\"target\":{\"@type\":\"EntryPoint\",\"urlTemplate\":\"https:\\\/\\\/canal7slp.tv\\\/2022\\\/?s={search_term_string}\"},\"query-input\":{\"@type\":\"PropertyValueSpecification\",\"valueRequired\":true,\"valueName\":\"search_term_string\"}}],\"inLanguage\":\"es\"},{\"@type\":\"Organization\",\"@id\":\"https:\\\/\\\/canal7slp.tv\\\/2022\\\/#organization\",\"name\":\"Noticieros Canal 7\",\"url\":\"https:\\\/\\\/canal7slp.tv\\\/2022\\\/\",\"logo\":{\"@type\":\"ImageObject\",\"inLanguage\":\"es\",\"@id\":\"https:\\\/\\\/canal7slp.tv\\\/2022\\\/#\\\/schema\\\/logo\\\/image\\\/\",\"url\":\"https:\\\/\\\/canal7slp.tv\\\/2022\\\/wp-content\\\/uploads\\\/2021\\\/01\\\/logo-noticieros@2x.png\",\"contentUrl\":\"https:\\\/\\\/canal7slp.tv\\\/2022\\\/wp-content\\\/uploads\\\/2021\\\/01\\\/logo-noticieros@2x.png\",\"width\":1017,\"height\":268,\"caption\":\"Noticieros Canal 7\"},\"image\":{\"@id\":\"https:\\\/\\\/canal7slp.tv\\\/2022\\\/#\\\/schema\\\/logo\\\/image\\\/\"},\"sameAs\":[\"https:\\\/\\\/www.facebook.com\\\/noticieroscanalsiete\",\"https:\\\/\\\/x.com\\\/NOTICIEROS7\",\"https:\\\/\\\/www.instagram.com\\\/canal7_slp\",\"https:\\\/\\\/www.youtube.com\\\/channel\\\/UCliiYs-gP3JfJeqdPrNdd5A\"]},{\"@type\":\"Person\",\"@id\":\"https:\\\/\\\/canal7slp.tv\\\/2022\\\/#\\\/schema\\\/person\\\/429704152a21f5f856ce29aa69a238da\",\"name\":\"Edici\u00f3n Web\",\"image\":{\"@type\":\"ImageObject\",\"inLanguage\":\"es\",\"@id\":\"https:\\\/\\\/secure.gravatar.com\\\/avatar\\\/eee448fc3f7164808013b816ba91ac7e43bbe82a70bebac296f8bc6f0addaa1a?s=96&d=mm&r=g\",\"url\":\"https:\\\/\\\/secure.gravatar.com\\\/avatar\\\/eee448fc3f7164808013b816ba91ac7e43bbe82a70bebac296f8bc6f0addaa1a?s=96&d=mm&r=g\",\"contentUrl\":\"https:\\\/\\\/secure.gravatar.com\\\/avatar\\\/eee448fc3f7164808013b816ba91ac7e43bbe82a70bebac296f8bc6f0addaa1a?s=96&d=mm&r=g\",\"caption\":\"Edici\u00f3n Web\"},\"url\":\"https:\\\/\\\/canal7slp.tv\\\/2022\\\/author\\\/edicionweb\\\/\"}]}<\/script>\n<!-- \/ Yoast SEO plugin. -->","yoast_head_json":{"title":"INE avala conteo r\u00e1pido para la Revocaci\u00f3n de Mandato - Canal 7 SLP - 2022","robots":{"index":"index","follow":"follow","max-snippet":"max-snippet:-1","max-image-preview":"max-image-preview:large","max-video-preview":"max-video-preview:-1"},"canonical":"https:\/\/canal7slp.tv\/2022\/ine-avala-conteo-rapido-para-la-revocacion-de-mandato\/","og_locale":"es_ES","og_type":"article","og_title":"INE avala conteo r\u00e1pido para la Revocaci\u00f3n de Mandato - Canal 7 SLP - 2022","og_description":"No tendr\u00e1 costo adicional M\u00e9xico.- El Consejo General del Instituto Nacional Electoral (INE) aval\u00f3 que se lleve acabo el conteo r\u00e1pido para el ejercicio de la Revocaci\u00f3n de Mandato, misma que se realizar\u00e1 el 10 de abril del presente a\u00f1o. Asimismo, se aseguro que este proceso no tendr\u00e1 un costo adicional. El consejero electoral Ciro Murayama Rend\u00f3n se\u00f1al\u00f3 que para el conteo se tomar\u00e1 una muestra de entre mil 200 y mil 800 casillas. Esto debido al antecedente de un ejercicio similar que fue a consulta popular. Aunado a esto, destac\u00f3 que el mimo 10 de abril se podr\u00e1 conocer [&hellip;]","og_url":"https:\/\/canal7slp.tv\/2022\/ine-avala-conteo-rapido-para-la-revocacion-de-mandato\/","og_site_name":"Canal 7 SLP - 2022","article_publisher":"https:\/\/www.facebook.com\/noticieroscanalsiete","article_published_time":"2022-02-26T18:42:04+00:00","og_image":[{"width":640,"height":374,"url":"https:\/\/canal7slp.tv\/2022\/wp-content\/uploads\/2022\/02\/01-16.jpg","type":"image\/jpeg"}],"author":"Edici\u00f3n Web","twitter_card":"summary_large_image","twitter_creator":"@NOTICIEROS7","twitter_site":"@NOTICIEROS7","twitter_misc":{"Escrito por":"Edici\u00f3n Web","Tiempo de lectura":"1 minuto"},"schema":{"@context":"https:\/\/schema.org","@graph":[{"@type":"Article","@id":"https:\/\/canal7slp.tv\/2022\/ine-avala-conteo-rapido-para-la-revocacion-de-mandato\/#article","isPartOf":{"@id":"https:\/\/canal7slp.tv\/2022\/ine-avala-conteo-rapido-para-la-revocacion-de-mandato\/"},"author":{"name":"Edici\u00f3n Web","@id":"https:\/\/canal7slp.tv\/2022\/#\/schema\/person\/429704152a21f5f856ce29aa69a238da"},"headline":"INE avala conteo r\u00e1pido para la Revocaci\u00f3n de Mandato","datePublished":"2022-02-26T18:42:04+00:00","mainEntityOfPage":{"@id":"https:\/\/canal7slp.tv\/2022\/ine-avala-conteo-rapido-para-la-revocacion-de-mandato\/"},"wordCount":218,"publisher":{"@id":"https:\/\/canal7slp.tv\/2022\/#organization"},"image":{"@id":"https:\/\/canal7slp.tv\/2022\/ine-avala-conteo-rapido-para-la-revocacion-de-mandato\/#primaryimage"},"thumbnailUrl":"https:\/\/canal7slp.tv\/2022\/wp-content\/uploads\/2022\/02\/01-16.jpg","articleSection":["NACIONALES"],"inLanguage":"es"},{"@type":"WebPage","@id":"https:\/\/canal7slp.tv\/2022\/ine-avala-conteo-rapido-para-la-revocacion-de-mandato\/","url":"https:\/\/canal7slp.tv\/2022\/ine-avala-conteo-rapido-para-la-revocacion-de-mandato\/","name":"INE avala conteo r\u00e1pido para la Revocaci\u00f3n de Mandato - Canal 7 SLP - 2022","isPartOf":{"@id":"https:\/\/canal7slp.tv\/2022\/#website"},"primaryImageOfPage":{"@id":"https:\/\/canal7slp.tv\/2022\/ine-avala-conteo-rapido-para-la-revocacion-de-mandato\/#primaryimage"},"image":{"@id":"https:\/\/canal7slp.tv\/2022\/ine-avala-conteo-rapido-para-la-revocacion-de-mandato\/#primaryimage"},"thumbnailUrl":"https:\/\/canal7slp.tv\/2022\/wp-content\/uploads\/2022\/02\/01-16.jpg","datePublished":"2022-02-26T18:42:04+00:00","breadcrumb":{"@id":"https:\/\/canal7slp.tv\/2022\/ine-avala-conteo-rapido-para-la-revocacion-de-mandato\/#breadcrumb"},"inLanguage":"es","potentialAction":[{"@type":"ReadAction","target":["https:\/\/canal7slp.tv\/2022\/ine-avala-conteo-rapido-para-la-revocacion-de-mandato\/"]}]},{"@type":"ImageObject","inLanguage":"es","@id":"https:\/\/canal7slp.tv\/2022\/ine-avala-conteo-rapido-para-la-revocacion-de-mandato\/#primaryimage","url":"https:\/\/canal7slp.tv\/2022\/wp-content\/uploads\/2022\/02\/01-16.jpg","contentUrl":"https:\/\/canal7slp.tv\/2022\/wp-content\/uploads\/2022\/02\/01-16.jpg","width":640,"height":374},{"@type":"BreadcrumbList","@id":"https:\/\/canal7slp.tv\/2022\/ine-avala-conteo-rapido-para-la-revocacion-de-mandato\/#breadcrumb","itemListElement":[{"@type":"ListItem","position":1,"name":"Portada","item":"https:\/\/canal7slp.tv\/2022\/"},{"@type":"ListItem","position":2,"name":"INE avala conteo r\u00e1pido para la Revocaci\u00f3n de Mandato"}]},{"@type":"WebSite","@id":"https:\/\/canal7slp.tv\/2022\/#website","url":"https:\/\/canal7slp.tv\/2022\/","name":"N7 - Noticieros Canal 7","description":"Somos Televisi\u00f3n","publisher":{"@id":"https:\/\/canal7slp.tv\/2022\/#organization"},"potentialAction":[{"@type":"SearchAction","target":{"@type":"EntryPoint","urlTemplate":"https:\/\/canal7slp.tv\/2022\/?s={search_term_string}"},"query-input":{"@type":"PropertyValueSpecification","valueRequired":true,"valueName":"search_term_string"}}],"inLanguage":"es"},{"@type":"Organization","@id":"https:\/\/canal7slp.tv\/2022\/#organization","name":"Noticieros Canal 7","url":"https:\/\/canal7slp.tv\/2022\/","logo":{"@type":"ImageObject","inLanguage":"es","@id":"https:\/\/canal7slp.tv\/2022\/#\/schema\/logo\/image\/","url":"https:\/\/canal7slp.tv\/2022\/wp-content\/uploads\/2021\/01\/logo-noticieros@2x.png","contentUrl":"https:\/\/canal7slp.tv\/2022\/wp-content\/uploads\/2021\/01\/logo-noticieros@2x.png","width":1017,"height":268,"caption":"Noticieros Canal 7"},"image":{"@id":"https:\/\/canal7slp.tv\/2022\/#\/schema\/logo\/image\/"},"sameAs":["https:\/\/www.facebook.com\/noticieroscanalsiete","https:\/\/x.com\/NOTICIEROS7","https:\/\/www.instagram.com\/canal7_slp","https:\/\/www.youtube.com\/channel\/UCliiYs-gP3JfJeqdPrNdd5A"]},{"@type":"Person","@id":"https:\/\/canal7slp.tv\/2022\/#\/schema\/person\/429704152a21f5f856ce29aa69a238da","name":"Edici\u00f3n Web","image":{"@type":"ImageObject","inLanguage":"es","@id":"https:\/\/secure.gravatar.com\/avatar\/eee448fc3f7164808013b816ba91ac7e43bbe82a70bebac296f8bc6f0addaa1a?s=96&d=mm&r=g","url":"https:\/\/secure.gravatar.com\/avatar\/eee448fc3f7164808013b816ba91ac7e43bbe82a70bebac296f8bc6f0addaa1a?s=96&d=mm&r=g","contentUrl":"https:\/\/secure.gravatar.com\/avatar\/eee448fc3f7164808013b816ba91ac7e43bbe82a70bebac296f8bc6f0addaa1a?s=96&d=mm&r=g","caption":"Edici\u00f3n Web"},"url":"https:\/\/canal7slp.tv\/2022\/author\/edicionweb\/"}]}},"amp_enabled":true,"_links":{"self":[{"href":"https:\/\/canal7slp.tv\/2022\/wp-json\/wp\/v2\/posts\/52501","targetHints":{"allow":["GET"]}}],"collection":[{"href":"https:\/\/canal7slp.tv\/2022\/wp-json\/wp\/v2\/posts"}],"about":[{"href":"https:\/\/canal7slp.tv\/2022\/wp-json\/wp\/v2\/types\/post"}],"author":[{"embeddable":true,"href":"https:\/\/canal7slp.tv\/2022\/wp-json\/wp\/v2\/users\/2"}],"replies":[{"embeddable":true,"href":"https:\/\/canal7slp.tv\/2022\/wp-json\/wp\/v2\/comments?post=52501"}],"version-history":[{"count":2,"href":"https:\/\/canal7slp.tv\/2022\/wp-json\/wp\/v2\/posts\/52501\/revisions"}],"predecessor-version":[{"id":52525,"href":"https:\/\/canal7slp.tv\/2022\/wp-json\/wp\/v2\/posts\/52501\/revisions\/52525"}],"wp:featuredmedia":[{"embeddable":true,"href":"https:\/\/canal7slp.tv\/2022\/wp-json\/wp\/v2\/media\/52514"}],"wp:attachment":[{"href":"https:\/\/canal7slp.tv\/2022\/wp-json\/wp\/v2\/media?parent=52501"}],"wp:term":[{"taxonomy":"category","embeddable":true,"href":"https:\/\/canal7slp.tv\/2022\/wp-json\/wp\/v2\/categories?post=52501"},{"taxonomy":"post_tag","embeddable":true,"href":"https:\/\/canal7slp.tv\/2022\/wp-json\/wp\/v2\/tags?post=52501"}],"curies":[{"name":"wp","href":"https:\/\/api.w.org\/{rel}","templated":true}]}}