{"id":52496,"date":"2022-02-26T02:13:32","date_gmt":"2022-02-26T08:13:32","guid":{"rendered":"https:\/\/canal7slp.tv\/2022\/?p=52496"},"modified":"2022-02-26T02:13:32","modified_gmt":"2022-02-26T08:13:32","slug":"a-93-anos-estamos-en-pie-de-lucha","status":"publish","type":"post","link":"https:\/\/canal7slp.tv\/2022\/a-93-anos-estamos-en-pie-de-lucha\/","title":{"rendered":"A 93 a\u00f1os estamos en pie de lucha"},"content":{"rendered":"<p style=\"text-align: justify;\">El juicio de la historia pone a cada uno en el lugar que le corresponde. Por m\u00e1s que haya quienes quieren adelantarse y pretenden dictar la forma en que buscan ser recordados, lo cierto es que se trata de un ejercicio colectivo inmaterial surgido de la reflexi\u00f3n a la distancia. Y es que si algo requiere la historia es tiempo.<\/p>\n<p style=\"text-align: justify;\">Ideado por la voluntad de miles de mexicanos, hace 93 a\u00f1os fue concretado el principal constructor de estabilidad, democracia y desarrollo en la historia de M\u00e9xico.<\/p>\n<p style=\"text-align: justify;\">La evoluci\u00f3n PNR-PRM-PRI ha significado el mayor tiempo de paz que haya conocido la naci\u00f3n independiente mexicana.<\/p>\n<p style=\"text-align: justify;\">Los Gobiernos del PRI no se equivocaron al construir un r\u00e9gimen democr\u00e1tico de libertades, basado en un sistema de instituciones p\u00fablicas que prevalecieran m\u00e1s all\u00e1 de la voluntad de una persona y formaran parte de la vida diaria y cotidiana de millones de mexicanas y mexicanos para incidir en ellas y ser factor de cambio y evoluci\u00f3n.<\/p>\n<p style=\"text-align: justify;\">Actor protag\u00f3nico de las grandes conquistas sociales, econ\u00f3micas, culturales, pol\u00edticas y agrarias que cimentaron el M\u00e9xico del siglo XXI y lo posicionaron como uno de los actores protag\u00f3nicos del escenario internacional, el PRI ha sido una fuerza pol\u00edtica responsable, dialogante, visionaria y en constante actualizaci\u00f3n.<\/p>\n<p style=\"text-align: justify;\">Comandado por mujeres y hombres de diferente estrato y diversa formaci\u00f3n, todas y todos han compartido los principios, los ideales y las convicciones de servicio y justicia social.<\/p>\n<p style=\"text-align: justify;\">A base de trabajo, de esmero y de actualizaci\u00f3n, el PRI ha demostrado con creces ser el partido democr\u00e1tico de M\u00e9xico, pues no solo es una bandera que enarbola al exterior, sino sobre todo en su vida interna, llevando a cabo procesos de elecci\u00f3n ejemplares y masivos y gozando de espacios de libertad absoluta.<\/p>\n<p style=\"text-align: justify;\">El PRI ha sido el gran frente que ha aglutinado causas sociales de la m\u00e1s diversa \u00edndole, siendo un partido que gobierna para todas y para todos, que impulsa la convivencia social y la consolidaci\u00f3n de un programa nacional con presente y con futuro.<\/p>\n<p style=\"text-align: justify;\">Orgullosos de nuestras ra\u00edces, las y los priistas estamos en pie de lucha por recuperar el M\u00e9xico que nos han arrebatado a base enga\u00f1os y calumnias; estamos en pie de lucha porque M\u00e9xico no est\u00e1 bien y la pobreza crece a pasos agigantados; estamos en pie de lucha porque nuestra Juventud no tiene las oportunidades que necesita para desarrollar su m\u00e1ximo potencial; estamos en pie de lucha porque el crimen avanza ante los ojos extraviados de quien hoy gobierna; estamos en pie de lucha porque el desempleo toca a la puerta de millones de hogares comandados por mujeres; estamos en pie de lucha porque quien hoy gobierna le ha mentido a M\u00e9xico.<\/p>\n<p style=\"text-align: justify;\">Las y los priistas vamos a reconciliar al M\u00e9xico que hoy han dividido, debilitado y envenenado, porque juntos lo podemos todo, pero desunidos nada.<\/p>\n<p style=\"text-align: justify;\">Hoy le decimos a M\u00e9xico que en el PRI no vamos a permitir los retrocesos sociales, econ\u00f3micos y pol\u00edticos que pretende el grupo en el poder; que en el PRI vamos a estar a la altura de las circunstancias y de las necesidades de nuestras hijas e hijos. No hay tiempo que perder. \u00a1Vamos juntos!<\/p>\n<p style=\"text-align: right;\">Alejandro Moreno, Presidente Nacional del PRI<\/p>\n","protected":false},"excerpt":{"rendered":"<p>El juicio de la historia pone a cada uno en el lugar que le corresponde. Por m\u00e1s que haya quienes quieren adelantarse y pretenden dictar la forma en que buscan ser recordados, lo cierto es que se trata de un ejercicio colectivo inmaterial surgido de la reflexi\u00f3n a la distancia. Y es que si algo requiere la historia es tiempo. Ideado por la voluntad de miles de mexicanos, hace 93 a\u00f1os fue concretado el principal constructor de estabilidad, democracia y desarrollo en la historia de M\u00e9xico. La evoluci\u00f3n PNR-PRM-PRI ha significado el mayor tiempo de paz que haya conocido la [&hellip;]<\/p>\n","protected":false},"author":2,"featured_media":0,"comment_status":"closed","ping_status":"closed","sticky":false,"template":"","format":"standard","meta":{"footnotes":""},"categories":[46],"tags":[],"class_list":["post-52496","post","type-post","status-publish","format-standard","hentry","category-nacional","post--single"],"yoast_head":"<!-- This site is optimized with the Yoast SEO plugin v27.4 - https:\/\/yoast.com\/product\/yoast-seo-wordpress\/ -->\n<title>A 93 a\u00f1os estamos en pie de lucha - Canal 7 SLP - 2022<\/title>\n<meta name=\"robots\" content=\"index, follow, max-snippet:-1, max-image-preview:large, max-video-preview:-1\" \/>\n<link rel=\"canonical\" href=\"https:\/\/canal7slp.tv\/2022\/a-93-anos-estamos-en-pie-de-lucha\/\" \/>\n<meta property=\"og:locale\" content=\"es_ES\" \/>\n<meta property=\"og:type\" content=\"article\" \/>\n<meta property=\"og:title\" content=\"A 93 a\u00f1os estamos en pie de lucha - Canal 7 SLP - 2022\" \/>\n<meta property=\"og:description\" content=\"El juicio de la historia pone a cada uno en el lugar que le corresponde. Por m\u00e1s que haya quienes quieren adelantarse y pretenden dictar la forma en que buscan ser recordados, lo cierto es que se trata de un ejercicio colectivo inmaterial surgido de la reflexi\u00f3n a la distancia. Y es que si algo requiere la historia es tiempo. Ideado por la voluntad de miles de mexicanos, hace 93 a\u00f1os fue concretado el principal constructor de estabilidad, democracia y desarrollo en la historia de M\u00e9xico. La evoluci\u00f3n PNR-PRM-PRI ha significado el mayor tiempo de paz que haya conocido la [&hellip;]\" \/>\n<meta property=\"og:url\" content=\"https:\/\/canal7slp.tv\/2022\/a-93-anos-estamos-en-pie-de-lucha\/\" \/>\n<meta property=\"og:site_name\" content=\"Canal 7 SLP - 2022\" \/>\n<meta property=\"article:publisher\" content=\"https:\/\/www.facebook.com\/noticieroscanalsiete\" \/>\n<meta property=\"article:published_time\" content=\"2022-02-26T08:13:32+00:00\" \/>\n<meta property=\"og:image\" content=\"https:\/\/canal7slp.tv\/2022\/wp-content\/uploads\/2021\/02\/Alito.jpg\" \/>\n\t<meta property=\"og:image:width\" content=\"656\" \/>\n\t<meta property=\"og:image:height\" content=\"500\" \/>\n\t<meta property=\"og:image:type\" content=\"image\/jpeg\" \/>\n<meta name=\"author\" content=\"Edici\u00f3n Web\" \/>\n<meta name=\"twitter:card\" content=\"summary_large_image\" \/>\n<meta name=\"twitter:creator\" content=\"@NOTICIEROS7\" \/>\n<meta name=\"twitter:site\" content=\"@NOTICIEROS7\" \/>\n<meta name=\"twitter:label1\" content=\"Escrito por\" \/>\n\t<meta name=\"twitter:data1\" content=\"Edici\u00f3n Web\" \/>\n\t<meta name=\"twitter:label2\" content=\"Tiempo de lectura\" \/>\n\t<meta name=\"twitter:data2\" content=\"3 minutos\" \/>\n<script type=\"application\/ld+json\" class=\"yoast-schema-graph\">{\"@context\":\"https:\\\/\\\/schema.org\",\"@graph\":[{\"@type\":\"Article\",\"@id\":\"https:\\\/\\\/canal7slp.tv\\\/2022\\\/a-93-anos-estamos-en-pie-de-lucha\\\/#article\",\"isPartOf\":{\"@id\":\"https:\\\/\\\/canal7slp.tv\\\/2022\\\/a-93-anos-estamos-en-pie-de-lucha\\\/\"},\"author\":{\"name\":\"Edici\u00f3n Web\",\"@id\":\"https:\\\/\\\/canal7slp.tv\\\/2022\\\/#\\\/schema\\\/person\\\/429704152a21f5f856ce29aa69a238da\"},\"headline\":\"A 93 a\u00f1os estamos en pie de lucha\",\"datePublished\":\"2022-02-26T08:13:32+00:00\",\"mainEntityOfPage\":{\"@id\":\"https:\\\/\\\/canal7slp.tv\\\/2022\\\/a-93-anos-estamos-en-pie-de-lucha\\\/\"},\"wordCount\":570,\"publisher\":{\"@id\":\"https:\\\/\\\/canal7slp.tv\\\/2022\\\/#organization\"},\"articleSection\":[\"NACIONALES\"],\"inLanguage\":\"es\"},{\"@type\":\"WebPage\",\"@id\":\"https:\\\/\\\/canal7slp.tv\\\/2022\\\/a-93-anos-estamos-en-pie-de-lucha\\\/\",\"url\":\"https:\\\/\\\/canal7slp.tv\\\/2022\\\/a-93-anos-estamos-en-pie-de-lucha\\\/\",\"name\":\"A 93 a\u00f1os estamos en pie de lucha - Canal 7 SLP - 2022\",\"isPartOf\":{\"@id\":\"https:\\\/\\\/canal7slp.tv\\\/2022\\\/#website\"},\"datePublished\":\"2022-02-26T08:13:32+00:00\",\"breadcrumb\":{\"@id\":\"https:\\\/\\\/canal7slp.tv\\\/2022\\\/a-93-anos-estamos-en-pie-de-lucha\\\/#breadcrumb\"},\"inLanguage\":\"es\",\"potentialAction\":[{\"@type\":\"ReadAction\",\"target\":[\"https:\\\/\\\/canal7slp.tv\\\/2022\\\/a-93-anos-estamos-en-pie-de-lucha\\\/\"]}]},{\"@type\":\"BreadcrumbList\",\"@id\":\"https:\\\/\\\/canal7slp.tv\\\/2022\\\/a-93-anos-estamos-en-pie-de-lucha\\\/#breadcrumb\",\"itemListElement\":[{\"@type\":\"ListItem\",\"position\":1,\"name\":\"Portada\",\"item\":\"https:\\\/\\\/canal7slp.tv\\\/2022\\\/\"},{\"@type\":\"ListItem\",\"position\":2,\"name\":\"A 93 a\u00f1os estamos en pie de lucha\"}]},{\"@type\":\"WebSite\",\"@id\":\"https:\\\/\\\/canal7slp.tv\\\/2022\\\/#website\",\"url\":\"https:\\\/\\\/canal7slp.tv\\\/2022\\\/\",\"name\":\"N7 - Noticieros Canal 7\",\"description\":\"Somos Televisi\u00f3n\",\"publisher\":{\"@id\":\"https:\\\/\\\/canal7slp.tv\\\/2022\\\/#organization\"},\"potentialAction\":[{\"@type\":\"SearchAction\",\"target\":{\"@type\":\"EntryPoint\",\"urlTemplate\":\"https:\\\/\\\/canal7slp.tv\\\/2022\\\/?s={search_term_string}\"},\"query-input\":{\"@type\":\"PropertyValueSpecification\",\"valueRequired\":true,\"valueName\":\"search_term_string\"}}],\"inLanguage\":\"es\"},{\"@type\":\"Organization\",\"@id\":\"https:\\\/\\\/canal7slp.tv\\\/2022\\\/#organization\",\"name\":\"Noticieros Canal 7\",\"url\":\"https:\\\/\\\/canal7slp.tv\\\/2022\\\/\",\"logo\":{\"@type\":\"ImageObject\",\"inLanguage\":\"es\",\"@id\":\"https:\\\/\\\/canal7slp.tv\\\/2022\\\/#\\\/schema\\\/logo\\\/image\\\/\",\"url\":\"https:\\\/\\\/canal7slp.tv\\\/2022\\\/wp-content\\\/uploads\\\/2021\\\/01\\\/logo-noticieros@2x.png\",\"contentUrl\":\"https:\\\/\\\/canal7slp.tv\\\/2022\\\/wp-content\\\/uploads\\\/2021\\\/01\\\/logo-noticieros@2x.png\",\"width\":1017,\"height\":268,\"caption\":\"Noticieros Canal 7\"},\"image\":{\"@id\":\"https:\\\/\\\/canal7slp.tv\\\/2022\\\/#\\\/schema\\\/logo\\\/image\\\/\"},\"sameAs\":[\"https:\\\/\\\/www.facebook.com\\\/noticieroscanalsiete\",\"https:\\\/\\\/x.com\\\/NOTICIEROS7\",\"https:\\\/\\\/www.instagram.com\\\/canal7_slp\",\"https:\\\/\\\/www.youtube.com\\\/channel\\\/UCliiYs-gP3JfJeqdPrNdd5A\"]},{\"@type\":\"Person\",\"@id\":\"https:\\\/\\\/canal7slp.tv\\\/2022\\\/#\\\/schema\\\/person\\\/429704152a21f5f856ce29aa69a238da\",\"name\":\"Edici\u00f3n Web\",\"image\":{\"@type\":\"ImageObject\",\"inLanguage\":\"es\",\"@id\":\"https:\\\/\\\/secure.gravatar.com\\\/avatar\\\/eee448fc3f7164808013b816ba91ac7e43bbe82a70bebac296f8bc6f0addaa1a?s=96&d=mm&r=g\",\"url\":\"https:\\\/\\\/secure.gravatar.com\\\/avatar\\\/eee448fc3f7164808013b816ba91ac7e43bbe82a70bebac296f8bc6f0addaa1a?s=96&d=mm&r=g\",\"contentUrl\":\"https:\\\/\\\/secure.gravatar.com\\\/avatar\\\/eee448fc3f7164808013b816ba91ac7e43bbe82a70bebac296f8bc6f0addaa1a?s=96&d=mm&r=g\",\"caption\":\"Edici\u00f3n Web\"},\"url\":\"https:\\\/\\\/canal7slp.tv\\\/2022\\\/author\\\/edicionweb\\\/\"}]}<\/script>\n<!-- \/ Yoast SEO plugin. -->","yoast_head_json":{"title":"A 93 a\u00f1os estamos en pie de lucha - Canal 7 SLP - 2022","robots":{"index":"index","follow":"follow","max-snippet":"max-snippet:-1","max-image-preview":"max-image-preview:large","max-video-preview":"max-video-preview:-1"},"canonical":"https:\/\/canal7slp.tv\/2022\/a-93-anos-estamos-en-pie-de-lucha\/","og_locale":"es_ES","og_type":"article","og_title":"A 93 a\u00f1os estamos en pie de lucha - Canal 7 SLP - 2022","og_description":"El juicio de la historia pone a cada uno en el lugar que le corresponde. Por m\u00e1s que haya quienes quieren adelantarse y pretenden dictar la forma en que buscan ser recordados, lo cierto es que se trata de un ejercicio colectivo inmaterial surgido de la reflexi\u00f3n a la distancia. Y es que si algo requiere la historia es tiempo. Ideado por la voluntad de miles de mexicanos, hace 93 a\u00f1os fue concretado el principal constructor de estabilidad, democracia y desarrollo en la historia de M\u00e9xico. La evoluci\u00f3n PNR-PRM-PRI ha significado el mayor tiempo de paz que haya conocido la [&hellip;]","og_url":"https:\/\/canal7slp.tv\/2022\/a-93-anos-estamos-en-pie-de-lucha\/","og_site_name":"Canal 7 SLP - 2022","article_publisher":"https:\/\/www.facebook.com\/noticieroscanalsiete","article_published_time":"2022-02-26T08:13:32+00:00","og_image":[{"width":656,"height":500,"url":"https:\/\/canal7slp.tv\/2022\/wp-content\/uploads\/2021\/02\/Alito.jpg","type":"image\/jpeg"}],"author":"Edici\u00f3n Web","twitter_card":"summary_large_image","twitter_creator":"@NOTICIEROS7","twitter_site":"@NOTICIEROS7","twitter_misc":{"Escrito por":"Edici\u00f3n Web","Tiempo de lectura":"3 minutos"},"schema":{"@context":"https:\/\/schema.org","@graph":[{"@type":"Article","@id":"https:\/\/canal7slp.tv\/2022\/a-93-anos-estamos-en-pie-de-lucha\/#article","isPartOf":{"@id":"https:\/\/canal7slp.tv\/2022\/a-93-anos-estamos-en-pie-de-lucha\/"},"author":{"name":"Edici\u00f3n Web","@id":"https:\/\/canal7slp.tv\/2022\/#\/schema\/person\/429704152a21f5f856ce29aa69a238da"},"headline":"A 93 a\u00f1os estamos en pie de lucha","datePublished":"2022-02-26T08:13:32+00:00","mainEntityOfPage":{"@id":"https:\/\/canal7slp.tv\/2022\/a-93-anos-estamos-en-pie-de-lucha\/"},"wordCount":570,"publisher":{"@id":"https:\/\/canal7slp.tv\/2022\/#organization"},"articleSection":["NACIONALES"],"inLanguage":"es"},{"@type":"WebPage","@id":"https:\/\/canal7slp.tv\/2022\/a-93-anos-estamos-en-pie-de-lucha\/","url":"https:\/\/canal7slp.tv\/2022\/a-93-anos-estamos-en-pie-de-lucha\/","name":"A 93 a\u00f1os estamos en pie de lucha - Canal 7 SLP - 2022","isPartOf":{"@id":"https:\/\/canal7slp.tv\/2022\/#website"},"datePublished":"2022-02-26T08:13:32+00:00","breadcrumb":{"@id":"https:\/\/canal7slp.tv\/2022\/a-93-anos-estamos-en-pie-de-lucha\/#breadcrumb"},"inLanguage":"es","potentialAction":[{"@type":"ReadAction","target":["https:\/\/canal7slp.tv\/2022\/a-93-anos-estamos-en-pie-de-lucha\/"]}]},{"@type":"BreadcrumbList","@id":"https:\/\/canal7slp.tv\/2022\/a-93-anos-estamos-en-pie-de-lucha\/#breadcrumb","itemListElement":[{"@type":"ListItem","position":1,"name":"Portada","item":"https:\/\/canal7slp.tv\/2022\/"},{"@type":"ListItem","position":2,"name":"A 93 a\u00f1os estamos en pie de lucha"}]},{"@type":"WebSite","@id":"https:\/\/canal7slp.tv\/2022\/#website","url":"https:\/\/canal7slp.tv\/2022\/","name":"N7 - Noticieros Canal 7","description":"Somos Televisi\u00f3n","publisher":{"@id":"https:\/\/canal7slp.tv\/2022\/#organization"},"potentialAction":[{"@type":"SearchAction","target":{"@type":"EntryPoint","urlTemplate":"https:\/\/canal7slp.tv\/2022\/?s={search_term_string}"},"query-input":{"@type":"PropertyValueSpecification","valueRequired":true,"valueName":"search_term_string"}}],"inLanguage":"es"},{"@type":"Organization","@id":"https:\/\/canal7slp.tv\/2022\/#organization","name":"Noticieros Canal 7","url":"https:\/\/canal7slp.tv\/2022\/","logo":{"@type":"ImageObject","inLanguage":"es","@id":"https:\/\/canal7slp.tv\/2022\/#\/schema\/logo\/image\/","url":"https:\/\/canal7slp.tv\/2022\/wp-content\/uploads\/2021\/01\/logo-noticieros@2x.png","contentUrl":"https:\/\/canal7slp.tv\/2022\/wp-content\/uploads\/2021\/01\/logo-noticieros@2x.png","width":1017,"height":268,"caption":"Noticieros Canal 7"},"image":{"@id":"https:\/\/canal7slp.tv\/2022\/#\/schema\/logo\/image\/"},"sameAs":["https:\/\/www.facebook.com\/noticieroscanalsiete","https:\/\/x.com\/NOTICIEROS7","https:\/\/www.instagram.com\/canal7_slp","https:\/\/www.youtube.com\/channel\/UCliiYs-gP3JfJeqdPrNdd5A"]},{"@type":"Person","@id":"https:\/\/canal7slp.tv\/2022\/#\/schema\/person\/429704152a21f5f856ce29aa69a238da","name":"Edici\u00f3n Web","image":{"@type":"ImageObject","inLanguage":"es","@id":"https:\/\/secure.gravatar.com\/avatar\/eee448fc3f7164808013b816ba91ac7e43bbe82a70bebac296f8bc6f0addaa1a?s=96&d=mm&r=g","url":"https:\/\/secure.gravatar.com\/avatar\/eee448fc3f7164808013b816ba91ac7e43bbe82a70bebac296f8bc6f0addaa1a?s=96&d=mm&r=g","contentUrl":"https:\/\/secure.gravatar.com\/avatar\/eee448fc3f7164808013b816ba91ac7e43bbe82a70bebac296f8bc6f0addaa1a?s=96&d=mm&r=g","caption":"Edici\u00f3n Web"},"url":"https:\/\/canal7slp.tv\/2022\/author\/edicionweb\/"}]}},"amp_enabled":true,"_links":{"self":[{"href":"https:\/\/canal7slp.tv\/2022\/wp-json\/wp\/v2\/posts\/52496","targetHints":{"allow":["GET"]}}],"collection":[{"href":"https:\/\/canal7slp.tv\/2022\/wp-json\/wp\/v2\/posts"}],"about":[{"href":"https:\/\/canal7slp.tv\/2022\/wp-json\/wp\/v2\/types\/post"}],"author":[{"embeddable":true,"href":"https:\/\/canal7slp.tv\/2022\/wp-json\/wp\/v2\/users\/2"}],"replies":[{"embeddable":true,"href":"https:\/\/canal7slp.tv\/2022\/wp-json\/wp\/v2\/comments?post=52496"}],"version-history":[{"count":1,"href":"https:\/\/canal7slp.tv\/2022\/wp-json\/wp\/v2\/posts\/52496\/revisions"}],"predecessor-version":[{"id":52497,"href":"https:\/\/canal7slp.tv\/2022\/wp-json\/wp\/v2\/posts\/52496\/revisions\/52497"}],"wp:attachment":[{"href":"https:\/\/canal7slp.tv\/2022\/wp-json\/wp\/v2\/media?parent=52496"}],"wp:term":[{"taxonomy":"category","embeddable":true,"href":"https:\/\/canal7slp.tv\/2022\/wp-json\/wp\/v2\/categories?post=52496"},{"taxonomy":"post_tag","embeddable":true,"href":"https:\/\/canal7slp.tv\/2022\/wp-json\/wp\/v2\/tags?post=52496"}],"curies":[{"name":"wp","href":"https:\/\/api.w.org\/{rel}","templated":true}]}}