{"id":52491,"date":"2022-02-25T21:25:06","date_gmt":"2022-02-26T03:25:06","guid":{"rendered":"https:\/\/canal7slp.tv\/2022\/?p=52491"},"modified":"2022-02-25T21:25:06","modified_gmt":"2022-02-26T03:25:06","slug":"ante-incidencia-delictiva-con-capacitacion-a-trabajadores-se-blinda-iniciativa-privada","status":"publish","type":"post","link":"https:\/\/canal7slp.tv\/2022\/ante-incidencia-delictiva-con-capacitacion-a-trabajadores-se-blinda-iniciativa-privada\/","title":{"rendered":"Ante incidencia delictiva, con capacitaci\u00f3n a trabajadores se blinda iniciativa privada."},"content":{"rendered":"<p style=\"text-align: justify;\">SLP.- Robo a veh\u00edculo, a casa-habitaci\u00f3n y a transe\u00fante son el tipo de delitos que en mayor medida impactan; aunado a la extorsi\u00f3n.<\/p>\n<p style=\"text-align: justify;\">Lo anterior fue se\u00f1alado por el presidente de la Confederaci\u00f3n Patronal de la Rep\u00fablica Mexicana (COPARMEX) Luis Gerardo Ortu\u00f1o D\u00edaz Infante -quien hizo \u00e9nfasis en el papel de la autoridad de los distintos niveles para garantizar que los indicadores marquen un descenso-.<\/p>\n<p style=\"text-align: justify;\">El dirigente del sindicato patronal en San Luis Potos\u00ed, coment\u00f3 que se genera conciencia en las plantillas de trabajadores, a fin de no filtrar datos que puedan vulnerar a las compa\u00f1\u00edas.<\/p>\n<p style=\"text-align: justify;\">Por: Paulina Rodr\u00edguez<\/p>\n","protected":false},"excerpt":{"rendered":"<p>SLP.- Robo a veh\u00edculo, a casa-habitaci\u00f3n y a transe\u00fante son el tipo de delitos que en mayor medida impactan; aunado a la extorsi\u00f3n. Lo anterior fue se\u00f1alado por el presidente de la Confederaci\u00f3n Patronal de la Rep\u00fablica Mexicana (COPARMEX) Luis Gerardo Ortu\u00f1o D\u00edaz Infante -quien hizo \u00e9nfasis en el papel de la autoridad de los distintos niveles para garantizar que los indicadores marquen un descenso-. El dirigente del sindicato patronal en San Luis Potos\u00ed, coment\u00f3 que se genera conciencia en las plantillas de trabajadores, a fin de no filtrar datos que puedan vulnerar a las compa\u00f1\u00edas. Por: Paulina Rodr\u00edguez<\/p>\n","protected":false},"author":2,"featured_media":52492,"comment_status":"closed","ping_status":"closed","sticky":false,"template":"","format":"video","meta":{"footnotes":""},"categories":[5,45],"tags":[],"class_list":["post-52491","post","type-post","status-publish","format-video","has-post-thumbnail","hentry","category-destacadas","category-localesyregionales","post_format-post-format-video","post--single"],"yoast_head":"<!-- This site is optimized with the Yoast SEO plugin v27.4 - https:\/\/yoast.com\/product\/yoast-seo-wordpress\/ -->\n<title>Ante incidencia delictiva, con capacitaci\u00f3n a trabajadores se blinda iniciativa privada. - Canal 7 SLP - 2022<\/title>\n<meta name=\"robots\" content=\"index, follow, max-snippet:-1, max-image-preview:large, max-video-preview:-1\" \/>\n<link rel=\"canonical\" href=\"https:\/\/canal7slp.tv\/2022\/ante-incidencia-delictiva-con-capacitacion-a-trabajadores-se-blinda-iniciativa-privada\/\" \/>\n<meta property=\"og:locale\" content=\"es_ES\" \/>\n<meta property=\"og:type\" content=\"article\" \/>\n<meta property=\"og:title\" content=\"Ante incidencia delictiva, con capacitaci\u00f3n a trabajadores se blinda iniciativa privada. - Canal 7 SLP - 2022\" \/>\n<meta property=\"og:description\" content=\"SLP.- Robo a veh\u00edculo, a casa-habitaci\u00f3n y a transe\u00fante son el tipo de delitos que en mayor medida impactan; aunado a la extorsi\u00f3n. Lo anterior fue se\u00f1alado por el presidente de la Confederaci\u00f3n Patronal de la Rep\u00fablica Mexicana (COPARMEX) Luis Gerardo Ortu\u00f1o D\u00edaz Infante -quien hizo \u00e9nfasis en el papel de la autoridad de los distintos niveles para garantizar que los indicadores marquen un descenso-. El dirigente del sindicato patronal en San Luis Potos\u00ed, coment\u00f3 que se genera conciencia en las plantillas de trabajadores, a fin de no filtrar datos que puedan vulnerar a las compa\u00f1\u00edas. Por: Paulina Rodr\u00edguez\" \/>\n<meta property=\"og:url\" content=\"https:\/\/canal7slp.tv\/2022\/ante-incidencia-delictiva-con-capacitacion-a-trabajadores-se-blinda-iniciativa-privada\/\" \/>\n<meta property=\"og:site_name\" content=\"Canal 7 SLP - 2022\" \/>\n<meta property=\"article:publisher\" content=\"https:\/\/www.facebook.com\/noticieroscanalsiete\" \/>\n<meta property=\"article:published_time\" content=\"2022-02-26T03:25:06+00:00\" \/>\n<meta property=\"og:image\" content=\"https:\/\/canal7slp.tv\/2022\/wp-content\/uploads\/2022\/02\/Pau02COPARMEX-1.jpg\" \/>\n\t<meta property=\"og:image:width\" content=\"888\" \/>\n\t<meta property=\"og:image:height\" content=\"500\" \/>\n\t<meta property=\"og:image:type\" content=\"image\/jpeg\" \/>\n<meta name=\"author\" content=\"Edici\u00f3n Web\" \/>\n<meta name=\"twitter:card\" content=\"summary_large_image\" \/>\n<meta name=\"twitter:creator\" content=\"@NOTICIEROS7\" \/>\n<meta name=\"twitter:site\" content=\"@NOTICIEROS7\" \/>\n<meta name=\"twitter:label1\" content=\"Escrito por\" \/>\n\t<meta name=\"twitter:data1\" content=\"Edici\u00f3n Web\" \/>\n\t<meta name=\"twitter:label2\" content=\"Tiempo de lectura\" \/>\n\t<meta name=\"twitter:data2\" content=\"1 minuto\" \/>\n<script type=\"application\/ld+json\" class=\"yoast-schema-graph\">{\"@context\":\"https:\\\/\\\/schema.org\",\"@graph\":[{\"@type\":\"Article\",\"@id\":\"https:\\\/\\\/canal7slp.tv\\\/2022\\\/ante-incidencia-delictiva-con-capacitacion-a-trabajadores-se-blinda-iniciativa-privada\\\/#article\",\"isPartOf\":{\"@id\":\"https:\\\/\\\/canal7slp.tv\\\/2022\\\/ante-incidencia-delictiva-con-capacitacion-a-trabajadores-se-blinda-iniciativa-privada\\\/\"},\"author\":{\"name\":\"Edici\u00f3n Web\",\"@id\":\"https:\\\/\\\/canal7slp.tv\\\/2022\\\/#\\\/schema\\\/person\\\/429704152a21f5f856ce29aa69a238da\"},\"headline\":\"Ante incidencia delictiva, con capacitaci\u00f3n a trabajadores se blinda iniciativa privada.\",\"datePublished\":\"2022-02-26T03:25:06+00:00\",\"mainEntityOfPage\":{\"@id\":\"https:\\\/\\\/canal7slp.tv\\\/2022\\\/ante-incidencia-delictiva-con-capacitacion-a-trabajadores-se-blinda-iniciativa-privada\\\/\"},\"wordCount\":123,\"publisher\":{\"@id\":\"https:\\\/\\\/canal7slp.tv\\\/2022\\\/#organization\"},\"image\":{\"@id\":\"https:\\\/\\\/canal7slp.tv\\\/2022\\\/ante-incidencia-delictiva-con-capacitacion-a-trabajadores-se-blinda-iniciativa-privada\\\/#primaryimage\"},\"thumbnailUrl\":\"https:\\\/\\\/canal7slp.tv\\\/2022\\\/wp-content\\\/uploads\\\/2022\\\/02\\\/Pau02COPARMEX-1.jpg\",\"articleSection\":[\"DESTACADAS\",\"LOCALES Y REGIONALES\"],\"inLanguage\":\"es\"},{\"@type\":\"WebPage\",\"@id\":\"https:\\\/\\\/canal7slp.tv\\\/2022\\\/ante-incidencia-delictiva-con-capacitacion-a-trabajadores-se-blinda-iniciativa-privada\\\/\",\"url\":\"https:\\\/\\\/canal7slp.tv\\\/2022\\\/ante-incidencia-delictiva-con-capacitacion-a-trabajadores-se-blinda-iniciativa-privada\\\/\",\"name\":\"Ante incidencia delictiva, con capacitaci\u00f3n a trabajadores se blinda iniciativa privada. - Canal 7 SLP - 2022\",\"isPartOf\":{\"@id\":\"https:\\\/\\\/canal7slp.tv\\\/2022\\\/#website\"},\"primaryImageOfPage\":{\"@id\":\"https:\\\/\\\/canal7slp.tv\\\/2022\\\/ante-incidencia-delictiva-con-capacitacion-a-trabajadores-se-blinda-iniciativa-privada\\\/#primaryimage\"},\"image\":{\"@id\":\"https:\\\/\\\/canal7slp.tv\\\/2022\\\/ante-incidencia-delictiva-con-capacitacion-a-trabajadores-se-blinda-iniciativa-privada\\\/#primaryimage\"},\"thumbnailUrl\":\"https:\\\/\\\/canal7slp.tv\\\/2022\\\/wp-content\\\/uploads\\\/2022\\\/02\\\/Pau02COPARMEX-1.jpg\",\"datePublished\":\"2022-02-26T03:25:06+00:00\",\"breadcrumb\":{\"@id\":\"https:\\\/\\\/canal7slp.tv\\\/2022\\\/ante-incidencia-delictiva-con-capacitacion-a-trabajadores-se-blinda-iniciativa-privada\\\/#breadcrumb\"},\"inLanguage\":\"es\",\"potentialAction\":[{\"@type\":\"ReadAction\",\"target\":[\"https:\\\/\\\/canal7slp.tv\\\/2022\\\/ante-incidencia-delictiva-con-capacitacion-a-trabajadores-se-blinda-iniciativa-privada\\\/\"]}]},{\"@type\":\"ImageObject\",\"inLanguage\":\"es\",\"@id\":\"https:\\\/\\\/canal7slp.tv\\\/2022\\\/ante-incidencia-delictiva-con-capacitacion-a-trabajadores-se-blinda-iniciativa-privada\\\/#primaryimage\",\"url\":\"https:\\\/\\\/canal7slp.tv\\\/2022\\\/wp-content\\\/uploads\\\/2022\\\/02\\\/Pau02COPARMEX-1.jpg\",\"contentUrl\":\"https:\\\/\\\/canal7slp.tv\\\/2022\\\/wp-content\\\/uploads\\\/2022\\\/02\\\/Pau02COPARMEX-1.jpg\",\"width\":888,\"height\":500},{\"@type\":\"BreadcrumbList\",\"@id\":\"https:\\\/\\\/canal7slp.tv\\\/2022\\\/ante-incidencia-delictiva-con-capacitacion-a-trabajadores-se-blinda-iniciativa-privada\\\/#breadcrumb\",\"itemListElement\":[{\"@type\":\"ListItem\",\"position\":1,\"name\":\"Portada\",\"item\":\"https:\\\/\\\/canal7slp.tv\\\/2022\\\/\"},{\"@type\":\"ListItem\",\"position\":2,\"name\":\"Ante incidencia delictiva, con capacitaci\u00f3n a trabajadores se blinda iniciativa privada.\"}]},{\"@type\":\"WebSite\",\"@id\":\"https:\\\/\\\/canal7slp.tv\\\/2022\\\/#website\",\"url\":\"https:\\\/\\\/canal7slp.tv\\\/2022\\\/\",\"name\":\"N7 - Noticieros Canal 7\",\"description\":\"Somos Televisi\u00f3n\",\"publisher\":{\"@id\":\"https:\\\/\\\/canal7slp.tv\\\/2022\\\/#organization\"},\"potentialAction\":[{\"@type\":\"SearchAction\",\"target\":{\"@type\":\"EntryPoint\",\"urlTemplate\":\"https:\\\/\\\/canal7slp.tv\\\/2022\\\/?s={search_term_string}\"},\"query-input\":{\"@type\":\"PropertyValueSpecification\",\"valueRequired\":true,\"valueName\":\"search_term_string\"}}],\"inLanguage\":\"es\"},{\"@type\":\"Organization\",\"@id\":\"https:\\\/\\\/canal7slp.tv\\\/2022\\\/#organization\",\"name\":\"Noticieros Canal 7\",\"url\":\"https:\\\/\\\/canal7slp.tv\\\/2022\\\/\",\"logo\":{\"@type\":\"ImageObject\",\"inLanguage\":\"es\",\"@id\":\"https:\\\/\\\/canal7slp.tv\\\/2022\\\/#\\\/schema\\\/logo\\\/image\\\/\",\"url\":\"https:\\\/\\\/canal7slp.tv\\\/2022\\\/wp-content\\\/uploads\\\/2021\\\/01\\\/logo-noticieros@2x.png\",\"contentUrl\":\"https:\\\/\\\/canal7slp.tv\\\/2022\\\/wp-content\\\/uploads\\\/2021\\\/01\\\/logo-noticieros@2x.png\",\"width\":1017,\"height\":268,\"caption\":\"Noticieros Canal 7\"},\"image\":{\"@id\":\"https:\\\/\\\/canal7slp.tv\\\/2022\\\/#\\\/schema\\\/logo\\\/image\\\/\"},\"sameAs\":[\"https:\\\/\\\/www.facebook.com\\\/noticieroscanalsiete\",\"https:\\\/\\\/x.com\\\/NOTICIEROS7\",\"https:\\\/\\\/www.instagram.com\\\/canal7_slp\",\"https:\\\/\\\/www.youtube.com\\\/channel\\\/UCliiYs-gP3JfJeqdPrNdd5A\"]},{\"@type\":\"Person\",\"@id\":\"https:\\\/\\\/canal7slp.tv\\\/2022\\\/#\\\/schema\\\/person\\\/429704152a21f5f856ce29aa69a238da\",\"name\":\"Edici\u00f3n Web\",\"image\":{\"@type\":\"ImageObject\",\"inLanguage\":\"es\",\"@id\":\"https:\\\/\\\/secure.gravatar.com\\\/avatar\\\/eee448fc3f7164808013b816ba91ac7e43bbe82a70bebac296f8bc6f0addaa1a?s=96&d=mm&r=g\",\"url\":\"https:\\\/\\\/secure.gravatar.com\\\/avatar\\\/eee448fc3f7164808013b816ba91ac7e43bbe82a70bebac296f8bc6f0addaa1a?s=96&d=mm&r=g\",\"contentUrl\":\"https:\\\/\\\/secure.gravatar.com\\\/avatar\\\/eee448fc3f7164808013b816ba91ac7e43bbe82a70bebac296f8bc6f0addaa1a?s=96&d=mm&r=g\",\"caption\":\"Edici\u00f3n Web\"},\"url\":\"https:\\\/\\\/canal7slp.tv\\\/2022\\\/author\\\/edicionweb\\\/\"}]}<\/script>\n<!-- \/ Yoast SEO plugin. -->","yoast_head_json":{"title":"Ante incidencia delictiva, con capacitaci\u00f3n a trabajadores se blinda iniciativa privada. - Canal 7 SLP - 2022","robots":{"index":"index","follow":"follow","max-snippet":"max-snippet:-1","max-image-preview":"max-image-preview:large","max-video-preview":"max-video-preview:-1"},"canonical":"https:\/\/canal7slp.tv\/2022\/ante-incidencia-delictiva-con-capacitacion-a-trabajadores-se-blinda-iniciativa-privada\/","og_locale":"es_ES","og_type":"article","og_title":"Ante incidencia delictiva, con capacitaci\u00f3n a trabajadores se blinda iniciativa privada. - Canal 7 SLP - 2022","og_description":"SLP.- Robo a veh\u00edculo, a casa-habitaci\u00f3n y a transe\u00fante son el tipo de delitos que en mayor medida impactan; aunado a la extorsi\u00f3n. Lo anterior fue se\u00f1alado por el presidente de la Confederaci\u00f3n Patronal de la Rep\u00fablica Mexicana (COPARMEX) Luis Gerardo Ortu\u00f1o D\u00edaz Infante -quien hizo \u00e9nfasis en el papel de la autoridad de los distintos niveles para garantizar que los indicadores marquen un descenso-. El dirigente del sindicato patronal en San Luis Potos\u00ed, coment\u00f3 que se genera conciencia en las plantillas de trabajadores, a fin de no filtrar datos que puedan vulnerar a las compa\u00f1\u00edas. Por: Paulina Rodr\u00edguez","og_url":"https:\/\/canal7slp.tv\/2022\/ante-incidencia-delictiva-con-capacitacion-a-trabajadores-se-blinda-iniciativa-privada\/","og_site_name":"Canal 7 SLP - 2022","article_publisher":"https:\/\/www.facebook.com\/noticieroscanalsiete","article_published_time":"2022-02-26T03:25:06+00:00","og_image":[{"width":888,"height":500,"url":"https:\/\/canal7slp.tv\/2022\/wp-content\/uploads\/2022\/02\/Pau02COPARMEX-1.jpg","type":"image\/jpeg"}],"author":"Edici\u00f3n Web","twitter_card":"summary_large_image","twitter_creator":"@NOTICIEROS7","twitter_site":"@NOTICIEROS7","twitter_misc":{"Escrito por":"Edici\u00f3n Web","Tiempo de lectura":"1 minuto"},"schema":{"@context":"https:\/\/schema.org","@graph":[{"@type":"Article","@id":"https:\/\/canal7slp.tv\/2022\/ante-incidencia-delictiva-con-capacitacion-a-trabajadores-se-blinda-iniciativa-privada\/#article","isPartOf":{"@id":"https:\/\/canal7slp.tv\/2022\/ante-incidencia-delictiva-con-capacitacion-a-trabajadores-se-blinda-iniciativa-privada\/"},"author":{"name":"Edici\u00f3n Web","@id":"https:\/\/canal7slp.tv\/2022\/#\/schema\/person\/429704152a21f5f856ce29aa69a238da"},"headline":"Ante incidencia delictiva, con capacitaci\u00f3n a trabajadores se blinda iniciativa privada.","datePublished":"2022-02-26T03:25:06+00:00","mainEntityOfPage":{"@id":"https:\/\/canal7slp.tv\/2022\/ante-incidencia-delictiva-con-capacitacion-a-trabajadores-se-blinda-iniciativa-privada\/"},"wordCount":123,"publisher":{"@id":"https:\/\/canal7slp.tv\/2022\/#organization"},"image":{"@id":"https:\/\/canal7slp.tv\/2022\/ante-incidencia-delictiva-con-capacitacion-a-trabajadores-se-blinda-iniciativa-privada\/#primaryimage"},"thumbnailUrl":"https:\/\/canal7slp.tv\/2022\/wp-content\/uploads\/2022\/02\/Pau02COPARMEX-1.jpg","articleSection":["DESTACADAS","LOCALES Y REGIONALES"],"inLanguage":"es"},{"@type":"WebPage","@id":"https:\/\/canal7slp.tv\/2022\/ante-incidencia-delictiva-con-capacitacion-a-trabajadores-se-blinda-iniciativa-privada\/","url":"https:\/\/canal7slp.tv\/2022\/ante-incidencia-delictiva-con-capacitacion-a-trabajadores-se-blinda-iniciativa-privada\/","name":"Ante incidencia delictiva, con capacitaci\u00f3n a trabajadores se blinda iniciativa privada. - Canal 7 SLP - 2022","isPartOf":{"@id":"https:\/\/canal7slp.tv\/2022\/#website"},"primaryImageOfPage":{"@id":"https:\/\/canal7slp.tv\/2022\/ante-incidencia-delictiva-con-capacitacion-a-trabajadores-se-blinda-iniciativa-privada\/#primaryimage"},"image":{"@id":"https:\/\/canal7slp.tv\/2022\/ante-incidencia-delictiva-con-capacitacion-a-trabajadores-se-blinda-iniciativa-privada\/#primaryimage"},"thumbnailUrl":"https:\/\/canal7slp.tv\/2022\/wp-content\/uploads\/2022\/02\/Pau02COPARMEX-1.jpg","datePublished":"2022-02-26T03:25:06+00:00","breadcrumb":{"@id":"https:\/\/canal7slp.tv\/2022\/ante-incidencia-delictiva-con-capacitacion-a-trabajadores-se-blinda-iniciativa-privada\/#breadcrumb"},"inLanguage":"es","potentialAction":[{"@type":"ReadAction","target":["https:\/\/canal7slp.tv\/2022\/ante-incidencia-delictiva-con-capacitacion-a-trabajadores-se-blinda-iniciativa-privada\/"]}]},{"@type":"ImageObject","inLanguage":"es","@id":"https:\/\/canal7slp.tv\/2022\/ante-incidencia-delictiva-con-capacitacion-a-trabajadores-se-blinda-iniciativa-privada\/#primaryimage","url":"https:\/\/canal7slp.tv\/2022\/wp-content\/uploads\/2022\/02\/Pau02COPARMEX-1.jpg","contentUrl":"https:\/\/canal7slp.tv\/2022\/wp-content\/uploads\/2022\/02\/Pau02COPARMEX-1.jpg","width":888,"height":500},{"@type":"BreadcrumbList","@id":"https:\/\/canal7slp.tv\/2022\/ante-incidencia-delictiva-con-capacitacion-a-trabajadores-se-blinda-iniciativa-privada\/#breadcrumb","itemListElement":[{"@type":"ListItem","position":1,"name":"Portada","item":"https:\/\/canal7slp.tv\/2022\/"},{"@type":"ListItem","position":2,"name":"Ante incidencia delictiva, con capacitaci\u00f3n a trabajadores se blinda iniciativa privada."}]},{"@type":"WebSite","@id":"https:\/\/canal7slp.tv\/2022\/#website","url":"https:\/\/canal7slp.tv\/2022\/","name":"N7 - Noticieros Canal 7","description":"Somos Televisi\u00f3n","publisher":{"@id":"https:\/\/canal7slp.tv\/2022\/#organization"},"potentialAction":[{"@type":"SearchAction","target":{"@type":"EntryPoint","urlTemplate":"https:\/\/canal7slp.tv\/2022\/?s={search_term_string}"},"query-input":{"@type":"PropertyValueSpecification","valueRequired":true,"valueName":"search_term_string"}}],"inLanguage":"es"},{"@type":"Organization","@id":"https:\/\/canal7slp.tv\/2022\/#organization","name":"Noticieros Canal 7","url":"https:\/\/canal7slp.tv\/2022\/","logo":{"@type":"ImageObject","inLanguage":"es","@id":"https:\/\/canal7slp.tv\/2022\/#\/schema\/logo\/image\/","url":"https:\/\/canal7slp.tv\/2022\/wp-content\/uploads\/2021\/01\/logo-noticieros@2x.png","contentUrl":"https:\/\/canal7slp.tv\/2022\/wp-content\/uploads\/2021\/01\/logo-noticieros@2x.png","width":1017,"height":268,"caption":"Noticieros Canal 7"},"image":{"@id":"https:\/\/canal7slp.tv\/2022\/#\/schema\/logo\/image\/"},"sameAs":["https:\/\/www.facebook.com\/noticieroscanalsiete","https:\/\/x.com\/NOTICIEROS7","https:\/\/www.instagram.com\/canal7_slp","https:\/\/www.youtube.com\/channel\/UCliiYs-gP3JfJeqdPrNdd5A"]},{"@type":"Person","@id":"https:\/\/canal7slp.tv\/2022\/#\/schema\/person\/429704152a21f5f856ce29aa69a238da","name":"Edici\u00f3n Web","image":{"@type":"ImageObject","inLanguage":"es","@id":"https:\/\/secure.gravatar.com\/avatar\/eee448fc3f7164808013b816ba91ac7e43bbe82a70bebac296f8bc6f0addaa1a?s=96&d=mm&r=g","url":"https:\/\/secure.gravatar.com\/avatar\/eee448fc3f7164808013b816ba91ac7e43bbe82a70bebac296f8bc6f0addaa1a?s=96&d=mm&r=g","contentUrl":"https:\/\/secure.gravatar.com\/avatar\/eee448fc3f7164808013b816ba91ac7e43bbe82a70bebac296f8bc6f0addaa1a?s=96&d=mm&r=g","caption":"Edici\u00f3n Web"},"url":"https:\/\/canal7slp.tv\/2022\/author\/edicionweb\/"}]}},"amp_enabled":true,"_links":{"self":[{"href":"https:\/\/canal7slp.tv\/2022\/wp-json\/wp\/v2\/posts\/52491","targetHints":{"allow":["GET"]}}],"collection":[{"href":"https:\/\/canal7slp.tv\/2022\/wp-json\/wp\/v2\/posts"}],"about":[{"href":"https:\/\/canal7slp.tv\/2022\/wp-json\/wp\/v2\/types\/post"}],"author":[{"embeddable":true,"href":"https:\/\/canal7slp.tv\/2022\/wp-json\/wp\/v2\/users\/2"}],"replies":[{"embeddable":true,"href":"https:\/\/canal7slp.tv\/2022\/wp-json\/wp\/v2\/comments?post=52491"}],"version-history":[{"count":1,"href":"https:\/\/canal7slp.tv\/2022\/wp-json\/wp\/v2\/posts\/52491\/revisions"}],"predecessor-version":[{"id":52493,"href":"https:\/\/canal7slp.tv\/2022\/wp-json\/wp\/v2\/posts\/52491\/revisions\/52493"}],"wp:featuredmedia":[{"embeddable":true,"href":"https:\/\/canal7slp.tv\/2022\/wp-json\/wp\/v2\/media\/52492"}],"wp:attachment":[{"href":"https:\/\/canal7slp.tv\/2022\/wp-json\/wp\/v2\/media?parent=52491"}],"wp:term":[{"taxonomy":"category","embeddable":true,"href":"https:\/\/canal7slp.tv\/2022\/wp-json\/wp\/v2\/categories?post=52491"},{"taxonomy":"post_tag","embeddable":true,"href":"https:\/\/canal7slp.tv\/2022\/wp-json\/wp\/v2\/tags?post=52491"}],"curies":[{"name":"wp","href":"https:\/\/api.w.org\/{rel}","templated":true}]}}