{"id":52339,"date":"2022-02-25T07:28:02","date_gmt":"2022-02-25T13:28:02","guid":{"rendered":"https:\/\/canal7slp.tv\/2022\/?p=52339"},"modified":"2022-02-25T07:28:02","modified_gmt":"2022-02-25T13:28:02","slug":"condena-la-camara-nacional-de-la-industria-de-radio-y-television-cirt-ataques-a-periodistas","status":"publish","type":"post","link":"https:\/\/canal7slp.tv\/2022\/condena-la-camara-nacional-de-la-industria-de-radio-y-television-cirt-ataques-a-periodistas\/","title":{"rendered":"Condena la C\u00e1mara Nacional de la Industria de Radio y Televisi\u00f3n (CIRT) ataques a periodistas."},"content":{"rendered":"<p style=\"text-align: justify;\">SLP.- En San Luis Potos\u00ed condena la C\u00e1mara Nacional de la Industria de Radio y Televisi\u00f3n (CIRT) los ataques a los periodistas.<\/p>\n<p style=\"text-align: justify;\">Diversos sectores de la poblaci\u00f3n en el pa\u00eds han externado que la administraci\u00f3n federal pareciera perseguir a los opositores y desencadenar una disputa con quienes dicen la verdad.<\/p>\n<p style=\"text-align: justify;\">El presidente de la CIRT en la entidad, H\u00e9ctor Navarro P\u00e1ramo declar\u00f3.<\/p>\n<p style=\"text-align: justify;\">En ese sentido, pronunci\u00f3 que se arremete contra los comunicadores, m\u00e1s all\u00e1 de los momentos en que se convoca a conferencias de prensa.<\/p>\n<p style=\"text-align: justify;\">Sin embargo, descart\u00f3 que los medios de comunicaci\u00f3n est\u00e9n dispuestos a dar un paso atr\u00e1s.<\/p>\n<p style=\"text-align: justify;\">Por: Paulina Rodr\u00edguez<\/p>\n","protected":false},"excerpt":{"rendered":"<p>SLP.- En San Luis Potos\u00ed condena la C\u00e1mara Nacional de la Industria de Radio y Televisi\u00f3n (CIRT) los ataques a los periodistas. Diversos sectores de la poblaci\u00f3n en el pa\u00eds han externado que la administraci\u00f3n federal pareciera perseguir a los opositores y desencadenar una disputa con quienes dicen la verdad. El presidente de la CIRT en la entidad, H\u00e9ctor Navarro P\u00e1ramo declar\u00f3. En ese sentido, pronunci\u00f3 que se arremete contra los comunicadores, m\u00e1s all\u00e1 de los momentos en que se convoca a conferencias de prensa. Sin embargo, descart\u00f3 que los medios de comunicaci\u00f3n est\u00e9n dispuestos a dar un paso atr\u00e1s. [&hellip;]<\/p>\n","protected":false},"author":2,"featured_media":52355,"comment_status":"closed","ping_status":"closed","sticky":false,"template":"","format":"video","meta":{"footnotes":""},"categories":[5,45],"tags":[],"class_list":["post-52339","post","type-post","status-publish","format-video","has-post-thumbnail","hentry","category-destacadas","category-localesyregionales","post_format-post-format-video","post--single"],"yoast_head":"<!-- This site is optimized with the Yoast SEO plugin v27.4 - https:\/\/yoast.com\/product\/yoast-seo-wordpress\/ -->\n<title>Condena la C\u00e1mara Nacional de la Industria de Radio y Televisi\u00f3n (CIRT) ataques a periodistas. - Canal 7 SLP - 2022<\/title>\n<meta name=\"robots\" content=\"index, follow, max-snippet:-1, max-image-preview:large, max-video-preview:-1\" \/>\n<link rel=\"canonical\" href=\"https:\/\/canal7slp.tv\/2022\/condena-la-camara-nacional-de-la-industria-de-radio-y-television-cirt-ataques-a-periodistas\/\" \/>\n<meta property=\"og:locale\" content=\"es_ES\" \/>\n<meta property=\"og:type\" content=\"article\" \/>\n<meta property=\"og:title\" content=\"Condena la C\u00e1mara Nacional de la Industria de Radio y Televisi\u00f3n (CIRT) ataques a periodistas. - Canal 7 SLP - 2022\" \/>\n<meta property=\"og:description\" content=\"SLP.- En San Luis Potos\u00ed condena la C\u00e1mara Nacional de la Industria de Radio y Televisi\u00f3n (CIRT) los ataques a los periodistas. Diversos sectores de la poblaci\u00f3n en el pa\u00eds han externado que la administraci\u00f3n federal pareciera perseguir a los opositores y desencadenar una disputa con quienes dicen la verdad. El presidente de la CIRT en la entidad, H\u00e9ctor Navarro P\u00e1ramo declar\u00f3. En ese sentido, pronunci\u00f3 que se arremete contra los comunicadores, m\u00e1s all\u00e1 de los momentos en que se convoca a conferencias de prensa. Sin embargo, descart\u00f3 que los medios de comunicaci\u00f3n est\u00e9n dispuestos a dar un paso atr\u00e1s. [&hellip;]\" \/>\n<meta property=\"og:url\" content=\"https:\/\/canal7slp.tv\/2022\/condena-la-camara-nacional-de-la-industria-de-radio-y-television-cirt-ataques-a-periodistas\/\" \/>\n<meta property=\"og:site_name\" content=\"Canal 7 SLP - 2022\" \/>\n<meta property=\"article:publisher\" content=\"https:\/\/www.facebook.com\/noticieroscanalsiete\" \/>\n<meta property=\"article:published_time\" content=\"2022-02-25T13:28:02+00:00\" \/>\n<meta property=\"og:image\" content=\"https:\/\/canal7slp.tv\/2022\/wp-content\/uploads\/2022\/02\/Pau0HectorNavarro.jpg\" \/>\n\t<meta property=\"og:image:width\" content=\"888\" \/>\n\t<meta property=\"og:image:height\" content=\"500\" \/>\n\t<meta property=\"og:image:type\" content=\"image\/jpeg\" \/>\n<meta name=\"author\" content=\"Edici\u00f3n Web\" \/>\n<meta name=\"twitter:card\" content=\"summary_large_image\" \/>\n<meta name=\"twitter:creator\" content=\"@NOTICIEROS7\" \/>\n<meta name=\"twitter:site\" content=\"@NOTICIEROS7\" \/>\n<meta name=\"twitter:label1\" content=\"Escrito por\" \/>\n\t<meta name=\"twitter:data1\" content=\"Edici\u00f3n Web\" \/>\n\t<meta name=\"twitter:label2\" content=\"Tiempo de lectura\" \/>\n\t<meta name=\"twitter:data2\" content=\"1 minuto\" \/>\n<script type=\"application\/ld+json\" class=\"yoast-schema-graph\">{\"@context\":\"https:\\\/\\\/schema.org\",\"@graph\":[{\"@type\":\"Article\",\"@id\":\"https:\\\/\\\/canal7slp.tv\\\/2022\\\/condena-la-camara-nacional-de-la-industria-de-radio-y-television-cirt-ataques-a-periodistas\\\/#article\",\"isPartOf\":{\"@id\":\"https:\\\/\\\/canal7slp.tv\\\/2022\\\/condena-la-camara-nacional-de-la-industria-de-radio-y-television-cirt-ataques-a-periodistas\\\/\"},\"author\":{\"name\":\"Edici\u00f3n Web\",\"@id\":\"https:\\\/\\\/canal7slp.tv\\\/2022\\\/#\\\/schema\\\/person\\\/429704152a21f5f856ce29aa69a238da\"},\"headline\":\"Condena la C\u00e1mara Nacional de la Industria de Radio y Televisi\u00f3n (CIRT) ataques a periodistas.\",\"datePublished\":\"2022-02-25T13:28:02+00:00\",\"mainEntityOfPage\":{\"@id\":\"https:\\\/\\\/canal7slp.tv\\\/2022\\\/condena-la-camara-nacional-de-la-industria-de-radio-y-television-cirt-ataques-a-periodistas\\\/\"},\"wordCount\":133,\"publisher\":{\"@id\":\"https:\\\/\\\/canal7slp.tv\\\/2022\\\/#organization\"},\"image\":{\"@id\":\"https:\\\/\\\/canal7slp.tv\\\/2022\\\/condena-la-camara-nacional-de-la-industria-de-radio-y-television-cirt-ataques-a-periodistas\\\/#primaryimage\"},\"thumbnailUrl\":\"https:\\\/\\\/canal7slp.tv\\\/2022\\\/wp-content\\\/uploads\\\/2022\\\/02\\\/Pau0HectorNavarro.jpg\",\"articleSection\":[\"DESTACADAS\",\"LOCALES Y REGIONALES\"],\"inLanguage\":\"es\"},{\"@type\":\"WebPage\",\"@id\":\"https:\\\/\\\/canal7slp.tv\\\/2022\\\/condena-la-camara-nacional-de-la-industria-de-radio-y-television-cirt-ataques-a-periodistas\\\/\",\"url\":\"https:\\\/\\\/canal7slp.tv\\\/2022\\\/condena-la-camara-nacional-de-la-industria-de-radio-y-television-cirt-ataques-a-periodistas\\\/\",\"name\":\"Condena la C\u00e1mara Nacional de la Industria de Radio y Televisi\u00f3n (CIRT) ataques a periodistas. - Canal 7 SLP - 2022\",\"isPartOf\":{\"@id\":\"https:\\\/\\\/canal7slp.tv\\\/2022\\\/#website\"},\"primaryImageOfPage\":{\"@id\":\"https:\\\/\\\/canal7slp.tv\\\/2022\\\/condena-la-camara-nacional-de-la-industria-de-radio-y-television-cirt-ataques-a-periodistas\\\/#primaryimage\"},\"image\":{\"@id\":\"https:\\\/\\\/canal7slp.tv\\\/2022\\\/condena-la-camara-nacional-de-la-industria-de-radio-y-television-cirt-ataques-a-periodistas\\\/#primaryimage\"},\"thumbnailUrl\":\"https:\\\/\\\/canal7slp.tv\\\/2022\\\/wp-content\\\/uploads\\\/2022\\\/02\\\/Pau0HectorNavarro.jpg\",\"datePublished\":\"2022-02-25T13:28:02+00:00\",\"breadcrumb\":{\"@id\":\"https:\\\/\\\/canal7slp.tv\\\/2022\\\/condena-la-camara-nacional-de-la-industria-de-radio-y-television-cirt-ataques-a-periodistas\\\/#breadcrumb\"},\"inLanguage\":\"es\",\"potentialAction\":[{\"@type\":\"ReadAction\",\"target\":[\"https:\\\/\\\/canal7slp.tv\\\/2022\\\/condena-la-camara-nacional-de-la-industria-de-radio-y-television-cirt-ataques-a-periodistas\\\/\"]}]},{\"@type\":\"ImageObject\",\"inLanguage\":\"es\",\"@id\":\"https:\\\/\\\/canal7slp.tv\\\/2022\\\/condena-la-camara-nacional-de-la-industria-de-radio-y-television-cirt-ataques-a-periodistas\\\/#primaryimage\",\"url\":\"https:\\\/\\\/canal7slp.tv\\\/2022\\\/wp-content\\\/uploads\\\/2022\\\/02\\\/Pau0HectorNavarro.jpg\",\"contentUrl\":\"https:\\\/\\\/canal7slp.tv\\\/2022\\\/wp-content\\\/uploads\\\/2022\\\/02\\\/Pau0HectorNavarro.jpg\",\"width\":888,\"height\":500},{\"@type\":\"BreadcrumbList\",\"@id\":\"https:\\\/\\\/canal7slp.tv\\\/2022\\\/condena-la-camara-nacional-de-la-industria-de-radio-y-television-cirt-ataques-a-periodistas\\\/#breadcrumb\",\"itemListElement\":[{\"@type\":\"ListItem\",\"position\":1,\"name\":\"Portada\",\"item\":\"https:\\\/\\\/canal7slp.tv\\\/2022\\\/\"},{\"@type\":\"ListItem\",\"position\":2,\"name\":\"Condena la C\u00e1mara Nacional de la Industria de Radio y Televisi\u00f3n (CIRT) ataques a periodistas.\"}]},{\"@type\":\"WebSite\",\"@id\":\"https:\\\/\\\/canal7slp.tv\\\/2022\\\/#website\",\"url\":\"https:\\\/\\\/canal7slp.tv\\\/2022\\\/\",\"name\":\"N7 - Noticieros Canal 7\",\"description\":\"Somos Televisi\u00f3n\",\"publisher\":{\"@id\":\"https:\\\/\\\/canal7slp.tv\\\/2022\\\/#organization\"},\"potentialAction\":[{\"@type\":\"SearchAction\",\"target\":{\"@type\":\"EntryPoint\",\"urlTemplate\":\"https:\\\/\\\/canal7slp.tv\\\/2022\\\/?s={search_term_string}\"},\"query-input\":{\"@type\":\"PropertyValueSpecification\",\"valueRequired\":true,\"valueName\":\"search_term_string\"}}],\"inLanguage\":\"es\"},{\"@type\":\"Organization\",\"@id\":\"https:\\\/\\\/canal7slp.tv\\\/2022\\\/#organization\",\"name\":\"Noticieros Canal 7\",\"url\":\"https:\\\/\\\/canal7slp.tv\\\/2022\\\/\",\"logo\":{\"@type\":\"ImageObject\",\"inLanguage\":\"es\",\"@id\":\"https:\\\/\\\/canal7slp.tv\\\/2022\\\/#\\\/schema\\\/logo\\\/image\\\/\",\"url\":\"https:\\\/\\\/canal7slp.tv\\\/2022\\\/wp-content\\\/uploads\\\/2021\\\/01\\\/logo-noticieros@2x.png\",\"contentUrl\":\"https:\\\/\\\/canal7slp.tv\\\/2022\\\/wp-content\\\/uploads\\\/2021\\\/01\\\/logo-noticieros@2x.png\",\"width\":1017,\"height\":268,\"caption\":\"Noticieros Canal 7\"},\"image\":{\"@id\":\"https:\\\/\\\/canal7slp.tv\\\/2022\\\/#\\\/schema\\\/logo\\\/image\\\/\"},\"sameAs\":[\"https:\\\/\\\/www.facebook.com\\\/noticieroscanalsiete\",\"https:\\\/\\\/x.com\\\/NOTICIEROS7\",\"https:\\\/\\\/www.instagram.com\\\/canal7_slp\",\"https:\\\/\\\/www.youtube.com\\\/channel\\\/UCliiYs-gP3JfJeqdPrNdd5A\"]},{\"@type\":\"Person\",\"@id\":\"https:\\\/\\\/canal7slp.tv\\\/2022\\\/#\\\/schema\\\/person\\\/429704152a21f5f856ce29aa69a238da\",\"name\":\"Edici\u00f3n Web\",\"image\":{\"@type\":\"ImageObject\",\"inLanguage\":\"es\",\"@id\":\"https:\\\/\\\/secure.gravatar.com\\\/avatar\\\/eee448fc3f7164808013b816ba91ac7e43bbe82a70bebac296f8bc6f0addaa1a?s=96&d=mm&r=g\",\"url\":\"https:\\\/\\\/secure.gravatar.com\\\/avatar\\\/eee448fc3f7164808013b816ba91ac7e43bbe82a70bebac296f8bc6f0addaa1a?s=96&d=mm&r=g\",\"contentUrl\":\"https:\\\/\\\/secure.gravatar.com\\\/avatar\\\/eee448fc3f7164808013b816ba91ac7e43bbe82a70bebac296f8bc6f0addaa1a?s=96&d=mm&r=g\",\"caption\":\"Edici\u00f3n Web\"},\"url\":\"https:\\\/\\\/canal7slp.tv\\\/2022\\\/author\\\/edicionweb\\\/\"}]}<\/script>\n<!-- \/ Yoast SEO plugin. -->","yoast_head_json":{"title":"Condena la C\u00e1mara Nacional de la Industria de Radio y Televisi\u00f3n (CIRT) ataques a periodistas. - Canal 7 SLP - 2022","robots":{"index":"index","follow":"follow","max-snippet":"max-snippet:-1","max-image-preview":"max-image-preview:large","max-video-preview":"max-video-preview:-1"},"canonical":"https:\/\/canal7slp.tv\/2022\/condena-la-camara-nacional-de-la-industria-de-radio-y-television-cirt-ataques-a-periodistas\/","og_locale":"es_ES","og_type":"article","og_title":"Condena la C\u00e1mara Nacional de la Industria de Radio y Televisi\u00f3n (CIRT) ataques a periodistas. - Canal 7 SLP - 2022","og_description":"SLP.- En San Luis Potos\u00ed condena la C\u00e1mara Nacional de la Industria de Radio y Televisi\u00f3n (CIRT) los ataques a los periodistas. Diversos sectores de la poblaci\u00f3n en el pa\u00eds han externado que la administraci\u00f3n federal pareciera perseguir a los opositores y desencadenar una disputa con quienes dicen la verdad. El presidente de la CIRT en la entidad, H\u00e9ctor Navarro P\u00e1ramo declar\u00f3. En ese sentido, pronunci\u00f3 que se arremete contra los comunicadores, m\u00e1s all\u00e1 de los momentos en que se convoca a conferencias de prensa. Sin embargo, descart\u00f3 que los medios de comunicaci\u00f3n est\u00e9n dispuestos a dar un paso atr\u00e1s. [&hellip;]","og_url":"https:\/\/canal7slp.tv\/2022\/condena-la-camara-nacional-de-la-industria-de-radio-y-television-cirt-ataques-a-periodistas\/","og_site_name":"Canal 7 SLP - 2022","article_publisher":"https:\/\/www.facebook.com\/noticieroscanalsiete","article_published_time":"2022-02-25T13:28:02+00:00","og_image":[{"width":888,"height":500,"url":"https:\/\/canal7slp.tv\/2022\/wp-content\/uploads\/2022\/02\/Pau0HectorNavarro.jpg","type":"image\/jpeg"}],"author":"Edici\u00f3n Web","twitter_card":"summary_large_image","twitter_creator":"@NOTICIEROS7","twitter_site":"@NOTICIEROS7","twitter_misc":{"Escrito por":"Edici\u00f3n Web","Tiempo de lectura":"1 minuto"},"schema":{"@context":"https:\/\/schema.org","@graph":[{"@type":"Article","@id":"https:\/\/canal7slp.tv\/2022\/condena-la-camara-nacional-de-la-industria-de-radio-y-television-cirt-ataques-a-periodistas\/#article","isPartOf":{"@id":"https:\/\/canal7slp.tv\/2022\/condena-la-camara-nacional-de-la-industria-de-radio-y-television-cirt-ataques-a-periodistas\/"},"author":{"name":"Edici\u00f3n Web","@id":"https:\/\/canal7slp.tv\/2022\/#\/schema\/person\/429704152a21f5f856ce29aa69a238da"},"headline":"Condena la C\u00e1mara Nacional de la Industria de Radio y Televisi\u00f3n (CIRT) ataques a periodistas.","datePublished":"2022-02-25T13:28:02+00:00","mainEntityOfPage":{"@id":"https:\/\/canal7slp.tv\/2022\/condena-la-camara-nacional-de-la-industria-de-radio-y-television-cirt-ataques-a-periodistas\/"},"wordCount":133,"publisher":{"@id":"https:\/\/canal7slp.tv\/2022\/#organization"},"image":{"@id":"https:\/\/canal7slp.tv\/2022\/condena-la-camara-nacional-de-la-industria-de-radio-y-television-cirt-ataques-a-periodistas\/#primaryimage"},"thumbnailUrl":"https:\/\/canal7slp.tv\/2022\/wp-content\/uploads\/2022\/02\/Pau0HectorNavarro.jpg","articleSection":["DESTACADAS","LOCALES Y REGIONALES"],"inLanguage":"es"},{"@type":"WebPage","@id":"https:\/\/canal7slp.tv\/2022\/condena-la-camara-nacional-de-la-industria-de-radio-y-television-cirt-ataques-a-periodistas\/","url":"https:\/\/canal7slp.tv\/2022\/condena-la-camara-nacional-de-la-industria-de-radio-y-television-cirt-ataques-a-periodistas\/","name":"Condena la C\u00e1mara Nacional de la Industria de Radio y Televisi\u00f3n (CIRT) ataques a periodistas. - Canal 7 SLP - 2022","isPartOf":{"@id":"https:\/\/canal7slp.tv\/2022\/#website"},"primaryImageOfPage":{"@id":"https:\/\/canal7slp.tv\/2022\/condena-la-camara-nacional-de-la-industria-de-radio-y-television-cirt-ataques-a-periodistas\/#primaryimage"},"image":{"@id":"https:\/\/canal7slp.tv\/2022\/condena-la-camara-nacional-de-la-industria-de-radio-y-television-cirt-ataques-a-periodistas\/#primaryimage"},"thumbnailUrl":"https:\/\/canal7slp.tv\/2022\/wp-content\/uploads\/2022\/02\/Pau0HectorNavarro.jpg","datePublished":"2022-02-25T13:28:02+00:00","breadcrumb":{"@id":"https:\/\/canal7slp.tv\/2022\/condena-la-camara-nacional-de-la-industria-de-radio-y-television-cirt-ataques-a-periodistas\/#breadcrumb"},"inLanguage":"es","potentialAction":[{"@type":"ReadAction","target":["https:\/\/canal7slp.tv\/2022\/condena-la-camara-nacional-de-la-industria-de-radio-y-television-cirt-ataques-a-periodistas\/"]}]},{"@type":"ImageObject","inLanguage":"es","@id":"https:\/\/canal7slp.tv\/2022\/condena-la-camara-nacional-de-la-industria-de-radio-y-television-cirt-ataques-a-periodistas\/#primaryimage","url":"https:\/\/canal7slp.tv\/2022\/wp-content\/uploads\/2022\/02\/Pau0HectorNavarro.jpg","contentUrl":"https:\/\/canal7slp.tv\/2022\/wp-content\/uploads\/2022\/02\/Pau0HectorNavarro.jpg","width":888,"height":500},{"@type":"BreadcrumbList","@id":"https:\/\/canal7slp.tv\/2022\/condena-la-camara-nacional-de-la-industria-de-radio-y-television-cirt-ataques-a-periodistas\/#breadcrumb","itemListElement":[{"@type":"ListItem","position":1,"name":"Portada","item":"https:\/\/canal7slp.tv\/2022\/"},{"@type":"ListItem","position":2,"name":"Condena la C\u00e1mara Nacional de la Industria de Radio y Televisi\u00f3n (CIRT) ataques a periodistas."}]},{"@type":"WebSite","@id":"https:\/\/canal7slp.tv\/2022\/#website","url":"https:\/\/canal7slp.tv\/2022\/","name":"N7 - Noticieros Canal 7","description":"Somos Televisi\u00f3n","publisher":{"@id":"https:\/\/canal7slp.tv\/2022\/#organization"},"potentialAction":[{"@type":"SearchAction","target":{"@type":"EntryPoint","urlTemplate":"https:\/\/canal7slp.tv\/2022\/?s={search_term_string}"},"query-input":{"@type":"PropertyValueSpecification","valueRequired":true,"valueName":"search_term_string"}}],"inLanguage":"es"},{"@type":"Organization","@id":"https:\/\/canal7slp.tv\/2022\/#organization","name":"Noticieros Canal 7","url":"https:\/\/canal7slp.tv\/2022\/","logo":{"@type":"ImageObject","inLanguage":"es","@id":"https:\/\/canal7slp.tv\/2022\/#\/schema\/logo\/image\/","url":"https:\/\/canal7slp.tv\/2022\/wp-content\/uploads\/2021\/01\/logo-noticieros@2x.png","contentUrl":"https:\/\/canal7slp.tv\/2022\/wp-content\/uploads\/2021\/01\/logo-noticieros@2x.png","width":1017,"height":268,"caption":"Noticieros Canal 7"},"image":{"@id":"https:\/\/canal7slp.tv\/2022\/#\/schema\/logo\/image\/"},"sameAs":["https:\/\/www.facebook.com\/noticieroscanalsiete","https:\/\/x.com\/NOTICIEROS7","https:\/\/www.instagram.com\/canal7_slp","https:\/\/www.youtube.com\/channel\/UCliiYs-gP3JfJeqdPrNdd5A"]},{"@type":"Person","@id":"https:\/\/canal7slp.tv\/2022\/#\/schema\/person\/429704152a21f5f856ce29aa69a238da","name":"Edici\u00f3n Web","image":{"@type":"ImageObject","inLanguage":"es","@id":"https:\/\/secure.gravatar.com\/avatar\/eee448fc3f7164808013b816ba91ac7e43bbe82a70bebac296f8bc6f0addaa1a?s=96&d=mm&r=g","url":"https:\/\/secure.gravatar.com\/avatar\/eee448fc3f7164808013b816ba91ac7e43bbe82a70bebac296f8bc6f0addaa1a?s=96&d=mm&r=g","contentUrl":"https:\/\/secure.gravatar.com\/avatar\/eee448fc3f7164808013b816ba91ac7e43bbe82a70bebac296f8bc6f0addaa1a?s=96&d=mm&r=g","caption":"Edici\u00f3n Web"},"url":"https:\/\/canal7slp.tv\/2022\/author\/edicionweb\/"}]}},"amp_enabled":true,"_links":{"self":[{"href":"https:\/\/canal7slp.tv\/2022\/wp-json\/wp\/v2\/posts\/52339","targetHints":{"allow":["GET"]}}],"collection":[{"href":"https:\/\/canal7slp.tv\/2022\/wp-json\/wp\/v2\/posts"}],"about":[{"href":"https:\/\/canal7slp.tv\/2022\/wp-json\/wp\/v2\/types\/post"}],"author":[{"embeddable":true,"href":"https:\/\/canal7slp.tv\/2022\/wp-json\/wp\/v2\/users\/2"}],"replies":[{"embeddable":true,"href":"https:\/\/canal7slp.tv\/2022\/wp-json\/wp\/v2\/comments?post=52339"}],"version-history":[{"count":2,"href":"https:\/\/canal7slp.tv\/2022\/wp-json\/wp\/v2\/posts\/52339\/revisions"}],"predecessor-version":[{"id":52356,"href":"https:\/\/canal7slp.tv\/2022\/wp-json\/wp\/v2\/posts\/52339\/revisions\/52356"}],"wp:featuredmedia":[{"embeddable":true,"href":"https:\/\/canal7slp.tv\/2022\/wp-json\/wp\/v2\/media\/52355"}],"wp:attachment":[{"href":"https:\/\/canal7slp.tv\/2022\/wp-json\/wp\/v2\/media?parent=52339"}],"wp:term":[{"taxonomy":"category","embeddable":true,"href":"https:\/\/canal7slp.tv\/2022\/wp-json\/wp\/v2\/categories?post=52339"},{"taxonomy":"post_tag","embeddable":true,"href":"https:\/\/canal7slp.tv\/2022\/wp-json\/wp\/v2\/tags?post=52339"}],"curies":[{"name":"wp","href":"https:\/\/api.w.org\/{rel}","templated":true}]}}