{"id":52309,"date":"2022-02-24T19:30:04","date_gmt":"2022-02-25T01:30:04","guid":{"rendered":"https:\/\/canal7slp.tv\/2022\/?p=52309"},"modified":"2022-02-24T21:48:17","modified_gmt":"2022-02-25T03:48:17","slug":"legislador-califica-de-incongruente-adhesion-de-expanista-al-mc","status":"publish","type":"post","link":"https:\/\/canal7slp.tv\/2022\/legislador-califica-de-incongruente-adhesion-de-expanista-al-mc\/","title":{"rendered":"Legislador califica de incongruente adhesi\u00f3n de expanista al MC."},"content":{"rendered":"<p style=\"text-align: justify;\">SLP.- Para el diputado coordinador de la fracci\u00f3n parlamentaria del PAN en el Congreso Rub\u00e9n Guajardo Barrera la adhesi\u00f3n al Partido Movimiento Ciudadano del exdiputado Ricardo Villarreal Loo y de la exdirectora del DIF municipal en la pasada administraci\u00f3n Adriana Urbina Aguilar, fue un acto de incongruencia.<\/p>\n<p style=\"text-align: justify;\">Afirm\u00f3 que el partido naranja acepta a dos perfiles que en su momento fueron candidatos opositores por partidos distintos y que ahora, su coordinador estatal Eugenio Govea Arcos, los convoca para sumarse a los proyectos de Movimiento Ciudadano.<\/p>\n<p style=\"text-align: justify;\">En el mismo sentido opin\u00f3 la diputada panista Liliana Guadalupe Flores al coincidir con Guajardo Barrera en el sentido de que la excolaboradora de Xavier Nava Palacios, nunca milit\u00f3 en el Partido Acci\u00f3n Nacional.<\/p>\n<p style=\"text-align: justify;\">En el caso del exdiputado Ricardo Villarreal dijo respetar su decisi\u00f3n al decir que igualmente al interior del PAN, se respetan las decisiones de sus militantes.<\/p>\n<p style=\"text-align: justify;\">Por: Claudio Ibarra<\/p>\n","protected":false},"excerpt":{"rendered":"<p>SLP.- Para el diputado coordinador de la fracci\u00f3n parlamentaria del PAN en el Congreso Rub\u00e9n Guajardo Barrera la adhesi\u00f3n al Partido Movimiento Ciudadano del exdiputado Ricardo Villarreal Loo y de la exdirectora del DIF municipal en la pasada administraci\u00f3n Adriana Urbina Aguilar, fue un acto de incongruencia. Afirm\u00f3 que el partido naranja acepta a dos perfiles que en su momento fueron candidatos opositores por partidos distintos y que ahora, su coordinador estatal Eugenio Govea Arcos, los convoca para sumarse a los proyectos de Movimiento Ciudadano. En el mismo sentido opin\u00f3 la diputada panista Liliana Guadalupe Flores al coincidir con Guajardo [&hellip;]<\/p>\n","protected":false},"author":2,"featured_media":52336,"comment_status":"closed","ping_status":"closed","sticky":false,"template":"","format":"video","meta":{"footnotes":""},"categories":[5,45],"tags":[],"class_list":["post-52309","post","type-post","status-publish","format-video","has-post-thumbnail","hentry","category-destacadas","category-localesyregionales","post_format-post-format-video","post--single"],"yoast_head":"<!-- This site is optimized with the Yoast SEO plugin v27.4 - https:\/\/yoast.com\/product\/yoast-seo-wordpress\/ -->\n<title>Legislador califica de incongruente adhesi\u00f3n de expanista al MC. - Canal 7 SLP - 2022<\/title>\n<meta name=\"robots\" content=\"index, follow, max-snippet:-1, max-image-preview:large, max-video-preview:-1\" \/>\n<link rel=\"canonical\" href=\"https:\/\/canal7slp.tv\/2022\/legislador-califica-de-incongruente-adhesion-de-expanista-al-mc\/\" \/>\n<meta property=\"og:locale\" content=\"es_ES\" \/>\n<meta property=\"og:type\" content=\"article\" \/>\n<meta property=\"og:title\" content=\"Legislador califica de incongruente adhesi\u00f3n de expanista al MC. - Canal 7 SLP - 2022\" \/>\n<meta property=\"og:description\" content=\"SLP.- Para el diputado coordinador de la fracci\u00f3n parlamentaria del PAN en el Congreso Rub\u00e9n Guajardo Barrera la adhesi\u00f3n al Partido Movimiento Ciudadano del exdiputado Ricardo Villarreal Loo y de la exdirectora del DIF municipal en la pasada administraci\u00f3n Adriana Urbina Aguilar, fue un acto de incongruencia. Afirm\u00f3 que el partido naranja acepta a dos perfiles que en su momento fueron candidatos opositores por partidos distintos y que ahora, su coordinador estatal Eugenio Govea Arcos, los convoca para sumarse a los proyectos de Movimiento Ciudadano. En el mismo sentido opin\u00f3 la diputada panista Liliana Guadalupe Flores al coincidir con Guajardo [&hellip;]\" \/>\n<meta property=\"og:url\" content=\"https:\/\/canal7slp.tv\/2022\/legislador-califica-de-incongruente-adhesion-de-expanista-al-mc\/\" \/>\n<meta property=\"og:site_name\" content=\"Canal 7 SLP - 2022\" \/>\n<meta property=\"article:publisher\" content=\"https:\/\/www.facebook.com\/noticieroscanalsiete\" \/>\n<meta property=\"article:published_time\" content=\"2022-02-25T01:30:04+00:00\" \/>\n<meta property=\"article:modified_time\" content=\"2022-02-25T03:48:17+00:00\" \/>\n<meta property=\"og:image\" content=\"https:\/\/canal7slp.tv\/2022\/wp-content\/uploads\/2022\/02\/Claudio02Pragmatismo.jpg\" \/>\n\t<meta property=\"og:image:width\" content=\"888\" \/>\n\t<meta property=\"og:image:height\" content=\"500\" \/>\n\t<meta property=\"og:image:type\" content=\"image\/jpeg\" \/>\n<meta name=\"author\" content=\"Edici\u00f3n Web\" \/>\n<meta name=\"twitter:card\" content=\"summary_large_image\" \/>\n<meta name=\"twitter:creator\" content=\"@NOTICIEROS7\" \/>\n<meta name=\"twitter:site\" content=\"@NOTICIEROS7\" \/>\n<meta name=\"twitter:label1\" content=\"Escrito por\" \/>\n\t<meta name=\"twitter:data1\" content=\"Edici\u00f3n Web\" \/>\n\t<meta name=\"twitter:label2\" content=\"Tiempo de lectura\" \/>\n\t<meta name=\"twitter:data2\" content=\"1 minuto\" \/>\n<script type=\"application\/ld+json\" class=\"yoast-schema-graph\">{\"@context\":\"https:\\\/\\\/schema.org\",\"@graph\":[{\"@type\":\"Article\",\"@id\":\"https:\\\/\\\/canal7slp.tv\\\/2022\\\/legislador-califica-de-incongruente-adhesion-de-expanista-al-mc\\\/#article\",\"isPartOf\":{\"@id\":\"https:\\\/\\\/canal7slp.tv\\\/2022\\\/legislador-califica-de-incongruente-adhesion-de-expanista-al-mc\\\/\"},\"author\":{\"name\":\"Edici\u00f3n Web\",\"@id\":\"https:\\\/\\\/canal7slp.tv\\\/2022\\\/#\\\/schema\\\/person\\\/429704152a21f5f856ce29aa69a238da\"},\"headline\":\"Legislador califica de incongruente adhesi\u00f3n de expanista al MC.\",\"datePublished\":\"2022-02-25T01:30:04+00:00\",\"dateModified\":\"2022-02-25T03:48:17+00:00\",\"mainEntityOfPage\":{\"@id\":\"https:\\\/\\\/canal7slp.tv\\\/2022\\\/legislador-califica-de-incongruente-adhesion-de-expanista-al-mc\\\/\"},\"wordCount\":165,\"publisher\":{\"@id\":\"https:\\\/\\\/canal7slp.tv\\\/2022\\\/#organization\"},\"image\":{\"@id\":\"https:\\\/\\\/canal7slp.tv\\\/2022\\\/legislador-califica-de-incongruente-adhesion-de-expanista-al-mc\\\/#primaryimage\"},\"thumbnailUrl\":\"https:\\\/\\\/canal7slp.tv\\\/2022\\\/wp-content\\\/uploads\\\/2022\\\/02\\\/Claudio02Pragmatismo.jpg\",\"articleSection\":[\"DESTACADAS\",\"LOCALES Y REGIONALES\"],\"inLanguage\":\"es\"},{\"@type\":\"WebPage\",\"@id\":\"https:\\\/\\\/canal7slp.tv\\\/2022\\\/legislador-califica-de-incongruente-adhesion-de-expanista-al-mc\\\/\",\"url\":\"https:\\\/\\\/canal7slp.tv\\\/2022\\\/legislador-califica-de-incongruente-adhesion-de-expanista-al-mc\\\/\",\"name\":\"Legislador califica de incongruente adhesi\u00f3n de expanista al MC. - Canal 7 SLP - 2022\",\"isPartOf\":{\"@id\":\"https:\\\/\\\/canal7slp.tv\\\/2022\\\/#website\"},\"primaryImageOfPage\":{\"@id\":\"https:\\\/\\\/canal7slp.tv\\\/2022\\\/legislador-califica-de-incongruente-adhesion-de-expanista-al-mc\\\/#primaryimage\"},\"image\":{\"@id\":\"https:\\\/\\\/canal7slp.tv\\\/2022\\\/legislador-califica-de-incongruente-adhesion-de-expanista-al-mc\\\/#primaryimage\"},\"thumbnailUrl\":\"https:\\\/\\\/canal7slp.tv\\\/2022\\\/wp-content\\\/uploads\\\/2022\\\/02\\\/Claudio02Pragmatismo.jpg\",\"datePublished\":\"2022-02-25T01:30:04+00:00\",\"dateModified\":\"2022-02-25T03:48:17+00:00\",\"breadcrumb\":{\"@id\":\"https:\\\/\\\/canal7slp.tv\\\/2022\\\/legislador-califica-de-incongruente-adhesion-de-expanista-al-mc\\\/#breadcrumb\"},\"inLanguage\":\"es\",\"potentialAction\":[{\"@type\":\"ReadAction\",\"target\":[\"https:\\\/\\\/canal7slp.tv\\\/2022\\\/legislador-califica-de-incongruente-adhesion-de-expanista-al-mc\\\/\"]}]},{\"@type\":\"ImageObject\",\"inLanguage\":\"es\",\"@id\":\"https:\\\/\\\/canal7slp.tv\\\/2022\\\/legislador-califica-de-incongruente-adhesion-de-expanista-al-mc\\\/#primaryimage\",\"url\":\"https:\\\/\\\/canal7slp.tv\\\/2022\\\/wp-content\\\/uploads\\\/2022\\\/02\\\/Claudio02Pragmatismo.jpg\",\"contentUrl\":\"https:\\\/\\\/canal7slp.tv\\\/2022\\\/wp-content\\\/uploads\\\/2022\\\/02\\\/Claudio02Pragmatismo.jpg\",\"width\":888,\"height\":500},{\"@type\":\"BreadcrumbList\",\"@id\":\"https:\\\/\\\/canal7slp.tv\\\/2022\\\/legislador-califica-de-incongruente-adhesion-de-expanista-al-mc\\\/#breadcrumb\",\"itemListElement\":[{\"@type\":\"ListItem\",\"position\":1,\"name\":\"Portada\",\"item\":\"https:\\\/\\\/canal7slp.tv\\\/2022\\\/\"},{\"@type\":\"ListItem\",\"position\":2,\"name\":\"Legislador califica de incongruente adhesi\u00f3n de expanista al MC.\"}]},{\"@type\":\"WebSite\",\"@id\":\"https:\\\/\\\/canal7slp.tv\\\/2022\\\/#website\",\"url\":\"https:\\\/\\\/canal7slp.tv\\\/2022\\\/\",\"name\":\"N7 - Noticieros Canal 7\",\"description\":\"Somos Televisi\u00f3n\",\"publisher\":{\"@id\":\"https:\\\/\\\/canal7slp.tv\\\/2022\\\/#organization\"},\"potentialAction\":[{\"@type\":\"SearchAction\",\"target\":{\"@type\":\"EntryPoint\",\"urlTemplate\":\"https:\\\/\\\/canal7slp.tv\\\/2022\\\/?s={search_term_string}\"},\"query-input\":{\"@type\":\"PropertyValueSpecification\",\"valueRequired\":true,\"valueName\":\"search_term_string\"}}],\"inLanguage\":\"es\"},{\"@type\":\"Organization\",\"@id\":\"https:\\\/\\\/canal7slp.tv\\\/2022\\\/#organization\",\"name\":\"Noticieros Canal 7\",\"url\":\"https:\\\/\\\/canal7slp.tv\\\/2022\\\/\",\"logo\":{\"@type\":\"ImageObject\",\"inLanguage\":\"es\",\"@id\":\"https:\\\/\\\/canal7slp.tv\\\/2022\\\/#\\\/schema\\\/logo\\\/image\\\/\",\"url\":\"https:\\\/\\\/canal7slp.tv\\\/2022\\\/wp-content\\\/uploads\\\/2021\\\/01\\\/logo-noticieros@2x.png\",\"contentUrl\":\"https:\\\/\\\/canal7slp.tv\\\/2022\\\/wp-content\\\/uploads\\\/2021\\\/01\\\/logo-noticieros@2x.png\",\"width\":1017,\"height\":268,\"caption\":\"Noticieros Canal 7\"},\"image\":{\"@id\":\"https:\\\/\\\/canal7slp.tv\\\/2022\\\/#\\\/schema\\\/logo\\\/image\\\/\"},\"sameAs\":[\"https:\\\/\\\/www.facebook.com\\\/noticieroscanalsiete\",\"https:\\\/\\\/x.com\\\/NOTICIEROS7\",\"https:\\\/\\\/www.instagram.com\\\/canal7_slp\",\"https:\\\/\\\/www.youtube.com\\\/channel\\\/UCliiYs-gP3JfJeqdPrNdd5A\"]},{\"@type\":\"Person\",\"@id\":\"https:\\\/\\\/canal7slp.tv\\\/2022\\\/#\\\/schema\\\/person\\\/429704152a21f5f856ce29aa69a238da\",\"name\":\"Edici\u00f3n Web\",\"image\":{\"@type\":\"ImageObject\",\"inLanguage\":\"es\",\"@id\":\"https:\\\/\\\/secure.gravatar.com\\\/avatar\\\/eee448fc3f7164808013b816ba91ac7e43bbe82a70bebac296f8bc6f0addaa1a?s=96&d=mm&r=g\",\"url\":\"https:\\\/\\\/secure.gravatar.com\\\/avatar\\\/eee448fc3f7164808013b816ba91ac7e43bbe82a70bebac296f8bc6f0addaa1a?s=96&d=mm&r=g\",\"contentUrl\":\"https:\\\/\\\/secure.gravatar.com\\\/avatar\\\/eee448fc3f7164808013b816ba91ac7e43bbe82a70bebac296f8bc6f0addaa1a?s=96&d=mm&r=g\",\"caption\":\"Edici\u00f3n Web\"},\"url\":\"https:\\\/\\\/canal7slp.tv\\\/2022\\\/author\\\/edicionweb\\\/\"}]}<\/script>\n<!-- \/ Yoast SEO plugin. -->","yoast_head_json":{"title":"Legislador califica de incongruente adhesi\u00f3n de expanista al MC. - Canal 7 SLP - 2022","robots":{"index":"index","follow":"follow","max-snippet":"max-snippet:-1","max-image-preview":"max-image-preview:large","max-video-preview":"max-video-preview:-1"},"canonical":"https:\/\/canal7slp.tv\/2022\/legislador-califica-de-incongruente-adhesion-de-expanista-al-mc\/","og_locale":"es_ES","og_type":"article","og_title":"Legislador califica de incongruente adhesi\u00f3n de expanista al MC. - Canal 7 SLP - 2022","og_description":"SLP.- Para el diputado coordinador de la fracci\u00f3n parlamentaria del PAN en el Congreso Rub\u00e9n Guajardo Barrera la adhesi\u00f3n al Partido Movimiento Ciudadano del exdiputado Ricardo Villarreal Loo y de la exdirectora del DIF municipal en la pasada administraci\u00f3n Adriana Urbina Aguilar, fue un acto de incongruencia. Afirm\u00f3 que el partido naranja acepta a dos perfiles que en su momento fueron candidatos opositores por partidos distintos y que ahora, su coordinador estatal Eugenio Govea Arcos, los convoca para sumarse a los proyectos de Movimiento Ciudadano. En el mismo sentido opin\u00f3 la diputada panista Liliana Guadalupe Flores al coincidir con Guajardo [&hellip;]","og_url":"https:\/\/canal7slp.tv\/2022\/legislador-califica-de-incongruente-adhesion-de-expanista-al-mc\/","og_site_name":"Canal 7 SLP - 2022","article_publisher":"https:\/\/www.facebook.com\/noticieroscanalsiete","article_published_time":"2022-02-25T01:30:04+00:00","article_modified_time":"2022-02-25T03:48:17+00:00","og_image":[{"width":888,"height":500,"url":"https:\/\/canal7slp.tv\/2022\/wp-content\/uploads\/2022\/02\/Claudio02Pragmatismo.jpg","type":"image\/jpeg"}],"author":"Edici\u00f3n Web","twitter_card":"summary_large_image","twitter_creator":"@NOTICIEROS7","twitter_site":"@NOTICIEROS7","twitter_misc":{"Escrito por":"Edici\u00f3n Web","Tiempo de lectura":"1 minuto"},"schema":{"@context":"https:\/\/schema.org","@graph":[{"@type":"Article","@id":"https:\/\/canal7slp.tv\/2022\/legislador-califica-de-incongruente-adhesion-de-expanista-al-mc\/#article","isPartOf":{"@id":"https:\/\/canal7slp.tv\/2022\/legislador-califica-de-incongruente-adhesion-de-expanista-al-mc\/"},"author":{"name":"Edici\u00f3n Web","@id":"https:\/\/canal7slp.tv\/2022\/#\/schema\/person\/429704152a21f5f856ce29aa69a238da"},"headline":"Legislador califica de incongruente adhesi\u00f3n de expanista al MC.","datePublished":"2022-02-25T01:30:04+00:00","dateModified":"2022-02-25T03:48:17+00:00","mainEntityOfPage":{"@id":"https:\/\/canal7slp.tv\/2022\/legislador-califica-de-incongruente-adhesion-de-expanista-al-mc\/"},"wordCount":165,"publisher":{"@id":"https:\/\/canal7slp.tv\/2022\/#organization"},"image":{"@id":"https:\/\/canal7slp.tv\/2022\/legislador-califica-de-incongruente-adhesion-de-expanista-al-mc\/#primaryimage"},"thumbnailUrl":"https:\/\/canal7slp.tv\/2022\/wp-content\/uploads\/2022\/02\/Claudio02Pragmatismo.jpg","articleSection":["DESTACADAS","LOCALES Y REGIONALES"],"inLanguage":"es"},{"@type":"WebPage","@id":"https:\/\/canal7slp.tv\/2022\/legislador-califica-de-incongruente-adhesion-de-expanista-al-mc\/","url":"https:\/\/canal7slp.tv\/2022\/legislador-califica-de-incongruente-adhesion-de-expanista-al-mc\/","name":"Legislador califica de incongruente adhesi\u00f3n de expanista al MC. - Canal 7 SLP - 2022","isPartOf":{"@id":"https:\/\/canal7slp.tv\/2022\/#website"},"primaryImageOfPage":{"@id":"https:\/\/canal7slp.tv\/2022\/legislador-califica-de-incongruente-adhesion-de-expanista-al-mc\/#primaryimage"},"image":{"@id":"https:\/\/canal7slp.tv\/2022\/legislador-califica-de-incongruente-adhesion-de-expanista-al-mc\/#primaryimage"},"thumbnailUrl":"https:\/\/canal7slp.tv\/2022\/wp-content\/uploads\/2022\/02\/Claudio02Pragmatismo.jpg","datePublished":"2022-02-25T01:30:04+00:00","dateModified":"2022-02-25T03:48:17+00:00","breadcrumb":{"@id":"https:\/\/canal7slp.tv\/2022\/legislador-califica-de-incongruente-adhesion-de-expanista-al-mc\/#breadcrumb"},"inLanguage":"es","potentialAction":[{"@type":"ReadAction","target":["https:\/\/canal7slp.tv\/2022\/legislador-califica-de-incongruente-adhesion-de-expanista-al-mc\/"]}]},{"@type":"ImageObject","inLanguage":"es","@id":"https:\/\/canal7slp.tv\/2022\/legislador-califica-de-incongruente-adhesion-de-expanista-al-mc\/#primaryimage","url":"https:\/\/canal7slp.tv\/2022\/wp-content\/uploads\/2022\/02\/Claudio02Pragmatismo.jpg","contentUrl":"https:\/\/canal7slp.tv\/2022\/wp-content\/uploads\/2022\/02\/Claudio02Pragmatismo.jpg","width":888,"height":500},{"@type":"BreadcrumbList","@id":"https:\/\/canal7slp.tv\/2022\/legislador-califica-de-incongruente-adhesion-de-expanista-al-mc\/#breadcrumb","itemListElement":[{"@type":"ListItem","position":1,"name":"Portada","item":"https:\/\/canal7slp.tv\/2022\/"},{"@type":"ListItem","position":2,"name":"Legislador califica de incongruente adhesi\u00f3n de expanista al MC."}]},{"@type":"WebSite","@id":"https:\/\/canal7slp.tv\/2022\/#website","url":"https:\/\/canal7slp.tv\/2022\/","name":"N7 - Noticieros Canal 7","description":"Somos Televisi\u00f3n","publisher":{"@id":"https:\/\/canal7slp.tv\/2022\/#organization"},"potentialAction":[{"@type":"SearchAction","target":{"@type":"EntryPoint","urlTemplate":"https:\/\/canal7slp.tv\/2022\/?s={search_term_string}"},"query-input":{"@type":"PropertyValueSpecification","valueRequired":true,"valueName":"search_term_string"}}],"inLanguage":"es"},{"@type":"Organization","@id":"https:\/\/canal7slp.tv\/2022\/#organization","name":"Noticieros Canal 7","url":"https:\/\/canal7slp.tv\/2022\/","logo":{"@type":"ImageObject","inLanguage":"es","@id":"https:\/\/canal7slp.tv\/2022\/#\/schema\/logo\/image\/","url":"https:\/\/canal7slp.tv\/2022\/wp-content\/uploads\/2021\/01\/logo-noticieros@2x.png","contentUrl":"https:\/\/canal7slp.tv\/2022\/wp-content\/uploads\/2021\/01\/logo-noticieros@2x.png","width":1017,"height":268,"caption":"Noticieros Canal 7"},"image":{"@id":"https:\/\/canal7slp.tv\/2022\/#\/schema\/logo\/image\/"},"sameAs":["https:\/\/www.facebook.com\/noticieroscanalsiete","https:\/\/x.com\/NOTICIEROS7","https:\/\/www.instagram.com\/canal7_slp","https:\/\/www.youtube.com\/channel\/UCliiYs-gP3JfJeqdPrNdd5A"]},{"@type":"Person","@id":"https:\/\/canal7slp.tv\/2022\/#\/schema\/person\/429704152a21f5f856ce29aa69a238da","name":"Edici\u00f3n Web","image":{"@type":"ImageObject","inLanguage":"es","@id":"https:\/\/secure.gravatar.com\/avatar\/eee448fc3f7164808013b816ba91ac7e43bbe82a70bebac296f8bc6f0addaa1a?s=96&d=mm&r=g","url":"https:\/\/secure.gravatar.com\/avatar\/eee448fc3f7164808013b816ba91ac7e43bbe82a70bebac296f8bc6f0addaa1a?s=96&d=mm&r=g","contentUrl":"https:\/\/secure.gravatar.com\/avatar\/eee448fc3f7164808013b816ba91ac7e43bbe82a70bebac296f8bc6f0addaa1a?s=96&d=mm&r=g","caption":"Edici\u00f3n Web"},"url":"https:\/\/canal7slp.tv\/2022\/author\/edicionweb\/"}]}},"amp_enabled":true,"_links":{"self":[{"href":"https:\/\/canal7slp.tv\/2022\/wp-json\/wp\/v2\/posts\/52309","targetHints":{"allow":["GET"]}}],"collection":[{"href":"https:\/\/canal7slp.tv\/2022\/wp-json\/wp\/v2\/posts"}],"about":[{"href":"https:\/\/canal7slp.tv\/2022\/wp-json\/wp\/v2\/types\/post"}],"author":[{"embeddable":true,"href":"https:\/\/canal7slp.tv\/2022\/wp-json\/wp\/v2\/users\/2"}],"replies":[{"embeddable":true,"href":"https:\/\/canal7slp.tv\/2022\/wp-json\/wp\/v2\/comments?post=52309"}],"version-history":[{"count":4,"href":"https:\/\/canal7slp.tv\/2022\/wp-json\/wp\/v2\/posts\/52309\/revisions"}],"predecessor-version":[{"id":52337,"href":"https:\/\/canal7slp.tv\/2022\/wp-json\/wp\/v2\/posts\/52309\/revisions\/52337"}],"wp:featuredmedia":[{"embeddable":true,"href":"https:\/\/canal7slp.tv\/2022\/wp-json\/wp\/v2\/media\/52336"}],"wp:attachment":[{"href":"https:\/\/canal7slp.tv\/2022\/wp-json\/wp\/v2\/media?parent=52309"}],"wp:term":[{"taxonomy":"category","embeddable":true,"href":"https:\/\/canal7slp.tv\/2022\/wp-json\/wp\/v2\/categories?post=52309"},{"taxonomy":"post_tag","embeddable":true,"href":"https:\/\/canal7slp.tv\/2022\/wp-json\/wp\/v2\/tags?post=52309"}],"curies":[{"name":"wp","href":"https:\/\/api.w.org\/{rel}","templated":true}]}}