{"id":52288,"date":"2022-02-24T18:03:13","date_gmt":"2022-02-25T00:03:13","guid":{"rendered":"https:\/\/canal7slp.tv\/2022\/?p=52288"},"modified":"2022-02-24T18:03:13","modified_gmt":"2022-02-25T00:03:13","slug":"mexico-prepara-la-evacuacion-de-82-mexicanos-de-ucrania","status":"publish","type":"post","link":"https:\/\/canal7slp.tv\/2022\/mexico-prepara-la-evacuacion-de-82-mexicanos-de-ucrania\/","title":{"rendered":"M\u00e9xico prepara la evacuaci\u00f3n de 82 mexicanos de Ucrania."},"content":{"rendered":"<p style=\"text-align: justify;\">SLP.- Ante el avance militar de Rusia en Ucrania, M\u00e9xico prepara la evacuaci\u00f3n de otros 50 mexicanos que solicitaron apoyo para ser movilizados a otras ciudades de ese pa\u00eds.<\/p>\n<p style=\"text-align: justify;\">Otras 32 personas van a ser trasladadas con la frontera de Rumania, no qued\u00f3 claro si se trata del grupo que se encontraba en Ivano desde la semana pasada.<\/p>\n<p style=\"text-align: justify;\">En videoconferencia, la embajadora de M\u00e9xico en Ucrania, Olga Garc\u00eda Guill\u00e9n, inform\u00f3 que los 50 mexicanos ser\u00e1n evacuados de Kiev y Odessa.<\/p>\n<p style=\"text-align: justify;\">Unos 225 mexicanos est\u00e1n registrados ante la embajada, m\u00e1s de la mitad se encuentra en la capital\u00a0Kiev\u00a0y por el momento no se reportan percances a ning\u00fan connacional por la situaci\u00f3n.<\/p>\n<p style=\"text-align: justify;\">Antes del amanecer del jueves Rusia anunci\u00f3 que puso en marcha una \u201coperaci\u00f3n militar especial\u201d en territorio ucraniano. Las\u00a0explosiones\u00a0han resonado en varias ciudades, incluidas la capital, pero se han concentrado en Donb\u00e1s. Hasta el momento se sabe que ha atacado objetivos estrat\u00e9gicos y no a la poblaci\u00f3n civil.<\/p>\n<p style=\"text-align: justify;\">Juan Ram\u00f3n de la Fuente, embajador de M\u00e9xico ante la\u00a0ONU, reiter\u00f3 que el posicionamiento mexicano se basa en dos ejes fundamentales: los principios constitucionales de pol\u00edtica exterior y la Carta de Naciones Unidas.<\/p>\n<p style=\"text-align: justify;\">\u201cTodas las intervenciones que ha tenido M\u00e9xico a lo largo de este conflicto est\u00e1n sustentadas en esos dos pilares que nos dan claridad y nos dan certidumbre. Estamos en contra del\u00a0uso de la fuerza\u00a0o la amenaza del uso de la fuerza, estamos a favor de la autodeterminaci\u00f3n de los pueblos, estamos a favor de la b\u00fasqueda de solucione pac\u00edficas, de las controversias y hemos estado impulsando la idea de que el conflicto tendr\u00eda que canalizarse por la v\u00eda de la diplomacia\u201d, declar\u00f3 el embajador.<\/p>\n<p style=\"text-align: justify;\">Desde el pasado 17 de febrero en el\u00a0Consejo de Seguridad de la ONU\u00a0se inici\u00f3 la discusi\u00f3n del tema. A lo largo de este d\u00eda se discutir\u00e1 un proyecto de resoluci\u00f3n enviado por Estados Unidos.<\/p>\n<p style=\"text-align: justify;\">Por su parte, el secretario de Relaciones Exteriores, Marcelo Ebrard, asegur\u00f3 que es muy dif\u00edcil que M\u00e9xico respalde una respuesta b\u00e9lica.<\/p>\n<p style=\"text-align: justify;\">Por: Luis de Regil<\/p>\n","protected":false},"excerpt":{"rendered":"<p>SLP.- Ante el avance militar de Rusia en Ucrania, M\u00e9xico prepara la evacuaci\u00f3n de otros 50 mexicanos que solicitaron apoyo para ser movilizados a otras ciudades de ese pa\u00eds. Otras 32 personas van a ser trasladadas con la frontera de Rumania, no qued\u00f3 claro si se trata del grupo que se encontraba en Ivano desde la semana pasada. En videoconferencia, la embajadora de M\u00e9xico en Ucrania, Olga Garc\u00eda Guill\u00e9n, inform\u00f3 que los 50 mexicanos ser\u00e1n evacuados de Kiev y Odessa. Unos 225 mexicanos est\u00e1n registrados ante la embajada, m\u00e1s de la mitad se encuentra en la capital\u00a0Kiev\u00a0y por el momento [&hellip;]<\/p>\n","protected":false},"author":2,"featured_media":52304,"comment_status":"closed","ping_status":"closed","sticky":false,"template":"","format":"video","meta":{"footnotes":""},"categories":[5,45],"tags":[],"class_list":["post-52288","post","type-post","status-publish","format-video","has-post-thumbnail","hentry","category-destacadas","category-localesyregionales","post_format-post-format-video","post--single"],"yoast_head":"<!-- This site is optimized with the Yoast SEO plugin v27.4 - https:\/\/yoast.com\/product\/yoast-seo-wordpress\/ -->\n<title>M\u00e9xico prepara la evacuaci\u00f3n de 82 mexicanos de Ucrania. - Canal 7 SLP - 2022<\/title>\n<meta name=\"robots\" content=\"index, follow, max-snippet:-1, max-image-preview:large, max-video-preview:-1\" \/>\n<link rel=\"canonical\" href=\"https:\/\/canal7slp.tv\/2022\/mexico-prepara-la-evacuacion-de-82-mexicanos-de-ucrania\/\" \/>\n<meta property=\"og:locale\" content=\"es_ES\" \/>\n<meta property=\"og:type\" content=\"article\" \/>\n<meta property=\"og:title\" content=\"M\u00e9xico prepara la evacuaci\u00f3n de 82 mexicanos de Ucrania. - Canal 7 SLP - 2022\" \/>\n<meta property=\"og:description\" content=\"SLP.- Ante el avance militar de Rusia en Ucrania, M\u00e9xico prepara la evacuaci\u00f3n de otros 50 mexicanos que solicitaron apoyo para ser movilizados a otras ciudades de ese pa\u00eds. Otras 32 personas van a ser trasladadas con la frontera de Rumania, no qued\u00f3 claro si se trata del grupo que se encontraba en Ivano desde la semana pasada. En videoconferencia, la embajadora de M\u00e9xico en Ucrania, Olga Garc\u00eda Guill\u00e9n, inform\u00f3 que los 50 mexicanos ser\u00e1n evacuados de Kiev y Odessa. Unos 225 mexicanos est\u00e1n registrados ante la embajada, m\u00e1s de la mitad se encuentra en la capital\u00a0Kiev\u00a0y por el momento [&hellip;]\" \/>\n<meta property=\"og:url\" content=\"https:\/\/canal7slp.tv\/2022\/mexico-prepara-la-evacuacion-de-82-mexicanos-de-ucrania\/\" \/>\n<meta property=\"og:site_name\" content=\"Canal 7 SLP - 2022\" \/>\n<meta property=\"article:publisher\" content=\"https:\/\/www.facebook.com\/noticieroscanalsiete\" \/>\n<meta property=\"article:published_time\" content=\"2022-02-25T00:03:13+00:00\" \/>\n<meta property=\"og:image\" content=\"https:\/\/canal7slp.tv\/2022\/wp-content\/uploads\/2022\/02\/Luis02Ucrania.jpg\" \/>\n\t<meta property=\"og:image:width\" content=\"888\" \/>\n\t<meta property=\"og:image:height\" content=\"500\" \/>\n\t<meta property=\"og:image:type\" content=\"image\/jpeg\" \/>\n<meta name=\"author\" content=\"Edici\u00f3n Web\" \/>\n<meta name=\"twitter:card\" content=\"summary_large_image\" \/>\n<meta name=\"twitter:creator\" content=\"@NOTICIEROS7\" \/>\n<meta name=\"twitter:site\" content=\"@NOTICIEROS7\" \/>\n<meta name=\"twitter:label1\" content=\"Escrito por\" \/>\n\t<meta name=\"twitter:data1\" content=\"Edici\u00f3n Web\" \/>\n\t<meta name=\"twitter:label2\" content=\"Tiempo de lectura\" \/>\n\t<meta name=\"twitter:data2\" content=\"2 minutos\" \/>\n<script type=\"application\/ld+json\" class=\"yoast-schema-graph\">{\"@context\":\"https:\\\/\\\/schema.org\",\"@graph\":[{\"@type\":\"Article\",\"@id\":\"https:\\\/\\\/canal7slp.tv\\\/2022\\\/mexico-prepara-la-evacuacion-de-82-mexicanos-de-ucrania\\\/#article\",\"isPartOf\":{\"@id\":\"https:\\\/\\\/canal7slp.tv\\\/2022\\\/mexico-prepara-la-evacuacion-de-82-mexicanos-de-ucrania\\\/\"},\"author\":{\"name\":\"Edici\u00f3n Web\",\"@id\":\"https:\\\/\\\/canal7slp.tv\\\/2022\\\/#\\\/schema\\\/person\\\/429704152a21f5f856ce29aa69a238da\"},\"headline\":\"M\u00e9xico prepara la evacuaci\u00f3n de 82 mexicanos de Ucrania.\",\"datePublished\":\"2022-02-25T00:03:13+00:00\",\"mainEntityOfPage\":{\"@id\":\"https:\\\/\\\/canal7slp.tv\\\/2022\\\/mexico-prepara-la-evacuacion-de-82-mexicanos-de-ucrania\\\/\"},\"wordCount\":380,\"publisher\":{\"@id\":\"https:\\\/\\\/canal7slp.tv\\\/2022\\\/#organization\"},\"image\":{\"@id\":\"https:\\\/\\\/canal7slp.tv\\\/2022\\\/mexico-prepara-la-evacuacion-de-82-mexicanos-de-ucrania\\\/#primaryimage\"},\"thumbnailUrl\":\"https:\\\/\\\/canal7slp.tv\\\/2022\\\/wp-content\\\/uploads\\\/2022\\\/02\\\/Luis02Ucrania.jpg\",\"articleSection\":[\"DESTACADAS\",\"LOCALES Y REGIONALES\"],\"inLanguage\":\"es\"},{\"@type\":\"WebPage\",\"@id\":\"https:\\\/\\\/canal7slp.tv\\\/2022\\\/mexico-prepara-la-evacuacion-de-82-mexicanos-de-ucrania\\\/\",\"url\":\"https:\\\/\\\/canal7slp.tv\\\/2022\\\/mexico-prepara-la-evacuacion-de-82-mexicanos-de-ucrania\\\/\",\"name\":\"M\u00e9xico prepara la evacuaci\u00f3n de 82 mexicanos de Ucrania. - Canal 7 SLP - 2022\",\"isPartOf\":{\"@id\":\"https:\\\/\\\/canal7slp.tv\\\/2022\\\/#website\"},\"primaryImageOfPage\":{\"@id\":\"https:\\\/\\\/canal7slp.tv\\\/2022\\\/mexico-prepara-la-evacuacion-de-82-mexicanos-de-ucrania\\\/#primaryimage\"},\"image\":{\"@id\":\"https:\\\/\\\/canal7slp.tv\\\/2022\\\/mexico-prepara-la-evacuacion-de-82-mexicanos-de-ucrania\\\/#primaryimage\"},\"thumbnailUrl\":\"https:\\\/\\\/canal7slp.tv\\\/2022\\\/wp-content\\\/uploads\\\/2022\\\/02\\\/Luis02Ucrania.jpg\",\"datePublished\":\"2022-02-25T00:03:13+00:00\",\"breadcrumb\":{\"@id\":\"https:\\\/\\\/canal7slp.tv\\\/2022\\\/mexico-prepara-la-evacuacion-de-82-mexicanos-de-ucrania\\\/#breadcrumb\"},\"inLanguage\":\"es\",\"potentialAction\":[{\"@type\":\"ReadAction\",\"target\":[\"https:\\\/\\\/canal7slp.tv\\\/2022\\\/mexico-prepara-la-evacuacion-de-82-mexicanos-de-ucrania\\\/\"]}]},{\"@type\":\"ImageObject\",\"inLanguage\":\"es\",\"@id\":\"https:\\\/\\\/canal7slp.tv\\\/2022\\\/mexico-prepara-la-evacuacion-de-82-mexicanos-de-ucrania\\\/#primaryimage\",\"url\":\"https:\\\/\\\/canal7slp.tv\\\/2022\\\/wp-content\\\/uploads\\\/2022\\\/02\\\/Luis02Ucrania.jpg\",\"contentUrl\":\"https:\\\/\\\/canal7slp.tv\\\/2022\\\/wp-content\\\/uploads\\\/2022\\\/02\\\/Luis02Ucrania.jpg\",\"width\":888,\"height\":500},{\"@type\":\"BreadcrumbList\",\"@id\":\"https:\\\/\\\/canal7slp.tv\\\/2022\\\/mexico-prepara-la-evacuacion-de-82-mexicanos-de-ucrania\\\/#breadcrumb\",\"itemListElement\":[{\"@type\":\"ListItem\",\"position\":1,\"name\":\"Portada\",\"item\":\"https:\\\/\\\/canal7slp.tv\\\/2022\\\/\"},{\"@type\":\"ListItem\",\"position\":2,\"name\":\"M\u00e9xico prepara la evacuaci\u00f3n de 82 mexicanos de Ucrania.\"}]},{\"@type\":\"WebSite\",\"@id\":\"https:\\\/\\\/canal7slp.tv\\\/2022\\\/#website\",\"url\":\"https:\\\/\\\/canal7slp.tv\\\/2022\\\/\",\"name\":\"N7 - Noticieros Canal 7\",\"description\":\"Somos Televisi\u00f3n\",\"publisher\":{\"@id\":\"https:\\\/\\\/canal7slp.tv\\\/2022\\\/#organization\"},\"potentialAction\":[{\"@type\":\"SearchAction\",\"target\":{\"@type\":\"EntryPoint\",\"urlTemplate\":\"https:\\\/\\\/canal7slp.tv\\\/2022\\\/?s={search_term_string}\"},\"query-input\":{\"@type\":\"PropertyValueSpecification\",\"valueRequired\":true,\"valueName\":\"search_term_string\"}}],\"inLanguage\":\"es\"},{\"@type\":\"Organization\",\"@id\":\"https:\\\/\\\/canal7slp.tv\\\/2022\\\/#organization\",\"name\":\"Noticieros Canal 7\",\"url\":\"https:\\\/\\\/canal7slp.tv\\\/2022\\\/\",\"logo\":{\"@type\":\"ImageObject\",\"inLanguage\":\"es\",\"@id\":\"https:\\\/\\\/canal7slp.tv\\\/2022\\\/#\\\/schema\\\/logo\\\/image\\\/\",\"url\":\"https:\\\/\\\/canal7slp.tv\\\/2022\\\/wp-content\\\/uploads\\\/2021\\\/01\\\/logo-noticieros@2x.png\",\"contentUrl\":\"https:\\\/\\\/canal7slp.tv\\\/2022\\\/wp-content\\\/uploads\\\/2021\\\/01\\\/logo-noticieros@2x.png\",\"width\":1017,\"height\":268,\"caption\":\"Noticieros Canal 7\"},\"image\":{\"@id\":\"https:\\\/\\\/canal7slp.tv\\\/2022\\\/#\\\/schema\\\/logo\\\/image\\\/\"},\"sameAs\":[\"https:\\\/\\\/www.facebook.com\\\/noticieroscanalsiete\",\"https:\\\/\\\/x.com\\\/NOTICIEROS7\",\"https:\\\/\\\/www.instagram.com\\\/canal7_slp\",\"https:\\\/\\\/www.youtube.com\\\/channel\\\/UCliiYs-gP3JfJeqdPrNdd5A\"]},{\"@type\":\"Person\",\"@id\":\"https:\\\/\\\/canal7slp.tv\\\/2022\\\/#\\\/schema\\\/person\\\/429704152a21f5f856ce29aa69a238da\",\"name\":\"Edici\u00f3n Web\",\"image\":{\"@type\":\"ImageObject\",\"inLanguage\":\"es\",\"@id\":\"https:\\\/\\\/secure.gravatar.com\\\/avatar\\\/eee448fc3f7164808013b816ba91ac7e43bbe82a70bebac296f8bc6f0addaa1a?s=96&d=mm&r=g\",\"url\":\"https:\\\/\\\/secure.gravatar.com\\\/avatar\\\/eee448fc3f7164808013b816ba91ac7e43bbe82a70bebac296f8bc6f0addaa1a?s=96&d=mm&r=g\",\"contentUrl\":\"https:\\\/\\\/secure.gravatar.com\\\/avatar\\\/eee448fc3f7164808013b816ba91ac7e43bbe82a70bebac296f8bc6f0addaa1a?s=96&d=mm&r=g\",\"caption\":\"Edici\u00f3n Web\"},\"url\":\"https:\\\/\\\/canal7slp.tv\\\/2022\\\/author\\\/edicionweb\\\/\"}]}<\/script>\n<!-- \/ Yoast SEO plugin. -->","yoast_head_json":{"title":"M\u00e9xico prepara la evacuaci\u00f3n de 82 mexicanos de Ucrania. - Canal 7 SLP - 2022","robots":{"index":"index","follow":"follow","max-snippet":"max-snippet:-1","max-image-preview":"max-image-preview:large","max-video-preview":"max-video-preview:-1"},"canonical":"https:\/\/canal7slp.tv\/2022\/mexico-prepara-la-evacuacion-de-82-mexicanos-de-ucrania\/","og_locale":"es_ES","og_type":"article","og_title":"M\u00e9xico prepara la evacuaci\u00f3n de 82 mexicanos de Ucrania. - Canal 7 SLP - 2022","og_description":"SLP.- Ante el avance militar de Rusia en Ucrania, M\u00e9xico prepara la evacuaci\u00f3n de otros 50 mexicanos que solicitaron apoyo para ser movilizados a otras ciudades de ese pa\u00eds. Otras 32 personas van a ser trasladadas con la frontera de Rumania, no qued\u00f3 claro si se trata del grupo que se encontraba en Ivano desde la semana pasada. En videoconferencia, la embajadora de M\u00e9xico en Ucrania, Olga Garc\u00eda Guill\u00e9n, inform\u00f3 que los 50 mexicanos ser\u00e1n evacuados de Kiev y Odessa. Unos 225 mexicanos est\u00e1n registrados ante la embajada, m\u00e1s de la mitad se encuentra en la capital\u00a0Kiev\u00a0y por el momento [&hellip;]","og_url":"https:\/\/canal7slp.tv\/2022\/mexico-prepara-la-evacuacion-de-82-mexicanos-de-ucrania\/","og_site_name":"Canal 7 SLP - 2022","article_publisher":"https:\/\/www.facebook.com\/noticieroscanalsiete","article_published_time":"2022-02-25T00:03:13+00:00","og_image":[{"width":888,"height":500,"url":"https:\/\/canal7slp.tv\/2022\/wp-content\/uploads\/2022\/02\/Luis02Ucrania.jpg","type":"image\/jpeg"}],"author":"Edici\u00f3n Web","twitter_card":"summary_large_image","twitter_creator":"@NOTICIEROS7","twitter_site":"@NOTICIEROS7","twitter_misc":{"Escrito por":"Edici\u00f3n Web","Tiempo de lectura":"2 minutos"},"schema":{"@context":"https:\/\/schema.org","@graph":[{"@type":"Article","@id":"https:\/\/canal7slp.tv\/2022\/mexico-prepara-la-evacuacion-de-82-mexicanos-de-ucrania\/#article","isPartOf":{"@id":"https:\/\/canal7slp.tv\/2022\/mexico-prepara-la-evacuacion-de-82-mexicanos-de-ucrania\/"},"author":{"name":"Edici\u00f3n Web","@id":"https:\/\/canal7slp.tv\/2022\/#\/schema\/person\/429704152a21f5f856ce29aa69a238da"},"headline":"M\u00e9xico prepara la evacuaci\u00f3n de 82 mexicanos de Ucrania.","datePublished":"2022-02-25T00:03:13+00:00","mainEntityOfPage":{"@id":"https:\/\/canal7slp.tv\/2022\/mexico-prepara-la-evacuacion-de-82-mexicanos-de-ucrania\/"},"wordCount":380,"publisher":{"@id":"https:\/\/canal7slp.tv\/2022\/#organization"},"image":{"@id":"https:\/\/canal7slp.tv\/2022\/mexico-prepara-la-evacuacion-de-82-mexicanos-de-ucrania\/#primaryimage"},"thumbnailUrl":"https:\/\/canal7slp.tv\/2022\/wp-content\/uploads\/2022\/02\/Luis02Ucrania.jpg","articleSection":["DESTACADAS","LOCALES Y REGIONALES"],"inLanguage":"es"},{"@type":"WebPage","@id":"https:\/\/canal7slp.tv\/2022\/mexico-prepara-la-evacuacion-de-82-mexicanos-de-ucrania\/","url":"https:\/\/canal7slp.tv\/2022\/mexico-prepara-la-evacuacion-de-82-mexicanos-de-ucrania\/","name":"M\u00e9xico prepara la evacuaci\u00f3n de 82 mexicanos de Ucrania. - Canal 7 SLP - 2022","isPartOf":{"@id":"https:\/\/canal7slp.tv\/2022\/#website"},"primaryImageOfPage":{"@id":"https:\/\/canal7slp.tv\/2022\/mexico-prepara-la-evacuacion-de-82-mexicanos-de-ucrania\/#primaryimage"},"image":{"@id":"https:\/\/canal7slp.tv\/2022\/mexico-prepara-la-evacuacion-de-82-mexicanos-de-ucrania\/#primaryimage"},"thumbnailUrl":"https:\/\/canal7slp.tv\/2022\/wp-content\/uploads\/2022\/02\/Luis02Ucrania.jpg","datePublished":"2022-02-25T00:03:13+00:00","breadcrumb":{"@id":"https:\/\/canal7slp.tv\/2022\/mexico-prepara-la-evacuacion-de-82-mexicanos-de-ucrania\/#breadcrumb"},"inLanguage":"es","potentialAction":[{"@type":"ReadAction","target":["https:\/\/canal7slp.tv\/2022\/mexico-prepara-la-evacuacion-de-82-mexicanos-de-ucrania\/"]}]},{"@type":"ImageObject","inLanguage":"es","@id":"https:\/\/canal7slp.tv\/2022\/mexico-prepara-la-evacuacion-de-82-mexicanos-de-ucrania\/#primaryimage","url":"https:\/\/canal7slp.tv\/2022\/wp-content\/uploads\/2022\/02\/Luis02Ucrania.jpg","contentUrl":"https:\/\/canal7slp.tv\/2022\/wp-content\/uploads\/2022\/02\/Luis02Ucrania.jpg","width":888,"height":500},{"@type":"BreadcrumbList","@id":"https:\/\/canal7slp.tv\/2022\/mexico-prepara-la-evacuacion-de-82-mexicanos-de-ucrania\/#breadcrumb","itemListElement":[{"@type":"ListItem","position":1,"name":"Portada","item":"https:\/\/canal7slp.tv\/2022\/"},{"@type":"ListItem","position":2,"name":"M\u00e9xico prepara la evacuaci\u00f3n de 82 mexicanos de Ucrania."}]},{"@type":"WebSite","@id":"https:\/\/canal7slp.tv\/2022\/#website","url":"https:\/\/canal7slp.tv\/2022\/","name":"N7 - Noticieros Canal 7","description":"Somos Televisi\u00f3n","publisher":{"@id":"https:\/\/canal7slp.tv\/2022\/#organization"},"potentialAction":[{"@type":"SearchAction","target":{"@type":"EntryPoint","urlTemplate":"https:\/\/canal7slp.tv\/2022\/?s={search_term_string}"},"query-input":{"@type":"PropertyValueSpecification","valueRequired":true,"valueName":"search_term_string"}}],"inLanguage":"es"},{"@type":"Organization","@id":"https:\/\/canal7slp.tv\/2022\/#organization","name":"Noticieros Canal 7","url":"https:\/\/canal7slp.tv\/2022\/","logo":{"@type":"ImageObject","inLanguage":"es","@id":"https:\/\/canal7slp.tv\/2022\/#\/schema\/logo\/image\/","url":"https:\/\/canal7slp.tv\/2022\/wp-content\/uploads\/2021\/01\/logo-noticieros@2x.png","contentUrl":"https:\/\/canal7slp.tv\/2022\/wp-content\/uploads\/2021\/01\/logo-noticieros@2x.png","width":1017,"height":268,"caption":"Noticieros Canal 7"},"image":{"@id":"https:\/\/canal7slp.tv\/2022\/#\/schema\/logo\/image\/"},"sameAs":["https:\/\/www.facebook.com\/noticieroscanalsiete","https:\/\/x.com\/NOTICIEROS7","https:\/\/www.instagram.com\/canal7_slp","https:\/\/www.youtube.com\/channel\/UCliiYs-gP3JfJeqdPrNdd5A"]},{"@type":"Person","@id":"https:\/\/canal7slp.tv\/2022\/#\/schema\/person\/429704152a21f5f856ce29aa69a238da","name":"Edici\u00f3n Web","image":{"@type":"ImageObject","inLanguage":"es","@id":"https:\/\/secure.gravatar.com\/avatar\/eee448fc3f7164808013b816ba91ac7e43bbe82a70bebac296f8bc6f0addaa1a?s=96&d=mm&r=g","url":"https:\/\/secure.gravatar.com\/avatar\/eee448fc3f7164808013b816ba91ac7e43bbe82a70bebac296f8bc6f0addaa1a?s=96&d=mm&r=g","contentUrl":"https:\/\/secure.gravatar.com\/avatar\/eee448fc3f7164808013b816ba91ac7e43bbe82a70bebac296f8bc6f0addaa1a?s=96&d=mm&r=g","caption":"Edici\u00f3n Web"},"url":"https:\/\/canal7slp.tv\/2022\/author\/edicionweb\/"}]}},"amp_enabled":true,"_links":{"self":[{"href":"https:\/\/canal7slp.tv\/2022\/wp-json\/wp\/v2\/posts\/52288","targetHints":{"allow":["GET"]}}],"collection":[{"href":"https:\/\/canal7slp.tv\/2022\/wp-json\/wp\/v2\/posts"}],"about":[{"href":"https:\/\/canal7slp.tv\/2022\/wp-json\/wp\/v2\/types\/post"}],"author":[{"embeddable":true,"href":"https:\/\/canal7slp.tv\/2022\/wp-json\/wp\/v2\/users\/2"}],"replies":[{"embeddable":true,"href":"https:\/\/canal7slp.tv\/2022\/wp-json\/wp\/v2\/comments?post=52288"}],"version-history":[{"count":3,"href":"https:\/\/canal7slp.tv\/2022\/wp-json\/wp\/v2\/posts\/52288\/revisions"}],"predecessor-version":[{"id":52305,"href":"https:\/\/canal7slp.tv\/2022\/wp-json\/wp\/v2\/posts\/52288\/revisions\/52305"}],"wp:featuredmedia":[{"embeddable":true,"href":"https:\/\/canal7slp.tv\/2022\/wp-json\/wp\/v2\/media\/52304"}],"wp:attachment":[{"href":"https:\/\/canal7slp.tv\/2022\/wp-json\/wp\/v2\/media?parent=52288"}],"wp:term":[{"taxonomy":"category","embeddable":true,"href":"https:\/\/canal7slp.tv\/2022\/wp-json\/wp\/v2\/categories?post=52288"},{"taxonomy":"post_tag","embeddable":true,"href":"https:\/\/canal7slp.tv\/2022\/wp-json\/wp\/v2\/tags?post=52288"}],"curies":[{"name":"wp","href":"https:\/\/api.w.org\/{rel}","templated":true}]}}