{"id":52287,"date":"2022-02-24T17:59:41","date_gmt":"2022-02-24T23:59:41","guid":{"rendered":"https:\/\/canal7slp.tv\/2022\/?p=52287"},"modified":"2022-02-24T17:59:41","modified_gmt":"2022-02-24T23:59:41","slug":"jovenes-de-entre-16-y-17-anos-ahora-podran-trabajar-legalmente","status":"publish","type":"post","link":"https:\/\/canal7slp.tv\/2022\/jovenes-de-entre-16-y-17-anos-ahora-podran-trabajar-legalmente\/","title":{"rendered":"J\u00f3venes de entre 16 y 17 a\u00f1os ahora podr\u00e1n trabajar legalmente."},"content":{"rendered":"<p style=\"text-align: justify;\">SLP.- La tarde de ayer el Senado de la Rep\u00fablica aprob\u00f3 una reforma al art\u00edculo 176 de la Ley Federal del Trabajo, con esto las y los j\u00f3venes de 16 y 17 a\u00f1os puedan trabajar en actividades agroalimentarias.<\/p>\n<p style=\"text-align: justify;\">Durante una entrevista para Imagen Radio, Juan Cortina, Presidente del Consejo Nacional Agropecuario (CNA), expres\u00f3 que\u00a0\u201cestamos muy contentos por varias razones, la primera porque hay cerca de 700 mil j\u00f3venes que tienen entre 16 y 17 a\u00f1os que ahora van a poder encontrar empleo en el campo, obviamente empleo no peligroso, pero son j\u00f3venes que muchas veces ya est\u00e1n casados y que, desafortunadamente, ya se estaban yendo al crimen organizado\u201d.<\/p>\n<p style=\"text-align: justify;\">El Presidente del CNA se\u00f1al\u00f3 que el senador Ricardo Monreal (Morena) ha entendido muy bien la importancia de permitir que las y los j\u00f3venes puedan trabajar de manera legal en este \u00e1mbito que, sin duda, tendr\u00e1 beneficios para todo el campo mexicano. Por lo anterior, el legislador decidi\u00f3 reactivar la discusi\u00f3n de este tema que llevaba pendiente cuatro a\u00f1os.<\/p>\n<p style=\"text-align: justify;\">\u201cEs una realidad que en el pa\u00eds hacia delante estamos viendo un faltante de mano de obra, y ya lo estamos sintiendo en muchos estados. En Canad\u00e1, el 90% del trabajo agr\u00edcola lo tienen que importar de otros pa\u00edses, en Estados Unidos se acerca al 70%.\u201d<\/p>\n<p style=\"text-align: justify;\">Respecto a la falta de trabajadores en el campo, Juan Cortina explic\u00f3 que hay diversos motivos, entre ellos el crecimiento del campo no corresponde al n\u00famero de trabajadores que existen actualmente. Adem\u00e1s, de que es necesario mejorar la calidad de vida de las y los jornaleros, por lo que ya se trabaja en una estrategia para hacer realidad esto.<\/p>\n<p style=\"text-align: justify;\">\u201cLa agricultura de hoy en d\u00eda es una agricultura mucho m\u00e1s moderna y se necesita gente mucho m\u00e1s preparada.\u201d<\/p>\n<p style=\"text-align: justify;\">Con esta reforma, estos j\u00f3venes van a tener una oportunidad de crecer en diferentes \u00e1mbitos relacionados con el campo, dependiendo de sus habilidades. \u201cEs de nuestro inter\u00e9s ir rejuveneciendo la planta laboral en el campo.\u201d<\/p>\n<p style=\"text-align: justify;\">Respecto a c\u00f3mo ha impactado la inflaci\u00f3n en el campo, Juan Cortina se\u00f1al\u00f3 que uno de los grandes retos del sector es hacer frente a los altos costos, por ejemplo, los fertilizantes subieron m\u00e1s de 100%, el precio de varios granos tambi\u00e9n ha registrado aumentos hist\u00f3ricos.<\/p>\n<p style=\"text-align: justify;\">Pese a esta \u00faltima situaci\u00f3n, el campo ha sido uno de los sectores que se ha mantenido en constante crecimiento y que durante la pandemia no dej\u00f3 de producir alimentos.<\/p>\n<p style=\"text-align: justify;\">Por: Luis de Regil<\/p>\n","protected":false},"excerpt":{"rendered":"<p>SLP.- La tarde de ayer el Senado de la Rep\u00fablica aprob\u00f3 una reforma al art\u00edculo 176 de la Ley Federal del Trabajo, con esto las y los j\u00f3venes de 16 y 17 a\u00f1os puedan trabajar en actividades agroalimentarias. Durante una entrevista para Imagen Radio, Juan Cortina, Presidente del Consejo Nacional Agropecuario (CNA), expres\u00f3 que\u00a0\u201cestamos muy contentos por varias razones, la primera porque hay cerca de 700 mil j\u00f3venes que tienen entre 16 y 17 a\u00f1os que ahora van a poder encontrar empleo en el campo, obviamente empleo no peligroso, pero son j\u00f3venes que muchas veces ya est\u00e1n casados y que, [&hellip;]<\/p>\n","protected":false},"author":2,"featured_media":52302,"comment_status":"closed","ping_status":"closed","sticky":false,"template":"","format":"video","meta":{"footnotes":""},"categories":[5,45],"tags":[],"class_list":["post-52287","post","type-post","status-publish","format-video","has-post-thumbnail","hentry","category-destacadas","category-localesyregionales","post_format-post-format-video","post--single"],"yoast_head":"<!-- This site is optimized with the Yoast SEO plugin v27.4 - https:\/\/yoast.com\/product\/yoast-seo-wordpress\/ -->\n<title>J\u00f3venes de entre 16 y 17 a\u00f1os ahora podr\u00e1n trabajar legalmente. - Canal 7 SLP - 2022<\/title>\n<meta name=\"robots\" content=\"index, follow, max-snippet:-1, max-image-preview:large, max-video-preview:-1\" \/>\n<link rel=\"canonical\" href=\"https:\/\/canal7slp.tv\/2022\/jovenes-de-entre-16-y-17-anos-ahora-podran-trabajar-legalmente\/\" \/>\n<meta property=\"og:locale\" content=\"es_ES\" \/>\n<meta property=\"og:type\" content=\"article\" \/>\n<meta property=\"og:title\" content=\"J\u00f3venes de entre 16 y 17 a\u00f1os ahora podr\u00e1n trabajar legalmente. - Canal 7 SLP - 2022\" \/>\n<meta property=\"og:description\" content=\"SLP.- La tarde de ayer el Senado de la Rep\u00fablica aprob\u00f3 una reforma al art\u00edculo 176 de la Ley Federal del Trabajo, con esto las y los j\u00f3venes de 16 y 17 a\u00f1os puedan trabajar en actividades agroalimentarias. Durante una entrevista para Imagen Radio, Juan Cortina, Presidente del Consejo Nacional Agropecuario (CNA), expres\u00f3 que\u00a0\u201cestamos muy contentos por varias razones, la primera porque hay cerca de 700 mil j\u00f3venes que tienen entre 16 y 17 a\u00f1os que ahora van a poder encontrar empleo en el campo, obviamente empleo no peligroso, pero son j\u00f3venes que muchas veces ya est\u00e1n casados y que, [&hellip;]\" \/>\n<meta property=\"og:url\" content=\"https:\/\/canal7slp.tv\/2022\/jovenes-de-entre-16-y-17-anos-ahora-podran-trabajar-legalmente\/\" \/>\n<meta property=\"og:site_name\" content=\"Canal 7 SLP - 2022\" \/>\n<meta property=\"article:publisher\" content=\"https:\/\/www.facebook.com\/noticieroscanalsiete\" \/>\n<meta property=\"article:published_time\" content=\"2022-02-24T23:59:41+00:00\" \/>\n<meta property=\"og:image\" content=\"https:\/\/canal7slp.tv\/2022\/wp-content\/uploads\/2022\/02\/Luis01Jovenes.jpg\" \/>\n\t<meta property=\"og:image:width\" content=\"888\" \/>\n\t<meta property=\"og:image:height\" content=\"500\" \/>\n\t<meta property=\"og:image:type\" content=\"image\/jpeg\" \/>\n<meta name=\"author\" content=\"Edici\u00f3n Web\" \/>\n<meta name=\"twitter:card\" content=\"summary_large_image\" \/>\n<meta name=\"twitter:creator\" content=\"@NOTICIEROS7\" \/>\n<meta name=\"twitter:site\" content=\"@NOTICIEROS7\" \/>\n<meta name=\"twitter:label1\" content=\"Escrito por\" \/>\n\t<meta name=\"twitter:data1\" content=\"Edici\u00f3n Web\" \/>\n\t<meta name=\"twitter:label2\" content=\"Tiempo de lectura\" \/>\n\t<meta name=\"twitter:data2\" content=\"2 minutos\" \/>\n<script type=\"application\/ld+json\" class=\"yoast-schema-graph\">{\"@context\":\"https:\\\/\\\/schema.org\",\"@graph\":[{\"@type\":\"Article\",\"@id\":\"https:\\\/\\\/canal7slp.tv\\\/2022\\\/jovenes-de-entre-16-y-17-anos-ahora-podran-trabajar-legalmente\\\/#article\",\"isPartOf\":{\"@id\":\"https:\\\/\\\/canal7slp.tv\\\/2022\\\/jovenes-de-entre-16-y-17-anos-ahora-podran-trabajar-legalmente\\\/\"},\"author\":{\"name\":\"Edici\u00f3n Web\",\"@id\":\"https:\\\/\\\/canal7slp.tv\\\/2022\\\/#\\\/schema\\\/person\\\/429704152a21f5f856ce29aa69a238da\"},\"headline\":\"J\u00f3venes de entre 16 y 17 a\u00f1os ahora podr\u00e1n trabajar legalmente.\",\"datePublished\":\"2022-02-24T23:59:41+00:00\",\"mainEntityOfPage\":{\"@id\":\"https:\\\/\\\/canal7slp.tv\\\/2022\\\/jovenes-de-entre-16-y-17-anos-ahora-podran-trabajar-legalmente\\\/\"},\"wordCount\":440,\"publisher\":{\"@id\":\"https:\\\/\\\/canal7slp.tv\\\/2022\\\/#organization\"},\"image\":{\"@id\":\"https:\\\/\\\/canal7slp.tv\\\/2022\\\/jovenes-de-entre-16-y-17-anos-ahora-podran-trabajar-legalmente\\\/#primaryimage\"},\"thumbnailUrl\":\"https:\\\/\\\/canal7slp.tv\\\/2022\\\/wp-content\\\/uploads\\\/2022\\\/02\\\/Luis01Jovenes.jpg\",\"articleSection\":[\"DESTACADAS\",\"LOCALES Y REGIONALES\"],\"inLanguage\":\"es\"},{\"@type\":\"WebPage\",\"@id\":\"https:\\\/\\\/canal7slp.tv\\\/2022\\\/jovenes-de-entre-16-y-17-anos-ahora-podran-trabajar-legalmente\\\/\",\"url\":\"https:\\\/\\\/canal7slp.tv\\\/2022\\\/jovenes-de-entre-16-y-17-anos-ahora-podran-trabajar-legalmente\\\/\",\"name\":\"J\u00f3venes de entre 16 y 17 a\u00f1os ahora podr\u00e1n trabajar legalmente. - Canal 7 SLP - 2022\",\"isPartOf\":{\"@id\":\"https:\\\/\\\/canal7slp.tv\\\/2022\\\/#website\"},\"primaryImageOfPage\":{\"@id\":\"https:\\\/\\\/canal7slp.tv\\\/2022\\\/jovenes-de-entre-16-y-17-anos-ahora-podran-trabajar-legalmente\\\/#primaryimage\"},\"image\":{\"@id\":\"https:\\\/\\\/canal7slp.tv\\\/2022\\\/jovenes-de-entre-16-y-17-anos-ahora-podran-trabajar-legalmente\\\/#primaryimage\"},\"thumbnailUrl\":\"https:\\\/\\\/canal7slp.tv\\\/2022\\\/wp-content\\\/uploads\\\/2022\\\/02\\\/Luis01Jovenes.jpg\",\"datePublished\":\"2022-02-24T23:59:41+00:00\",\"breadcrumb\":{\"@id\":\"https:\\\/\\\/canal7slp.tv\\\/2022\\\/jovenes-de-entre-16-y-17-anos-ahora-podran-trabajar-legalmente\\\/#breadcrumb\"},\"inLanguage\":\"es\",\"potentialAction\":[{\"@type\":\"ReadAction\",\"target\":[\"https:\\\/\\\/canal7slp.tv\\\/2022\\\/jovenes-de-entre-16-y-17-anos-ahora-podran-trabajar-legalmente\\\/\"]}]},{\"@type\":\"ImageObject\",\"inLanguage\":\"es\",\"@id\":\"https:\\\/\\\/canal7slp.tv\\\/2022\\\/jovenes-de-entre-16-y-17-anos-ahora-podran-trabajar-legalmente\\\/#primaryimage\",\"url\":\"https:\\\/\\\/canal7slp.tv\\\/2022\\\/wp-content\\\/uploads\\\/2022\\\/02\\\/Luis01Jovenes.jpg\",\"contentUrl\":\"https:\\\/\\\/canal7slp.tv\\\/2022\\\/wp-content\\\/uploads\\\/2022\\\/02\\\/Luis01Jovenes.jpg\",\"width\":888,\"height\":500},{\"@type\":\"BreadcrumbList\",\"@id\":\"https:\\\/\\\/canal7slp.tv\\\/2022\\\/jovenes-de-entre-16-y-17-anos-ahora-podran-trabajar-legalmente\\\/#breadcrumb\",\"itemListElement\":[{\"@type\":\"ListItem\",\"position\":1,\"name\":\"Portada\",\"item\":\"https:\\\/\\\/canal7slp.tv\\\/2022\\\/\"},{\"@type\":\"ListItem\",\"position\":2,\"name\":\"J\u00f3venes de entre 16 y 17 a\u00f1os ahora podr\u00e1n trabajar legalmente.\"}]},{\"@type\":\"WebSite\",\"@id\":\"https:\\\/\\\/canal7slp.tv\\\/2022\\\/#website\",\"url\":\"https:\\\/\\\/canal7slp.tv\\\/2022\\\/\",\"name\":\"N7 - Noticieros Canal 7\",\"description\":\"Somos Televisi\u00f3n\",\"publisher\":{\"@id\":\"https:\\\/\\\/canal7slp.tv\\\/2022\\\/#organization\"},\"potentialAction\":[{\"@type\":\"SearchAction\",\"target\":{\"@type\":\"EntryPoint\",\"urlTemplate\":\"https:\\\/\\\/canal7slp.tv\\\/2022\\\/?s={search_term_string}\"},\"query-input\":{\"@type\":\"PropertyValueSpecification\",\"valueRequired\":true,\"valueName\":\"search_term_string\"}}],\"inLanguage\":\"es\"},{\"@type\":\"Organization\",\"@id\":\"https:\\\/\\\/canal7slp.tv\\\/2022\\\/#organization\",\"name\":\"Noticieros Canal 7\",\"url\":\"https:\\\/\\\/canal7slp.tv\\\/2022\\\/\",\"logo\":{\"@type\":\"ImageObject\",\"inLanguage\":\"es\",\"@id\":\"https:\\\/\\\/canal7slp.tv\\\/2022\\\/#\\\/schema\\\/logo\\\/image\\\/\",\"url\":\"https:\\\/\\\/canal7slp.tv\\\/2022\\\/wp-content\\\/uploads\\\/2021\\\/01\\\/logo-noticieros@2x.png\",\"contentUrl\":\"https:\\\/\\\/canal7slp.tv\\\/2022\\\/wp-content\\\/uploads\\\/2021\\\/01\\\/logo-noticieros@2x.png\",\"width\":1017,\"height\":268,\"caption\":\"Noticieros Canal 7\"},\"image\":{\"@id\":\"https:\\\/\\\/canal7slp.tv\\\/2022\\\/#\\\/schema\\\/logo\\\/image\\\/\"},\"sameAs\":[\"https:\\\/\\\/www.facebook.com\\\/noticieroscanalsiete\",\"https:\\\/\\\/x.com\\\/NOTICIEROS7\",\"https:\\\/\\\/www.instagram.com\\\/canal7_slp\",\"https:\\\/\\\/www.youtube.com\\\/channel\\\/UCliiYs-gP3JfJeqdPrNdd5A\"]},{\"@type\":\"Person\",\"@id\":\"https:\\\/\\\/canal7slp.tv\\\/2022\\\/#\\\/schema\\\/person\\\/429704152a21f5f856ce29aa69a238da\",\"name\":\"Edici\u00f3n Web\",\"image\":{\"@type\":\"ImageObject\",\"inLanguage\":\"es\",\"@id\":\"https:\\\/\\\/secure.gravatar.com\\\/avatar\\\/eee448fc3f7164808013b816ba91ac7e43bbe82a70bebac296f8bc6f0addaa1a?s=96&d=mm&r=g\",\"url\":\"https:\\\/\\\/secure.gravatar.com\\\/avatar\\\/eee448fc3f7164808013b816ba91ac7e43bbe82a70bebac296f8bc6f0addaa1a?s=96&d=mm&r=g\",\"contentUrl\":\"https:\\\/\\\/secure.gravatar.com\\\/avatar\\\/eee448fc3f7164808013b816ba91ac7e43bbe82a70bebac296f8bc6f0addaa1a?s=96&d=mm&r=g\",\"caption\":\"Edici\u00f3n Web\"},\"url\":\"https:\\\/\\\/canal7slp.tv\\\/2022\\\/author\\\/edicionweb\\\/\"}]}<\/script>\n<!-- \/ Yoast SEO plugin. -->","yoast_head_json":{"title":"J\u00f3venes de entre 16 y 17 a\u00f1os ahora podr\u00e1n trabajar legalmente. - Canal 7 SLP - 2022","robots":{"index":"index","follow":"follow","max-snippet":"max-snippet:-1","max-image-preview":"max-image-preview:large","max-video-preview":"max-video-preview:-1"},"canonical":"https:\/\/canal7slp.tv\/2022\/jovenes-de-entre-16-y-17-anos-ahora-podran-trabajar-legalmente\/","og_locale":"es_ES","og_type":"article","og_title":"J\u00f3venes de entre 16 y 17 a\u00f1os ahora podr\u00e1n trabajar legalmente. - Canal 7 SLP - 2022","og_description":"SLP.- La tarde de ayer el Senado de la Rep\u00fablica aprob\u00f3 una reforma al art\u00edculo 176 de la Ley Federal del Trabajo, con esto las y los j\u00f3venes de 16 y 17 a\u00f1os puedan trabajar en actividades agroalimentarias. Durante una entrevista para Imagen Radio, Juan Cortina, Presidente del Consejo Nacional Agropecuario (CNA), expres\u00f3 que\u00a0\u201cestamos muy contentos por varias razones, la primera porque hay cerca de 700 mil j\u00f3venes que tienen entre 16 y 17 a\u00f1os que ahora van a poder encontrar empleo en el campo, obviamente empleo no peligroso, pero son j\u00f3venes que muchas veces ya est\u00e1n casados y que, [&hellip;]","og_url":"https:\/\/canal7slp.tv\/2022\/jovenes-de-entre-16-y-17-anos-ahora-podran-trabajar-legalmente\/","og_site_name":"Canal 7 SLP - 2022","article_publisher":"https:\/\/www.facebook.com\/noticieroscanalsiete","article_published_time":"2022-02-24T23:59:41+00:00","og_image":[{"width":888,"height":500,"url":"https:\/\/canal7slp.tv\/2022\/wp-content\/uploads\/2022\/02\/Luis01Jovenes.jpg","type":"image\/jpeg"}],"author":"Edici\u00f3n Web","twitter_card":"summary_large_image","twitter_creator":"@NOTICIEROS7","twitter_site":"@NOTICIEROS7","twitter_misc":{"Escrito por":"Edici\u00f3n Web","Tiempo de lectura":"2 minutos"},"schema":{"@context":"https:\/\/schema.org","@graph":[{"@type":"Article","@id":"https:\/\/canal7slp.tv\/2022\/jovenes-de-entre-16-y-17-anos-ahora-podran-trabajar-legalmente\/#article","isPartOf":{"@id":"https:\/\/canal7slp.tv\/2022\/jovenes-de-entre-16-y-17-anos-ahora-podran-trabajar-legalmente\/"},"author":{"name":"Edici\u00f3n Web","@id":"https:\/\/canal7slp.tv\/2022\/#\/schema\/person\/429704152a21f5f856ce29aa69a238da"},"headline":"J\u00f3venes de entre 16 y 17 a\u00f1os ahora podr\u00e1n trabajar legalmente.","datePublished":"2022-02-24T23:59:41+00:00","mainEntityOfPage":{"@id":"https:\/\/canal7slp.tv\/2022\/jovenes-de-entre-16-y-17-anos-ahora-podran-trabajar-legalmente\/"},"wordCount":440,"publisher":{"@id":"https:\/\/canal7slp.tv\/2022\/#organization"},"image":{"@id":"https:\/\/canal7slp.tv\/2022\/jovenes-de-entre-16-y-17-anos-ahora-podran-trabajar-legalmente\/#primaryimage"},"thumbnailUrl":"https:\/\/canal7slp.tv\/2022\/wp-content\/uploads\/2022\/02\/Luis01Jovenes.jpg","articleSection":["DESTACADAS","LOCALES Y REGIONALES"],"inLanguage":"es"},{"@type":"WebPage","@id":"https:\/\/canal7slp.tv\/2022\/jovenes-de-entre-16-y-17-anos-ahora-podran-trabajar-legalmente\/","url":"https:\/\/canal7slp.tv\/2022\/jovenes-de-entre-16-y-17-anos-ahora-podran-trabajar-legalmente\/","name":"J\u00f3venes de entre 16 y 17 a\u00f1os ahora podr\u00e1n trabajar legalmente. - Canal 7 SLP - 2022","isPartOf":{"@id":"https:\/\/canal7slp.tv\/2022\/#website"},"primaryImageOfPage":{"@id":"https:\/\/canal7slp.tv\/2022\/jovenes-de-entre-16-y-17-anos-ahora-podran-trabajar-legalmente\/#primaryimage"},"image":{"@id":"https:\/\/canal7slp.tv\/2022\/jovenes-de-entre-16-y-17-anos-ahora-podran-trabajar-legalmente\/#primaryimage"},"thumbnailUrl":"https:\/\/canal7slp.tv\/2022\/wp-content\/uploads\/2022\/02\/Luis01Jovenes.jpg","datePublished":"2022-02-24T23:59:41+00:00","breadcrumb":{"@id":"https:\/\/canal7slp.tv\/2022\/jovenes-de-entre-16-y-17-anos-ahora-podran-trabajar-legalmente\/#breadcrumb"},"inLanguage":"es","potentialAction":[{"@type":"ReadAction","target":["https:\/\/canal7slp.tv\/2022\/jovenes-de-entre-16-y-17-anos-ahora-podran-trabajar-legalmente\/"]}]},{"@type":"ImageObject","inLanguage":"es","@id":"https:\/\/canal7slp.tv\/2022\/jovenes-de-entre-16-y-17-anos-ahora-podran-trabajar-legalmente\/#primaryimage","url":"https:\/\/canal7slp.tv\/2022\/wp-content\/uploads\/2022\/02\/Luis01Jovenes.jpg","contentUrl":"https:\/\/canal7slp.tv\/2022\/wp-content\/uploads\/2022\/02\/Luis01Jovenes.jpg","width":888,"height":500},{"@type":"BreadcrumbList","@id":"https:\/\/canal7slp.tv\/2022\/jovenes-de-entre-16-y-17-anos-ahora-podran-trabajar-legalmente\/#breadcrumb","itemListElement":[{"@type":"ListItem","position":1,"name":"Portada","item":"https:\/\/canal7slp.tv\/2022\/"},{"@type":"ListItem","position":2,"name":"J\u00f3venes de entre 16 y 17 a\u00f1os ahora podr\u00e1n trabajar legalmente."}]},{"@type":"WebSite","@id":"https:\/\/canal7slp.tv\/2022\/#website","url":"https:\/\/canal7slp.tv\/2022\/","name":"N7 - Noticieros Canal 7","description":"Somos Televisi\u00f3n","publisher":{"@id":"https:\/\/canal7slp.tv\/2022\/#organization"},"potentialAction":[{"@type":"SearchAction","target":{"@type":"EntryPoint","urlTemplate":"https:\/\/canal7slp.tv\/2022\/?s={search_term_string}"},"query-input":{"@type":"PropertyValueSpecification","valueRequired":true,"valueName":"search_term_string"}}],"inLanguage":"es"},{"@type":"Organization","@id":"https:\/\/canal7slp.tv\/2022\/#organization","name":"Noticieros Canal 7","url":"https:\/\/canal7slp.tv\/2022\/","logo":{"@type":"ImageObject","inLanguage":"es","@id":"https:\/\/canal7slp.tv\/2022\/#\/schema\/logo\/image\/","url":"https:\/\/canal7slp.tv\/2022\/wp-content\/uploads\/2021\/01\/logo-noticieros@2x.png","contentUrl":"https:\/\/canal7slp.tv\/2022\/wp-content\/uploads\/2021\/01\/logo-noticieros@2x.png","width":1017,"height":268,"caption":"Noticieros Canal 7"},"image":{"@id":"https:\/\/canal7slp.tv\/2022\/#\/schema\/logo\/image\/"},"sameAs":["https:\/\/www.facebook.com\/noticieroscanalsiete","https:\/\/x.com\/NOTICIEROS7","https:\/\/www.instagram.com\/canal7_slp","https:\/\/www.youtube.com\/channel\/UCliiYs-gP3JfJeqdPrNdd5A"]},{"@type":"Person","@id":"https:\/\/canal7slp.tv\/2022\/#\/schema\/person\/429704152a21f5f856ce29aa69a238da","name":"Edici\u00f3n Web","image":{"@type":"ImageObject","inLanguage":"es","@id":"https:\/\/secure.gravatar.com\/avatar\/eee448fc3f7164808013b816ba91ac7e43bbe82a70bebac296f8bc6f0addaa1a?s=96&d=mm&r=g","url":"https:\/\/secure.gravatar.com\/avatar\/eee448fc3f7164808013b816ba91ac7e43bbe82a70bebac296f8bc6f0addaa1a?s=96&d=mm&r=g","contentUrl":"https:\/\/secure.gravatar.com\/avatar\/eee448fc3f7164808013b816ba91ac7e43bbe82a70bebac296f8bc6f0addaa1a?s=96&d=mm&r=g","caption":"Edici\u00f3n Web"},"url":"https:\/\/canal7slp.tv\/2022\/author\/edicionweb\/"}]}},"amp_enabled":true,"_links":{"self":[{"href":"https:\/\/canal7slp.tv\/2022\/wp-json\/wp\/v2\/posts\/52287","targetHints":{"allow":["GET"]}}],"collection":[{"href":"https:\/\/canal7slp.tv\/2022\/wp-json\/wp\/v2\/posts"}],"about":[{"href":"https:\/\/canal7slp.tv\/2022\/wp-json\/wp\/v2\/types\/post"}],"author":[{"embeddable":true,"href":"https:\/\/canal7slp.tv\/2022\/wp-json\/wp\/v2\/users\/2"}],"replies":[{"embeddable":true,"href":"https:\/\/canal7slp.tv\/2022\/wp-json\/wp\/v2\/comments?post=52287"}],"version-history":[{"count":3,"href":"https:\/\/canal7slp.tv\/2022\/wp-json\/wp\/v2\/posts\/52287\/revisions"}],"predecessor-version":[{"id":52303,"href":"https:\/\/canal7slp.tv\/2022\/wp-json\/wp\/v2\/posts\/52287\/revisions\/52303"}],"wp:featuredmedia":[{"embeddable":true,"href":"https:\/\/canal7slp.tv\/2022\/wp-json\/wp\/v2\/media\/52302"}],"wp:attachment":[{"href":"https:\/\/canal7slp.tv\/2022\/wp-json\/wp\/v2\/media?parent=52287"}],"wp:term":[{"taxonomy":"category","embeddable":true,"href":"https:\/\/canal7slp.tv\/2022\/wp-json\/wp\/v2\/categories?post=52287"},{"taxonomy":"post_tag","embeddable":true,"href":"https:\/\/canal7slp.tv\/2022\/wp-json\/wp\/v2\/tags?post=52287"}],"curies":[{"name":"wp","href":"https:\/\/api.w.org\/{rel}","templated":true}]}}