{"id":52276,"date":"2022-02-24T17:23:16","date_gmt":"2022-02-24T23:23:16","guid":{"rendered":"https:\/\/canal7slp.tv\/2022\/?p=52276"},"modified":"2022-02-24T17:23:16","modified_gmt":"2022-02-24T23:23:16","slug":"autoridades-estatales-encabezaron-evento-conmemorativo-del-dia-de-la-bandera","status":"publish","type":"post","link":"https:\/\/canal7slp.tv\/2022\/autoridades-estatales-encabezaron-evento-conmemorativo-del-dia-de-la-bandera\/","title":{"rendered":"Autoridades estatales encabezaron evento conmemorativo del D\u00eda de la Bandera."},"content":{"rendered":"<p style=\"text-align: justify;\">SLP.- Por la ma\u00f1ana de este jueves 24 de febrero, autoridades estatales encabezaron un evento de conmemoraci\u00f3n con motivo del D\u00eda de la Bandera en el asta bandera ubicada en la Plaza Fundadores del Centro Hist\u00f3rico de de San Luis Potos\u00ed.<\/p>\n<p style=\"text-align: justify;\">Al evento acudieron titulares de diversas dependencias, as\u00ed como el propio gobernador, Jos\u00e9 Ricardo Gallardo Cardona, qui\u00e9n emiti\u00f3 un mensaje al respecto.<\/p>\n<p style=\"text-align: justify;\">\u00abEste d\u00eda honramos a nuestro l\u00e1baro patrio y es tradici\u00f3n que en su conmemoraci\u00f3n las y los estudiantes de primaria le juren lealtad, le juramos lealtad y cari\u00f1o desde ni\u00f1os porque bajo la libertad que nos obsequia cada ni\u00f1a y cada ni\u00f1o, ir\u00e1n construyendo su propio camino hasta convertirse en cuidarnos del bien, dispuestos a ayudar al pr\u00f3jimo y a defender la libertad que nos fue cedida al haber nacido en esta patria generosa\u00bb, dijo en un principio.<\/p>\n<p style=\"text-align: justify;\">Este se realiz\u00f3 con presencia de alumnas y alumnos de escuelas primarias y bajo los protocolos sanitarios correspondientes a la pandemia de Covid-19, uno de los temas que el mandatario estatal abord\u00f3 durante su intervenci\u00f3n.<\/p>\n<p style=\"text-align: justify;\">\u00abLa bandera es un s\u00edmbolo de identidad que nos hermana, la bandera es s\u00edmbolo que nos invita a la Concordia, en su lienzo cabe toda la historia de M\u00e9xico desde su independencia hasta la actualidad y caben tambi\u00e9n todos los mexicanos los que est\u00e1n con nosotros y los que ya no est\u00e1n despu\u00e9s de esta gran pandemia que tuvimos\u00bb, a\u00f1adi\u00f3.<\/p>\n<p style=\"text-align: justify;\">Por otra parte, el mandatario estatal resalt\u00f3 la importancia de este s\u00edmbolo patrio para la sociedad mexicana.<\/p>\n<p style=\"text-align: justify;\">\u00abSeguiremos liberando nuestras batallas m\u00e1s importantes contra la pobreza la marginaci\u00f3n el desamparo y la inseguridad de las malditas herencias en nuestro estado y en nuestro pa\u00eds\u00bb, termin\u00f3.<\/p>\n<p style=\"text-align: justify;\">Por: Jos\u00e9 Luis V\u00e1zquez<\/p>\n","protected":false},"excerpt":{"rendered":"<p>SLP.- Por la ma\u00f1ana de este jueves 24 de febrero, autoridades estatales encabezaron un evento de conmemoraci\u00f3n con motivo del D\u00eda de la Bandera en el asta bandera ubicada en la Plaza Fundadores del Centro Hist\u00f3rico de de San Luis Potos\u00ed. Al evento acudieron titulares de diversas dependencias, as\u00ed como el propio gobernador, Jos\u00e9 Ricardo Gallardo Cardona, qui\u00e9n emiti\u00f3 un mensaje al respecto. \u00abEste d\u00eda honramos a nuestro l\u00e1baro patrio y es tradici\u00f3n que en su conmemoraci\u00f3n las y los estudiantes de primaria le juren lealtad, le juramos lealtad y cari\u00f1o desde ni\u00f1os porque bajo la libertad que nos obsequia [&hellip;]<\/p>\n","protected":false},"author":2,"featured_media":52295,"comment_status":"closed","ping_status":"closed","sticky":false,"template":"","format":"video","meta":{"footnotes":""},"categories":[5,510,45],"tags":[],"class_list":["post-52276","post","type-post","status-publish","format-video","has-post-thumbnail","hentry","category-destacadas","category-gobedoslp","category-localesyregionales","post_format-post-format-video","post--single"],"yoast_head":"<!-- This site is optimized with the Yoast SEO plugin v27.4 - https:\/\/yoast.com\/product\/yoast-seo-wordpress\/ -->\n<title>Autoridades estatales encabezaron evento conmemorativo del D\u00eda de la Bandera. - Canal 7 SLP - 2022<\/title>\n<meta name=\"robots\" content=\"index, follow, max-snippet:-1, max-image-preview:large, max-video-preview:-1\" \/>\n<link rel=\"canonical\" href=\"https:\/\/canal7slp.tv\/2022\/autoridades-estatales-encabezaron-evento-conmemorativo-del-dia-de-la-bandera\/\" \/>\n<meta property=\"og:locale\" content=\"es_ES\" \/>\n<meta property=\"og:type\" content=\"article\" \/>\n<meta property=\"og:title\" content=\"Autoridades estatales encabezaron evento conmemorativo del D\u00eda de la Bandera. - Canal 7 SLP - 2022\" \/>\n<meta property=\"og:description\" content=\"SLP.- Por la ma\u00f1ana de este jueves 24 de febrero, autoridades estatales encabezaron un evento de conmemoraci\u00f3n con motivo del D\u00eda de la Bandera en el asta bandera ubicada en la Plaza Fundadores del Centro Hist\u00f3rico de de San Luis Potos\u00ed. Al evento acudieron titulares de diversas dependencias, as\u00ed como el propio gobernador, Jos\u00e9 Ricardo Gallardo Cardona, qui\u00e9n emiti\u00f3 un mensaje al respecto. \u00abEste d\u00eda honramos a nuestro l\u00e1baro patrio y es tradici\u00f3n que en su conmemoraci\u00f3n las y los estudiantes de primaria le juren lealtad, le juramos lealtad y cari\u00f1o desde ni\u00f1os porque bajo la libertad que nos obsequia [&hellip;]\" \/>\n<meta property=\"og:url\" content=\"https:\/\/canal7slp.tv\/2022\/autoridades-estatales-encabezaron-evento-conmemorativo-del-dia-de-la-bandera\/\" \/>\n<meta property=\"og:site_name\" content=\"Canal 7 SLP - 2022\" \/>\n<meta property=\"article:publisher\" content=\"https:\/\/www.facebook.com\/noticieroscanalsiete\" \/>\n<meta property=\"article:published_time\" content=\"2022-02-24T23:23:16+00:00\" \/>\n<meta property=\"og:image\" content=\"https:\/\/canal7slp.tv\/2022\/wp-content\/uploads\/2022\/02\/Vazquez02DiaBandera.jpg\" \/>\n\t<meta property=\"og:image:width\" content=\"888\" \/>\n\t<meta property=\"og:image:height\" content=\"500\" \/>\n\t<meta property=\"og:image:type\" content=\"image\/jpeg\" \/>\n<meta name=\"author\" content=\"Edici\u00f3n Web\" \/>\n<meta name=\"twitter:card\" content=\"summary_large_image\" \/>\n<meta name=\"twitter:creator\" content=\"@NOTICIEROS7\" \/>\n<meta name=\"twitter:site\" content=\"@NOTICIEROS7\" \/>\n<meta name=\"twitter:label1\" content=\"Escrito por\" \/>\n\t<meta name=\"twitter:data1\" content=\"Edici\u00f3n Web\" \/>\n\t<meta name=\"twitter:label2\" content=\"Tiempo de lectura\" \/>\n\t<meta name=\"twitter:data2\" content=\"2 minutos\" \/>\n<script type=\"application\/ld+json\" class=\"yoast-schema-graph\">{\"@context\":\"https:\\\/\\\/schema.org\",\"@graph\":[{\"@type\":\"Article\",\"@id\":\"https:\\\/\\\/canal7slp.tv\\\/2022\\\/autoridades-estatales-encabezaron-evento-conmemorativo-del-dia-de-la-bandera\\\/#article\",\"isPartOf\":{\"@id\":\"https:\\\/\\\/canal7slp.tv\\\/2022\\\/autoridades-estatales-encabezaron-evento-conmemorativo-del-dia-de-la-bandera\\\/\"},\"author\":{\"name\":\"Edici\u00f3n Web\",\"@id\":\"https:\\\/\\\/canal7slp.tv\\\/2022\\\/#\\\/schema\\\/person\\\/429704152a21f5f856ce29aa69a238da\"},\"headline\":\"Autoridades estatales encabezaron evento conmemorativo del D\u00eda de la Bandera.\",\"datePublished\":\"2022-02-24T23:23:16+00:00\",\"mainEntityOfPage\":{\"@id\":\"https:\\\/\\\/canal7slp.tv\\\/2022\\\/autoridades-estatales-encabezaron-evento-conmemorativo-del-dia-de-la-bandera\\\/\"},\"wordCount\":325,\"publisher\":{\"@id\":\"https:\\\/\\\/canal7slp.tv\\\/2022\\\/#organization\"},\"image\":{\"@id\":\"https:\\\/\\\/canal7slp.tv\\\/2022\\\/autoridades-estatales-encabezaron-evento-conmemorativo-del-dia-de-la-bandera\\\/#primaryimage\"},\"thumbnailUrl\":\"https:\\\/\\\/canal7slp.tv\\\/2022\\\/wp-content\\\/uploads\\\/2022\\\/02\\\/Vazquez02DiaBandera.jpg\",\"articleSection\":[\"DESTACADAS\",\"GOBEDOSLP\",\"LOCALES Y REGIONALES\"],\"inLanguage\":\"es\"},{\"@type\":\"WebPage\",\"@id\":\"https:\\\/\\\/canal7slp.tv\\\/2022\\\/autoridades-estatales-encabezaron-evento-conmemorativo-del-dia-de-la-bandera\\\/\",\"url\":\"https:\\\/\\\/canal7slp.tv\\\/2022\\\/autoridades-estatales-encabezaron-evento-conmemorativo-del-dia-de-la-bandera\\\/\",\"name\":\"Autoridades estatales encabezaron evento conmemorativo del D\u00eda de la Bandera. - Canal 7 SLP - 2022\",\"isPartOf\":{\"@id\":\"https:\\\/\\\/canal7slp.tv\\\/2022\\\/#website\"},\"primaryImageOfPage\":{\"@id\":\"https:\\\/\\\/canal7slp.tv\\\/2022\\\/autoridades-estatales-encabezaron-evento-conmemorativo-del-dia-de-la-bandera\\\/#primaryimage\"},\"image\":{\"@id\":\"https:\\\/\\\/canal7slp.tv\\\/2022\\\/autoridades-estatales-encabezaron-evento-conmemorativo-del-dia-de-la-bandera\\\/#primaryimage\"},\"thumbnailUrl\":\"https:\\\/\\\/canal7slp.tv\\\/2022\\\/wp-content\\\/uploads\\\/2022\\\/02\\\/Vazquez02DiaBandera.jpg\",\"datePublished\":\"2022-02-24T23:23:16+00:00\",\"breadcrumb\":{\"@id\":\"https:\\\/\\\/canal7slp.tv\\\/2022\\\/autoridades-estatales-encabezaron-evento-conmemorativo-del-dia-de-la-bandera\\\/#breadcrumb\"},\"inLanguage\":\"es\",\"potentialAction\":[{\"@type\":\"ReadAction\",\"target\":[\"https:\\\/\\\/canal7slp.tv\\\/2022\\\/autoridades-estatales-encabezaron-evento-conmemorativo-del-dia-de-la-bandera\\\/\"]}]},{\"@type\":\"ImageObject\",\"inLanguage\":\"es\",\"@id\":\"https:\\\/\\\/canal7slp.tv\\\/2022\\\/autoridades-estatales-encabezaron-evento-conmemorativo-del-dia-de-la-bandera\\\/#primaryimage\",\"url\":\"https:\\\/\\\/canal7slp.tv\\\/2022\\\/wp-content\\\/uploads\\\/2022\\\/02\\\/Vazquez02DiaBandera.jpg\",\"contentUrl\":\"https:\\\/\\\/canal7slp.tv\\\/2022\\\/wp-content\\\/uploads\\\/2022\\\/02\\\/Vazquez02DiaBandera.jpg\",\"width\":888,\"height\":500},{\"@type\":\"BreadcrumbList\",\"@id\":\"https:\\\/\\\/canal7slp.tv\\\/2022\\\/autoridades-estatales-encabezaron-evento-conmemorativo-del-dia-de-la-bandera\\\/#breadcrumb\",\"itemListElement\":[{\"@type\":\"ListItem\",\"position\":1,\"name\":\"Portada\",\"item\":\"https:\\\/\\\/canal7slp.tv\\\/2022\\\/\"},{\"@type\":\"ListItem\",\"position\":2,\"name\":\"Autoridades estatales encabezaron evento conmemorativo del D\u00eda de la Bandera.\"}]},{\"@type\":\"WebSite\",\"@id\":\"https:\\\/\\\/canal7slp.tv\\\/2022\\\/#website\",\"url\":\"https:\\\/\\\/canal7slp.tv\\\/2022\\\/\",\"name\":\"N7 - Noticieros Canal 7\",\"description\":\"Somos Televisi\u00f3n\",\"publisher\":{\"@id\":\"https:\\\/\\\/canal7slp.tv\\\/2022\\\/#organization\"},\"potentialAction\":[{\"@type\":\"SearchAction\",\"target\":{\"@type\":\"EntryPoint\",\"urlTemplate\":\"https:\\\/\\\/canal7slp.tv\\\/2022\\\/?s={search_term_string}\"},\"query-input\":{\"@type\":\"PropertyValueSpecification\",\"valueRequired\":true,\"valueName\":\"search_term_string\"}}],\"inLanguage\":\"es\"},{\"@type\":\"Organization\",\"@id\":\"https:\\\/\\\/canal7slp.tv\\\/2022\\\/#organization\",\"name\":\"Noticieros Canal 7\",\"url\":\"https:\\\/\\\/canal7slp.tv\\\/2022\\\/\",\"logo\":{\"@type\":\"ImageObject\",\"inLanguage\":\"es\",\"@id\":\"https:\\\/\\\/canal7slp.tv\\\/2022\\\/#\\\/schema\\\/logo\\\/image\\\/\",\"url\":\"https:\\\/\\\/canal7slp.tv\\\/2022\\\/wp-content\\\/uploads\\\/2021\\\/01\\\/logo-noticieros@2x.png\",\"contentUrl\":\"https:\\\/\\\/canal7slp.tv\\\/2022\\\/wp-content\\\/uploads\\\/2021\\\/01\\\/logo-noticieros@2x.png\",\"width\":1017,\"height\":268,\"caption\":\"Noticieros Canal 7\"},\"image\":{\"@id\":\"https:\\\/\\\/canal7slp.tv\\\/2022\\\/#\\\/schema\\\/logo\\\/image\\\/\"},\"sameAs\":[\"https:\\\/\\\/www.facebook.com\\\/noticieroscanalsiete\",\"https:\\\/\\\/x.com\\\/NOTICIEROS7\",\"https:\\\/\\\/www.instagram.com\\\/canal7_slp\",\"https:\\\/\\\/www.youtube.com\\\/channel\\\/UCliiYs-gP3JfJeqdPrNdd5A\"]},{\"@type\":\"Person\",\"@id\":\"https:\\\/\\\/canal7slp.tv\\\/2022\\\/#\\\/schema\\\/person\\\/429704152a21f5f856ce29aa69a238da\",\"name\":\"Edici\u00f3n Web\",\"image\":{\"@type\":\"ImageObject\",\"inLanguage\":\"es\",\"@id\":\"https:\\\/\\\/secure.gravatar.com\\\/avatar\\\/eee448fc3f7164808013b816ba91ac7e43bbe82a70bebac296f8bc6f0addaa1a?s=96&d=mm&r=g\",\"url\":\"https:\\\/\\\/secure.gravatar.com\\\/avatar\\\/eee448fc3f7164808013b816ba91ac7e43bbe82a70bebac296f8bc6f0addaa1a?s=96&d=mm&r=g\",\"contentUrl\":\"https:\\\/\\\/secure.gravatar.com\\\/avatar\\\/eee448fc3f7164808013b816ba91ac7e43bbe82a70bebac296f8bc6f0addaa1a?s=96&d=mm&r=g\",\"caption\":\"Edici\u00f3n Web\"},\"url\":\"https:\\\/\\\/canal7slp.tv\\\/2022\\\/author\\\/edicionweb\\\/\"}]}<\/script>\n<!-- \/ Yoast SEO plugin. -->","yoast_head_json":{"title":"Autoridades estatales encabezaron evento conmemorativo del D\u00eda de la Bandera. - Canal 7 SLP - 2022","robots":{"index":"index","follow":"follow","max-snippet":"max-snippet:-1","max-image-preview":"max-image-preview:large","max-video-preview":"max-video-preview:-1"},"canonical":"https:\/\/canal7slp.tv\/2022\/autoridades-estatales-encabezaron-evento-conmemorativo-del-dia-de-la-bandera\/","og_locale":"es_ES","og_type":"article","og_title":"Autoridades estatales encabezaron evento conmemorativo del D\u00eda de la Bandera. - Canal 7 SLP - 2022","og_description":"SLP.- Por la ma\u00f1ana de este jueves 24 de febrero, autoridades estatales encabezaron un evento de conmemoraci\u00f3n con motivo del D\u00eda de la Bandera en el asta bandera ubicada en la Plaza Fundadores del Centro Hist\u00f3rico de de San Luis Potos\u00ed. Al evento acudieron titulares de diversas dependencias, as\u00ed como el propio gobernador, Jos\u00e9 Ricardo Gallardo Cardona, qui\u00e9n emiti\u00f3 un mensaje al respecto. \u00abEste d\u00eda honramos a nuestro l\u00e1baro patrio y es tradici\u00f3n que en su conmemoraci\u00f3n las y los estudiantes de primaria le juren lealtad, le juramos lealtad y cari\u00f1o desde ni\u00f1os porque bajo la libertad que nos obsequia [&hellip;]","og_url":"https:\/\/canal7slp.tv\/2022\/autoridades-estatales-encabezaron-evento-conmemorativo-del-dia-de-la-bandera\/","og_site_name":"Canal 7 SLP - 2022","article_publisher":"https:\/\/www.facebook.com\/noticieroscanalsiete","article_published_time":"2022-02-24T23:23:16+00:00","og_image":[{"width":888,"height":500,"url":"https:\/\/canal7slp.tv\/2022\/wp-content\/uploads\/2022\/02\/Vazquez02DiaBandera.jpg","type":"image\/jpeg"}],"author":"Edici\u00f3n Web","twitter_card":"summary_large_image","twitter_creator":"@NOTICIEROS7","twitter_site":"@NOTICIEROS7","twitter_misc":{"Escrito por":"Edici\u00f3n Web","Tiempo de lectura":"2 minutos"},"schema":{"@context":"https:\/\/schema.org","@graph":[{"@type":"Article","@id":"https:\/\/canal7slp.tv\/2022\/autoridades-estatales-encabezaron-evento-conmemorativo-del-dia-de-la-bandera\/#article","isPartOf":{"@id":"https:\/\/canal7slp.tv\/2022\/autoridades-estatales-encabezaron-evento-conmemorativo-del-dia-de-la-bandera\/"},"author":{"name":"Edici\u00f3n Web","@id":"https:\/\/canal7slp.tv\/2022\/#\/schema\/person\/429704152a21f5f856ce29aa69a238da"},"headline":"Autoridades estatales encabezaron evento conmemorativo del D\u00eda de la Bandera.","datePublished":"2022-02-24T23:23:16+00:00","mainEntityOfPage":{"@id":"https:\/\/canal7slp.tv\/2022\/autoridades-estatales-encabezaron-evento-conmemorativo-del-dia-de-la-bandera\/"},"wordCount":325,"publisher":{"@id":"https:\/\/canal7slp.tv\/2022\/#organization"},"image":{"@id":"https:\/\/canal7slp.tv\/2022\/autoridades-estatales-encabezaron-evento-conmemorativo-del-dia-de-la-bandera\/#primaryimage"},"thumbnailUrl":"https:\/\/canal7slp.tv\/2022\/wp-content\/uploads\/2022\/02\/Vazquez02DiaBandera.jpg","articleSection":["DESTACADAS","GOBEDOSLP","LOCALES Y REGIONALES"],"inLanguage":"es"},{"@type":"WebPage","@id":"https:\/\/canal7slp.tv\/2022\/autoridades-estatales-encabezaron-evento-conmemorativo-del-dia-de-la-bandera\/","url":"https:\/\/canal7slp.tv\/2022\/autoridades-estatales-encabezaron-evento-conmemorativo-del-dia-de-la-bandera\/","name":"Autoridades estatales encabezaron evento conmemorativo del D\u00eda de la Bandera. - Canal 7 SLP - 2022","isPartOf":{"@id":"https:\/\/canal7slp.tv\/2022\/#website"},"primaryImageOfPage":{"@id":"https:\/\/canal7slp.tv\/2022\/autoridades-estatales-encabezaron-evento-conmemorativo-del-dia-de-la-bandera\/#primaryimage"},"image":{"@id":"https:\/\/canal7slp.tv\/2022\/autoridades-estatales-encabezaron-evento-conmemorativo-del-dia-de-la-bandera\/#primaryimage"},"thumbnailUrl":"https:\/\/canal7slp.tv\/2022\/wp-content\/uploads\/2022\/02\/Vazquez02DiaBandera.jpg","datePublished":"2022-02-24T23:23:16+00:00","breadcrumb":{"@id":"https:\/\/canal7slp.tv\/2022\/autoridades-estatales-encabezaron-evento-conmemorativo-del-dia-de-la-bandera\/#breadcrumb"},"inLanguage":"es","potentialAction":[{"@type":"ReadAction","target":["https:\/\/canal7slp.tv\/2022\/autoridades-estatales-encabezaron-evento-conmemorativo-del-dia-de-la-bandera\/"]}]},{"@type":"ImageObject","inLanguage":"es","@id":"https:\/\/canal7slp.tv\/2022\/autoridades-estatales-encabezaron-evento-conmemorativo-del-dia-de-la-bandera\/#primaryimage","url":"https:\/\/canal7slp.tv\/2022\/wp-content\/uploads\/2022\/02\/Vazquez02DiaBandera.jpg","contentUrl":"https:\/\/canal7slp.tv\/2022\/wp-content\/uploads\/2022\/02\/Vazquez02DiaBandera.jpg","width":888,"height":500},{"@type":"BreadcrumbList","@id":"https:\/\/canal7slp.tv\/2022\/autoridades-estatales-encabezaron-evento-conmemorativo-del-dia-de-la-bandera\/#breadcrumb","itemListElement":[{"@type":"ListItem","position":1,"name":"Portada","item":"https:\/\/canal7slp.tv\/2022\/"},{"@type":"ListItem","position":2,"name":"Autoridades estatales encabezaron evento conmemorativo del D\u00eda de la Bandera."}]},{"@type":"WebSite","@id":"https:\/\/canal7slp.tv\/2022\/#website","url":"https:\/\/canal7slp.tv\/2022\/","name":"N7 - Noticieros Canal 7","description":"Somos Televisi\u00f3n","publisher":{"@id":"https:\/\/canal7slp.tv\/2022\/#organization"},"potentialAction":[{"@type":"SearchAction","target":{"@type":"EntryPoint","urlTemplate":"https:\/\/canal7slp.tv\/2022\/?s={search_term_string}"},"query-input":{"@type":"PropertyValueSpecification","valueRequired":true,"valueName":"search_term_string"}}],"inLanguage":"es"},{"@type":"Organization","@id":"https:\/\/canal7slp.tv\/2022\/#organization","name":"Noticieros Canal 7","url":"https:\/\/canal7slp.tv\/2022\/","logo":{"@type":"ImageObject","inLanguage":"es","@id":"https:\/\/canal7slp.tv\/2022\/#\/schema\/logo\/image\/","url":"https:\/\/canal7slp.tv\/2022\/wp-content\/uploads\/2021\/01\/logo-noticieros@2x.png","contentUrl":"https:\/\/canal7slp.tv\/2022\/wp-content\/uploads\/2021\/01\/logo-noticieros@2x.png","width":1017,"height":268,"caption":"Noticieros Canal 7"},"image":{"@id":"https:\/\/canal7slp.tv\/2022\/#\/schema\/logo\/image\/"},"sameAs":["https:\/\/www.facebook.com\/noticieroscanalsiete","https:\/\/x.com\/NOTICIEROS7","https:\/\/www.instagram.com\/canal7_slp","https:\/\/www.youtube.com\/channel\/UCliiYs-gP3JfJeqdPrNdd5A"]},{"@type":"Person","@id":"https:\/\/canal7slp.tv\/2022\/#\/schema\/person\/429704152a21f5f856ce29aa69a238da","name":"Edici\u00f3n Web","image":{"@type":"ImageObject","inLanguage":"es","@id":"https:\/\/secure.gravatar.com\/avatar\/eee448fc3f7164808013b816ba91ac7e43bbe82a70bebac296f8bc6f0addaa1a?s=96&d=mm&r=g","url":"https:\/\/secure.gravatar.com\/avatar\/eee448fc3f7164808013b816ba91ac7e43bbe82a70bebac296f8bc6f0addaa1a?s=96&d=mm&r=g","contentUrl":"https:\/\/secure.gravatar.com\/avatar\/eee448fc3f7164808013b816ba91ac7e43bbe82a70bebac296f8bc6f0addaa1a?s=96&d=mm&r=g","caption":"Edici\u00f3n Web"},"url":"https:\/\/canal7slp.tv\/2022\/author\/edicionweb\/"}]}},"amp_enabled":true,"_links":{"self":[{"href":"https:\/\/canal7slp.tv\/2022\/wp-json\/wp\/v2\/posts\/52276","targetHints":{"allow":["GET"]}}],"collection":[{"href":"https:\/\/canal7slp.tv\/2022\/wp-json\/wp\/v2\/posts"}],"about":[{"href":"https:\/\/canal7slp.tv\/2022\/wp-json\/wp\/v2\/types\/post"}],"author":[{"embeddable":true,"href":"https:\/\/canal7slp.tv\/2022\/wp-json\/wp\/v2\/users\/2"}],"replies":[{"embeddable":true,"href":"https:\/\/canal7slp.tv\/2022\/wp-json\/wp\/v2\/comments?post=52276"}],"version-history":[{"count":4,"href":"https:\/\/canal7slp.tv\/2022\/wp-json\/wp\/v2\/posts\/52276\/revisions"}],"predecessor-version":[{"id":52297,"href":"https:\/\/canal7slp.tv\/2022\/wp-json\/wp\/v2\/posts\/52276\/revisions\/52297"}],"wp:featuredmedia":[{"embeddable":true,"href":"https:\/\/canal7slp.tv\/2022\/wp-json\/wp\/v2\/media\/52295"}],"wp:attachment":[{"href":"https:\/\/canal7slp.tv\/2022\/wp-json\/wp\/v2\/media?parent=52276"}],"wp:term":[{"taxonomy":"category","embeddable":true,"href":"https:\/\/canal7slp.tv\/2022\/wp-json\/wp\/v2\/categories?post=52276"},{"taxonomy":"post_tag","embeddable":true,"href":"https:\/\/canal7slp.tv\/2022\/wp-json\/wp\/v2\/tags?post=52276"}],"curies":[{"name":"wp","href":"https:\/\/api.w.org\/{rel}","templated":true}]}}