{"id":52257,"date":"2022-02-24T15:36:35","date_gmt":"2022-02-24T21:36:35","guid":{"rendered":"https:\/\/canal7slp.tv\/2022\/?p=52257"},"modified":"2022-02-24T15:36:35","modified_gmt":"2022-02-24T21:36:35","slug":"equipo-potosino-de-ciclismo-a-la-copa-zapopan-romero","status":"publish","type":"post","link":"https:\/\/canal7slp.tv\/2022\/equipo-potosino-de-ciclismo-a-la-copa-zapopan-romero\/","title":{"rendered":"Equipo Potosino de Ciclismo a la Copa Zapopan Romero."},"content":{"rendered":"<p style=\"text-align: justify;\">SLP.- El equipo potosino de ciclismo se reporta listo y tendr\u00e1 participaci\u00f3n en la copa Zapopan el cual se desarrollara el 26 y 27 de febrero en aquella entidad<\/p>\n<p style=\"text-align: justify;\">Con 10 integrantes la escuadra potosina estar\u00e1 disputando la gloria en la Copa Zapopan Romero, uno de los equipos m\u00e1s ganadores del ciclismo mexicano tratar\u00e1 de quedarse con el sitio de honor<\/p>\n<p style=\"text-align: justify;\">El equipo comandado por Juan Jos\u00e9 Monsiv\u00e1is presentar\u00e1 un grupo de experiencia liderado por ciclistas como Ignacio Prado, Lalo Corte, Efr\u00e9n Santos y el propio Pablo Alarc\u00f3n adem\u00e1s se suma la juventud de Francisco Rosales y los nuevos integrantes para este 2022<\/p>\n","protected":false},"excerpt":{"rendered":"<p>SLP.- El equipo potosino de ciclismo se reporta listo y tendr\u00e1 participaci\u00f3n en la copa Zapopan el cual se desarrollara el 26 y 27 de febrero en aquella entidad Con 10 integrantes la escuadra potosina estar\u00e1 disputando la gloria en la Copa Zapopan Romero, uno de los equipos m\u00e1s ganadores del ciclismo mexicano tratar\u00e1 de quedarse con el sitio de honor El equipo comandado por Juan Jos\u00e9 Monsiv\u00e1is presentar\u00e1 un grupo de experiencia liderado por ciclistas como Ignacio Prado, Lalo Corte, Efr\u00e9n Santos y el propio Pablo Alarc\u00f3n adem\u00e1s se suma la juventud de Francisco Rosales y los nuevos integrantes [&hellip;]<\/p>\n","protected":false},"author":2,"featured_media":52261,"comment_status":"closed","ping_status":"closed","sticky":false,"template":"","format":"video","meta":{"footnotes":""},"categories":[7,5],"tags":[],"class_list":["post-52257","post","type-post","status-publish","format-video","has-post-thumbnail","hentry","category-deportes","category-destacadas","post_format-post-format-video","post--single"],"yoast_head":"<!-- This site is optimized with the Yoast SEO plugin v27.4 - https:\/\/yoast.com\/product\/yoast-seo-wordpress\/ -->\n<title>Equipo Potosino de Ciclismo a la Copa Zapopan Romero. - Canal 7 SLP - 2022<\/title>\n<meta name=\"robots\" content=\"index, follow, max-snippet:-1, max-image-preview:large, max-video-preview:-1\" \/>\n<link rel=\"canonical\" href=\"https:\/\/canal7slp.tv\/2022\/equipo-potosino-de-ciclismo-a-la-copa-zapopan-romero\/\" \/>\n<meta property=\"og:locale\" content=\"es_ES\" \/>\n<meta property=\"og:type\" content=\"article\" \/>\n<meta property=\"og:title\" content=\"Equipo Potosino de Ciclismo a la Copa Zapopan Romero. - Canal 7 SLP - 2022\" \/>\n<meta property=\"og:description\" content=\"SLP.- El equipo potosino de ciclismo se reporta listo y tendr\u00e1 participaci\u00f3n en la copa Zapopan el cual se desarrollara el 26 y 27 de febrero en aquella entidad Con 10 integrantes la escuadra potosina estar\u00e1 disputando la gloria en la Copa Zapopan Romero, uno de los equipos m\u00e1s ganadores del ciclismo mexicano tratar\u00e1 de quedarse con el sitio de honor El equipo comandado por Juan Jos\u00e9 Monsiv\u00e1is presentar\u00e1 un grupo de experiencia liderado por ciclistas como Ignacio Prado, Lalo Corte, Efr\u00e9n Santos y el propio Pablo Alarc\u00f3n adem\u00e1s se suma la juventud de Francisco Rosales y los nuevos integrantes [&hellip;]\" \/>\n<meta property=\"og:url\" content=\"https:\/\/canal7slp.tv\/2022\/equipo-potosino-de-ciclismo-a-la-copa-zapopan-romero\/\" \/>\n<meta property=\"og:site_name\" content=\"Canal 7 SLP - 2022\" \/>\n<meta property=\"article:publisher\" content=\"https:\/\/www.facebook.com\/noticieroscanalsiete\" \/>\n<meta property=\"article:published_time\" content=\"2022-02-24T21:36:35+00:00\" \/>\n<meta property=\"og:image\" content=\"https:\/\/canal7slp.tv\/2022\/wp-content\/uploads\/2022\/02\/Froi01Ciclismo.jpg\" \/>\n\t<meta property=\"og:image:width\" content=\"888\" \/>\n\t<meta property=\"og:image:height\" content=\"500\" \/>\n\t<meta property=\"og:image:type\" content=\"image\/jpeg\" \/>\n<meta name=\"author\" content=\"Edici\u00f3n Web\" \/>\n<meta name=\"twitter:card\" content=\"summary_large_image\" \/>\n<meta name=\"twitter:creator\" content=\"@NOTICIEROS7\" \/>\n<meta name=\"twitter:site\" content=\"@NOTICIEROS7\" \/>\n<meta name=\"twitter:label1\" content=\"Escrito por\" \/>\n\t<meta name=\"twitter:data1\" content=\"Edici\u00f3n Web\" \/>\n\t<meta name=\"twitter:label2\" content=\"Tiempo de lectura\" \/>\n\t<meta name=\"twitter:data2\" content=\"1 minuto\" \/>\n<script type=\"application\/ld+json\" class=\"yoast-schema-graph\">{\"@context\":\"https:\\\/\\\/schema.org\",\"@graph\":[{\"@type\":\"Article\",\"@id\":\"https:\\\/\\\/canal7slp.tv\\\/2022\\\/equipo-potosino-de-ciclismo-a-la-copa-zapopan-romero\\\/#article\",\"isPartOf\":{\"@id\":\"https:\\\/\\\/canal7slp.tv\\\/2022\\\/equipo-potosino-de-ciclismo-a-la-copa-zapopan-romero\\\/\"},\"author\":{\"name\":\"Edici\u00f3n Web\",\"@id\":\"https:\\\/\\\/canal7slp.tv\\\/2022\\\/#\\\/schema\\\/person\\\/429704152a21f5f856ce29aa69a238da\"},\"headline\":\"Equipo Potosino de Ciclismo a la Copa Zapopan Romero.\",\"datePublished\":\"2022-02-24T21:36:35+00:00\",\"mainEntityOfPage\":{\"@id\":\"https:\\\/\\\/canal7slp.tv\\\/2022\\\/equipo-potosino-de-ciclismo-a-la-copa-zapopan-romero\\\/\"},\"wordCount\":115,\"publisher\":{\"@id\":\"https:\\\/\\\/canal7slp.tv\\\/2022\\\/#organization\"},\"image\":{\"@id\":\"https:\\\/\\\/canal7slp.tv\\\/2022\\\/equipo-potosino-de-ciclismo-a-la-copa-zapopan-romero\\\/#primaryimage\"},\"thumbnailUrl\":\"https:\\\/\\\/canal7slp.tv\\\/2022\\\/wp-content\\\/uploads\\\/2022\\\/02\\\/Froi01Ciclismo.jpg\",\"articleSection\":[\"DEPORTES\",\"DESTACADAS\"],\"inLanguage\":\"es\"},{\"@type\":\"WebPage\",\"@id\":\"https:\\\/\\\/canal7slp.tv\\\/2022\\\/equipo-potosino-de-ciclismo-a-la-copa-zapopan-romero\\\/\",\"url\":\"https:\\\/\\\/canal7slp.tv\\\/2022\\\/equipo-potosino-de-ciclismo-a-la-copa-zapopan-romero\\\/\",\"name\":\"Equipo Potosino de Ciclismo a la Copa Zapopan Romero. - Canal 7 SLP - 2022\",\"isPartOf\":{\"@id\":\"https:\\\/\\\/canal7slp.tv\\\/2022\\\/#website\"},\"primaryImageOfPage\":{\"@id\":\"https:\\\/\\\/canal7slp.tv\\\/2022\\\/equipo-potosino-de-ciclismo-a-la-copa-zapopan-romero\\\/#primaryimage\"},\"image\":{\"@id\":\"https:\\\/\\\/canal7slp.tv\\\/2022\\\/equipo-potosino-de-ciclismo-a-la-copa-zapopan-romero\\\/#primaryimage\"},\"thumbnailUrl\":\"https:\\\/\\\/canal7slp.tv\\\/2022\\\/wp-content\\\/uploads\\\/2022\\\/02\\\/Froi01Ciclismo.jpg\",\"datePublished\":\"2022-02-24T21:36:35+00:00\",\"breadcrumb\":{\"@id\":\"https:\\\/\\\/canal7slp.tv\\\/2022\\\/equipo-potosino-de-ciclismo-a-la-copa-zapopan-romero\\\/#breadcrumb\"},\"inLanguage\":\"es\",\"potentialAction\":[{\"@type\":\"ReadAction\",\"target\":[\"https:\\\/\\\/canal7slp.tv\\\/2022\\\/equipo-potosino-de-ciclismo-a-la-copa-zapopan-romero\\\/\"]}]},{\"@type\":\"ImageObject\",\"inLanguage\":\"es\",\"@id\":\"https:\\\/\\\/canal7slp.tv\\\/2022\\\/equipo-potosino-de-ciclismo-a-la-copa-zapopan-romero\\\/#primaryimage\",\"url\":\"https:\\\/\\\/canal7slp.tv\\\/2022\\\/wp-content\\\/uploads\\\/2022\\\/02\\\/Froi01Ciclismo.jpg\",\"contentUrl\":\"https:\\\/\\\/canal7slp.tv\\\/2022\\\/wp-content\\\/uploads\\\/2022\\\/02\\\/Froi01Ciclismo.jpg\",\"width\":888,\"height\":500},{\"@type\":\"BreadcrumbList\",\"@id\":\"https:\\\/\\\/canal7slp.tv\\\/2022\\\/equipo-potosino-de-ciclismo-a-la-copa-zapopan-romero\\\/#breadcrumb\",\"itemListElement\":[{\"@type\":\"ListItem\",\"position\":1,\"name\":\"Portada\",\"item\":\"https:\\\/\\\/canal7slp.tv\\\/2022\\\/\"},{\"@type\":\"ListItem\",\"position\":2,\"name\":\"Equipo Potosino de Ciclismo a la Copa Zapopan Romero.\"}]},{\"@type\":\"WebSite\",\"@id\":\"https:\\\/\\\/canal7slp.tv\\\/2022\\\/#website\",\"url\":\"https:\\\/\\\/canal7slp.tv\\\/2022\\\/\",\"name\":\"N7 - Noticieros Canal 7\",\"description\":\"Somos Televisi\u00f3n\",\"publisher\":{\"@id\":\"https:\\\/\\\/canal7slp.tv\\\/2022\\\/#organization\"},\"potentialAction\":[{\"@type\":\"SearchAction\",\"target\":{\"@type\":\"EntryPoint\",\"urlTemplate\":\"https:\\\/\\\/canal7slp.tv\\\/2022\\\/?s={search_term_string}\"},\"query-input\":{\"@type\":\"PropertyValueSpecification\",\"valueRequired\":true,\"valueName\":\"search_term_string\"}}],\"inLanguage\":\"es\"},{\"@type\":\"Organization\",\"@id\":\"https:\\\/\\\/canal7slp.tv\\\/2022\\\/#organization\",\"name\":\"Noticieros Canal 7\",\"url\":\"https:\\\/\\\/canal7slp.tv\\\/2022\\\/\",\"logo\":{\"@type\":\"ImageObject\",\"inLanguage\":\"es\",\"@id\":\"https:\\\/\\\/canal7slp.tv\\\/2022\\\/#\\\/schema\\\/logo\\\/image\\\/\",\"url\":\"https:\\\/\\\/canal7slp.tv\\\/2022\\\/wp-content\\\/uploads\\\/2021\\\/01\\\/logo-noticieros@2x.png\",\"contentUrl\":\"https:\\\/\\\/canal7slp.tv\\\/2022\\\/wp-content\\\/uploads\\\/2021\\\/01\\\/logo-noticieros@2x.png\",\"width\":1017,\"height\":268,\"caption\":\"Noticieros Canal 7\"},\"image\":{\"@id\":\"https:\\\/\\\/canal7slp.tv\\\/2022\\\/#\\\/schema\\\/logo\\\/image\\\/\"},\"sameAs\":[\"https:\\\/\\\/www.facebook.com\\\/noticieroscanalsiete\",\"https:\\\/\\\/x.com\\\/NOTICIEROS7\",\"https:\\\/\\\/www.instagram.com\\\/canal7_slp\",\"https:\\\/\\\/www.youtube.com\\\/channel\\\/UCliiYs-gP3JfJeqdPrNdd5A\"]},{\"@type\":\"Person\",\"@id\":\"https:\\\/\\\/canal7slp.tv\\\/2022\\\/#\\\/schema\\\/person\\\/429704152a21f5f856ce29aa69a238da\",\"name\":\"Edici\u00f3n Web\",\"image\":{\"@type\":\"ImageObject\",\"inLanguage\":\"es\",\"@id\":\"https:\\\/\\\/secure.gravatar.com\\\/avatar\\\/eee448fc3f7164808013b816ba91ac7e43bbe82a70bebac296f8bc6f0addaa1a?s=96&d=mm&r=g\",\"url\":\"https:\\\/\\\/secure.gravatar.com\\\/avatar\\\/eee448fc3f7164808013b816ba91ac7e43bbe82a70bebac296f8bc6f0addaa1a?s=96&d=mm&r=g\",\"contentUrl\":\"https:\\\/\\\/secure.gravatar.com\\\/avatar\\\/eee448fc3f7164808013b816ba91ac7e43bbe82a70bebac296f8bc6f0addaa1a?s=96&d=mm&r=g\",\"caption\":\"Edici\u00f3n Web\"},\"url\":\"https:\\\/\\\/canal7slp.tv\\\/2022\\\/author\\\/edicionweb\\\/\"}]}<\/script>\n<!-- \/ Yoast SEO plugin. -->","yoast_head_json":{"title":"Equipo Potosino de Ciclismo a la Copa Zapopan Romero. - Canal 7 SLP - 2022","robots":{"index":"index","follow":"follow","max-snippet":"max-snippet:-1","max-image-preview":"max-image-preview:large","max-video-preview":"max-video-preview:-1"},"canonical":"https:\/\/canal7slp.tv\/2022\/equipo-potosino-de-ciclismo-a-la-copa-zapopan-romero\/","og_locale":"es_ES","og_type":"article","og_title":"Equipo Potosino de Ciclismo a la Copa Zapopan Romero. - Canal 7 SLP - 2022","og_description":"SLP.- El equipo potosino de ciclismo se reporta listo y tendr\u00e1 participaci\u00f3n en la copa Zapopan el cual se desarrollara el 26 y 27 de febrero en aquella entidad Con 10 integrantes la escuadra potosina estar\u00e1 disputando la gloria en la Copa Zapopan Romero, uno de los equipos m\u00e1s ganadores del ciclismo mexicano tratar\u00e1 de quedarse con el sitio de honor El equipo comandado por Juan Jos\u00e9 Monsiv\u00e1is presentar\u00e1 un grupo de experiencia liderado por ciclistas como Ignacio Prado, Lalo Corte, Efr\u00e9n Santos y el propio Pablo Alarc\u00f3n adem\u00e1s se suma la juventud de Francisco Rosales y los nuevos integrantes [&hellip;]","og_url":"https:\/\/canal7slp.tv\/2022\/equipo-potosino-de-ciclismo-a-la-copa-zapopan-romero\/","og_site_name":"Canal 7 SLP - 2022","article_publisher":"https:\/\/www.facebook.com\/noticieroscanalsiete","article_published_time":"2022-02-24T21:36:35+00:00","og_image":[{"width":888,"height":500,"url":"https:\/\/canal7slp.tv\/2022\/wp-content\/uploads\/2022\/02\/Froi01Ciclismo.jpg","type":"image\/jpeg"}],"author":"Edici\u00f3n Web","twitter_card":"summary_large_image","twitter_creator":"@NOTICIEROS7","twitter_site":"@NOTICIEROS7","twitter_misc":{"Escrito por":"Edici\u00f3n Web","Tiempo de lectura":"1 minuto"},"schema":{"@context":"https:\/\/schema.org","@graph":[{"@type":"Article","@id":"https:\/\/canal7slp.tv\/2022\/equipo-potosino-de-ciclismo-a-la-copa-zapopan-romero\/#article","isPartOf":{"@id":"https:\/\/canal7slp.tv\/2022\/equipo-potosino-de-ciclismo-a-la-copa-zapopan-romero\/"},"author":{"name":"Edici\u00f3n Web","@id":"https:\/\/canal7slp.tv\/2022\/#\/schema\/person\/429704152a21f5f856ce29aa69a238da"},"headline":"Equipo Potosino de Ciclismo a la Copa Zapopan Romero.","datePublished":"2022-02-24T21:36:35+00:00","mainEntityOfPage":{"@id":"https:\/\/canal7slp.tv\/2022\/equipo-potosino-de-ciclismo-a-la-copa-zapopan-romero\/"},"wordCount":115,"publisher":{"@id":"https:\/\/canal7slp.tv\/2022\/#organization"},"image":{"@id":"https:\/\/canal7slp.tv\/2022\/equipo-potosino-de-ciclismo-a-la-copa-zapopan-romero\/#primaryimage"},"thumbnailUrl":"https:\/\/canal7slp.tv\/2022\/wp-content\/uploads\/2022\/02\/Froi01Ciclismo.jpg","articleSection":["DEPORTES","DESTACADAS"],"inLanguage":"es"},{"@type":"WebPage","@id":"https:\/\/canal7slp.tv\/2022\/equipo-potosino-de-ciclismo-a-la-copa-zapopan-romero\/","url":"https:\/\/canal7slp.tv\/2022\/equipo-potosino-de-ciclismo-a-la-copa-zapopan-romero\/","name":"Equipo Potosino de Ciclismo a la Copa Zapopan Romero. - Canal 7 SLP - 2022","isPartOf":{"@id":"https:\/\/canal7slp.tv\/2022\/#website"},"primaryImageOfPage":{"@id":"https:\/\/canal7slp.tv\/2022\/equipo-potosino-de-ciclismo-a-la-copa-zapopan-romero\/#primaryimage"},"image":{"@id":"https:\/\/canal7slp.tv\/2022\/equipo-potosino-de-ciclismo-a-la-copa-zapopan-romero\/#primaryimage"},"thumbnailUrl":"https:\/\/canal7slp.tv\/2022\/wp-content\/uploads\/2022\/02\/Froi01Ciclismo.jpg","datePublished":"2022-02-24T21:36:35+00:00","breadcrumb":{"@id":"https:\/\/canal7slp.tv\/2022\/equipo-potosino-de-ciclismo-a-la-copa-zapopan-romero\/#breadcrumb"},"inLanguage":"es","potentialAction":[{"@type":"ReadAction","target":["https:\/\/canal7slp.tv\/2022\/equipo-potosino-de-ciclismo-a-la-copa-zapopan-romero\/"]}]},{"@type":"ImageObject","inLanguage":"es","@id":"https:\/\/canal7slp.tv\/2022\/equipo-potosino-de-ciclismo-a-la-copa-zapopan-romero\/#primaryimage","url":"https:\/\/canal7slp.tv\/2022\/wp-content\/uploads\/2022\/02\/Froi01Ciclismo.jpg","contentUrl":"https:\/\/canal7slp.tv\/2022\/wp-content\/uploads\/2022\/02\/Froi01Ciclismo.jpg","width":888,"height":500},{"@type":"BreadcrumbList","@id":"https:\/\/canal7slp.tv\/2022\/equipo-potosino-de-ciclismo-a-la-copa-zapopan-romero\/#breadcrumb","itemListElement":[{"@type":"ListItem","position":1,"name":"Portada","item":"https:\/\/canal7slp.tv\/2022\/"},{"@type":"ListItem","position":2,"name":"Equipo Potosino de Ciclismo a la Copa Zapopan Romero."}]},{"@type":"WebSite","@id":"https:\/\/canal7slp.tv\/2022\/#website","url":"https:\/\/canal7slp.tv\/2022\/","name":"N7 - Noticieros Canal 7","description":"Somos Televisi\u00f3n","publisher":{"@id":"https:\/\/canal7slp.tv\/2022\/#organization"},"potentialAction":[{"@type":"SearchAction","target":{"@type":"EntryPoint","urlTemplate":"https:\/\/canal7slp.tv\/2022\/?s={search_term_string}"},"query-input":{"@type":"PropertyValueSpecification","valueRequired":true,"valueName":"search_term_string"}}],"inLanguage":"es"},{"@type":"Organization","@id":"https:\/\/canal7slp.tv\/2022\/#organization","name":"Noticieros Canal 7","url":"https:\/\/canal7slp.tv\/2022\/","logo":{"@type":"ImageObject","inLanguage":"es","@id":"https:\/\/canal7slp.tv\/2022\/#\/schema\/logo\/image\/","url":"https:\/\/canal7slp.tv\/2022\/wp-content\/uploads\/2021\/01\/logo-noticieros@2x.png","contentUrl":"https:\/\/canal7slp.tv\/2022\/wp-content\/uploads\/2021\/01\/logo-noticieros@2x.png","width":1017,"height":268,"caption":"Noticieros Canal 7"},"image":{"@id":"https:\/\/canal7slp.tv\/2022\/#\/schema\/logo\/image\/"},"sameAs":["https:\/\/www.facebook.com\/noticieroscanalsiete","https:\/\/x.com\/NOTICIEROS7","https:\/\/www.instagram.com\/canal7_slp","https:\/\/www.youtube.com\/channel\/UCliiYs-gP3JfJeqdPrNdd5A"]},{"@type":"Person","@id":"https:\/\/canal7slp.tv\/2022\/#\/schema\/person\/429704152a21f5f856ce29aa69a238da","name":"Edici\u00f3n Web","image":{"@type":"ImageObject","inLanguage":"es","@id":"https:\/\/secure.gravatar.com\/avatar\/eee448fc3f7164808013b816ba91ac7e43bbe82a70bebac296f8bc6f0addaa1a?s=96&d=mm&r=g","url":"https:\/\/secure.gravatar.com\/avatar\/eee448fc3f7164808013b816ba91ac7e43bbe82a70bebac296f8bc6f0addaa1a?s=96&d=mm&r=g","contentUrl":"https:\/\/secure.gravatar.com\/avatar\/eee448fc3f7164808013b816ba91ac7e43bbe82a70bebac296f8bc6f0addaa1a?s=96&d=mm&r=g","caption":"Edici\u00f3n Web"},"url":"https:\/\/canal7slp.tv\/2022\/author\/edicionweb\/"}]}},"amp_enabled":true,"_links":{"self":[{"href":"https:\/\/canal7slp.tv\/2022\/wp-json\/wp\/v2\/posts\/52257","targetHints":{"allow":["GET"]}}],"collection":[{"href":"https:\/\/canal7slp.tv\/2022\/wp-json\/wp\/v2\/posts"}],"about":[{"href":"https:\/\/canal7slp.tv\/2022\/wp-json\/wp\/v2\/types\/post"}],"author":[{"embeddable":true,"href":"https:\/\/canal7slp.tv\/2022\/wp-json\/wp\/v2\/users\/2"}],"replies":[{"embeddable":true,"href":"https:\/\/canal7slp.tv\/2022\/wp-json\/wp\/v2\/comments?post=52257"}],"version-history":[{"count":3,"href":"https:\/\/canal7slp.tv\/2022\/wp-json\/wp\/v2\/posts\/52257\/revisions"}],"predecessor-version":[{"id":52268,"href":"https:\/\/canal7slp.tv\/2022\/wp-json\/wp\/v2\/posts\/52257\/revisions\/52268"}],"wp:featuredmedia":[{"embeddable":true,"href":"https:\/\/canal7slp.tv\/2022\/wp-json\/wp\/v2\/media\/52261"}],"wp:attachment":[{"href":"https:\/\/canal7slp.tv\/2022\/wp-json\/wp\/v2\/media?parent=52257"}],"wp:term":[{"taxonomy":"category","embeddable":true,"href":"https:\/\/canal7slp.tv\/2022\/wp-json\/wp\/v2\/categories?post=52257"},{"taxonomy":"post_tag","embeddable":true,"href":"https:\/\/canal7slp.tv\/2022\/wp-json\/wp\/v2\/tags?post=52257"}],"curies":[{"name":"wp","href":"https:\/\/api.w.org\/{rel}","templated":true}]}}