{"id":52239,"date":"2022-02-24T15:41:49","date_gmt":"2022-02-24T21:41:49","guid":{"rendered":"https:\/\/canal7slp.tv\/2022\/?p=52239"},"modified":"2022-02-24T15:41:49","modified_gmt":"2022-02-24T21:41:49","slug":"rusia-forma-parte-de-la-economia-mundial-y-no-va-a-danarla-vladimir-putin","status":"publish","type":"post","link":"https:\/\/canal7slp.tv\/2022\/rusia-forma-parte-de-la-economia-mundial-y-no-va-a-danarla-vladimir-putin\/","title":{"rendered":"Rusia forma parte de la econom\u00eda mundial y no va a da\u00f1arla: Vlad\u00edmir Putin"},"content":{"rendered":"<p style=\"text-align: justify;\">Mosc\u00fa.- Vlad\u00edmir Putin, Presidente de Rusia, afirm\u00f3 que su naci\u00f3n forma parte de la econom\u00eda mundial y no pretende da\u00f1arla.<\/p>\n<p style=\"text-align: justify;\">\u201cRusia sigue siendo parte de la econom\u00eda mundial (&#8230;). No tenemos la intenci\u00f3n causar da\u00f1o a un sistema del que formamos parte\u201d, coment\u00f3 en una reuni\u00f3n con directivos de grandes empresas rusas.<\/p>\n<p style=\"text-align: justify;\">Reiter\u00f3 que no se tiene el prop\u00f3sito de dicar el sistema econ\u00f3mico mundial al que pertenece, \u201cMe parece que nuestros socios deben entenderlo y no plantearse la tarea de echarnos de ese sistema\u201d.<\/p>\n<p style=\"text-align: justify;\">Asimismo, les asegur\u00f3 que pueden contar con que la predictibilidad del gobierno en su interacci\u00f3n con ellos ser\u00e1 \u201cclara y estable\u201d.<\/p>\n<p style=\"text-align: justify;\">No obstante, se\u00f1al\u00f3 que debido a que no se pueden prever totalmente los riesgos geopol\u00edticos, habr\u00e1 restricciones.<\/p>\n<p style=\"text-align: justify;\">Putin manifest\u00f3 su confianza en que con las nuevas condiciones los empresarios e industriales seguir\u00e1n trabajando con las autoridades de Rusia solidariamente y con no menos eficacia.<\/p>\n","protected":false},"excerpt":{"rendered":"<p>Mosc\u00fa.- Vlad\u00edmir Putin, Presidente de Rusia, afirm\u00f3 que su naci\u00f3n forma parte de la econom\u00eda mundial y no pretende da\u00f1arla. \u201cRusia sigue siendo parte de la econom\u00eda mundial (&#8230;). No tenemos la intenci\u00f3n causar da\u00f1o a un sistema del que formamos parte\u201d, coment\u00f3 en una reuni\u00f3n con directivos de grandes empresas rusas. Reiter\u00f3 que no se tiene el prop\u00f3sito de dicar el sistema econ\u00f3mico mundial al que pertenece, \u201cMe parece que nuestros socios deben entenderlo y no plantearse la tarea de echarnos de ese sistema\u201d. Asimismo, les asegur\u00f3 que pueden contar con que la predictibilidad del gobierno en su interacci\u00f3n [&hellip;]<\/p>\n","protected":false},"author":2,"featured_media":52254,"comment_status":"closed","ping_status":"closed","sticky":false,"template":"","format":"standard","meta":{"footnotes":""},"categories":[40,44],"tags":[],"class_list":["post-52239","post","type-post","status-publish","format-standard","has-post-thumbnail","hentry","category-economia","category-internacional","post--single"],"yoast_head":"<!-- This site is optimized with the Yoast SEO plugin v27.4 - https:\/\/yoast.com\/product\/yoast-seo-wordpress\/ -->\n<title>Rusia forma parte de la econom\u00eda mundial y no va a da\u00f1arla: Vlad\u00edmir Putin - Canal 7 SLP - 2022<\/title>\n<meta name=\"robots\" content=\"index, follow, max-snippet:-1, max-image-preview:large, max-video-preview:-1\" \/>\n<link rel=\"canonical\" href=\"https:\/\/canal7slp.tv\/2022\/rusia-forma-parte-de-la-economia-mundial-y-no-va-a-danarla-vladimir-putin\/\" \/>\n<meta property=\"og:locale\" content=\"es_ES\" \/>\n<meta property=\"og:type\" content=\"article\" \/>\n<meta property=\"og:title\" content=\"Rusia forma parte de la econom\u00eda mundial y no va a da\u00f1arla: Vlad\u00edmir Putin - Canal 7 SLP - 2022\" \/>\n<meta property=\"og:description\" content=\"Mosc\u00fa.- Vlad\u00edmir Putin, Presidente de Rusia, afirm\u00f3 que su naci\u00f3n forma parte de la econom\u00eda mundial y no pretende da\u00f1arla. \u201cRusia sigue siendo parte de la econom\u00eda mundial (&#8230;). No tenemos la intenci\u00f3n causar da\u00f1o a un sistema del que formamos parte\u201d, coment\u00f3 en una reuni\u00f3n con directivos de grandes empresas rusas. Reiter\u00f3 que no se tiene el prop\u00f3sito de dicar el sistema econ\u00f3mico mundial al que pertenece, \u201cMe parece que nuestros socios deben entenderlo y no plantearse la tarea de echarnos de ese sistema\u201d. Asimismo, les asegur\u00f3 que pueden contar con que la predictibilidad del gobierno en su interacci\u00f3n [&hellip;]\" \/>\n<meta property=\"og:url\" content=\"https:\/\/canal7slp.tv\/2022\/rusia-forma-parte-de-la-economia-mundial-y-no-va-a-danarla-vladimir-putin\/\" \/>\n<meta property=\"og:site_name\" content=\"Canal 7 SLP - 2022\" \/>\n<meta property=\"article:publisher\" content=\"https:\/\/www.facebook.com\/noticieroscanalsiete\" \/>\n<meta property=\"article:published_time\" content=\"2022-02-24T21:41:49+00:00\" \/>\n<meta property=\"og:image\" content=\"https:\/\/canal7slp.tv\/2022\/wp-content\/uploads\/2022\/02\/06-1.jpeg\" \/>\n\t<meta property=\"og:image:width\" content=\"1024\" \/>\n\t<meta property=\"og:image:height\" content=\"659\" \/>\n\t<meta property=\"og:image:type\" content=\"image\/jpeg\" \/>\n<meta name=\"author\" content=\"Edici\u00f3n Web\" \/>\n<meta name=\"twitter:card\" content=\"summary_large_image\" \/>\n<meta name=\"twitter:creator\" content=\"@NOTICIEROS7\" \/>\n<meta name=\"twitter:site\" content=\"@NOTICIEROS7\" \/>\n<meta name=\"twitter:label1\" content=\"Escrito por\" \/>\n\t<meta name=\"twitter:data1\" content=\"Edici\u00f3n Web\" \/>\n\t<meta name=\"twitter:label2\" content=\"Tiempo de lectura\" \/>\n\t<meta name=\"twitter:data2\" content=\"1 minuto\" \/>\n<script type=\"application\/ld+json\" class=\"yoast-schema-graph\">{\"@context\":\"https:\\\/\\\/schema.org\",\"@graph\":[{\"@type\":\"Article\",\"@id\":\"https:\\\/\\\/canal7slp.tv\\\/2022\\\/rusia-forma-parte-de-la-economia-mundial-y-no-va-a-danarla-vladimir-putin\\\/#article\",\"isPartOf\":{\"@id\":\"https:\\\/\\\/canal7slp.tv\\\/2022\\\/rusia-forma-parte-de-la-economia-mundial-y-no-va-a-danarla-vladimir-putin\\\/\"},\"author\":{\"name\":\"Edici\u00f3n Web\",\"@id\":\"https:\\\/\\\/canal7slp.tv\\\/2022\\\/#\\\/schema\\\/person\\\/429704152a21f5f856ce29aa69a238da\"},\"headline\":\"Rusia forma parte de la econom\u00eda mundial y no va a da\u00f1arla: Vlad\u00edmir Putin\",\"datePublished\":\"2022-02-24T21:41:49+00:00\",\"mainEntityOfPage\":{\"@id\":\"https:\\\/\\\/canal7slp.tv\\\/2022\\\/rusia-forma-parte-de-la-economia-mundial-y-no-va-a-danarla-vladimir-putin\\\/\"},\"wordCount\":181,\"publisher\":{\"@id\":\"https:\\\/\\\/canal7slp.tv\\\/2022\\\/#organization\"},\"image\":{\"@id\":\"https:\\\/\\\/canal7slp.tv\\\/2022\\\/rusia-forma-parte-de-la-economia-mundial-y-no-va-a-danarla-vladimir-putin\\\/#primaryimage\"},\"thumbnailUrl\":\"https:\\\/\\\/canal7slp.tv\\\/2022\\\/wp-content\\\/uploads\\\/2022\\\/02\\\/06-1.jpeg\",\"articleSection\":[\"ECONOM\u00cdA\",\"INTERNACIONALES\"],\"inLanguage\":\"es\"},{\"@type\":\"WebPage\",\"@id\":\"https:\\\/\\\/canal7slp.tv\\\/2022\\\/rusia-forma-parte-de-la-economia-mundial-y-no-va-a-danarla-vladimir-putin\\\/\",\"url\":\"https:\\\/\\\/canal7slp.tv\\\/2022\\\/rusia-forma-parte-de-la-economia-mundial-y-no-va-a-danarla-vladimir-putin\\\/\",\"name\":\"Rusia forma parte de la econom\u00eda mundial y no va a da\u00f1arla: Vlad\u00edmir Putin - Canal 7 SLP - 2022\",\"isPartOf\":{\"@id\":\"https:\\\/\\\/canal7slp.tv\\\/2022\\\/#website\"},\"primaryImageOfPage\":{\"@id\":\"https:\\\/\\\/canal7slp.tv\\\/2022\\\/rusia-forma-parte-de-la-economia-mundial-y-no-va-a-danarla-vladimir-putin\\\/#primaryimage\"},\"image\":{\"@id\":\"https:\\\/\\\/canal7slp.tv\\\/2022\\\/rusia-forma-parte-de-la-economia-mundial-y-no-va-a-danarla-vladimir-putin\\\/#primaryimage\"},\"thumbnailUrl\":\"https:\\\/\\\/canal7slp.tv\\\/2022\\\/wp-content\\\/uploads\\\/2022\\\/02\\\/06-1.jpeg\",\"datePublished\":\"2022-02-24T21:41:49+00:00\",\"breadcrumb\":{\"@id\":\"https:\\\/\\\/canal7slp.tv\\\/2022\\\/rusia-forma-parte-de-la-economia-mundial-y-no-va-a-danarla-vladimir-putin\\\/#breadcrumb\"},\"inLanguage\":\"es\",\"potentialAction\":[{\"@type\":\"ReadAction\",\"target\":[\"https:\\\/\\\/canal7slp.tv\\\/2022\\\/rusia-forma-parte-de-la-economia-mundial-y-no-va-a-danarla-vladimir-putin\\\/\"]}]},{\"@type\":\"ImageObject\",\"inLanguage\":\"es\",\"@id\":\"https:\\\/\\\/canal7slp.tv\\\/2022\\\/rusia-forma-parte-de-la-economia-mundial-y-no-va-a-danarla-vladimir-putin\\\/#primaryimage\",\"url\":\"https:\\\/\\\/canal7slp.tv\\\/2022\\\/wp-content\\\/uploads\\\/2022\\\/02\\\/06-1.jpeg\",\"contentUrl\":\"https:\\\/\\\/canal7slp.tv\\\/2022\\\/wp-content\\\/uploads\\\/2022\\\/02\\\/06-1.jpeg\",\"width\":1024,\"height\":659},{\"@type\":\"BreadcrumbList\",\"@id\":\"https:\\\/\\\/canal7slp.tv\\\/2022\\\/rusia-forma-parte-de-la-economia-mundial-y-no-va-a-danarla-vladimir-putin\\\/#breadcrumb\",\"itemListElement\":[{\"@type\":\"ListItem\",\"position\":1,\"name\":\"Portada\",\"item\":\"https:\\\/\\\/canal7slp.tv\\\/2022\\\/\"},{\"@type\":\"ListItem\",\"position\":2,\"name\":\"Rusia forma parte de la econom\u00eda mundial y no va a da\u00f1arla: Vlad\u00edmir Putin\"}]},{\"@type\":\"WebSite\",\"@id\":\"https:\\\/\\\/canal7slp.tv\\\/2022\\\/#website\",\"url\":\"https:\\\/\\\/canal7slp.tv\\\/2022\\\/\",\"name\":\"N7 - Noticieros Canal 7\",\"description\":\"Somos Televisi\u00f3n\",\"publisher\":{\"@id\":\"https:\\\/\\\/canal7slp.tv\\\/2022\\\/#organization\"},\"potentialAction\":[{\"@type\":\"SearchAction\",\"target\":{\"@type\":\"EntryPoint\",\"urlTemplate\":\"https:\\\/\\\/canal7slp.tv\\\/2022\\\/?s={search_term_string}\"},\"query-input\":{\"@type\":\"PropertyValueSpecification\",\"valueRequired\":true,\"valueName\":\"search_term_string\"}}],\"inLanguage\":\"es\"},{\"@type\":\"Organization\",\"@id\":\"https:\\\/\\\/canal7slp.tv\\\/2022\\\/#organization\",\"name\":\"Noticieros Canal 7\",\"url\":\"https:\\\/\\\/canal7slp.tv\\\/2022\\\/\",\"logo\":{\"@type\":\"ImageObject\",\"inLanguage\":\"es\",\"@id\":\"https:\\\/\\\/canal7slp.tv\\\/2022\\\/#\\\/schema\\\/logo\\\/image\\\/\",\"url\":\"https:\\\/\\\/canal7slp.tv\\\/2022\\\/wp-content\\\/uploads\\\/2021\\\/01\\\/logo-noticieros@2x.png\",\"contentUrl\":\"https:\\\/\\\/canal7slp.tv\\\/2022\\\/wp-content\\\/uploads\\\/2021\\\/01\\\/logo-noticieros@2x.png\",\"width\":1017,\"height\":268,\"caption\":\"Noticieros Canal 7\"},\"image\":{\"@id\":\"https:\\\/\\\/canal7slp.tv\\\/2022\\\/#\\\/schema\\\/logo\\\/image\\\/\"},\"sameAs\":[\"https:\\\/\\\/www.facebook.com\\\/noticieroscanalsiete\",\"https:\\\/\\\/x.com\\\/NOTICIEROS7\",\"https:\\\/\\\/www.instagram.com\\\/canal7_slp\",\"https:\\\/\\\/www.youtube.com\\\/channel\\\/UCliiYs-gP3JfJeqdPrNdd5A\"]},{\"@type\":\"Person\",\"@id\":\"https:\\\/\\\/canal7slp.tv\\\/2022\\\/#\\\/schema\\\/person\\\/429704152a21f5f856ce29aa69a238da\",\"name\":\"Edici\u00f3n Web\",\"image\":{\"@type\":\"ImageObject\",\"inLanguage\":\"es\",\"@id\":\"https:\\\/\\\/secure.gravatar.com\\\/avatar\\\/eee448fc3f7164808013b816ba91ac7e43bbe82a70bebac296f8bc6f0addaa1a?s=96&d=mm&r=g\",\"url\":\"https:\\\/\\\/secure.gravatar.com\\\/avatar\\\/eee448fc3f7164808013b816ba91ac7e43bbe82a70bebac296f8bc6f0addaa1a?s=96&d=mm&r=g\",\"contentUrl\":\"https:\\\/\\\/secure.gravatar.com\\\/avatar\\\/eee448fc3f7164808013b816ba91ac7e43bbe82a70bebac296f8bc6f0addaa1a?s=96&d=mm&r=g\",\"caption\":\"Edici\u00f3n Web\"},\"url\":\"https:\\\/\\\/canal7slp.tv\\\/2022\\\/author\\\/edicionweb\\\/\"}]}<\/script>\n<!-- \/ Yoast SEO plugin. -->","yoast_head_json":{"title":"Rusia forma parte de la econom\u00eda mundial y no va a da\u00f1arla: Vlad\u00edmir Putin - Canal 7 SLP - 2022","robots":{"index":"index","follow":"follow","max-snippet":"max-snippet:-1","max-image-preview":"max-image-preview:large","max-video-preview":"max-video-preview:-1"},"canonical":"https:\/\/canal7slp.tv\/2022\/rusia-forma-parte-de-la-economia-mundial-y-no-va-a-danarla-vladimir-putin\/","og_locale":"es_ES","og_type":"article","og_title":"Rusia forma parte de la econom\u00eda mundial y no va a da\u00f1arla: Vlad\u00edmir Putin - Canal 7 SLP - 2022","og_description":"Mosc\u00fa.- Vlad\u00edmir Putin, Presidente de Rusia, afirm\u00f3 que su naci\u00f3n forma parte de la econom\u00eda mundial y no pretende da\u00f1arla. \u201cRusia sigue siendo parte de la econom\u00eda mundial (&#8230;). No tenemos la intenci\u00f3n causar da\u00f1o a un sistema del que formamos parte\u201d, coment\u00f3 en una reuni\u00f3n con directivos de grandes empresas rusas. Reiter\u00f3 que no se tiene el prop\u00f3sito de dicar el sistema econ\u00f3mico mundial al que pertenece, \u201cMe parece que nuestros socios deben entenderlo y no plantearse la tarea de echarnos de ese sistema\u201d. Asimismo, les asegur\u00f3 que pueden contar con que la predictibilidad del gobierno en su interacci\u00f3n [&hellip;]","og_url":"https:\/\/canal7slp.tv\/2022\/rusia-forma-parte-de-la-economia-mundial-y-no-va-a-danarla-vladimir-putin\/","og_site_name":"Canal 7 SLP - 2022","article_publisher":"https:\/\/www.facebook.com\/noticieroscanalsiete","article_published_time":"2022-02-24T21:41:49+00:00","og_image":[{"width":1024,"height":659,"url":"https:\/\/canal7slp.tv\/2022\/wp-content\/uploads\/2022\/02\/06-1.jpeg","type":"image\/jpeg"}],"author":"Edici\u00f3n Web","twitter_card":"summary_large_image","twitter_creator":"@NOTICIEROS7","twitter_site":"@NOTICIEROS7","twitter_misc":{"Escrito por":"Edici\u00f3n Web","Tiempo de lectura":"1 minuto"},"schema":{"@context":"https:\/\/schema.org","@graph":[{"@type":"Article","@id":"https:\/\/canal7slp.tv\/2022\/rusia-forma-parte-de-la-economia-mundial-y-no-va-a-danarla-vladimir-putin\/#article","isPartOf":{"@id":"https:\/\/canal7slp.tv\/2022\/rusia-forma-parte-de-la-economia-mundial-y-no-va-a-danarla-vladimir-putin\/"},"author":{"name":"Edici\u00f3n Web","@id":"https:\/\/canal7slp.tv\/2022\/#\/schema\/person\/429704152a21f5f856ce29aa69a238da"},"headline":"Rusia forma parte de la econom\u00eda mundial y no va a da\u00f1arla: Vlad\u00edmir Putin","datePublished":"2022-02-24T21:41:49+00:00","mainEntityOfPage":{"@id":"https:\/\/canal7slp.tv\/2022\/rusia-forma-parte-de-la-economia-mundial-y-no-va-a-danarla-vladimir-putin\/"},"wordCount":181,"publisher":{"@id":"https:\/\/canal7slp.tv\/2022\/#organization"},"image":{"@id":"https:\/\/canal7slp.tv\/2022\/rusia-forma-parte-de-la-economia-mundial-y-no-va-a-danarla-vladimir-putin\/#primaryimage"},"thumbnailUrl":"https:\/\/canal7slp.tv\/2022\/wp-content\/uploads\/2022\/02\/06-1.jpeg","articleSection":["ECONOM\u00cdA","INTERNACIONALES"],"inLanguage":"es"},{"@type":"WebPage","@id":"https:\/\/canal7slp.tv\/2022\/rusia-forma-parte-de-la-economia-mundial-y-no-va-a-danarla-vladimir-putin\/","url":"https:\/\/canal7slp.tv\/2022\/rusia-forma-parte-de-la-economia-mundial-y-no-va-a-danarla-vladimir-putin\/","name":"Rusia forma parte de la econom\u00eda mundial y no va a da\u00f1arla: Vlad\u00edmir Putin - Canal 7 SLP - 2022","isPartOf":{"@id":"https:\/\/canal7slp.tv\/2022\/#website"},"primaryImageOfPage":{"@id":"https:\/\/canal7slp.tv\/2022\/rusia-forma-parte-de-la-economia-mundial-y-no-va-a-danarla-vladimir-putin\/#primaryimage"},"image":{"@id":"https:\/\/canal7slp.tv\/2022\/rusia-forma-parte-de-la-economia-mundial-y-no-va-a-danarla-vladimir-putin\/#primaryimage"},"thumbnailUrl":"https:\/\/canal7slp.tv\/2022\/wp-content\/uploads\/2022\/02\/06-1.jpeg","datePublished":"2022-02-24T21:41:49+00:00","breadcrumb":{"@id":"https:\/\/canal7slp.tv\/2022\/rusia-forma-parte-de-la-economia-mundial-y-no-va-a-danarla-vladimir-putin\/#breadcrumb"},"inLanguage":"es","potentialAction":[{"@type":"ReadAction","target":["https:\/\/canal7slp.tv\/2022\/rusia-forma-parte-de-la-economia-mundial-y-no-va-a-danarla-vladimir-putin\/"]}]},{"@type":"ImageObject","inLanguage":"es","@id":"https:\/\/canal7slp.tv\/2022\/rusia-forma-parte-de-la-economia-mundial-y-no-va-a-danarla-vladimir-putin\/#primaryimage","url":"https:\/\/canal7slp.tv\/2022\/wp-content\/uploads\/2022\/02\/06-1.jpeg","contentUrl":"https:\/\/canal7slp.tv\/2022\/wp-content\/uploads\/2022\/02\/06-1.jpeg","width":1024,"height":659},{"@type":"BreadcrumbList","@id":"https:\/\/canal7slp.tv\/2022\/rusia-forma-parte-de-la-economia-mundial-y-no-va-a-danarla-vladimir-putin\/#breadcrumb","itemListElement":[{"@type":"ListItem","position":1,"name":"Portada","item":"https:\/\/canal7slp.tv\/2022\/"},{"@type":"ListItem","position":2,"name":"Rusia forma parte de la econom\u00eda mundial y no va a da\u00f1arla: Vlad\u00edmir Putin"}]},{"@type":"WebSite","@id":"https:\/\/canal7slp.tv\/2022\/#website","url":"https:\/\/canal7slp.tv\/2022\/","name":"N7 - Noticieros Canal 7","description":"Somos Televisi\u00f3n","publisher":{"@id":"https:\/\/canal7slp.tv\/2022\/#organization"},"potentialAction":[{"@type":"SearchAction","target":{"@type":"EntryPoint","urlTemplate":"https:\/\/canal7slp.tv\/2022\/?s={search_term_string}"},"query-input":{"@type":"PropertyValueSpecification","valueRequired":true,"valueName":"search_term_string"}}],"inLanguage":"es"},{"@type":"Organization","@id":"https:\/\/canal7slp.tv\/2022\/#organization","name":"Noticieros Canal 7","url":"https:\/\/canal7slp.tv\/2022\/","logo":{"@type":"ImageObject","inLanguage":"es","@id":"https:\/\/canal7slp.tv\/2022\/#\/schema\/logo\/image\/","url":"https:\/\/canal7slp.tv\/2022\/wp-content\/uploads\/2021\/01\/logo-noticieros@2x.png","contentUrl":"https:\/\/canal7slp.tv\/2022\/wp-content\/uploads\/2021\/01\/logo-noticieros@2x.png","width":1017,"height":268,"caption":"Noticieros Canal 7"},"image":{"@id":"https:\/\/canal7slp.tv\/2022\/#\/schema\/logo\/image\/"},"sameAs":["https:\/\/www.facebook.com\/noticieroscanalsiete","https:\/\/x.com\/NOTICIEROS7","https:\/\/www.instagram.com\/canal7_slp","https:\/\/www.youtube.com\/channel\/UCliiYs-gP3JfJeqdPrNdd5A"]},{"@type":"Person","@id":"https:\/\/canal7slp.tv\/2022\/#\/schema\/person\/429704152a21f5f856ce29aa69a238da","name":"Edici\u00f3n Web","image":{"@type":"ImageObject","inLanguage":"es","@id":"https:\/\/secure.gravatar.com\/avatar\/eee448fc3f7164808013b816ba91ac7e43bbe82a70bebac296f8bc6f0addaa1a?s=96&d=mm&r=g","url":"https:\/\/secure.gravatar.com\/avatar\/eee448fc3f7164808013b816ba91ac7e43bbe82a70bebac296f8bc6f0addaa1a?s=96&d=mm&r=g","contentUrl":"https:\/\/secure.gravatar.com\/avatar\/eee448fc3f7164808013b816ba91ac7e43bbe82a70bebac296f8bc6f0addaa1a?s=96&d=mm&r=g","caption":"Edici\u00f3n Web"},"url":"https:\/\/canal7slp.tv\/2022\/author\/edicionweb\/"}]}},"amp_enabled":true,"_links":{"self":[{"href":"https:\/\/canal7slp.tv\/2022\/wp-json\/wp\/v2\/posts\/52239","targetHints":{"allow":["GET"]}}],"collection":[{"href":"https:\/\/canal7slp.tv\/2022\/wp-json\/wp\/v2\/posts"}],"about":[{"href":"https:\/\/canal7slp.tv\/2022\/wp-json\/wp\/v2\/types\/post"}],"author":[{"embeddable":true,"href":"https:\/\/canal7slp.tv\/2022\/wp-json\/wp\/v2\/users\/2"}],"replies":[{"embeddable":true,"href":"https:\/\/canal7slp.tv\/2022\/wp-json\/wp\/v2\/comments?post=52239"}],"version-history":[{"count":2,"href":"https:\/\/canal7slp.tv\/2022\/wp-json\/wp\/v2\/posts\/52239\/revisions"}],"predecessor-version":[{"id":52269,"href":"https:\/\/canal7slp.tv\/2022\/wp-json\/wp\/v2\/posts\/52239\/revisions\/52269"}],"wp:featuredmedia":[{"embeddable":true,"href":"https:\/\/canal7slp.tv\/2022\/wp-json\/wp\/v2\/media\/52254"}],"wp:attachment":[{"href":"https:\/\/canal7slp.tv\/2022\/wp-json\/wp\/v2\/media?parent=52239"}],"wp:term":[{"taxonomy":"category","embeddable":true,"href":"https:\/\/canal7slp.tv\/2022\/wp-json\/wp\/v2\/categories?post=52239"},{"taxonomy":"post_tag","embeddable":true,"href":"https:\/\/canal7slp.tv\/2022\/wp-json\/wp\/v2\/tags?post=52239"}],"curies":[{"name":"wp","href":"https:\/\/api.w.org\/{rel}","templated":true}]}}