{"id":52228,"date":"2022-02-23T23:30:21","date_gmt":"2022-02-24T05:30:21","guid":{"rendered":"https:\/\/canal7slp.tv\/2022\/?p=52228"},"modified":"2022-02-24T19:13:36","modified_gmt":"2022-02-25T01:13:36","slug":"fallece-operador-de-trailer-tras-paro-cardiaco","status":"publish","type":"post","link":"https:\/\/canal7slp.tv\/2022\/fallece-operador-de-trailer-tras-paro-cardiaco\/","title":{"rendered":"Fallece operador de tr\u00e1iler tras paro card\u00edaco."},"content":{"rendered":"<p style=\"text-align: justify;\">Matehuala.- Un hombre se desvaneci\u00f3 tras cruzar una avenida en la ciudad de Matehuala y termin\u00f3 perdiendo la vida.<\/p>\n<p style=\"text-align: justify;\">Los hechos ocurrieron sobre la lateral de la carretera 57 frente al arco norte de la ciudad de Matehuala, donde elementos de la Polic\u00eda Municipal recibieron el reporte de un hombre que se encontraba tirado a un costado de un \u00e1rbol por lo que de inmediato se trasladaron al lugar de los hechos.<\/p>\n<p style=\"text-align: justify;\">Al lugar arribaron elementos de Cruz Roja quienes intentaron brindarle los primeros auxilios, sin embargo, el sujeto ya no presentaba signos vitales por lo que se solicit\u00f3 el apoyo del forense, mientras que la zona fue acordonada por los elementos policiales.<\/p>\n<p style=\"text-align: justify;\">De acuerdo a informaci\u00f3n extra oficial, el ahora occiso manejaba un tr\u00e1iler y al sentirse mal prefiri\u00f3 estacionar su unidad y descender de la misma para buscar refugio en la sombra de un \u00e1rbol y tomarse una bebida, pero en segundos se desplom\u00f3.<\/p>\n<p style=\"text-align: justify;\">El informe de los servicios m\u00e9dicos dictamin\u00f3 que su muerte se debi\u00f3 a un paro cardiaco.<\/p>\n<p style=\"text-align: justify;\">Por: Jes\u00fas Valencia<\/p>\n","protected":false},"excerpt":{"rendered":"<p>Matehuala.- Un hombre se desvaneci\u00f3 tras cruzar una avenida en la ciudad de Matehuala y termin\u00f3 perdiendo la vida. Los hechos ocurrieron sobre la lateral de la carretera 57 frente al arco norte de la ciudad de Matehuala, donde elementos de la Polic\u00eda Municipal recibieron el reporte de un hombre que se encontraba tirado a un costado de un \u00e1rbol por lo que de inmediato se trasladaron al lugar de los hechos. Al lugar arribaron elementos de Cruz Roja quienes intentaron brindarle los primeros auxilios, sin embargo, el sujeto ya no presentaba signos vitales por lo que se solicit\u00f3 el [&hellip;]<\/p>\n","protected":false},"author":2,"featured_media":52318,"comment_status":"closed","ping_status":"closed","sticky":false,"template":"","format":"video","meta":{"footnotes":""},"categories":[5,43],"tags":[],"class_list":["post-52228","post","type-post","status-publish","format-video","has-post-thumbnail","hentry","category-destacadas","category-interior","post_format-post-format-video","post--single"],"yoast_head":"<!-- This site is optimized with the Yoast SEO plugin v27.4 - https:\/\/yoast.com\/product\/yoast-seo-wordpress\/ -->\n<title>Fallece operador de tr\u00e1iler tras paro card\u00edaco. - Canal 7 SLP - 2022<\/title>\n<meta name=\"robots\" content=\"index, follow, max-snippet:-1, max-image-preview:large, max-video-preview:-1\" \/>\n<link rel=\"canonical\" href=\"https:\/\/canal7slp.tv\/2022\/fallece-operador-de-trailer-tras-paro-cardiaco\/\" \/>\n<meta property=\"og:locale\" content=\"es_ES\" \/>\n<meta property=\"og:type\" content=\"article\" \/>\n<meta property=\"og:title\" content=\"Fallece operador de tr\u00e1iler tras paro card\u00edaco. - Canal 7 SLP - 2022\" \/>\n<meta property=\"og:description\" content=\"Matehuala.- Un hombre se desvaneci\u00f3 tras cruzar una avenida en la ciudad de Matehuala y termin\u00f3 perdiendo la vida. Los hechos ocurrieron sobre la lateral de la carretera 57 frente al arco norte de la ciudad de Matehuala, donde elementos de la Polic\u00eda Municipal recibieron el reporte de un hombre que se encontraba tirado a un costado de un \u00e1rbol por lo que de inmediato se trasladaron al lugar de los hechos. Al lugar arribaron elementos de Cruz Roja quienes intentaron brindarle los primeros auxilios, sin embargo, el sujeto ya no presentaba signos vitales por lo que se solicit\u00f3 el [&hellip;]\" \/>\n<meta property=\"og:url\" content=\"https:\/\/canal7slp.tv\/2022\/fallece-operador-de-trailer-tras-paro-cardiaco\/\" \/>\n<meta property=\"og:site_name\" content=\"Canal 7 SLP - 2022\" \/>\n<meta property=\"article:publisher\" content=\"https:\/\/www.facebook.com\/noticieroscanalsiete\" \/>\n<meta property=\"article:published_time\" content=\"2022-02-24T05:30:21+00:00\" \/>\n<meta property=\"article:modified_time\" content=\"2022-02-25T01:13:36+00:00\" \/>\n<meta property=\"og:image\" content=\"https:\/\/canal7slp.tv\/2022\/wp-content\/uploads\/2022\/02\/Valencia0Operador.jpg\" \/>\n\t<meta property=\"og:image:width\" content=\"818\" \/>\n\t<meta property=\"og:image:height\" content=\"450\" \/>\n\t<meta property=\"og:image:type\" content=\"image\/jpeg\" \/>\n<meta name=\"author\" content=\"Edici\u00f3n Web\" \/>\n<meta name=\"twitter:card\" content=\"summary_large_image\" \/>\n<meta name=\"twitter:creator\" content=\"@NOTICIEROS7\" \/>\n<meta name=\"twitter:site\" content=\"@NOTICIEROS7\" \/>\n<meta name=\"twitter:label1\" content=\"Escrito por\" \/>\n\t<meta name=\"twitter:data1\" content=\"Edici\u00f3n Web\" \/>\n\t<meta name=\"twitter:label2\" content=\"Tiempo de lectura\" \/>\n\t<meta name=\"twitter:data2\" content=\"1 minuto\" \/>\n<script type=\"application\/ld+json\" class=\"yoast-schema-graph\">{\"@context\":\"https:\\\/\\\/schema.org\",\"@graph\":[{\"@type\":\"Article\",\"@id\":\"https:\\\/\\\/canal7slp.tv\\\/2022\\\/fallece-operador-de-trailer-tras-paro-cardiaco\\\/#article\",\"isPartOf\":{\"@id\":\"https:\\\/\\\/canal7slp.tv\\\/2022\\\/fallece-operador-de-trailer-tras-paro-cardiaco\\\/\"},\"author\":{\"name\":\"Edici\u00f3n Web\",\"@id\":\"https:\\\/\\\/canal7slp.tv\\\/2022\\\/#\\\/schema\\\/person\\\/429704152a21f5f856ce29aa69a238da\"},\"headline\":\"Fallece operador de tr\u00e1iler tras paro card\u00edaco.\",\"datePublished\":\"2022-02-24T05:30:21+00:00\",\"dateModified\":\"2022-02-25T01:13:36+00:00\",\"mainEntityOfPage\":{\"@id\":\"https:\\\/\\\/canal7slp.tv\\\/2022\\\/fallece-operador-de-trailer-tras-paro-cardiaco\\\/\"},\"wordCount\":189,\"publisher\":{\"@id\":\"https:\\\/\\\/canal7slp.tv\\\/2022\\\/#organization\"},\"image\":{\"@id\":\"https:\\\/\\\/canal7slp.tv\\\/2022\\\/fallece-operador-de-trailer-tras-paro-cardiaco\\\/#primaryimage\"},\"thumbnailUrl\":\"https:\\\/\\\/canal7slp.tv\\\/2022\\\/wp-content\\\/uploads\\\/2022\\\/02\\\/Valencia0Operador.jpg\",\"articleSection\":[\"DESTACADAS\",\"INTERIOR DEL ESTADO\"],\"inLanguage\":\"es\"},{\"@type\":\"WebPage\",\"@id\":\"https:\\\/\\\/canal7slp.tv\\\/2022\\\/fallece-operador-de-trailer-tras-paro-cardiaco\\\/\",\"url\":\"https:\\\/\\\/canal7slp.tv\\\/2022\\\/fallece-operador-de-trailer-tras-paro-cardiaco\\\/\",\"name\":\"Fallece operador de tr\u00e1iler tras paro card\u00edaco. - Canal 7 SLP - 2022\",\"isPartOf\":{\"@id\":\"https:\\\/\\\/canal7slp.tv\\\/2022\\\/#website\"},\"primaryImageOfPage\":{\"@id\":\"https:\\\/\\\/canal7slp.tv\\\/2022\\\/fallece-operador-de-trailer-tras-paro-cardiaco\\\/#primaryimage\"},\"image\":{\"@id\":\"https:\\\/\\\/canal7slp.tv\\\/2022\\\/fallece-operador-de-trailer-tras-paro-cardiaco\\\/#primaryimage\"},\"thumbnailUrl\":\"https:\\\/\\\/canal7slp.tv\\\/2022\\\/wp-content\\\/uploads\\\/2022\\\/02\\\/Valencia0Operador.jpg\",\"datePublished\":\"2022-02-24T05:30:21+00:00\",\"dateModified\":\"2022-02-25T01:13:36+00:00\",\"breadcrumb\":{\"@id\":\"https:\\\/\\\/canal7slp.tv\\\/2022\\\/fallece-operador-de-trailer-tras-paro-cardiaco\\\/#breadcrumb\"},\"inLanguage\":\"es\",\"potentialAction\":[{\"@type\":\"ReadAction\",\"target\":[\"https:\\\/\\\/canal7slp.tv\\\/2022\\\/fallece-operador-de-trailer-tras-paro-cardiaco\\\/\"]}]},{\"@type\":\"ImageObject\",\"inLanguage\":\"es\",\"@id\":\"https:\\\/\\\/canal7slp.tv\\\/2022\\\/fallece-operador-de-trailer-tras-paro-cardiaco\\\/#primaryimage\",\"url\":\"https:\\\/\\\/canal7slp.tv\\\/2022\\\/wp-content\\\/uploads\\\/2022\\\/02\\\/Valencia0Operador.jpg\",\"contentUrl\":\"https:\\\/\\\/canal7slp.tv\\\/2022\\\/wp-content\\\/uploads\\\/2022\\\/02\\\/Valencia0Operador.jpg\",\"width\":818,\"height\":450},{\"@type\":\"BreadcrumbList\",\"@id\":\"https:\\\/\\\/canal7slp.tv\\\/2022\\\/fallece-operador-de-trailer-tras-paro-cardiaco\\\/#breadcrumb\",\"itemListElement\":[{\"@type\":\"ListItem\",\"position\":1,\"name\":\"Portada\",\"item\":\"https:\\\/\\\/canal7slp.tv\\\/2022\\\/\"},{\"@type\":\"ListItem\",\"position\":2,\"name\":\"Fallece operador de tr\u00e1iler tras paro card\u00edaco.\"}]},{\"@type\":\"WebSite\",\"@id\":\"https:\\\/\\\/canal7slp.tv\\\/2022\\\/#website\",\"url\":\"https:\\\/\\\/canal7slp.tv\\\/2022\\\/\",\"name\":\"N7 - Noticieros Canal 7\",\"description\":\"Somos Televisi\u00f3n\",\"publisher\":{\"@id\":\"https:\\\/\\\/canal7slp.tv\\\/2022\\\/#organization\"},\"potentialAction\":[{\"@type\":\"SearchAction\",\"target\":{\"@type\":\"EntryPoint\",\"urlTemplate\":\"https:\\\/\\\/canal7slp.tv\\\/2022\\\/?s={search_term_string}\"},\"query-input\":{\"@type\":\"PropertyValueSpecification\",\"valueRequired\":true,\"valueName\":\"search_term_string\"}}],\"inLanguage\":\"es\"},{\"@type\":\"Organization\",\"@id\":\"https:\\\/\\\/canal7slp.tv\\\/2022\\\/#organization\",\"name\":\"Noticieros Canal 7\",\"url\":\"https:\\\/\\\/canal7slp.tv\\\/2022\\\/\",\"logo\":{\"@type\":\"ImageObject\",\"inLanguage\":\"es\",\"@id\":\"https:\\\/\\\/canal7slp.tv\\\/2022\\\/#\\\/schema\\\/logo\\\/image\\\/\",\"url\":\"https:\\\/\\\/canal7slp.tv\\\/2022\\\/wp-content\\\/uploads\\\/2021\\\/01\\\/logo-noticieros@2x.png\",\"contentUrl\":\"https:\\\/\\\/canal7slp.tv\\\/2022\\\/wp-content\\\/uploads\\\/2021\\\/01\\\/logo-noticieros@2x.png\",\"width\":1017,\"height\":268,\"caption\":\"Noticieros Canal 7\"},\"image\":{\"@id\":\"https:\\\/\\\/canal7slp.tv\\\/2022\\\/#\\\/schema\\\/logo\\\/image\\\/\"},\"sameAs\":[\"https:\\\/\\\/www.facebook.com\\\/noticieroscanalsiete\",\"https:\\\/\\\/x.com\\\/NOTICIEROS7\",\"https:\\\/\\\/www.instagram.com\\\/canal7_slp\",\"https:\\\/\\\/www.youtube.com\\\/channel\\\/UCliiYs-gP3JfJeqdPrNdd5A\"]},{\"@type\":\"Person\",\"@id\":\"https:\\\/\\\/canal7slp.tv\\\/2022\\\/#\\\/schema\\\/person\\\/429704152a21f5f856ce29aa69a238da\",\"name\":\"Edici\u00f3n Web\",\"image\":{\"@type\":\"ImageObject\",\"inLanguage\":\"es\",\"@id\":\"https:\\\/\\\/secure.gravatar.com\\\/avatar\\\/eee448fc3f7164808013b816ba91ac7e43bbe82a70bebac296f8bc6f0addaa1a?s=96&d=mm&r=g\",\"url\":\"https:\\\/\\\/secure.gravatar.com\\\/avatar\\\/eee448fc3f7164808013b816ba91ac7e43bbe82a70bebac296f8bc6f0addaa1a?s=96&d=mm&r=g\",\"contentUrl\":\"https:\\\/\\\/secure.gravatar.com\\\/avatar\\\/eee448fc3f7164808013b816ba91ac7e43bbe82a70bebac296f8bc6f0addaa1a?s=96&d=mm&r=g\",\"caption\":\"Edici\u00f3n Web\"},\"url\":\"https:\\\/\\\/canal7slp.tv\\\/2022\\\/author\\\/edicionweb\\\/\"}]}<\/script>\n<!-- \/ Yoast SEO plugin. -->","yoast_head_json":{"title":"Fallece operador de tr\u00e1iler tras paro card\u00edaco. - Canal 7 SLP - 2022","robots":{"index":"index","follow":"follow","max-snippet":"max-snippet:-1","max-image-preview":"max-image-preview:large","max-video-preview":"max-video-preview:-1"},"canonical":"https:\/\/canal7slp.tv\/2022\/fallece-operador-de-trailer-tras-paro-cardiaco\/","og_locale":"es_ES","og_type":"article","og_title":"Fallece operador de tr\u00e1iler tras paro card\u00edaco. - Canal 7 SLP - 2022","og_description":"Matehuala.- Un hombre se desvaneci\u00f3 tras cruzar una avenida en la ciudad de Matehuala y termin\u00f3 perdiendo la vida. Los hechos ocurrieron sobre la lateral de la carretera 57 frente al arco norte de la ciudad de Matehuala, donde elementos de la Polic\u00eda Municipal recibieron el reporte de un hombre que se encontraba tirado a un costado de un \u00e1rbol por lo que de inmediato se trasladaron al lugar de los hechos. Al lugar arribaron elementos de Cruz Roja quienes intentaron brindarle los primeros auxilios, sin embargo, el sujeto ya no presentaba signos vitales por lo que se solicit\u00f3 el [&hellip;]","og_url":"https:\/\/canal7slp.tv\/2022\/fallece-operador-de-trailer-tras-paro-cardiaco\/","og_site_name":"Canal 7 SLP - 2022","article_publisher":"https:\/\/www.facebook.com\/noticieroscanalsiete","article_published_time":"2022-02-24T05:30:21+00:00","article_modified_time":"2022-02-25T01:13:36+00:00","og_image":[{"width":818,"height":450,"url":"https:\/\/canal7slp.tv\/2022\/wp-content\/uploads\/2022\/02\/Valencia0Operador.jpg","type":"image\/jpeg"}],"author":"Edici\u00f3n Web","twitter_card":"summary_large_image","twitter_creator":"@NOTICIEROS7","twitter_site":"@NOTICIEROS7","twitter_misc":{"Escrito por":"Edici\u00f3n Web","Tiempo de lectura":"1 minuto"},"schema":{"@context":"https:\/\/schema.org","@graph":[{"@type":"Article","@id":"https:\/\/canal7slp.tv\/2022\/fallece-operador-de-trailer-tras-paro-cardiaco\/#article","isPartOf":{"@id":"https:\/\/canal7slp.tv\/2022\/fallece-operador-de-trailer-tras-paro-cardiaco\/"},"author":{"name":"Edici\u00f3n Web","@id":"https:\/\/canal7slp.tv\/2022\/#\/schema\/person\/429704152a21f5f856ce29aa69a238da"},"headline":"Fallece operador de tr\u00e1iler tras paro card\u00edaco.","datePublished":"2022-02-24T05:30:21+00:00","dateModified":"2022-02-25T01:13:36+00:00","mainEntityOfPage":{"@id":"https:\/\/canal7slp.tv\/2022\/fallece-operador-de-trailer-tras-paro-cardiaco\/"},"wordCount":189,"publisher":{"@id":"https:\/\/canal7slp.tv\/2022\/#organization"},"image":{"@id":"https:\/\/canal7slp.tv\/2022\/fallece-operador-de-trailer-tras-paro-cardiaco\/#primaryimage"},"thumbnailUrl":"https:\/\/canal7slp.tv\/2022\/wp-content\/uploads\/2022\/02\/Valencia0Operador.jpg","articleSection":["DESTACADAS","INTERIOR DEL ESTADO"],"inLanguage":"es"},{"@type":"WebPage","@id":"https:\/\/canal7slp.tv\/2022\/fallece-operador-de-trailer-tras-paro-cardiaco\/","url":"https:\/\/canal7slp.tv\/2022\/fallece-operador-de-trailer-tras-paro-cardiaco\/","name":"Fallece operador de tr\u00e1iler tras paro card\u00edaco. - Canal 7 SLP - 2022","isPartOf":{"@id":"https:\/\/canal7slp.tv\/2022\/#website"},"primaryImageOfPage":{"@id":"https:\/\/canal7slp.tv\/2022\/fallece-operador-de-trailer-tras-paro-cardiaco\/#primaryimage"},"image":{"@id":"https:\/\/canal7slp.tv\/2022\/fallece-operador-de-trailer-tras-paro-cardiaco\/#primaryimage"},"thumbnailUrl":"https:\/\/canal7slp.tv\/2022\/wp-content\/uploads\/2022\/02\/Valencia0Operador.jpg","datePublished":"2022-02-24T05:30:21+00:00","dateModified":"2022-02-25T01:13:36+00:00","breadcrumb":{"@id":"https:\/\/canal7slp.tv\/2022\/fallece-operador-de-trailer-tras-paro-cardiaco\/#breadcrumb"},"inLanguage":"es","potentialAction":[{"@type":"ReadAction","target":["https:\/\/canal7slp.tv\/2022\/fallece-operador-de-trailer-tras-paro-cardiaco\/"]}]},{"@type":"ImageObject","inLanguage":"es","@id":"https:\/\/canal7slp.tv\/2022\/fallece-operador-de-trailer-tras-paro-cardiaco\/#primaryimage","url":"https:\/\/canal7slp.tv\/2022\/wp-content\/uploads\/2022\/02\/Valencia0Operador.jpg","contentUrl":"https:\/\/canal7slp.tv\/2022\/wp-content\/uploads\/2022\/02\/Valencia0Operador.jpg","width":818,"height":450},{"@type":"BreadcrumbList","@id":"https:\/\/canal7slp.tv\/2022\/fallece-operador-de-trailer-tras-paro-cardiaco\/#breadcrumb","itemListElement":[{"@type":"ListItem","position":1,"name":"Portada","item":"https:\/\/canal7slp.tv\/2022\/"},{"@type":"ListItem","position":2,"name":"Fallece operador de tr\u00e1iler tras paro card\u00edaco."}]},{"@type":"WebSite","@id":"https:\/\/canal7slp.tv\/2022\/#website","url":"https:\/\/canal7slp.tv\/2022\/","name":"N7 - Noticieros Canal 7","description":"Somos Televisi\u00f3n","publisher":{"@id":"https:\/\/canal7slp.tv\/2022\/#organization"},"potentialAction":[{"@type":"SearchAction","target":{"@type":"EntryPoint","urlTemplate":"https:\/\/canal7slp.tv\/2022\/?s={search_term_string}"},"query-input":{"@type":"PropertyValueSpecification","valueRequired":true,"valueName":"search_term_string"}}],"inLanguage":"es"},{"@type":"Organization","@id":"https:\/\/canal7slp.tv\/2022\/#organization","name":"Noticieros Canal 7","url":"https:\/\/canal7slp.tv\/2022\/","logo":{"@type":"ImageObject","inLanguage":"es","@id":"https:\/\/canal7slp.tv\/2022\/#\/schema\/logo\/image\/","url":"https:\/\/canal7slp.tv\/2022\/wp-content\/uploads\/2021\/01\/logo-noticieros@2x.png","contentUrl":"https:\/\/canal7slp.tv\/2022\/wp-content\/uploads\/2021\/01\/logo-noticieros@2x.png","width":1017,"height":268,"caption":"Noticieros Canal 7"},"image":{"@id":"https:\/\/canal7slp.tv\/2022\/#\/schema\/logo\/image\/"},"sameAs":["https:\/\/www.facebook.com\/noticieroscanalsiete","https:\/\/x.com\/NOTICIEROS7","https:\/\/www.instagram.com\/canal7_slp","https:\/\/www.youtube.com\/channel\/UCliiYs-gP3JfJeqdPrNdd5A"]},{"@type":"Person","@id":"https:\/\/canal7slp.tv\/2022\/#\/schema\/person\/429704152a21f5f856ce29aa69a238da","name":"Edici\u00f3n Web","image":{"@type":"ImageObject","inLanguage":"es","@id":"https:\/\/secure.gravatar.com\/avatar\/eee448fc3f7164808013b816ba91ac7e43bbe82a70bebac296f8bc6f0addaa1a?s=96&d=mm&r=g","url":"https:\/\/secure.gravatar.com\/avatar\/eee448fc3f7164808013b816ba91ac7e43bbe82a70bebac296f8bc6f0addaa1a?s=96&d=mm&r=g","contentUrl":"https:\/\/secure.gravatar.com\/avatar\/eee448fc3f7164808013b816ba91ac7e43bbe82a70bebac296f8bc6f0addaa1a?s=96&d=mm&r=g","caption":"Edici\u00f3n Web"},"url":"https:\/\/canal7slp.tv\/2022\/author\/edicionweb\/"}]}},"amp_enabled":true,"_links":{"self":[{"href":"https:\/\/canal7slp.tv\/2022\/wp-json\/wp\/v2\/posts\/52228","targetHints":{"allow":["GET"]}}],"collection":[{"href":"https:\/\/canal7slp.tv\/2022\/wp-json\/wp\/v2\/posts"}],"about":[{"href":"https:\/\/canal7slp.tv\/2022\/wp-json\/wp\/v2\/types\/post"}],"author":[{"embeddable":true,"href":"https:\/\/canal7slp.tv\/2022\/wp-json\/wp\/v2\/users\/2"}],"replies":[{"embeddable":true,"href":"https:\/\/canal7slp.tv\/2022\/wp-json\/wp\/v2\/comments?post=52228"}],"version-history":[{"count":2,"href":"https:\/\/canal7slp.tv\/2022\/wp-json\/wp\/v2\/posts\/52228\/revisions"}],"predecessor-version":[{"id":52320,"href":"https:\/\/canal7slp.tv\/2022\/wp-json\/wp\/v2\/posts\/52228\/revisions\/52320"}],"wp:featuredmedia":[{"embeddable":true,"href":"https:\/\/canal7slp.tv\/2022\/wp-json\/wp\/v2\/media\/52318"}],"wp:attachment":[{"href":"https:\/\/canal7slp.tv\/2022\/wp-json\/wp\/v2\/media?parent=52228"}],"wp:term":[{"taxonomy":"category","embeddable":true,"href":"https:\/\/canal7slp.tv\/2022\/wp-json\/wp\/v2\/categories?post=52228"},{"taxonomy":"post_tag","embeddable":true,"href":"https:\/\/canal7slp.tv\/2022\/wp-json\/wp\/v2\/tags?post=52228"}],"curies":[{"name":"wp","href":"https:\/\/api.w.org\/{rel}","templated":true}]}}