{"id":52201,"date":"2022-02-23T22:36:02","date_gmt":"2022-02-24T04:36:02","guid":{"rendered":"https:\/\/canal7slp.tv\/2022\/?p=52201"},"modified":"2022-02-23T22:36:02","modified_gmt":"2022-02-24T04:36:02","slug":"vladimir-anuncia-operacion-militar-en-ucrania","status":"publish","type":"post","link":"https:\/\/canal7slp.tv\/2022\/vladimir-anuncia-operacion-militar-en-ucrania\/","title":{"rendered":"Vladimir anuncia operaci\u00f3n militar en Ucrania"},"content":{"rendered":"<p style=\"text-align: justify;\">Mosc\u00fa.- Vladimir Putin, presidente de Rusia, anunci\u00f3 una operaci\u00f3n militar para defender los estados separatistas ubicados al este de Ucrania.<\/p>\n<p style=\"text-align: justify;\">Agreg\u00f3 que la acci\u00f3n se produce en respuesta a las amenazas provenientes de Ucrania, por consiguiente, Rusia no tiene el objetivo de ocupar Ucrania.<\/p>\n<p style=\"text-align: justify;\">Cabe se\u00f1alar que mientras el mandatario ruso daba dicha declaraci\u00f3n, el Consejo de Seguridad de Naciones Unidas le imploraba que detuviese cualquier acci\u00f3n b\u00e9lica.<\/p>\n<p style=\"text-align: justify;\">Por su parte el presidente de Ucrania, Volodymyr Zelensky declar\u00f3 hab\u00eda realizado una llamada telef\u00f3nica al presidente de la Federaci\u00f3n Rusa, de la cual sol\u00f3 obtuvo silencio como respuesta.<\/p>\n<p style=\"text-align: justify;\">\u201cEllos dicen que la llama de la guerra liberar\u00e1 al pueblo de Ucrania, pero los ucranianos son libres. No necesitamos ninguna guerra, ni fr\u00eda, ni caliente, ni h\u00edbrida. Pero si las tropas nos atacan, si intentan tomar nuestro pa\u00eds -nuestra libertad, nuestras vidas, las vidas de nuestros hijos-, nos defenderemos. Si nos atacan, ver\u00e1n nuestras caras, no nuestras espaldas\u201d, coment\u00f3 a medios el mandatario ucraniano.<\/p>\n<p style=\"text-align: justify;\">Es importante mencionar que tras las declaraciones de Putin, medios internacionales reportaron diversas explosiones en Kiev, capital de Ucrania.<\/p>\n","protected":false},"excerpt":{"rendered":"<p>Mosc\u00fa.- Vladimir Putin, presidente de Rusia, anunci\u00f3 una operaci\u00f3n militar para defender los estados separatistas ubicados al este de Ucrania. Agreg\u00f3 que la acci\u00f3n se produce en respuesta a las amenazas provenientes de Ucrania, por consiguiente, Rusia no tiene el objetivo de ocupar Ucrania. Cabe se\u00f1alar que mientras el mandatario ruso daba dicha declaraci\u00f3n, el Consejo de Seguridad de Naciones Unidas le imploraba que detuviese cualquier acci\u00f3n b\u00e9lica. Por su parte el presidente de Ucrania, Volodymyr Zelensky declar\u00f3 hab\u00eda realizado una llamada telef\u00f3nica al presidente de la Federaci\u00f3n Rusa, de la cual sol\u00f3 obtuvo silencio como respuesta. \u201cEllos dicen que [&hellip;]<\/p>\n","protected":false},"author":2,"featured_media":52203,"comment_status":"closed","ping_status":"closed","sticky":false,"template":"","format":"standard","meta":{"footnotes":""},"categories":[44],"tags":[],"class_list":["post-52201","post","type-post","status-publish","format-standard","has-post-thumbnail","hentry","category-internacional","post--single"],"yoast_head":"<!-- This site is optimized with the Yoast SEO plugin v27.4 - https:\/\/yoast.com\/product\/yoast-seo-wordpress\/ -->\n<title>Vladimir anuncia operaci\u00f3n militar en Ucrania - Canal 7 SLP - 2022<\/title>\n<meta name=\"robots\" content=\"index, follow, max-snippet:-1, max-image-preview:large, max-video-preview:-1\" \/>\n<link rel=\"canonical\" href=\"https:\/\/canal7slp.tv\/2022\/vladimir-anuncia-operacion-militar-en-ucrania\/\" \/>\n<meta property=\"og:locale\" content=\"es_ES\" \/>\n<meta property=\"og:type\" content=\"article\" \/>\n<meta property=\"og:title\" content=\"Vladimir anuncia operaci\u00f3n militar en Ucrania - Canal 7 SLP - 2022\" \/>\n<meta property=\"og:description\" content=\"Mosc\u00fa.- Vladimir Putin, presidente de Rusia, anunci\u00f3 una operaci\u00f3n militar para defender los estados separatistas ubicados al este de Ucrania. Agreg\u00f3 que la acci\u00f3n se produce en respuesta a las amenazas provenientes de Ucrania, por consiguiente, Rusia no tiene el objetivo de ocupar Ucrania. Cabe se\u00f1alar que mientras el mandatario ruso daba dicha declaraci\u00f3n, el Consejo de Seguridad de Naciones Unidas le imploraba que detuviese cualquier acci\u00f3n b\u00e9lica. Por su parte el presidente de Ucrania, Volodymyr Zelensky declar\u00f3 hab\u00eda realizado una llamada telef\u00f3nica al presidente de la Federaci\u00f3n Rusa, de la cual sol\u00f3 obtuvo silencio como respuesta. \u201cEllos dicen que [&hellip;]\" \/>\n<meta property=\"og:url\" content=\"https:\/\/canal7slp.tv\/2022\/vladimir-anuncia-operacion-militar-en-ucrania\/\" \/>\n<meta property=\"og:site_name\" content=\"Canal 7 SLP - 2022\" \/>\n<meta property=\"article:publisher\" content=\"https:\/\/www.facebook.com\/noticieroscanalsiete\" \/>\n<meta property=\"article:published_time\" content=\"2022-02-24T04:36:02+00:00\" \/>\n<meta property=\"og:image\" content=\"https:\/\/canal7slp.tv\/2022\/wp-content\/uploads\/2022\/02\/07.jpg\" \/>\n\t<meta property=\"og:image:width\" content=\"750\" \/>\n\t<meta property=\"og:image:height\" content=\"500\" \/>\n\t<meta property=\"og:image:type\" content=\"image\/jpeg\" \/>\n<meta name=\"author\" content=\"Edici\u00f3n Web\" \/>\n<meta name=\"twitter:card\" content=\"summary_large_image\" \/>\n<meta name=\"twitter:creator\" content=\"@NOTICIEROS7\" \/>\n<meta name=\"twitter:site\" content=\"@NOTICIEROS7\" \/>\n<meta name=\"twitter:label1\" content=\"Escrito por\" \/>\n\t<meta name=\"twitter:data1\" content=\"Edici\u00f3n Web\" \/>\n\t<meta name=\"twitter:label2\" content=\"Tiempo de lectura\" \/>\n\t<meta name=\"twitter:data2\" content=\"1 minuto\" \/>\n<script type=\"application\/ld+json\" class=\"yoast-schema-graph\">{\"@context\":\"https:\\\/\\\/schema.org\",\"@graph\":[{\"@type\":\"Article\",\"@id\":\"https:\\\/\\\/canal7slp.tv\\\/2022\\\/vladimir-anuncia-operacion-militar-en-ucrania\\\/#article\",\"isPartOf\":{\"@id\":\"https:\\\/\\\/canal7slp.tv\\\/2022\\\/vladimir-anuncia-operacion-militar-en-ucrania\\\/\"},\"author\":{\"name\":\"Edici\u00f3n Web\",\"@id\":\"https:\\\/\\\/canal7slp.tv\\\/2022\\\/#\\\/schema\\\/person\\\/429704152a21f5f856ce29aa69a238da\"},\"headline\":\"Vladimir anuncia operaci\u00f3n militar en Ucrania\",\"datePublished\":\"2022-02-24T04:36:02+00:00\",\"mainEntityOfPage\":{\"@id\":\"https:\\\/\\\/canal7slp.tv\\\/2022\\\/vladimir-anuncia-operacion-militar-en-ucrania\\\/\"},\"wordCount\":202,\"publisher\":{\"@id\":\"https:\\\/\\\/canal7slp.tv\\\/2022\\\/#organization\"},\"image\":{\"@id\":\"https:\\\/\\\/canal7slp.tv\\\/2022\\\/vladimir-anuncia-operacion-militar-en-ucrania\\\/#primaryimage\"},\"thumbnailUrl\":\"https:\\\/\\\/canal7slp.tv\\\/2022\\\/wp-content\\\/uploads\\\/2022\\\/02\\\/07.jpg\",\"articleSection\":[\"INTERNACIONALES\"],\"inLanguage\":\"es\"},{\"@type\":\"WebPage\",\"@id\":\"https:\\\/\\\/canal7slp.tv\\\/2022\\\/vladimir-anuncia-operacion-militar-en-ucrania\\\/\",\"url\":\"https:\\\/\\\/canal7slp.tv\\\/2022\\\/vladimir-anuncia-operacion-militar-en-ucrania\\\/\",\"name\":\"Vladimir anuncia operaci\u00f3n militar en Ucrania - Canal 7 SLP - 2022\",\"isPartOf\":{\"@id\":\"https:\\\/\\\/canal7slp.tv\\\/2022\\\/#website\"},\"primaryImageOfPage\":{\"@id\":\"https:\\\/\\\/canal7slp.tv\\\/2022\\\/vladimir-anuncia-operacion-militar-en-ucrania\\\/#primaryimage\"},\"image\":{\"@id\":\"https:\\\/\\\/canal7slp.tv\\\/2022\\\/vladimir-anuncia-operacion-militar-en-ucrania\\\/#primaryimage\"},\"thumbnailUrl\":\"https:\\\/\\\/canal7slp.tv\\\/2022\\\/wp-content\\\/uploads\\\/2022\\\/02\\\/07.jpg\",\"datePublished\":\"2022-02-24T04:36:02+00:00\",\"breadcrumb\":{\"@id\":\"https:\\\/\\\/canal7slp.tv\\\/2022\\\/vladimir-anuncia-operacion-militar-en-ucrania\\\/#breadcrumb\"},\"inLanguage\":\"es\",\"potentialAction\":[{\"@type\":\"ReadAction\",\"target\":[\"https:\\\/\\\/canal7slp.tv\\\/2022\\\/vladimir-anuncia-operacion-militar-en-ucrania\\\/\"]}]},{\"@type\":\"ImageObject\",\"inLanguage\":\"es\",\"@id\":\"https:\\\/\\\/canal7slp.tv\\\/2022\\\/vladimir-anuncia-operacion-militar-en-ucrania\\\/#primaryimage\",\"url\":\"https:\\\/\\\/canal7slp.tv\\\/2022\\\/wp-content\\\/uploads\\\/2022\\\/02\\\/07.jpg\",\"contentUrl\":\"https:\\\/\\\/canal7slp.tv\\\/2022\\\/wp-content\\\/uploads\\\/2022\\\/02\\\/07.jpg\",\"width\":750,\"height\":500},{\"@type\":\"BreadcrumbList\",\"@id\":\"https:\\\/\\\/canal7slp.tv\\\/2022\\\/vladimir-anuncia-operacion-militar-en-ucrania\\\/#breadcrumb\",\"itemListElement\":[{\"@type\":\"ListItem\",\"position\":1,\"name\":\"Portada\",\"item\":\"https:\\\/\\\/canal7slp.tv\\\/2022\\\/\"},{\"@type\":\"ListItem\",\"position\":2,\"name\":\"Vladimir anuncia operaci\u00f3n militar en Ucrania\"}]},{\"@type\":\"WebSite\",\"@id\":\"https:\\\/\\\/canal7slp.tv\\\/2022\\\/#website\",\"url\":\"https:\\\/\\\/canal7slp.tv\\\/2022\\\/\",\"name\":\"N7 - Noticieros Canal 7\",\"description\":\"Somos Televisi\u00f3n\",\"publisher\":{\"@id\":\"https:\\\/\\\/canal7slp.tv\\\/2022\\\/#organization\"},\"potentialAction\":[{\"@type\":\"SearchAction\",\"target\":{\"@type\":\"EntryPoint\",\"urlTemplate\":\"https:\\\/\\\/canal7slp.tv\\\/2022\\\/?s={search_term_string}\"},\"query-input\":{\"@type\":\"PropertyValueSpecification\",\"valueRequired\":true,\"valueName\":\"search_term_string\"}}],\"inLanguage\":\"es\"},{\"@type\":\"Organization\",\"@id\":\"https:\\\/\\\/canal7slp.tv\\\/2022\\\/#organization\",\"name\":\"Noticieros Canal 7\",\"url\":\"https:\\\/\\\/canal7slp.tv\\\/2022\\\/\",\"logo\":{\"@type\":\"ImageObject\",\"inLanguage\":\"es\",\"@id\":\"https:\\\/\\\/canal7slp.tv\\\/2022\\\/#\\\/schema\\\/logo\\\/image\\\/\",\"url\":\"https:\\\/\\\/canal7slp.tv\\\/2022\\\/wp-content\\\/uploads\\\/2021\\\/01\\\/logo-noticieros@2x.png\",\"contentUrl\":\"https:\\\/\\\/canal7slp.tv\\\/2022\\\/wp-content\\\/uploads\\\/2021\\\/01\\\/logo-noticieros@2x.png\",\"width\":1017,\"height\":268,\"caption\":\"Noticieros Canal 7\"},\"image\":{\"@id\":\"https:\\\/\\\/canal7slp.tv\\\/2022\\\/#\\\/schema\\\/logo\\\/image\\\/\"},\"sameAs\":[\"https:\\\/\\\/www.facebook.com\\\/noticieroscanalsiete\",\"https:\\\/\\\/x.com\\\/NOTICIEROS7\",\"https:\\\/\\\/www.instagram.com\\\/canal7_slp\",\"https:\\\/\\\/www.youtube.com\\\/channel\\\/UCliiYs-gP3JfJeqdPrNdd5A\"]},{\"@type\":\"Person\",\"@id\":\"https:\\\/\\\/canal7slp.tv\\\/2022\\\/#\\\/schema\\\/person\\\/429704152a21f5f856ce29aa69a238da\",\"name\":\"Edici\u00f3n Web\",\"image\":{\"@type\":\"ImageObject\",\"inLanguage\":\"es\",\"@id\":\"https:\\\/\\\/secure.gravatar.com\\\/avatar\\\/eee448fc3f7164808013b816ba91ac7e43bbe82a70bebac296f8bc6f0addaa1a?s=96&d=mm&r=g\",\"url\":\"https:\\\/\\\/secure.gravatar.com\\\/avatar\\\/eee448fc3f7164808013b816ba91ac7e43bbe82a70bebac296f8bc6f0addaa1a?s=96&d=mm&r=g\",\"contentUrl\":\"https:\\\/\\\/secure.gravatar.com\\\/avatar\\\/eee448fc3f7164808013b816ba91ac7e43bbe82a70bebac296f8bc6f0addaa1a?s=96&d=mm&r=g\",\"caption\":\"Edici\u00f3n Web\"},\"url\":\"https:\\\/\\\/canal7slp.tv\\\/2022\\\/author\\\/edicionweb\\\/\"}]}<\/script>\n<!-- \/ Yoast SEO plugin. -->","yoast_head_json":{"title":"Vladimir anuncia operaci\u00f3n militar en Ucrania - Canal 7 SLP - 2022","robots":{"index":"index","follow":"follow","max-snippet":"max-snippet:-1","max-image-preview":"max-image-preview:large","max-video-preview":"max-video-preview:-1"},"canonical":"https:\/\/canal7slp.tv\/2022\/vladimir-anuncia-operacion-militar-en-ucrania\/","og_locale":"es_ES","og_type":"article","og_title":"Vladimir anuncia operaci\u00f3n militar en Ucrania - Canal 7 SLP - 2022","og_description":"Mosc\u00fa.- Vladimir Putin, presidente de Rusia, anunci\u00f3 una operaci\u00f3n militar para defender los estados separatistas ubicados al este de Ucrania. Agreg\u00f3 que la acci\u00f3n se produce en respuesta a las amenazas provenientes de Ucrania, por consiguiente, Rusia no tiene el objetivo de ocupar Ucrania. Cabe se\u00f1alar que mientras el mandatario ruso daba dicha declaraci\u00f3n, el Consejo de Seguridad de Naciones Unidas le imploraba que detuviese cualquier acci\u00f3n b\u00e9lica. Por su parte el presidente de Ucrania, Volodymyr Zelensky declar\u00f3 hab\u00eda realizado una llamada telef\u00f3nica al presidente de la Federaci\u00f3n Rusa, de la cual sol\u00f3 obtuvo silencio como respuesta. \u201cEllos dicen que [&hellip;]","og_url":"https:\/\/canal7slp.tv\/2022\/vladimir-anuncia-operacion-militar-en-ucrania\/","og_site_name":"Canal 7 SLP - 2022","article_publisher":"https:\/\/www.facebook.com\/noticieroscanalsiete","article_published_time":"2022-02-24T04:36:02+00:00","og_image":[{"width":750,"height":500,"url":"https:\/\/canal7slp.tv\/2022\/wp-content\/uploads\/2022\/02\/07.jpg","type":"image\/jpeg"}],"author":"Edici\u00f3n Web","twitter_card":"summary_large_image","twitter_creator":"@NOTICIEROS7","twitter_site":"@NOTICIEROS7","twitter_misc":{"Escrito por":"Edici\u00f3n Web","Tiempo de lectura":"1 minuto"},"schema":{"@context":"https:\/\/schema.org","@graph":[{"@type":"Article","@id":"https:\/\/canal7slp.tv\/2022\/vladimir-anuncia-operacion-militar-en-ucrania\/#article","isPartOf":{"@id":"https:\/\/canal7slp.tv\/2022\/vladimir-anuncia-operacion-militar-en-ucrania\/"},"author":{"name":"Edici\u00f3n Web","@id":"https:\/\/canal7slp.tv\/2022\/#\/schema\/person\/429704152a21f5f856ce29aa69a238da"},"headline":"Vladimir anuncia operaci\u00f3n militar en Ucrania","datePublished":"2022-02-24T04:36:02+00:00","mainEntityOfPage":{"@id":"https:\/\/canal7slp.tv\/2022\/vladimir-anuncia-operacion-militar-en-ucrania\/"},"wordCount":202,"publisher":{"@id":"https:\/\/canal7slp.tv\/2022\/#organization"},"image":{"@id":"https:\/\/canal7slp.tv\/2022\/vladimir-anuncia-operacion-militar-en-ucrania\/#primaryimage"},"thumbnailUrl":"https:\/\/canal7slp.tv\/2022\/wp-content\/uploads\/2022\/02\/07.jpg","articleSection":["INTERNACIONALES"],"inLanguage":"es"},{"@type":"WebPage","@id":"https:\/\/canal7slp.tv\/2022\/vladimir-anuncia-operacion-militar-en-ucrania\/","url":"https:\/\/canal7slp.tv\/2022\/vladimir-anuncia-operacion-militar-en-ucrania\/","name":"Vladimir anuncia operaci\u00f3n militar en Ucrania - Canal 7 SLP - 2022","isPartOf":{"@id":"https:\/\/canal7slp.tv\/2022\/#website"},"primaryImageOfPage":{"@id":"https:\/\/canal7slp.tv\/2022\/vladimir-anuncia-operacion-militar-en-ucrania\/#primaryimage"},"image":{"@id":"https:\/\/canal7slp.tv\/2022\/vladimir-anuncia-operacion-militar-en-ucrania\/#primaryimage"},"thumbnailUrl":"https:\/\/canal7slp.tv\/2022\/wp-content\/uploads\/2022\/02\/07.jpg","datePublished":"2022-02-24T04:36:02+00:00","breadcrumb":{"@id":"https:\/\/canal7slp.tv\/2022\/vladimir-anuncia-operacion-militar-en-ucrania\/#breadcrumb"},"inLanguage":"es","potentialAction":[{"@type":"ReadAction","target":["https:\/\/canal7slp.tv\/2022\/vladimir-anuncia-operacion-militar-en-ucrania\/"]}]},{"@type":"ImageObject","inLanguage":"es","@id":"https:\/\/canal7slp.tv\/2022\/vladimir-anuncia-operacion-militar-en-ucrania\/#primaryimage","url":"https:\/\/canal7slp.tv\/2022\/wp-content\/uploads\/2022\/02\/07.jpg","contentUrl":"https:\/\/canal7slp.tv\/2022\/wp-content\/uploads\/2022\/02\/07.jpg","width":750,"height":500},{"@type":"BreadcrumbList","@id":"https:\/\/canal7slp.tv\/2022\/vladimir-anuncia-operacion-militar-en-ucrania\/#breadcrumb","itemListElement":[{"@type":"ListItem","position":1,"name":"Portada","item":"https:\/\/canal7slp.tv\/2022\/"},{"@type":"ListItem","position":2,"name":"Vladimir anuncia operaci\u00f3n militar en Ucrania"}]},{"@type":"WebSite","@id":"https:\/\/canal7slp.tv\/2022\/#website","url":"https:\/\/canal7slp.tv\/2022\/","name":"N7 - Noticieros Canal 7","description":"Somos Televisi\u00f3n","publisher":{"@id":"https:\/\/canal7slp.tv\/2022\/#organization"},"potentialAction":[{"@type":"SearchAction","target":{"@type":"EntryPoint","urlTemplate":"https:\/\/canal7slp.tv\/2022\/?s={search_term_string}"},"query-input":{"@type":"PropertyValueSpecification","valueRequired":true,"valueName":"search_term_string"}}],"inLanguage":"es"},{"@type":"Organization","@id":"https:\/\/canal7slp.tv\/2022\/#organization","name":"Noticieros Canal 7","url":"https:\/\/canal7slp.tv\/2022\/","logo":{"@type":"ImageObject","inLanguage":"es","@id":"https:\/\/canal7slp.tv\/2022\/#\/schema\/logo\/image\/","url":"https:\/\/canal7slp.tv\/2022\/wp-content\/uploads\/2021\/01\/logo-noticieros@2x.png","contentUrl":"https:\/\/canal7slp.tv\/2022\/wp-content\/uploads\/2021\/01\/logo-noticieros@2x.png","width":1017,"height":268,"caption":"Noticieros Canal 7"},"image":{"@id":"https:\/\/canal7slp.tv\/2022\/#\/schema\/logo\/image\/"},"sameAs":["https:\/\/www.facebook.com\/noticieroscanalsiete","https:\/\/x.com\/NOTICIEROS7","https:\/\/www.instagram.com\/canal7_slp","https:\/\/www.youtube.com\/channel\/UCliiYs-gP3JfJeqdPrNdd5A"]},{"@type":"Person","@id":"https:\/\/canal7slp.tv\/2022\/#\/schema\/person\/429704152a21f5f856ce29aa69a238da","name":"Edici\u00f3n Web","image":{"@type":"ImageObject","inLanguage":"es","@id":"https:\/\/secure.gravatar.com\/avatar\/eee448fc3f7164808013b816ba91ac7e43bbe82a70bebac296f8bc6f0addaa1a?s=96&d=mm&r=g","url":"https:\/\/secure.gravatar.com\/avatar\/eee448fc3f7164808013b816ba91ac7e43bbe82a70bebac296f8bc6f0addaa1a?s=96&d=mm&r=g","contentUrl":"https:\/\/secure.gravatar.com\/avatar\/eee448fc3f7164808013b816ba91ac7e43bbe82a70bebac296f8bc6f0addaa1a?s=96&d=mm&r=g","caption":"Edici\u00f3n Web"},"url":"https:\/\/canal7slp.tv\/2022\/author\/edicionweb\/"}]}},"amp_enabled":true,"_links":{"self":[{"href":"https:\/\/canal7slp.tv\/2022\/wp-json\/wp\/v2\/posts\/52201","targetHints":{"allow":["GET"]}}],"collection":[{"href":"https:\/\/canal7slp.tv\/2022\/wp-json\/wp\/v2\/posts"}],"about":[{"href":"https:\/\/canal7slp.tv\/2022\/wp-json\/wp\/v2\/types\/post"}],"author":[{"embeddable":true,"href":"https:\/\/canal7slp.tv\/2022\/wp-json\/wp\/v2\/users\/2"}],"replies":[{"embeddable":true,"href":"https:\/\/canal7slp.tv\/2022\/wp-json\/wp\/v2\/comments?post=52201"}],"version-history":[{"count":2,"href":"https:\/\/canal7slp.tv\/2022\/wp-json\/wp\/v2\/posts\/52201\/revisions"}],"predecessor-version":[{"id":52205,"href":"https:\/\/canal7slp.tv\/2022\/wp-json\/wp\/v2\/posts\/52201\/revisions\/52205"}],"wp:featuredmedia":[{"embeddable":true,"href":"https:\/\/canal7slp.tv\/2022\/wp-json\/wp\/v2\/media\/52203"}],"wp:attachment":[{"href":"https:\/\/canal7slp.tv\/2022\/wp-json\/wp\/v2\/media?parent=52201"}],"wp:term":[{"taxonomy":"category","embeddable":true,"href":"https:\/\/canal7slp.tv\/2022\/wp-json\/wp\/v2\/categories?post=52201"},{"taxonomy":"post_tag","embeddable":true,"href":"https:\/\/canal7slp.tv\/2022\/wp-json\/wp\/v2\/tags?post=52201"}],"curies":[{"name":"wp","href":"https:\/\/api.w.org\/{rel}","templated":true}]}}