{"id":52168,"date":"2022-02-23T22:49:41","date_gmt":"2022-02-24T04:49:41","guid":{"rendered":"https:\/\/canal7slp.tv\/2022\/?p=52168"},"modified":"2022-02-23T22:49:41","modified_gmt":"2022-02-24T04:49:41","slug":"comision-estatal-de-derechos-humanos-cedh-entrego-su-primer-informe-anual-de-actividades","status":"publish","type":"post","link":"https:\/\/canal7slp.tv\/2022\/comision-estatal-de-derechos-humanos-cedh-entrego-su-primer-informe-anual-de-actividades\/","title":{"rendered":"Comisi\u00f3n Estatal de Derechos Humanos (CEDH) entreg\u00f3 su primer informe anual de actividades."},"content":{"rendered":"<p style=\"text-align: justify;\">SLP.- En sesi\u00f3n de trabajo, la comisi\u00f3n legislativa de Derechos Humanos, Igualdad y G\u00e9nero, recibi\u00f3 el Primer Informe de Actividades de la Comisi\u00f3n Estatal de Derechos Humanos por parte de su presidenta Giovanna Itzel Arg\u00fcelles Moreno.<\/p>\n<p style=\"text-align: justify;\">En la ceremonia de entrega se se\u00f1al\u00f3 que los derechos humanos son el instrumento necesario y \u00fatil para conocer y evaluar el grado de compromiso que tiene el Estado con los ciudadanos, y cumplir los ordenamientos internacionales de la propia Constituci\u00f3n y de las Leyes que nos rigen.<\/p>\n<p style=\"text-align: justify;\">Asimismo, la diputada Gabriela Mart\u00ednez L\u00e1rraga calific\u00f3 de lamentable el hecho de que las recomendaciones que emiten las instancias de derechos humanos, no tengan consecuencias jur\u00eddicas.<\/p>\n<p style=\"text-align: justify;\">Es por ello que record\u00f3 una iniciativa que present\u00f3 para que en la comisi\u00f3n legislativa de Derechos Humanos a su cargo se reciban tambi\u00e9n las quejas de la ciudadan\u00eda y posteriormente, desde el legislativo enviarlas a la Comisi\u00f3n Estatal.<\/p>\n<p style=\"text-align: justify;\">Por: Claudio Ibarra<\/p>\n","protected":false},"excerpt":{"rendered":"<p>SLP.- En sesi\u00f3n de trabajo, la comisi\u00f3n legislativa de Derechos Humanos, Igualdad y G\u00e9nero, recibi\u00f3 el Primer Informe de Actividades de la Comisi\u00f3n Estatal de Derechos Humanos por parte de su presidenta Giovanna Itzel Arg\u00fcelles Moreno. En la ceremonia de entrega se se\u00f1al\u00f3 que los derechos humanos son el instrumento necesario y \u00fatil para conocer y evaluar el grado de compromiso que tiene el Estado con los ciudadanos, y cumplir los ordenamientos internacionales de la propia Constituci\u00f3n y de las Leyes que nos rigen. Asimismo, la diputada Gabriela Mart\u00ednez L\u00e1rraga calific\u00f3 de lamentable el hecho de que las recomendaciones que [&hellip;]<\/p>\n","protected":false},"author":2,"featured_media":52213,"comment_status":"closed","ping_status":"closed","sticky":false,"template":"","format":"video","meta":{"footnotes":""},"categories":[3,5,45],"tags":[],"class_list":["post-52168","post","type-post","status-publish","format-video","has-post-thumbnail","hentry","category-congreso","category-destacadas","category-localesyregionales","post_format-post-format-video","post--single"],"yoast_head":"<!-- This site is optimized with the Yoast SEO plugin v27.4 - https:\/\/yoast.com\/product\/yoast-seo-wordpress\/ -->\n<title>Comisi\u00f3n Estatal de Derechos Humanos (CEDH) entreg\u00f3 su primer informe anual de actividades. - Canal 7 SLP - 2022<\/title>\n<meta name=\"robots\" content=\"index, follow, max-snippet:-1, max-image-preview:large, max-video-preview:-1\" \/>\n<link rel=\"canonical\" href=\"https:\/\/canal7slp.tv\/2022\/comision-estatal-de-derechos-humanos-cedh-entrego-su-primer-informe-anual-de-actividades\/\" \/>\n<meta property=\"og:locale\" content=\"es_ES\" \/>\n<meta property=\"og:type\" content=\"article\" \/>\n<meta property=\"og:title\" content=\"Comisi\u00f3n Estatal de Derechos Humanos (CEDH) entreg\u00f3 su primer informe anual de actividades. - Canal 7 SLP - 2022\" \/>\n<meta property=\"og:description\" content=\"SLP.- En sesi\u00f3n de trabajo, la comisi\u00f3n legislativa de Derechos Humanos, Igualdad y G\u00e9nero, recibi\u00f3 el Primer Informe de Actividades de la Comisi\u00f3n Estatal de Derechos Humanos por parte de su presidenta Giovanna Itzel Arg\u00fcelles Moreno. En la ceremonia de entrega se se\u00f1al\u00f3 que los derechos humanos son el instrumento necesario y \u00fatil para conocer y evaluar el grado de compromiso que tiene el Estado con los ciudadanos, y cumplir los ordenamientos internacionales de la propia Constituci\u00f3n y de las Leyes que nos rigen. Asimismo, la diputada Gabriela Mart\u00ednez L\u00e1rraga calific\u00f3 de lamentable el hecho de que las recomendaciones que [&hellip;]\" \/>\n<meta property=\"og:url\" content=\"https:\/\/canal7slp.tv\/2022\/comision-estatal-de-derechos-humanos-cedh-entrego-su-primer-informe-anual-de-actividades\/\" \/>\n<meta property=\"og:site_name\" content=\"Canal 7 SLP - 2022\" \/>\n<meta property=\"article:publisher\" content=\"https:\/\/www.facebook.com\/noticieroscanalsiete\" \/>\n<meta property=\"article:published_time\" content=\"2022-02-24T04:49:41+00:00\" \/>\n<meta property=\"og:image\" content=\"https:\/\/canal7slp.tv\/2022\/wp-content\/uploads\/2022\/02\/Claudio04Derechos.jpg\" \/>\n\t<meta property=\"og:image:width\" content=\"888\" \/>\n\t<meta property=\"og:image:height\" content=\"500\" \/>\n\t<meta property=\"og:image:type\" content=\"image\/jpeg\" \/>\n<meta name=\"author\" content=\"Edici\u00f3n Web\" \/>\n<meta name=\"twitter:card\" content=\"summary_large_image\" \/>\n<meta name=\"twitter:creator\" content=\"@NOTICIEROS7\" \/>\n<meta name=\"twitter:site\" content=\"@NOTICIEROS7\" \/>\n<meta name=\"twitter:label1\" content=\"Escrito por\" \/>\n\t<meta name=\"twitter:data1\" content=\"Edici\u00f3n Web\" \/>\n\t<meta name=\"twitter:label2\" content=\"Tiempo de lectura\" \/>\n\t<meta name=\"twitter:data2\" content=\"1 minuto\" \/>\n<script type=\"application\/ld+json\" class=\"yoast-schema-graph\">{\"@context\":\"https:\\\/\\\/schema.org\",\"@graph\":[{\"@type\":\"Article\",\"@id\":\"https:\\\/\\\/canal7slp.tv\\\/2022\\\/comision-estatal-de-derechos-humanos-cedh-entrego-su-primer-informe-anual-de-actividades\\\/#article\",\"isPartOf\":{\"@id\":\"https:\\\/\\\/canal7slp.tv\\\/2022\\\/comision-estatal-de-derechos-humanos-cedh-entrego-su-primer-informe-anual-de-actividades\\\/\"},\"author\":{\"name\":\"Edici\u00f3n Web\",\"@id\":\"https:\\\/\\\/canal7slp.tv\\\/2022\\\/#\\\/schema\\\/person\\\/429704152a21f5f856ce29aa69a238da\"},\"headline\":\"Comisi\u00f3n Estatal de Derechos Humanos (CEDH) entreg\u00f3 su primer informe anual de actividades.\",\"datePublished\":\"2022-02-24T04:49:41+00:00\",\"mainEntityOfPage\":{\"@id\":\"https:\\\/\\\/canal7slp.tv\\\/2022\\\/comision-estatal-de-derechos-humanos-cedh-entrego-su-primer-informe-anual-de-actividades\\\/\"},\"wordCount\":181,\"publisher\":{\"@id\":\"https:\\\/\\\/canal7slp.tv\\\/2022\\\/#organization\"},\"image\":{\"@id\":\"https:\\\/\\\/canal7slp.tv\\\/2022\\\/comision-estatal-de-derechos-humanos-cedh-entrego-su-primer-informe-anual-de-actividades\\\/#primaryimage\"},\"thumbnailUrl\":\"https:\\\/\\\/canal7slp.tv\\\/2022\\\/wp-content\\\/uploads\\\/2022\\\/02\\\/Claudio04Derechos.jpg\",\"articleSection\":[\"CONGRESO\",\"DESTACADAS\",\"LOCALES Y REGIONALES\"],\"inLanguage\":\"es\"},{\"@type\":\"WebPage\",\"@id\":\"https:\\\/\\\/canal7slp.tv\\\/2022\\\/comision-estatal-de-derechos-humanos-cedh-entrego-su-primer-informe-anual-de-actividades\\\/\",\"url\":\"https:\\\/\\\/canal7slp.tv\\\/2022\\\/comision-estatal-de-derechos-humanos-cedh-entrego-su-primer-informe-anual-de-actividades\\\/\",\"name\":\"Comisi\u00f3n Estatal de Derechos Humanos (CEDH) entreg\u00f3 su primer informe anual de actividades. - Canal 7 SLP - 2022\",\"isPartOf\":{\"@id\":\"https:\\\/\\\/canal7slp.tv\\\/2022\\\/#website\"},\"primaryImageOfPage\":{\"@id\":\"https:\\\/\\\/canal7slp.tv\\\/2022\\\/comision-estatal-de-derechos-humanos-cedh-entrego-su-primer-informe-anual-de-actividades\\\/#primaryimage\"},\"image\":{\"@id\":\"https:\\\/\\\/canal7slp.tv\\\/2022\\\/comision-estatal-de-derechos-humanos-cedh-entrego-su-primer-informe-anual-de-actividades\\\/#primaryimage\"},\"thumbnailUrl\":\"https:\\\/\\\/canal7slp.tv\\\/2022\\\/wp-content\\\/uploads\\\/2022\\\/02\\\/Claudio04Derechos.jpg\",\"datePublished\":\"2022-02-24T04:49:41+00:00\",\"breadcrumb\":{\"@id\":\"https:\\\/\\\/canal7slp.tv\\\/2022\\\/comision-estatal-de-derechos-humanos-cedh-entrego-su-primer-informe-anual-de-actividades\\\/#breadcrumb\"},\"inLanguage\":\"es\",\"potentialAction\":[{\"@type\":\"ReadAction\",\"target\":[\"https:\\\/\\\/canal7slp.tv\\\/2022\\\/comision-estatal-de-derechos-humanos-cedh-entrego-su-primer-informe-anual-de-actividades\\\/\"]}]},{\"@type\":\"ImageObject\",\"inLanguage\":\"es\",\"@id\":\"https:\\\/\\\/canal7slp.tv\\\/2022\\\/comision-estatal-de-derechos-humanos-cedh-entrego-su-primer-informe-anual-de-actividades\\\/#primaryimage\",\"url\":\"https:\\\/\\\/canal7slp.tv\\\/2022\\\/wp-content\\\/uploads\\\/2022\\\/02\\\/Claudio04Derechos.jpg\",\"contentUrl\":\"https:\\\/\\\/canal7slp.tv\\\/2022\\\/wp-content\\\/uploads\\\/2022\\\/02\\\/Claudio04Derechos.jpg\",\"width\":888,\"height\":500},{\"@type\":\"BreadcrumbList\",\"@id\":\"https:\\\/\\\/canal7slp.tv\\\/2022\\\/comision-estatal-de-derechos-humanos-cedh-entrego-su-primer-informe-anual-de-actividades\\\/#breadcrumb\",\"itemListElement\":[{\"@type\":\"ListItem\",\"position\":1,\"name\":\"Portada\",\"item\":\"https:\\\/\\\/canal7slp.tv\\\/2022\\\/\"},{\"@type\":\"ListItem\",\"position\":2,\"name\":\"Comisi\u00f3n Estatal de Derechos Humanos (CEDH) entreg\u00f3 su primer informe anual de actividades.\"}]},{\"@type\":\"WebSite\",\"@id\":\"https:\\\/\\\/canal7slp.tv\\\/2022\\\/#website\",\"url\":\"https:\\\/\\\/canal7slp.tv\\\/2022\\\/\",\"name\":\"N7 - Noticieros Canal 7\",\"description\":\"Somos Televisi\u00f3n\",\"publisher\":{\"@id\":\"https:\\\/\\\/canal7slp.tv\\\/2022\\\/#organization\"},\"potentialAction\":[{\"@type\":\"SearchAction\",\"target\":{\"@type\":\"EntryPoint\",\"urlTemplate\":\"https:\\\/\\\/canal7slp.tv\\\/2022\\\/?s={search_term_string}\"},\"query-input\":{\"@type\":\"PropertyValueSpecification\",\"valueRequired\":true,\"valueName\":\"search_term_string\"}}],\"inLanguage\":\"es\"},{\"@type\":\"Organization\",\"@id\":\"https:\\\/\\\/canal7slp.tv\\\/2022\\\/#organization\",\"name\":\"Noticieros Canal 7\",\"url\":\"https:\\\/\\\/canal7slp.tv\\\/2022\\\/\",\"logo\":{\"@type\":\"ImageObject\",\"inLanguage\":\"es\",\"@id\":\"https:\\\/\\\/canal7slp.tv\\\/2022\\\/#\\\/schema\\\/logo\\\/image\\\/\",\"url\":\"https:\\\/\\\/canal7slp.tv\\\/2022\\\/wp-content\\\/uploads\\\/2021\\\/01\\\/logo-noticieros@2x.png\",\"contentUrl\":\"https:\\\/\\\/canal7slp.tv\\\/2022\\\/wp-content\\\/uploads\\\/2021\\\/01\\\/logo-noticieros@2x.png\",\"width\":1017,\"height\":268,\"caption\":\"Noticieros Canal 7\"},\"image\":{\"@id\":\"https:\\\/\\\/canal7slp.tv\\\/2022\\\/#\\\/schema\\\/logo\\\/image\\\/\"},\"sameAs\":[\"https:\\\/\\\/www.facebook.com\\\/noticieroscanalsiete\",\"https:\\\/\\\/x.com\\\/NOTICIEROS7\",\"https:\\\/\\\/www.instagram.com\\\/canal7_slp\",\"https:\\\/\\\/www.youtube.com\\\/channel\\\/UCliiYs-gP3JfJeqdPrNdd5A\"]},{\"@type\":\"Person\",\"@id\":\"https:\\\/\\\/canal7slp.tv\\\/2022\\\/#\\\/schema\\\/person\\\/429704152a21f5f856ce29aa69a238da\",\"name\":\"Edici\u00f3n Web\",\"image\":{\"@type\":\"ImageObject\",\"inLanguage\":\"es\",\"@id\":\"https:\\\/\\\/secure.gravatar.com\\\/avatar\\\/eee448fc3f7164808013b816ba91ac7e43bbe82a70bebac296f8bc6f0addaa1a?s=96&d=mm&r=g\",\"url\":\"https:\\\/\\\/secure.gravatar.com\\\/avatar\\\/eee448fc3f7164808013b816ba91ac7e43bbe82a70bebac296f8bc6f0addaa1a?s=96&d=mm&r=g\",\"contentUrl\":\"https:\\\/\\\/secure.gravatar.com\\\/avatar\\\/eee448fc3f7164808013b816ba91ac7e43bbe82a70bebac296f8bc6f0addaa1a?s=96&d=mm&r=g\",\"caption\":\"Edici\u00f3n Web\"},\"url\":\"https:\\\/\\\/canal7slp.tv\\\/2022\\\/author\\\/edicionweb\\\/\"}]}<\/script>\n<!-- \/ Yoast SEO plugin. -->","yoast_head_json":{"title":"Comisi\u00f3n Estatal de Derechos Humanos (CEDH) entreg\u00f3 su primer informe anual de actividades. - Canal 7 SLP - 2022","robots":{"index":"index","follow":"follow","max-snippet":"max-snippet:-1","max-image-preview":"max-image-preview:large","max-video-preview":"max-video-preview:-1"},"canonical":"https:\/\/canal7slp.tv\/2022\/comision-estatal-de-derechos-humanos-cedh-entrego-su-primer-informe-anual-de-actividades\/","og_locale":"es_ES","og_type":"article","og_title":"Comisi\u00f3n Estatal de Derechos Humanos (CEDH) entreg\u00f3 su primer informe anual de actividades. - Canal 7 SLP - 2022","og_description":"SLP.- En sesi\u00f3n de trabajo, la comisi\u00f3n legislativa de Derechos Humanos, Igualdad y G\u00e9nero, recibi\u00f3 el Primer Informe de Actividades de la Comisi\u00f3n Estatal de Derechos Humanos por parte de su presidenta Giovanna Itzel Arg\u00fcelles Moreno. En la ceremonia de entrega se se\u00f1al\u00f3 que los derechos humanos son el instrumento necesario y \u00fatil para conocer y evaluar el grado de compromiso que tiene el Estado con los ciudadanos, y cumplir los ordenamientos internacionales de la propia Constituci\u00f3n y de las Leyes que nos rigen. Asimismo, la diputada Gabriela Mart\u00ednez L\u00e1rraga calific\u00f3 de lamentable el hecho de que las recomendaciones que [&hellip;]","og_url":"https:\/\/canal7slp.tv\/2022\/comision-estatal-de-derechos-humanos-cedh-entrego-su-primer-informe-anual-de-actividades\/","og_site_name":"Canal 7 SLP - 2022","article_publisher":"https:\/\/www.facebook.com\/noticieroscanalsiete","article_published_time":"2022-02-24T04:49:41+00:00","og_image":[{"width":888,"height":500,"url":"https:\/\/canal7slp.tv\/2022\/wp-content\/uploads\/2022\/02\/Claudio04Derechos.jpg","type":"image\/jpeg"}],"author":"Edici\u00f3n Web","twitter_card":"summary_large_image","twitter_creator":"@NOTICIEROS7","twitter_site":"@NOTICIEROS7","twitter_misc":{"Escrito por":"Edici\u00f3n Web","Tiempo de lectura":"1 minuto"},"schema":{"@context":"https:\/\/schema.org","@graph":[{"@type":"Article","@id":"https:\/\/canal7slp.tv\/2022\/comision-estatal-de-derechos-humanos-cedh-entrego-su-primer-informe-anual-de-actividades\/#article","isPartOf":{"@id":"https:\/\/canal7slp.tv\/2022\/comision-estatal-de-derechos-humanos-cedh-entrego-su-primer-informe-anual-de-actividades\/"},"author":{"name":"Edici\u00f3n Web","@id":"https:\/\/canal7slp.tv\/2022\/#\/schema\/person\/429704152a21f5f856ce29aa69a238da"},"headline":"Comisi\u00f3n Estatal de Derechos Humanos (CEDH) entreg\u00f3 su primer informe anual de actividades.","datePublished":"2022-02-24T04:49:41+00:00","mainEntityOfPage":{"@id":"https:\/\/canal7slp.tv\/2022\/comision-estatal-de-derechos-humanos-cedh-entrego-su-primer-informe-anual-de-actividades\/"},"wordCount":181,"publisher":{"@id":"https:\/\/canal7slp.tv\/2022\/#organization"},"image":{"@id":"https:\/\/canal7slp.tv\/2022\/comision-estatal-de-derechos-humanos-cedh-entrego-su-primer-informe-anual-de-actividades\/#primaryimage"},"thumbnailUrl":"https:\/\/canal7slp.tv\/2022\/wp-content\/uploads\/2022\/02\/Claudio04Derechos.jpg","articleSection":["CONGRESO","DESTACADAS","LOCALES Y REGIONALES"],"inLanguage":"es"},{"@type":"WebPage","@id":"https:\/\/canal7slp.tv\/2022\/comision-estatal-de-derechos-humanos-cedh-entrego-su-primer-informe-anual-de-actividades\/","url":"https:\/\/canal7slp.tv\/2022\/comision-estatal-de-derechos-humanos-cedh-entrego-su-primer-informe-anual-de-actividades\/","name":"Comisi\u00f3n Estatal de Derechos Humanos (CEDH) entreg\u00f3 su primer informe anual de actividades. - Canal 7 SLP - 2022","isPartOf":{"@id":"https:\/\/canal7slp.tv\/2022\/#website"},"primaryImageOfPage":{"@id":"https:\/\/canal7slp.tv\/2022\/comision-estatal-de-derechos-humanos-cedh-entrego-su-primer-informe-anual-de-actividades\/#primaryimage"},"image":{"@id":"https:\/\/canal7slp.tv\/2022\/comision-estatal-de-derechos-humanos-cedh-entrego-su-primer-informe-anual-de-actividades\/#primaryimage"},"thumbnailUrl":"https:\/\/canal7slp.tv\/2022\/wp-content\/uploads\/2022\/02\/Claudio04Derechos.jpg","datePublished":"2022-02-24T04:49:41+00:00","breadcrumb":{"@id":"https:\/\/canal7slp.tv\/2022\/comision-estatal-de-derechos-humanos-cedh-entrego-su-primer-informe-anual-de-actividades\/#breadcrumb"},"inLanguage":"es","potentialAction":[{"@type":"ReadAction","target":["https:\/\/canal7slp.tv\/2022\/comision-estatal-de-derechos-humanos-cedh-entrego-su-primer-informe-anual-de-actividades\/"]}]},{"@type":"ImageObject","inLanguage":"es","@id":"https:\/\/canal7slp.tv\/2022\/comision-estatal-de-derechos-humanos-cedh-entrego-su-primer-informe-anual-de-actividades\/#primaryimage","url":"https:\/\/canal7slp.tv\/2022\/wp-content\/uploads\/2022\/02\/Claudio04Derechos.jpg","contentUrl":"https:\/\/canal7slp.tv\/2022\/wp-content\/uploads\/2022\/02\/Claudio04Derechos.jpg","width":888,"height":500},{"@type":"BreadcrumbList","@id":"https:\/\/canal7slp.tv\/2022\/comision-estatal-de-derechos-humanos-cedh-entrego-su-primer-informe-anual-de-actividades\/#breadcrumb","itemListElement":[{"@type":"ListItem","position":1,"name":"Portada","item":"https:\/\/canal7slp.tv\/2022\/"},{"@type":"ListItem","position":2,"name":"Comisi\u00f3n Estatal de Derechos Humanos (CEDH) entreg\u00f3 su primer informe anual de actividades."}]},{"@type":"WebSite","@id":"https:\/\/canal7slp.tv\/2022\/#website","url":"https:\/\/canal7slp.tv\/2022\/","name":"N7 - Noticieros Canal 7","description":"Somos Televisi\u00f3n","publisher":{"@id":"https:\/\/canal7slp.tv\/2022\/#organization"},"potentialAction":[{"@type":"SearchAction","target":{"@type":"EntryPoint","urlTemplate":"https:\/\/canal7slp.tv\/2022\/?s={search_term_string}"},"query-input":{"@type":"PropertyValueSpecification","valueRequired":true,"valueName":"search_term_string"}}],"inLanguage":"es"},{"@type":"Organization","@id":"https:\/\/canal7slp.tv\/2022\/#organization","name":"Noticieros Canal 7","url":"https:\/\/canal7slp.tv\/2022\/","logo":{"@type":"ImageObject","inLanguage":"es","@id":"https:\/\/canal7slp.tv\/2022\/#\/schema\/logo\/image\/","url":"https:\/\/canal7slp.tv\/2022\/wp-content\/uploads\/2021\/01\/logo-noticieros@2x.png","contentUrl":"https:\/\/canal7slp.tv\/2022\/wp-content\/uploads\/2021\/01\/logo-noticieros@2x.png","width":1017,"height":268,"caption":"Noticieros Canal 7"},"image":{"@id":"https:\/\/canal7slp.tv\/2022\/#\/schema\/logo\/image\/"},"sameAs":["https:\/\/www.facebook.com\/noticieroscanalsiete","https:\/\/x.com\/NOTICIEROS7","https:\/\/www.instagram.com\/canal7_slp","https:\/\/www.youtube.com\/channel\/UCliiYs-gP3JfJeqdPrNdd5A"]},{"@type":"Person","@id":"https:\/\/canal7slp.tv\/2022\/#\/schema\/person\/429704152a21f5f856ce29aa69a238da","name":"Edici\u00f3n Web","image":{"@type":"ImageObject","inLanguage":"es","@id":"https:\/\/secure.gravatar.com\/avatar\/eee448fc3f7164808013b816ba91ac7e43bbe82a70bebac296f8bc6f0addaa1a?s=96&d=mm&r=g","url":"https:\/\/secure.gravatar.com\/avatar\/eee448fc3f7164808013b816ba91ac7e43bbe82a70bebac296f8bc6f0addaa1a?s=96&d=mm&r=g","contentUrl":"https:\/\/secure.gravatar.com\/avatar\/eee448fc3f7164808013b816ba91ac7e43bbe82a70bebac296f8bc6f0addaa1a?s=96&d=mm&r=g","caption":"Edici\u00f3n Web"},"url":"https:\/\/canal7slp.tv\/2022\/author\/edicionweb\/"}]}},"amp_enabled":true,"_links":{"self":[{"href":"https:\/\/canal7slp.tv\/2022\/wp-json\/wp\/v2\/posts\/52168","targetHints":{"allow":["GET"]}}],"collection":[{"href":"https:\/\/canal7slp.tv\/2022\/wp-json\/wp\/v2\/posts"}],"about":[{"href":"https:\/\/canal7slp.tv\/2022\/wp-json\/wp\/v2\/types\/post"}],"author":[{"embeddable":true,"href":"https:\/\/canal7slp.tv\/2022\/wp-json\/wp\/v2\/users\/2"}],"replies":[{"embeddable":true,"href":"https:\/\/canal7slp.tv\/2022\/wp-json\/wp\/v2\/comments?post=52168"}],"version-history":[{"count":3,"href":"https:\/\/canal7slp.tv\/2022\/wp-json\/wp\/v2\/posts\/52168\/revisions"}],"predecessor-version":[{"id":52214,"href":"https:\/\/canal7slp.tv\/2022\/wp-json\/wp\/v2\/posts\/52168\/revisions\/52214"}],"wp:featuredmedia":[{"embeddable":true,"href":"https:\/\/canal7slp.tv\/2022\/wp-json\/wp\/v2\/media\/52213"}],"wp:attachment":[{"href":"https:\/\/canal7slp.tv\/2022\/wp-json\/wp\/v2\/media?parent=52168"}],"wp:term":[{"taxonomy":"category","embeddable":true,"href":"https:\/\/canal7slp.tv\/2022\/wp-json\/wp\/v2\/categories?post=52168"},{"taxonomy":"post_tag","embeddable":true,"href":"https:\/\/canal7slp.tv\/2022\/wp-json\/wp\/v2\/tags?post=52168"}],"curies":[{"name":"wp","href":"https:\/\/api.w.org\/{rel}","templated":true}]}}