{"id":52167,"date":"2022-02-23T22:44:45","date_gmt":"2022-02-24T04:44:45","guid":{"rendered":"https:\/\/canal7slp.tv\/2022\/?p=52167"},"modified":"2022-02-23T22:44:45","modified_gmt":"2022-02-24T04:44:45","slug":"fgeslp-encabeza-quejas-por-violaciones-a-derechos-humanos-reporta-cedh","status":"publish","type":"post","link":"https:\/\/canal7slp.tv\/2022\/fgeslp-encabeza-quejas-por-violaciones-a-derechos-humanos-reporta-cedh\/","title":{"rendered":"FGESLP encabeza quejas por violaciones a derechos humanos, reporta CEDH."},"content":{"rendered":"<p style=\"text-align: justify;\">SLP.- Entrevistada antes de entregar su Informe Anual de Actividades ante el Congreso del Estado la presidenta de la Comisi\u00f3n Estatal de Derechos Humanos Giovanna Itzel Arg\u00fcelles Moreno, afirm\u00f3 que la Fiscal\u00eda General del Estado, fue la instancia con m\u00e1s recomendaciones emitidas durante el 2021 por parte de la ciudadan\u00eda.<\/p>\n<p style=\"text-align: justify;\">Dijo adem\u00e1s que las corporaciones de seguridad p\u00fablica son tambi\u00e9n las m\u00e1s se\u00f1aladas as\u00ed como las instancias educativas de la Secretar\u00eda de Educaci\u00f3n P\u00fablica del Gobierno del Estado.<\/p>\n<p style=\"text-align: justify;\">La presidenta de la Comisi\u00f3n Estatal de Derechos Humanos dijo tambi\u00e9n que se trabaja en una nueva ley en la materia y que en el periodo de los poco m\u00e1s de 10 meses que lleva en en el cargo, se han realizado 322 acciones entre atenci\u00f3n de quejas, canalizaciones y orientaciones.<\/p>\n<p style=\"text-align: justify;\">La funcionaria toc\u00f3 tambi\u00e9n el tema de agresiones a periodistas al decir que en cifras locales se est\u00e1n conjuntando datos a trav\u00e9s del Mecanismo de Protecci\u00f3n a Periodistas y que dijo, en fecha pr\u00f3xima se dar\u00e1 a conocer un informe detallado.<\/p>\n<p style=\"text-align: justify;\">Por: Claudio Ibarra<\/p>\n","protected":false},"excerpt":{"rendered":"<p>SLP.- Entrevistada antes de entregar su Informe Anual de Actividades ante el Congreso del Estado la presidenta de la Comisi\u00f3n Estatal de Derechos Humanos Giovanna Itzel Arg\u00fcelles Moreno, afirm\u00f3 que la Fiscal\u00eda General del Estado, fue la instancia con m\u00e1s recomendaciones emitidas durante el 2021 por parte de la ciudadan\u00eda. Dijo adem\u00e1s que las corporaciones de seguridad p\u00fablica son tambi\u00e9n las m\u00e1s se\u00f1aladas as\u00ed como las instancias educativas de la Secretar\u00eda de Educaci\u00f3n P\u00fablica del Gobierno del Estado. La presidenta de la Comisi\u00f3n Estatal de Derechos Humanos dijo tambi\u00e9n que se trabaja en una nueva ley en la materia y [&hellip;]<\/p>\n","protected":false},"author":2,"featured_media":52211,"comment_status":"closed","ping_status":"closed","sticky":false,"template":"","format":"video","meta":{"footnotes":""},"categories":[3,5,45],"tags":[],"class_list":["post-52167","post","type-post","status-publish","format-video","has-post-thumbnail","hentry","category-congreso","category-destacadas","category-localesyregionales","post_format-post-format-video","post--single"],"yoast_head":"<!-- This site is optimized with the Yoast SEO plugin v27.4 - https:\/\/yoast.com\/product\/yoast-seo-wordpress\/ -->\n<title>FGESLP encabeza quejas por violaciones a derechos humanos, reporta CEDH. - Canal 7 SLP - 2022<\/title>\n<meta name=\"robots\" content=\"index, follow, max-snippet:-1, max-image-preview:large, max-video-preview:-1\" \/>\n<link rel=\"canonical\" href=\"https:\/\/canal7slp.tv\/2022\/fgeslp-encabeza-quejas-por-violaciones-a-derechos-humanos-reporta-cedh\/\" \/>\n<meta property=\"og:locale\" content=\"es_ES\" \/>\n<meta property=\"og:type\" content=\"article\" \/>\n<meta property=\"og:title\" content=\"FGESLP encabeza quejas por violaciones a derechos humanos, reporta CEDH. - Canal 7 SLP - 2022\" \/>\n<meta property=\"og:description\" content=\"SLP.- Entrevistada antes de entregar su Informe Anual de Actividades ante el Congreso del Estado la presidenta de la Comisi\u00f3n Estatal de Derechos Humanos Giovanna Itzel Arg\u00fcelles Moreno, afirm\u00f3 que la Fiscal\u00eda General del Estado, fue la instancia con m\u00e1s recomendaciones emitidas durante el 2021 por parte de la ciudadan\u00eda. Dijo adem\u00e1s que las corporaciones de seguridad p\u00fablica son tambi\u00e9n las m\u00e1s se\u00f1aladas as\u00ed como las instancias educativas de la Secretar\u00eda de Educaci\u00f3n P\u00fablica del Gobierno del Estado. La presidenta de la Comisi\u00f3n Estatal de Derechos Humanos dijo tambi\u00e9n que se trabaja en una nueva ley en la materia y [&hellip;]\" \/>\n<meta property=\"og:url\" content=\"https:\/\/canal7slp.tv\/2022\/fgeslp-encabeza-quejas-por-violaciones-a-derechos-humanos-reporta-cedh\/\" \/>\n<meta property=\"og:site_name\" content=\"Canal 7 SLP - 2022\" \/>\n<meta property=\"article:publisher\" content=\"https:\/\/www.facebook.com\/noticieroscanalsiete\" \/>\n<meta property=\"article:published_time\" content=\"2022-02-24T04:44:45+00:00\" \/>\n<meta property=\"og:image\" content=\"https:\/\/canal7slp.tv\/2022\/wp-content\/uploads\/2022\/02\/Claudio03Presidenta.jpg\" \/>\n\t<meta property=\"og:image:width\" content=\"888\" \/>\n\t<meta property=\"og:image:height\" content=\"500\" \/>\n\t<meta property=\"og:image:type\" content=\"image\/jpeg\" \/>\n<meta name=\"author\" content=\"Edici\u00f3n Web\" \/>\n<meta name=\"twitter:card\" content=\"summary_large_image\" \/>\n<meta name=\"twitter:creator\" content=\"@NOTICIEROS7\" \/>\n<meta name=\"twitter:site\" content=\"@NOTICIEROS7\" \/>\n<meta name=\"twitter:label1\" content=\"Escrito por\" \/>\n\t<meta name=\"twitter:data1\" content=\"Edici\u00f3n Web\" \/>\n\t<meta name=\"twitter:label2\" content=\"Tiempo de lectura\" \/>\n\t<meta name=\"twitter:data2\" content=\"1 minuto\" \/>\n<script type=\"application\/ld+json\" class=\"yoast-schema-graph\">{\"@context\":\"https:\\\/\\\/schema.org\",\"@graph\":[{\"@type\":\"Article\",\"@id\":\"https:\\\/\\\/canal7slp.tv\\\/2022\\\/fgeslp-encabeza-quejas-por-violaciones-a-derechos-humanos-reporta-cedh\\\/#article\",\"isPartOf\":{\"@id\":\"https:\\\/\\\/canal7slp.tv\\\/2022\\\/fgeslp-encabeza-quejas-por-violaciones-a-derechos-humanos-reporta-cedh\\\/\"},\"author\":{\"name\":\"Edici\u00f3n Web\",\"@id\":\"https:\\\/\\\/canal7slp.tv\\\/2022\\\/#\\\/schema\\\/person\\\/429704152a21f5f856ce29aa69a238da\"},\"headline\":\"FGESLP encabeza quejas por violaciones a derechos humanos, reporta CEDH.\",\"datePublished\":\"2022-02-24T04:44:45+00:00\",\"mainEntityOfPage\":{\"@id\":\"https:\\\/\\\/canal7slp.tv\\\/2022\\\/fgeslp-encabeza-quejas-por-violaciones-a-derechos-humanos-reporta-cedh\\\/\"},\"wordCount\":203,\"publisher\":{\"@id\":\"https:\\\/\\\/canal7slp.tv\\\/2022\\\/#organization\"},\"image\":{\"@id\":\"https:\\\/\\\/canal7slp.tv\\\/2022\\\/fgeslp-encabeza-quejas-por-violaciones-a-derechos-humanos-reporta-cedh\\\/#primaryimage\"},\"thumbnailUrl\":\"https:\\\/\\\/canal7slp.tv\\\/2022\\\/wp-content\\\/uploads\\\/2022\\\/02\\\/Claudio03Presidenta.jpg\",\"articleSection\":[\"CONGRESO\",\"DESTACADAS\",\"LOCALES Y REGIONALES\"],\"inLanguage\":\"es\"},{\"@type\":\"WebPage\",\"@id\":\"https:\\\/\\\/canal7slp.tv\\\/2022\\\/fgeslp-encabeza-quejas-por-violaciones-a-derechos-humanos-reporta-cedh\\\/\",\"url\":\"https:\\\/\\\/canal7slp.tv\\\/2022\\\/fgeslp-encabeza-quejas-por-violaciones-a-derechos-humanos-reporta-cedh\\\/\",\"name\":\"FGESLP encabeza quejas por violaciones a derechos humanos, reporta CEDH. - Canal 7 SLP - 2022\",\"isPartOf\":{\"@id\":\"https:\\\/\\\/canal7slp.tv\\\/2022\\\/#website\"},\"primaryImageOfPage\":{\"@id\":\"https:\\\/\\\/canal7slp.tv\\\/2022\\\/fgeslp-encabeza-quejas-por-violaciones-a-derechos-humanos-reporta-cedh\\\/#primaryimage\"},\"image\":{\"@id\":\"https:\\\/\\\/canal7slp.tv\\\/2022\\\/fgeslp-encabeza-quejas-por-violaciones-a-derechos-humanos-reporta-cedh\\\/#primaryimage\"},\"thumbnailUrl\":\"https:\\\/\\\/canal7slp.tv\\\/2022\\\/wp-content\\\/uploads\\\/2022\\\/02\\\/Claudio03Presidenta.jpg\",\"datePublished\":\"2022-02-24T04:44:45+00:00\",\"breadcrumb\":{\"@id\":\"https:\\\/\\\/canal7slp.tv\\\/2022\\\/fgeslp-encabeza-quejas-por-violaciones-a-derechos-humanos-reporta-cedh\\\/#breadcrumb\"},\"inLanguage\":\"es\",\"potentialAction\":[{\"@type\":\"ReadAction\",\"target\":[\"https:\\\/\\\/canal7slp.tv\\\/2022\\\/fgeslp-encabeza-quejas-por-violaciones-a-derechos-humanos-reporta-cedh\\\/\"]}]},{\"@type\":\"ImageObject\",\"inLanguage\":\"es\",\"@id\":\"https:\\\/\\\/canal7slp.tv\\\/2022\\\/fgeslp-encabeza-quejas-por-violaciones-a-derechos-humanos-reporta-cedh\\\/#primaryimage\",\"url\":\"https:\\\/\\\/canal7slp.tv\\\/2022\\\/wp-content\\\/uploads\\\/2022\\\/02\\\/Claudio03Presidenta.jpg\",\"contentUrl\":\"https:\\\/\\\/canal7slp.tv\\\/2022\\\/wp-content\\\/uploads\\\/2022\\\/02\\\/Claudio03Presidenta.jpg\",\"width\":888,\"height\":500},{\"@type\":\"BreadcrumbList\",\"@id\":\"https:\\\/\\\/canal7slp.tv\\\/2022\\\/fgeslp-encabeza-quejas-por-violaciones-a-derechos-humanos-reporta-cedh\\\/#breadcrumb\",\"itemListElement\":[{\"@type\":\"ListItem\",\"position\":1,\"name\":\"Portada\",\"item\":\"https:\\\/\\\/canal7slp.tv\\\/2022\\\/\"},{\"@type\":\"ListItem\",\"position\":2,\"name\":\"FGESLP encabeza quejas por violaciones a derechos humanos, reporta CEDH.\"}]},{\"@type\":\"WebSite\",\"@id\":\"https:\\\/\\\/canal7slp.tv\\\/2022\\\/#website\",\"url\":\"https:\\\/\\\/canal7slp.tv\\\/2022\\\/\",\"name\":\"N7 - Noticieros Canal 7\",\"description\":\"Somos Televisi\u00f3n\",\"publisher\":{\"@id\":\"https:\\\/\\\/canal7slp.tv\\\/2022\\\/#organization\"},\"potentialAction\":[{\"@type\":\"SearchAction\",\"target\":{\"@type\":\"EntryPoint\",\"urlTemplate\":\"https:\\\/\\\/canal7slp.tv\\\/2022\\\/?s={search_term_string}\"},\"query-input\":{\"@type\":\"PropertyValueSpecification\",\"valueRequired\":true,\"valueName\":\"search_term_string\"}}],\"inLanguage\":\"es\"},{\"@type\":\"Organization\",\"@id\":\"https:\\\/\\\/canal7slp.tv\\\/2022\\\/#organization\",\"name\":\"Noticieros Canal 7\",\"url\":\"https:\\\/\\\/canal7slp.tv\\\/2022\\\/\",\"logo\":{\"@type\":\"ImageObject\",\"inLanguage\":\"es\",\"@id\":\"https:\\\/\\\/canal7slp.tv\\\/2022\\\/#\\\/schema\\\/logo\\\/image\\\/\",\"url\":\"https:\\\/\\\/canal7slp.tv\\\/2022\\\/wp-content\\\/uploads\\\/2021\\\/01\\\/logo-noticieros@2x.png\",\"contentUrl\":\"https:\\\/\\\/canal7slp.tv\\\/2022\\\/wp-content\\\/uploads\\\/2021\\\/01\\\/logo-noticieros@2x.png\",\"width\":1017,\"height\":268,\"caption\":\"Noticieros Canal 7\"},\"image\":{\"@id\":\"https:\\\/\\\/canal7slp.tv\\\/2022\\\/#\\\/schema\\\/logo\\\/image\\\/\"},\"sameAs\":[\"https:\\\/\\\/www.facebook.com\\\/noticieroscanalsiete\",\"https:\\\/\\\/x.com\\\/NOTICIEROS7\",\"https:\\\/\\\/www.instagram.com\\\/canal7_slp\",\"https:\\\/\\\/www.youtube.com\\\/channel\\\/UCliiYs-gP3JfJeqdPrNdd5A\"]},{\"@type\":\"Person\",\"@id\":\"https:\\\/\\\/canal7slp.tv\\\/2022\\\/#\\\/schema\\\/person\\\/429704152a21f5f856ce29aa69a238da\",\"name\":\"Edici\u00f3n Web\",\"image\":{\"@type\":\"ImageObject\",\"inLanguage\":\"es\",\"@id\":\"https:\\\/\\\/secure.gravatar.com\\\/avatar\\\/eee448fc3f7164808013b816ba91ac7e43bbe82a70bebac296f8bc6f0addaa1a?s=96&d=mm&r=g\",\"url\":\"https:\\\/\\\/secure.gravatar.com\\\/avatar\\\/eee448fc3f7164808013b816ba91ac7e43bbe82a70bebac296f8bc6f0addaa1a?s=96&d=mm&r=g\",\"contentUrl\":\"https:\\\/\\\/secure.gravatar.com\\\/avatar\\\/eee448fc3f7164808013b816ba91ac7e43bbe82a70bebac296f8bc6f0addaa1a?s=96&d=mm&r=g\",\"caption\":\"Edici\u00f3n Web\"},\"url\":\"https:\\\/\\\/canal7slp.tv\\\/2022\\\/author\\\/edicionweb\\\/\"}]}<\/script>\n<!-- \/ Yoast SEO plugin. -->","yoast_head_json":{"title":"FGESLP encabeza quejas por violaciones a derechos humanos, reporta CEDH. - Canal 7 SLP - 2022","robots":{"index":"index","follow":"follow","max-snippet":"max-snippet:-1","max-image-preview":"max-image-preview:large","max-video-preview":"max-video-preview:-1"},"canonical":"https:\/\/canal7slp.tv\/2022\/fgeslp-encabeza-quejas-por-violaciones-a-derechos-humanos-reporta-cedh\/","og_locale":"es_ES","og_type":"article","og_title":"FGESLP encabeza quejas por violaciones a derechos humanos, reporta CEDH. - Canal 7 SLP - 2022","og_description":"SLP.- Entrevistada antes de entregar su Informe Anual de Actividades ante el Congreso del Estado la presidenta de la Comisi\u00f3n Estatal de Derechos Humanos Giovanna Itzel Arg\u00fcelles Moreno, afirm\u00f3 que la Fiscal\u00eda General del Estado, fue la instancia con m\u00e1s recomendaciones emitidas durante el 2021 por parte de la ciudadan\u00eda. Dijo adem\u00e1s que las corporaciones de seguridad p\u00fablica son tambi\u00e9n las m\u00e1s se\u00f1aladas as\u00ed como las instancias educativas de la Secretar\u00eda de Educaci\u00f3n P\u00fablica del Gobierno del Estado. La presidenta de la Comisi\u00f3n Estatal de Derechos Humanos dijo tambi\u00e9n que se trabaja en una nueva ley en la materia y [&hellip;]","og_url":"https:\/\/canal7slp.tv\/2022\/fgeslp-encabeza-quejas-por-violaciones-a-derechos-humanos-reporta-cedh\/","og_site_name":"Canal 7 SLP - 2022","article_publisher":"https:\/\/www.facebook.com\/noticieroscanalsiete","article_published_time":"2022-02-24T04:44:45+00:00","og_image":[{"width":888,"height":500,"url":"https:\/\/canal7slp.tv\/2022\/wp-content\/uploads\/2022\/02\/Claudio03Presidenta.jpg","type":"image\/jpeg"}],"author":"Edici\u00f3n Web","twitter_card":"summary_large_image","twitter_creator":"@NOTICIEROS7","twitter_site":"@NOTICIEROS7","twitter_misc":{"Escrito por":"Edici\u00f3n Web","Tiempo de lectura":"1 minuto"},"schema":{"@context":"https:\/\/schema.org","@graph":[{"@type":"Article","@id":"https:\/\/canal7slp.tv\/2022\/fgeslp-encabeza-quejas-por-violaciones-a-derechos-humanos-reporta-cedh\/#article","isPartOf":{"@id":"https:\/\/canal7slp.tv\/2022\/fgeslp-encabeza-quejas-por-violaciones-a-derechos-humanos-reporta-cedh\/"},"author":{"name":"Edici\u00f3n Web","@id":"https:\/\/canal7slp.tv\/2022\/#\/schema\/person\/429704152a21f5f856ce29aa69a238da"},"headline":"FGESLP encabeza quejas por violaciones a derechos humanos, reporta CEDH.","datePublished":"2022-02-24T04:44:45+00:00","mainEntityOfPage":{"@id":"https:\/\/canal7slp.tv\/2022\/fgeslp-encabeza-quejas-por-violaciones-a-derechos-humanos-reporta-cedh\/"},"wordCount":203,"publisher":{"@id":"https:\/\/canal7slp.tv\/2022\/#organization"},"image":{"@id":"https:\/\/canal7slp.tv\/2022\/fgeslp-encabeza-quejas-por-violaciones-a-derechos-humanos-reporta-cedh\/#primaryimage"},"thumbnailUrl":"https:\/\/canal7slp.tv\/2022\/wp-content\/uploads\/2022\/02\/Claudio03Presidenta.jpg","articleSection":["CONGRESO","DESTACADAS","LOCALES Y REGIONALES"],"inLanguage":"es"},{"@type":"WebPage","@id":"https:\/\/canal7slp.tv\/2022\/fgeslp-encabeza-quejas-por-violaciones-a-derechos-humanos-reporta-cedh\/","url":"https:\/\/canal7slp.tv\/2022\/fgeslp-encabeza-quejas-por-violaciones-a-derechos-humanos-reporta-cedh\/","name":"FGESLP encabeza quejas por violaciones a derechos humanos, reporta CEDH. - Canal 7 SLP - 2022","isPartOf":{"@id":"https:\/\/canal7slp.tv\/2022\/#website"},"primaryImageOfPage":{"@id":"https:\/\/canal7slp.tv\/2022\/fgeslp-encabeza-quejas-por-violaciones-a-derechos-humanos-reporta-cedh\/#primaryimage"},"image":{"@id":"https:\/\/canal7slp.tv\/2022\/fgeslp-encabeza-quejas-por-violaciones-a-derechos-humanos-reporta-cedh\/#primaryimage"},"thumbnailUrl":"https:\/\/canal7slp.tv\/2022\/wp-content\/uploads\/2022\/02\/Claudio03Presidenta.jpg","datePublished":"2022-02-24T04:44:45+00:00","breadcrumb":{"@id":"https:\/\/canal7slp.tv\/2022\/fgeslp-encabeza-quejas-por-violaciones-a-derechos-humanos-reporta-cedh\/#breadcrumb"},"inLanguage":"es","potentialAction":[{"@type":"ReadAction","target":["https:\/\/canal7slp.tv\/2022\/fgeslp-encabeza-quejas-por-violaciones-a-derechos-humanos-reporta-cedh\/"]}]},{"@type":"ImageObject","inLanguage":"es","@id":"https:\/\/canal7slp.tv\/2022\/fgeslp-encabeza-quejas-por-violaciones-a-derechos-humanos-reporta-cedh\/#primaryimage","url":"https:\/\/canal7slp.tv\/2022\/wp-content\/uploads\/2022\/02\/Claudio03Presidenta.jpg","contentUrl":"https:\/\/canal7slp.tv\/2022\/wp-content\/uploads\/2022\/02\/Claudio03Presidenta.jpg","width":888,"height":500},{"@type":"BreadcrumbList","@id":"https:\/\/canal7slp.tv\/2022\/fgeslp-encabeza-quejas-por-violaciones-a-derechos-humanos-reporta-cedh\/#breadcrumb","itemListElement":[{"@type":"ListItem","position":1,"name":"Portada","item":"https:\/\/canal7slp.tv\/2022\/"},{"@type":"ListItem","position":2,"name":"FGESLP encabeza quejas por violaciones a derechos humanos, reporta CEDH."}]},{"@type":"WebSite","@id":"https:\/\/canal7slp.tv\/2022\/#website","url":"https:\/\/canal7slp.tv\/2022\/","name":"N7 - Noticieros Canal 7","description":"Somos Televisi\u00f3n","publisher":{"@id":"https:\/\/canal7slp.tv\/2022\/#organization"},"potentialAction":[{"@type":"SearchAction","target":{"@type":"EntryPoint","urlTemplate":"https:\/\/canal7slp.tv\/2022\/?s={search_term_string}"},"query-input":{"@type":"PropertyValueSpecification","valueRequired":true,"valueName":"search_term_string"}}],"inLanguage":"es"},{"@type":"Organization","@id":"https:\/\/canal7slp.tv\/2022\/#organization","name":"Noticieros Canal 7","url":"https:\/\/canal7slp.tv\/2022\/","logo":{"@type":"ImageObject","inLanguage":"es","@id":"https:\/\/canal7slp.tv\/2022\/#\/schema\/logo\/image\/","url":"https:\/\/canal7slp.tv\/2022\/wp-content\/uploads\/2021\/01\/logo-noticieros@2x.png","contentUrl":"https:\/\/canal7slp.tv\/2022\/wp-content\/uploads\/2021\/01\/logo-noticieros@2x.png","width":1017,"height":268,"caption":"Noticieros Canal 7"},"image":{"@id":"https:\/\/canal7slp.tv\/2022\/#\/schema\/logo\/image\/"},"sameAs":["https:\/\/www.facebook.com\/noticieroscanalsiete","https:\/\/x.com\/NOTICIEROS7","https:\/\/www.instagram.com\/canal7_slp","https:\/\/www.youtube.com\/channel\/UCliiYs-gP3JfJeqdPrNdd5A"]},{"@type":"Person","@id":"https:\/\/canal7slp.tv\/2022\/#\/schema\/person\/429704152a21f5f856ce29aa69a238da","name":"Edici\u00f3n Web","image":{"@type":"ImageObject","inLanguage":"es","@id":"https:\/\/secure.gravatar.com\/avatar\/eee448fc3f7164808013b816ba91ac7e43bbe82a70bebac296f8bc6f0addaa1a?s=96&d=mm&r=g","url":"https:\/\/secure.gravatar.com\/avatar\/eee448fc3f7164808013b816ba91ac7e43bbe82a70bebac296f8bc6f0addaa1a?s=96&d=mm&r=g","contentUrl":"https:\/\/secure.gravatar.com\/avatar\/eee448fc3f7164808013b816ba91ac7e43bbe82a70bebac296f8bc6f0addaa1a?s=96&d=mm&r=g","caption":"Edici\u00f3n Web"},"url":"https:\/\/canal7slp.tv\/2022\/author\/edicionweb\/"}]}},"amp_enabled":true,"_links":{"self":[{"href":"https:\/\/canal7slp.tv\/2022\/wp-json\/wp\/v2\/posts\/52167","targetHints":{"allow":["GET"]}}],"collection":[{"href":"https:\/\/canal7slp.tv\/2022\/wp-json\/wp\/v2\/posts"}],"about":[{"href":"https:\/\/canal7slp.tv\/2022\/wp-json\/wp\/v2\/types\/post"}],"author":[{"embeddable":true,"href":"https:\/\/canal7slp.tv\/2022\/wp-json\/wp\/v2\/users\/2"}],"replies":[{"embeddable":true,"href":"https:\/\/canal7slp.tv\/2022\/wp-json\/wp\/v2\/comments?post=52167"}],"version-history":[{"count":3,"href":"https:\/\/canal7slp.tv\/2022\/wp-json\/wp\/v2\/posts\/52167\/revisions"}],"predecessor-version":[{"id":52212,"href":"https:\/\/canal7slp.tv\/2022\/wp-json\/wp\/v2\/posts\/52167\/revisions\/52212"}],"wp:featuredmedia":[{"embeddable":true,"href":"https:\/\/canal7slp.tv\/2022\/wp-json\/wp\/v2\/media\/52211"}],"wp:attachment":[{"href":"https:\/\/canal7slp.tv\/2022\/wp-json\/wp\/v2\/media?parent=52167"}],"wp:term":[{"taxonomy":"category","embeddable":true,"href":"https:\/\/canal7slp.tv\/2022\/wp-json\/wp\/v2\/categories?post=52167"},{"taxonomy":"post_tag","embeddable":true,"href":"https:\/\/canal7slp.tv\/2022\/wp-json\/wp\/v2\/tags?post=52167"}],"curies":[{"name":"wp","href":"https:\/\/api.w.org\/{rel}","templated":true}]}}