{"id":52166,"date":"2022-02-23T22:29:00","date_gmt":"2022-02-24T04:29:00","guid":{"rendered":"https:\/\/canal7slp.tv\/2022\/?p=52166"},"modified":"2022-02-23T22:29:00","modified_gmt":"2022-02-24T04:29:00","slug":"presenta-movimiento-ciudadano-perfiles-incorporados-a-sus-filas","status":"publish","type":"post","link":"https:\/\/canal7slp.tv\/2022\/presenta-movimiento-ciudadano-perfiles-incorporados-a-sus-filas\/","title":{"rendered":"Presenta Movimiento Ciudadano perfiles incorporados a sus filas."},"content":{"rendered":"<p style=\"text-align: justify;\">SLP.- El coordinador estatal del Partido Movimiento Ciudadano Eugenio Govea Arcos anunci\u00f3 en rueda de prensa conjunta la incorporaci\u00f3n del exdiputado Ricardo Villarreal Loo, quien recientemente renunci\u00f3 al PAN, como nuevo integrante de este partido as\u00ed como de la tambi\u00e9n ex militante de Acci\u00f3n Nacional Adriana Urbina Aguilar.<\/p>\n<p style=\"text-align: justify;\">Quien fuera tambi\u00e9n candidata por Morena a una diputaci\u00f3n en las pasadas elecciones y colaboradora del exalcalde Xavier Nava Palacios, explic\u00f3 el porqu\u00e9 de su decisi\u00f3n de incorporarse a Movimiento Ciudadano.<\/p>\n<p style=\"text-align: justify;\">Asimismo, el exdiputado Ricardo Villarreal tambi\u00e9n se\u00f1al\u00f3 las razones por las que ahora se incorpora a un nuevo partido despu\u00e9s de casi veinte a\u00f1os de militancia en Acci\u00f3n Nacional.<\/p>\n<p style=\"text-align: justify;\">Al hacer uso de la palabra el coordinador estatal de Movimiento Ciudadano Eugenio Govea Arcos dijo que para el 2024 rumbo a las elecciones presidenciales, en su partido hay perfiles con liderazgo.<\/p>\n<p style=\"text-align: justify;\">Habl\u00f3 tambi\u00e9n del senador del PAN Marco Antonio Gama Basarte al decir que a\u00fan no se ha definido nada en cuanto a una posible incorporaci\u00f3n del todav\u00eda panista.<\/p>\n<p style=\"text-align: justify;\">Asimismo, Govea Arcos habl\u00f3 tambi\u00e9n de la exdiputada Josefina Salazar B\u00e1ez quien perdiera la contienda por la dirigencia estatal del PAN, y de quien se ha especulado que tambi\u00e9n podr\u00eda renunciar a este partido.<\/p>\n<p style=\"text-align: justify;\">Dijo que seguir\u00e1n en un proceso de selecci\u00f3n de perfiles y que en los pr\u00f3ximos d\u00edas \u201chabr\u00e1 sorpresas.\u201d<\/p>\n<p style=\"text-align: justify;\">Por \u00faltimo, el dirigente estatal de Movimiento Ciudadano dej\u00f3 en claro que no le abrir\u00e1n las puertas a perfiles con antecedentes em su pasado, al mencionar el nombre de un exdiputado local.<\/p>\n<p style=\"text-align: justify;\">Por: Claudio Ibarra<\/p>\n","protected":false},"excerpt":{"rendered":"<p>SLP.- El coordinador estatal del Partido Movimiento Ciudadano Eugenio Govea Arcos anunci\u00f3 en rueda de prensa conjunta la incorporaci\u00f3n del exdiputado Ricardo Villarreal Loo, quien recientemente renunci\u00f3 al PAN, como nuevo integrante de este partido as\u00ed como de la tambi\u00e9n ex militante de Acci\u00f3n Nacional Adriana Urbina Aguilar. Quien fuera tambi\u00e9n candidata por Morena a una diputaci\u00f3n en las pasadas elecciones y colaboradora del exalcalde Xavier Nava Palacios, explic\u00f3 el porqu\u00e9 de su decisi\u00f3n de incorporarse a Movimiento Ciudadano. Asimismo, el exdiputado Ricardo Villarreal tambi\u00e9n se\u00f1al\u00f3 las razones por las que ahora se incorpora a un nuevo partido despu\u00e9s de [&hellip;]<\/p>\n","protected":false},"author":2,"featured_media":52209,"comment_status":"closed","ping_status":"closed","sticky":false,"template":"","format":"video","meta":{"footnotes":""},"categories":[5,45],"tags":[],"class_list":["post-52166","post","type-post","status-publish","format-video","has-post-thumbnail","hentry","category-destacadas","category-localesyregionales","post_format-post-format-video","post--single"],"yoast_head":"<!-- This site is optimized with the Yoast SEO plugin v27.4 - https:\/\/yoast.com\/product\/yoast-seo-wordpress\/ -->\n<title>Presenta Movimiento Ciudadano perfiles incorporados a sus filas. - Canal 7 SLP - 2022<\/title>\n<meta name=\"robots\" content=\"index, follow, max-snippet:-1, max-image-preview:large, max-video-preview:-1\" \/>\n<link rel=\"canonical\" href=\"https:\/\/canal7slp.tv\/2022\/presenta-movimiento-ciudadano-perfiles-incorporados-a-sus-filas\/\" \/>\n<meta property=\"og:locale\" content=\"es_ES\" \/>\n<meta property=\"og:type\" content=\"article\" \/>\n<meta property=\"og:title\" content=\"Presenta Movimiento Ciudadano perfiles incorporados a sus filas. - Canal 7 SLP - 2022\" \/>\n<meta property=\"og:description\" content=\"SLP.- El coordinador estatal del Partido Movimiento Ciudadano Eugenio Govea Arcos anunci\u00f3 en rueda de prensa conjunta la incorporaci\u00f3n del exdiputado Ricardo Villarreal Loo, quien recientemente renunci\u00f3 al PAN, como nuevo integrante de este partido as\u00ed como de la tambi\u00e9n ex militante de Acci\u00f3n Nacional Adriana Urbina Aguilar. Quien fuera tambi\u00e9n candidata por Morena a una diputaci\u00f3n en las pasadas elecciones y colaboradora del exalcalde Xavier Nava Palacios, explic\u00f3 el porqu\u00e9 de su decisi\u00f3n de incorporarse a Movimiento Ciudadano. Asimismo, el exdiputado Ricardo Villarreal tambi\u00e9n se\u00f1al\u00f3 las razones por las que ahora se incorpora a un nuevo partido despu\u00e9s de [&hellip;]\" \/>\n<meta property=\"og:url\" content=\"https:\/\/canal7slp.tv\/2022\/presenta-movimiento-ciudadano-perfiles-incorporados-a-sus-filas\/\" \/>\n<meta property=\"og:site_name\" content=\"Canal 7 SLP - 2022\" \/>\n<meta property=\"article:publisher\" content=\"https:\/\/www.facebook.com\/noticieroscanalsiete\" \/>\n<meta property=\"article:published_time\" content=\"2022-02-24T04:29:00+00:00\" \/>\n<meta property=\"og:image\" content=\"https:\/\/canal7slp.tv\/2022\/wp-content\/uploads\/2022\/02\/Claudio02Movimiento.jpg\" \/>\n\t<meta property=\"og:image:width\" content=\"888\" \/>\n\t<meta property=\"og:image:height\" content=\"500\" \/>\n\t<meta property=\"og:image:type\" content=\"image\/jpeg\" \/>\n<meta name=\"author\" content=\"Edici\u00f3n Web\" \/>\n<meta name=\"twitter:card\" content=\"summary_large_image\" \/>\n<meta name=\"twitter:creator\" content=\"@NOTICIEROS7\" \/>\n<meta name=\"twitter:site\" content=\"@NOTICIEROS7\" \/>\n<meta name=\"twitter:label1\" content=\"Escrito por\" \/>\n\t<meta name=\"twitter:data1\" content=\"Edici\u00f3n Web\" \/>\n\t<meta name=\"twitter:label2\" content=\"Tiempo de lectura\" \/>\n\t<meta name=\"twitter:data2\" content=\"1 minuto\" \/>\n<script type=\"application\/ld+json\" class=\"yoast-schema-graph\">{\"@context\":\"https:\\\/\\\/schema.org\",\"@graph\":[{\"@type\":\"Article\",\"@id\":\"https:\\\/\\\/canal7slp.tv\\\/2022\\\/presenta-movimiento-ciudadano-perfiles-incorporados-a-sus-filas\\\/#article\",\"isPartOf\":{\"@id\":\"https:\\\/\\\/canal7slp.tv\\\/2022\\\/presenta-movimiento-ciudadano-perfiles-incorporados-a-sus-filas\\\/\"},\"author\":{\"name\":\"Edici\u00f3n Web\",\"@id\":\"https:\\\/\\\/canal7slp.tv\\\/2022\\\/#\\\/schema\\\/person\\\/429704152a21f5f856ce29aa69a238da\"},\"headline\":\"Presenta Movimiento Ciudadano perfiles incorporados a sus filas.\",\"datePublished\":\"2022-02-24T04:29:00+00:00\",\"mainEntityOfPage\":{\"@id\":\"https:\\\/\\\/canal7slp.tv\\\/2022\\\/presenta-movimiento-ciudadano-perfiles-incorporados-a-sus-filas\\\/\"},\"wordCount\":287,\"publisher\":{\"@id\":\"https:\\\/\\\/canal7slp.tv\\\/2022\\\/#organization\"},\"image\":{\"@id\":\"https:\\\/\\\/canal7slp.tv\\\/2022\\\/presenta-movimiento-ciudadano-perfiles-incorporados-a-sus-filas\\\/#primaryimage\"},\"thumbnailUrl\":\"https:\\\/\\\/canal7slp.tv\\\/2022\\\/wp-content\\\/uploads\\\/2022\\\/02\\\/Claudio02Movimiento.jpg\",\"articleSection\":[\"DESTACADAS\",\"LOCALES Y REGIONALES\"],\"inLanguage\":\"es\"},{\"@type\":\"WebPage\",\"@id\":\"https:\\\/\\\/canal7slp.tv\\\/2022\\\/presenta-movimiento-ciudadano-perfiles-incorporados-a-sus-filas\\\/\",\"url\":\"https:\\\/\\\/canal7slp.tv\\\/2022\\\/presenta-movimiento-ciudadano-perfiles-incorporados-a-sus-filas\\\/\",\"name\":\"Presenta Movimiento Ciudadano perfiles incorporados a sus filas. - Canal 7 SLP - 2022\",\"isPartOf\":{\"@id\":\"https:\\\/\\\/canal7slp.tv\\\/2022\\\/#website\"},\"primaryImageOfPage\":{\"@id\":\"https:\\\/\\\/canal7slp.tv\\\/2022\\\/presenta-movimiento-ciudadano-perfiles-incorporados-a-sus-filas\\\/#primaryimage\"},\"image\":{\"@id\":\"https:\\\/\\\/canal7slp.tv\\\/2022\\\/presenta-movimiento-ciudadano-perfiles-incorporados-a-sus-filas\\\/#primaryimage\"},\"thumbnailUrl\":\"https:\\\/\\\/canal7slp.tv\\\/2022\\\/wp-content\\\/uploads\\\/2022\\\/02\\\/Claudio02Movimiento.jpg\",\"datePublished\":\"2022-02-24T04:29:00+00:00\",\"breadcrumb\":{\"@id\":\"https:\\\/\\\/canal7slp.tv\\\/2022\\\/presenta-movimiento-ciudadano-perfiles-incorporados-a-sus-filas\\\/#breadcrumb\"},\"inLanguage\":\"es\",\"potentialAction\":[{\"@type\":\"ReadAction\",\"target\":[\"https:\\\/\\\/canal7slp.tv\\\/2022\\\/presenta-movimiento-ciudadano-perfiles-incorporados-a-sus-filas\\\/\"]}]},{\"@type\":\"ImageObject\",\"inLanguage\":\"es\",\"@id\":\"https:\\\/\\\/canal7slp.tv\\\/2022\\\/presenta-movimiento-ciudadano-perfiles-incorporados-a-sus-filas\\\/#primaryimage\",\"url\":\"https:\\\/\\\/canal7slp.tv\\\/2022\\\/wp-content\\\/uploads\\\/2022\\\/02\\\/Claudio02Movimiento.jpg\",\"contentUrl\":\"https:\\\/\\\/canal7slp.tv\\\/2022\\\/wp-content\\\/uploads\\\/2022\\\/02\\\/Claudio02Movimiento.jpg\",\"width\":888,\"height\":500},{\"@type\":\"BreadcrumbList\",\"@id\":\"https:\\\/\\\/canal7slp.tv\\\/2022\\\/presenta-movimiento-ciudadano-perfiles-incorporados-a-sus-filas\\\/#breadcrumb\",\"itemListElement\":[{\"@type\":\"ListItem\",\"position\":1,\"name\":\"Portada\",\"item\":\"https:\\\/\\\/canal7slp.tv\\\/2022\\\/\"},{\"@type\":\"ListItem\",\"position\":2,\"name\":\"Presenta Movimiento Ciudadano perfiles incorporados a sus filas.\"}]},{\"@type\":\"WebSite\",\"@id\":\"https:\\\/\\\/canal7slp.tv\\\/2022\\\/#website\",\"url\":\"https:\\\/\\\/canal7slp.tv\\\/2022\\\/\",\"name\":\"N7 - Noticieros Canal 7\",\"description\":\"Somos Televisi\u00f3n\",\"publisher\":{\"@id\":\"https:\\\/\\\/canal7slp.tv\\\/2022\\\/#organization\"},\"potentialAction\":[{\"@type\":\"SearchAction\",\"target\":{\"@type\":\"EntryPoint\",\"urlTemplate\":\"https:\\\/\\\/canal7slp.tv\\\/2022\\\/?s={search_term_string}\"},\"query-input\":{\"@type\":\"PropertyValueSpecification\",\"valueRequired\":true,\"valueName\":\"search_term_string\"}}],\"inLanguage\":\"es\"},{\"@type\":\"Organization\",\"@id\":\"https:\\\/\\\/canal7slp.tv\\\/2022\\\/#organization\",\"name\":\"Noticieros Canal 7\",\"url\":\"https:\\\/\\\/canal7slp.tv\\\/2022\\\/\",\"logo\":{\"@type\":\"ImageObject\",\"inLanguage\":\"es\",\"@id\":\"https:\\\/\\\/canal7slp.tv\\\/2022\\\/#\\\/schema\\\/logo\\\/image\\\/\",\"url\":\"https:\\\/\\\/canal7slp.tv\\\/2022\\\/wp-content\\\/uploads\\\/2021\\\/01\\\/logo-noticieros@2x.png\",\"contentUrl\":\"https:\\\/\\\/canal7slp.tv\\\/2022\\\/wp-content\\\/uploads\\\/2021\\\/01\\\/logo-noticieros@2x.png\",\"width\":1017,\"height\":268,\"caption\":\"Noticieros Canal 7\"},\"image\":{\"@id\":\"https:\\\/\\\/canal7slp.tv\\\/2022\\\/#\\\/schema\\\/logo\\\/image\\\/\"},\"sameAs\":[\"https:\\\/\\\/www.facebook.com\\\/noticieroscanalsiete\",\"https:\\\/\\\/x.com\\\/NOTICIEROS7\",\"https:\\\/\\\/www.instagram.com\\\/canal7_slp\",\"https:\\\/\\\/www.youtube.com\\\/channel\\\/UCliiYs-gP3JfJeqdPrNdd5A\"]},{\"@type\":\"Person\",\"@id\":\"https:\\\/\\\/canal7slp.tv\\\/2022\\\/#\\\/schema\\\/person\\\/429704152a21f5f856ce29aa69a238da\",\"name\":\"Edici\u00f3n Web\",\"image\":{\"@type\":\"ImageObject\",\"inLanguage\":\"es\",\"@id\":\"https:\\\/\\\/secure.gravatar.com\\\/avatar\\\/eee448fc3f7164808013b816ba91ac7e43bbe82a70bebac296f8bc6f0addaa1a?s=96&d=mm&r=g\",\"url\":\"https:\\\/\\\/secure.gravatar.com\\\/avatar\\\/eee448fc3f7164808013b816ba91ac7e43bbe82a70bebac296f8bc6f0addaa1a?s=96&d=mm&r=g\",\"contentUrl\":\"https:\\\/\\\/secure.gravatar.com\\\/avatar\\\/eee448fc3f7164808013b816ba91ac7e43bbe82a70bebac296f8bc6f0addaa1a?s=96&d=mm&r=g\",\"caption\":\"Edici\u00f3n Web\"},\"url\":\"https:\\\/\\\/canal7slp.tv\\\/2022\\\/author\\\/edicionweb\\\/\"}]}<\/script>\n<!-- \/ Yoast SEO plugin. -->","yoast_head_json":{"title":"Presenta Movimiento Ciudadano perfiles incorporados a sus filas. - Canal 7 SLP - 2022","robots":{"index":"index","follow":"follow","max-snippet":"max-snippet:-1","max-image-preview":"max-image-preview:large","max-video-preview":"max-video-preview:-1"},"canonical":"https:\/\/canal7slp.tv\/2022\/presenta-movimiento-ciudadano-perfiles-incorporados-a-sus-filas\/","og_locale":"es_ES","og_type":"article","og_title":"Presenta Movimiento Ciudadano perfiles incorporados a sus filas. - Canal 7 SLP - 2022","og_description":"SLP.- El coordinador estatal del Partido Movimiento Ciudadano Eugenio Govea Arcos anunci\u00f3 en rueda de prensa conjunta la incorporaci\u00f3n del exdiputado Ricardo Villarreal Loo, quien recientemente renunci\u00f3 al PAN, como nuevo integrante de este partido as\u00ed como de la tambi\u00e9n ex militante de Acci\u00f3n Nacional Adriana Urbina Aguilar. Quien fuera tambi\u00e9n candidata por Morena a una diputaci\u00f3n en las pasadas elecciones y colaboradora del exalcalde Xavier Nava Palacios, explic\u00f3 el porqu\u00e9 de su decisi\u00f3n de incorporarse a Movimiento Ciudadano. Asimismo, el exdiputado Ricardo Villarreal tambi\u00e9n se\u00f1al\u00f3 las razones por las que ahora se incorpora a un nuevo partido despu\u00e9s de [&hellip;]","og_url":"https:\/\/canal7slp.tv\/2022\/presenta-movimiento-ciudadano-perfiles-incorporados-a-sus-filas\/","og_site_name":"Canal 7 SLP - 2022","article_publisher":"https:\/\/www.facebook.com\/noticieroscanalsiete","article_published_time":"2022-02-24T04:29:00+00:00","og_image":[{"width":888,"height":500,"url":"https:\/\/canal7slp.tv\/2022\/wp-content\/uploads\/2022\/02\/Claudio02Movimiento.jpg","type":"image\/jpeg"}],"author":"Edici\u00f3n Web","twitter_card":"summary_large_image","twitter_creator":"@NOTICIEROS7","twitter_site":"@NOTICIEROS7","twitter_misc":{"Escrito por":"Edici\u00f3n Web","Tiempo de lectura":"1 minuto"},"schema":{"@context":"https:\/\/schema.org","@graph":[{"@type":"Article","@id":"https:\/\/canal7slp.tv\/2022\/presenta-movimiento-ciudadano-perfiles-incorporados-a-sus-filas\/#article","isPartOf":{"@id":"https:\/\/canal7slp.tv\/2022\/presenta-movimiento-ciudadano-perfiles-incorporados-a-sus-filas\/"},"author":{"name":"Edici\u00f3n Web","@id":"https:\/\/canal7slp.tv\/2022\/#\/schema\/person\/429704152a21f5f856ce29aa69a238da"},"headline":"Presenta Movimiento Ciudadano perfiles incorporados a sus filas.","datePublished":"2022-02-24T04:29:00+00:00","mainEntityOfPage":{"@id":"https:\/\/canal7slp.tv\/2022\/presenta-movimiento-ciudadano-perfiles-incorporados-a-sus-filas\/"},"wordCount":287,"publisher":{"@id":"https:\/\/canal7slp.tv\/2022\/#organization"},"image":{"@id":"https:\/\/canal7slp.tv\/2022\/presenta-movimiento-ciudadano-perfiles-incorporados-a-sus-filas\/#primaryimage"},"thumbnailUrl":"https:\/\/canal7slp.tv\/2022\/wp-content\/uploads\/2022\/02\/Claudio02Movimiento.jpg","articleSection":["DESTACADAS","LOCALES Y REGIONALES"],"inLanguage":"es"},{"@type":"WebPage","@id":"https:\/\/canal7slp.tv\/2022\/presenta-movimiento-ciudadano-perfiles-incorporados-a-sus-filas\/","url":"https:\/\/canal7slp.tv\/2022\/presenta-movimiento-ciudadano-perfiles-incorporados-a-sus-filas\/","name":"Presenta Movimiento Ciudadano perfiles incorporados a sus filas. - Canal 7 SLP - 2022","isPartOf":{"@id":"https:\/\/canal7slp.tv\/2022\/#website"},"primaryImageOfPage":{"@id":"https:\/\/canal7slp.tv\/2022\/presenta-movimiento-ciudadano-perfiles-incorporados-a-sus-filas\/#primaryimage"},"image":{"@id":"https:\/\/canal7slp.tv\/2022\/presenta-movimiento-ciudadano-perfiles-incorporados-a-sus-filas\/#primaryimage"},"thumbnailUrl":"https:\/\/canal7slp.tv\/2022\/wp-content\/uploads\/2022\/02\/Claudio02Movimiento.jpg","datePublished":"2022-02-24T04:29:00+00:00","breadcrumb":{"@id":"https:\/\/canal7slp.tv\/2022\/presenta-movimiento-ciudadano-perfiles-incorporados-a-sus-filas\/#breadcrumb"},"inLanguage":"es","potentialAction":[{"@type":"ReadAction","target":["https:\/\/canal7slp.tv\/2022\/presenta-movimiento-ciudadano-perfiles-incorporados-a-sus-filas\/"]}]},{"@type":"ImageObject","inLanguage":"es","@id":"https:\/\/canal7slp.tv\/2022\/presenta-movimiento-ciudadano-perfiles-incorporados-a-sus-filas\/#primaryimage","url":"https:\/\/canal7slp.tv\/2022\/wp-content\/uploads\/2022\/02\/Claudio02Movimiento.jpg","contentUrl":"https:\/\/canal7slp.tv\/2022\/wp-content\/uploads\/2022\/02\/Claudio02Movimiento.jpg","width":888,"height":500},{"@type":"BreadcrumbList","@id":"https:\/\/canal7slp.tv\/2022\/presenta-movimiento-ciudadano-perfiles-incorporados-a-sus-filas\/#breadcrumb","itemListElement":[{"@type":"ListItem","position":1,"name":"Portada","item":"https:\/\/canal7slp.tv\/2022\/"},{"@type":"ListItem","position":2,"name":"Presenta Movimiento Ciudadano perfiles incorporados a sus filas."}]},{"@type":"WebSite","@id":"https:\/\/canal7slp.tv\/2022\/#website","url":"https:\/\/canal7slp.tv\/2022\/","name":"N7 - Noticieros Canal 7","description":"Somos Televisi\u00f3n","publisher":{"@id":"https:\/\/canal7slp.tv\/2022\/#organization"},"potentialAction":[{"@type":"SearchAction","target":{"@type":"EntryPoint","urlTemplate":"https:\/\/canal7slp.tv\/2022\/?s={search_term_string}"},"query-input":{"@type":"PropertyValueSpecification","valueRequired":true,"valueName":"search_term_string"}}],"inLanguage":"es"},{"@type":"Organization","@id":"https:\/\/canal7slp.tv\/2022\/#organization","name":"Noticieros Canal 7","url":"https:\/\/canal7slp.tv\/2022\/","logo":{"@type":"ImageObject","inLanguage":"es","@id":"https:\/\/canal7slp.tv\/2022\/#\/schema\/logo\/image\/","url":"https:\/\/canal7slp.tv\/2022\/wp-content\/uploads\/2021\/01\/logo-noticieros@2x.png","contentUrl":"https:\/\/canal7slp.tv\/2022\/wp-content\/uploads\/2021\/01\/logo-noticieros@2x.png","width":1017,"height":268,"caption":"Noticieros Canal 7"},"image":{"@id":"https:\/\/canal7slp.tv\/2022\/#\/schema\/logo\/image\/"},"sameAs":["https:\/\/www.facebook.com\/noticieroscanalsiete","https:\/\/x.com\/NOTICIEROS7","https:\/\/www.instagram.com\/canal7_slp","https:\/\/www.youtube.com\/channel\/UCliiYs-gP3JfJeqdPrNdd5A"]},{"@type":"Person","@id":"https:\/\/canal7slp.tv\/2022\/#\/schema\/person\/429704152a21f5f856ce29aa69a238da","name":"Edici\u00f3n Web","image":{"@type":"ImageObject","inLanguage":"es","@id":"https:\/\/secure.gravatar.com\/avatar\/eee448fc3f7164808013b816ba91ac7e43bbe82a70bebac296f8bc6f0addaa1a?s=96&d=mm&r=g","url":"https:\/\/secure.gravatar.com\/avatar\/eee448fc3f7164808013b816ba91ac7e43bbe82a70bebac296f8bc6f0addaa1a?s=96&d=mm&r=g","contentUrl":"https:\/\/secure.gravatar.com\/avatar\/eee448fc3f7164808013b816ba91ac7e43bbe82a70bebac296f8bc6f0addaa1a?s=96&d=mm&r=g","caption":"Edici\u00f3n Web"},"url":"https:\/\/canal7slp.tv\/2022\/author\/edicionweb\/"}]}},"amp_enabled":true,"_links":{"self":[{"href":"https:\/\/canal7slp.tv\/2022\/wp-json\/wp\/v2\/posts\/52166","targetHints":{"allow":["GET"]}}],"collection":[{"href":"https:\/\/canal7slp.tv\/2022\/wp-json\/wp\/v2\/posts"}],"about":[{"href":"https:\/\/canal7slp.tv\/2022\/wp-json\/wp\/v2\/types\/post"}],"author":[{"embeddable":true,"href":"https:\/\/canal7slp.tv\/2022\/wp-json\/wp\/v2\/users\/2"}],"replies":[{"embeddable":true,"href":"https:\/\/canal7slp.tv\/2022\/wp-json\/wp\/v2\/comments?post=52166"}],"version-history":[{"count":3,"href":"https:\/\/canal7slp.tv\/2022\/wp-json\/wp\/v2\/posts\/52166\/revisions"}],"predecessor-version":[{"id":52210,"href":"https:\/\/canal7slp.tv\/2022\/wp-json\/wp\/v2\/posts\/52166\/revisions\/52210"}],"wp:featuredmedia":[{"embeddable":true,"href":"https:\/\/canal7slp.tv\/2022\/wp-json\/wp\/v2\/media\/52209"}],"wp:attachment":[{"href":"https:\/\/canal7slp.tv\/2022\/wp-json\/wp\/v2\/media?parent=52166"}],"wp:term":[{"taxonomy":"category","embeddable":true,"href":"https:\/\/canal7slp.tv\/2022\/wp-json\/wp\/v2\/categories?post=52166"},{"taxonomy":"post_tag","embeddable":true,"href":"https:\/\/canal7slp.tv\/2022\/wp-json\/wp\/v2\/tags?post=52166"}],"curies":[{"name":"wp","href":"https:\/\/api.w.org\/{rel}","templated":true}]}}