{"id":52165,"date":"2022-02-23T22:21:21","date_gmt":"2022-02-24T04:21:21","guid":{"rendered":"https:\/\/canal7slp.tv\/2022\/?p=52165"},"modified":"2022-02-23T22:21:21","modified_gmt":"2022-02-24T04:21:21","slug":"llama-a-la-prudencia-arquidiocesis-de-san-luis-potosi-por-confirmacion-de-la-procesion-del-silencio","status":"publish","type":"post","link":"https:\/\/canal7slp.tv\/2022\/llama-a-la-prudencia-arquidiocesis-de-san-luis-potosi-por-confirmacion-de-la-procesion-del-silencio\/","title":{"rendered":"Llama a la prudencia Arquidi\u00f3cesis de San Luis Potos\u00ed por confirmaci\u00f3n de la Procesi\u00f3n del Silencio."},"content":{"rendered":"<p style=\"text-align: justify;\">SLP.- En d\u00edas pasados el gobernador Ricardo Gallardo Cardona anunci\u00f3 que despu\u00e9s de dos a\u00f1os de pandemia en este 2022 s\u00ed se realizar\u00e1 la Procesi\u00f3n del Silencio, ya que es uno de los principales eventos tur\u00edsticos del estado.<\/p>\n<p style=\"text-align: justify;\">Al respecto, el vocero de la Arquidi\u00f3cesis Potosina Juan Jes\u00fas Priego Rivera pidi\u00f3 prudencia al recordar que seguimos en contingencia sanitaria.<\/p>\n<p style=\"text-align: justify;\">Sin embargo, se\u00f1al\u00f3 que aunque ciertamente es un evento religioso con 70 a\u00f1os de arraigo y que atrae mucho turismo dijo tambi\u00e9n que en todo caso, su realizaci\u00f3n depender\u00e1 de lo que dispongan las autoridades sanitarias y de los propios organizadores de este evento.<\/p>\n<p style=\"text-align: justify;\">Priego Rivera dijo tambi\u00e9n que independientemente de esto se deben de seguir al pie de la letra los protocolos sanitarios y en caso de aglomeraciones, mantener siempre la sana distancia para evitar en la medida de lo posible los contagios.<br \/>\nAsimismo, el vocero del Arzobispado se\u00f1al\u00f3 que para el Mi\u00e9rcoles de ceniza se seguir\u00e1 el mismo procedimiento que el a\u00f1o pasado.<\/p>\n<p style=\"text-align: justify;\">Por \u00faltimo, el vocero de la Arquidi\u00f3cesis Potosina Juan Jes\u00fas Priego Rivera se refiri\u00f3 al secretario de Comunicaciones y Transportes Leonel Serrato S\u00e1nchez, quien en d\u00edas pasado fue se\u00f1alado por una periodista de Ciudad Valles de agredirla verbalmente.<\/p>\n<p style=\"text-align: justify;\">Esto fue lo que dijo el sacerdote.<\/p>\n<p style=\"text-align: justify;\">Por: Claudio Ibarra<\/p>\n","protected":false},"excerpt":{"rendered":"<p>SLP.- En d\u00edas pasados el gobernador Ricardo Gallardo Cardona anunci\u00f3 que despu\u00e9s de dos a\u00f1os de pandemia en este 2022 s\u00ed se realizar\u00e1 la Procesi\u00f3n del Silencio, ya que es uno de los principales eventos tur\u00edsticos del estado. Al respecto, el vocero de la Arquidi\u00f3cesis Potosina Juan Jes\u00fas Priego Rivera pidi\u00f3 prudencia al recordar que seguimos en contingencia sanitaria. Sin embargo, se\u00f1al\u00f3 que aunque ciertamente es un evento religioso con 70 a\u00f1os de arraigo y que atrae mucho turismo dijo tambi\u00e9n que en todo caso, su realizaci\u00f3n depender\u00e1 de lo que dispongan las autoridades sanitarias y de los propios organizadores [&hellip;]<\/p>\n","protected":false},"author":2,"featured_media":52206,"comment_status":"closed","ping_status":"closed","sticky":false,"template":"","format":"video","meta":{"footnotes":""},"categories":[5,45],"tags":[],"class_list":["post-52165","post","type-post","status-publish","format-video","has-post-thumbnail","hentry","category-destacadas","category-localesyregionales","post_format-post-format-video","post--single"],"yoast_head":"<!-- This site is optimized with the Yoast SEO plugin v27.4 - https:\/\/yoast.com\/product\/yoast-seo-wordpress\/ -->\n<title>Llama a la prudencia Arquidi\u00f3cesis de San Luis Potos\u00ed por confirmaci\u00f3n de la Procesi\u00f3n del Silencio. - Canal 7 SLP - 2022<\/title>\n<meta name=\"robots\" content=\"index, follow, max-snippet:-1, max-image-preview:large, max-video-preview:-1\" \/>\n<link rel=\"canonical\" href=\"https:\/\/canal7slp.tv\/2022\/llama-a-la-prudencia-arquidiocesis-de-san-luis-potosi-por-confirmacion-de-la-procesion-del-silencio\/\" \/>\n<meta property=\"og:locale\" content=\"es_ES\" \/>\n<meta property=\"og:type\" content=\"article\" \/>\n<meta property=\"og:title\" content=\"Llama a la prudencia Arquidi\u00f3cesis de San Luis Potos\u00ed por confirmaci\u00f3n de la Procesi\u00f3n del Silencio. - Canal 7 SLP - 2022\" \/>\n<meta property=\"og:description\" content=\"SLP.- En d\u00edas pasados el gobernador Ricardo Gallardo Cardona anunci\u00f3 que despu\u00e9s de dos a\u00f1os de pandemia en este 2022 s\u00ed se realizar\u00e1 la Procesi\u00f3n del Silencio, ya que es uno de los principales eventos tur\u00edsticos del estado. Al respecto, el vocero de la Arquidi\u00f3cesis Potosina Juan Jes\u00fas Priego Rivera pidi\u00f3 prudencia al recordar que seguimos en contingencia sanitaria. Sin embargo, se\u00f1al\u00f3 que aunque ciertamente es un evento religioso con 70 a\u00f1os de arraigo y que atrae mucho turismo dijo tambi\u00e9n que en todo caso, su realizaci\u00f3n depender\u00e1 de lo que dispongan las autoridades sanitarias y de los propios organizadores [&hellip;]\" \/>\n<meta property=\"og:url\" content=\"https:\/\/canal7slp.tv\/2022\/llama-a-la-prudencia-arquidiocesis-de-san-luis-potosi-por-confirmacion-de-la-procesion-del-silencio\/\" \/>\n<meta property=\"og:site_name\" content=\"Canal 7 SLP - 2022\" \/>\n<meta property=\"article:publisher\" content=\"https:\/\/www.facebook.com\/noticieroscanalsiete\" \/>\n<meta property=\"article:published_time\" content=\"2022-02-24T04:21:21+00:00\" \/>\n<meta property=\"og:image\" content=\"https:\/\/canal7slp.tv\/2022\/wp-content\/uploads\/2022\/02\/Claudio01Procesion.jpg\" \/>\n\t<meta property=\"og:image:width\" content=\"888\" \/>\n\t<meta property=\"og:image:height\" content=\"500\" \/>\n\t<meta property=\"og:image:type\" content=\"image\/jpeg\" \/>\n<meta name=\"author\" content=\"Edici\u00f3n Web\" \/>\n<meta name=\"twitter:card\" content=\"summary_large_image\" \/>\n<meta name=\"twitter:creator\" content=\"@NOTICIEROS7\" \/>\n<meta name=\"twitter:site\" content=\"@NOTICIEROS7\" \/>\n<meta name=\"twitter:label1\" content=\"Escrito por\" \/>\n\t<meta name=\"twitter:data1\" content=\"Edici\u00f3n Web\" \/>\n\t<meta name=\"twitter:label2\" content=\"Tiempo de lectura\" \/>\n\t<meta name=\"twitter:data2\" content=\"1 minuto\" \/>\n<script type=\"application\/ld+json\" class=\"yoast-schema-graph\">{\"@context\":\"https:\\\/\\\/schema.org\",\"@graph\":[{\"@type\":\"Article\",\"@id\":\"https:\\\/\\\/canal7slp.tv\\\/2022\\\/llama-a-la-prudencia-arquidiocesis-de-san-luis-potosi-por-confirmacion-de-la-procesion-del-silencio\\\/#article\",\"isPartOf\":{\"@id\":\"https:\\\/\\\/canal7slp.tv\\\/2022\\\/llama-a-la-prudencia-arquidiocesis-de-san-luis-potosi-por-confirmacion-de-la-procesion-del-silencio\\\/\"},\"author\":{\"name\":\"Edici\u00f3n Web\",\"@id\":\"https:\\\/\\\/canal7slp.tv\\\/2022\\\/#\\\/schema\\\/person\\\/429704152a21f5f856ce29aa69a238da\"},\"headline\":\"Llama a la prudencia Arquidi\u00f3cesis de San Luis Potos\u00ed por confirmaci\u00f3n de la Procesi\u00f3n del Silencio.\",\"datePublished\":\"2022-02-24T04:21:21+00:00\",\"mainEntityOfPage\":{\"@id\":\"https:\\\/\\\/canal7slp.tv\\\/2022\\\/llama-a-la-prudencia-arquidiocesis-de-san-luis-potosi-por-confirmacion-de-la-procesion-del-silencio\\\/\"},\"wordCount\":250,\"publisher\":{\"@id\":\"https:\\\/\\\/canal7slp.tv\\\/2022\\\/#organization\"},\"image\":{\"@id\":\"https:\\\/\\\/canal7slp.tv\\\/2022\\\/llama-a-la-prudencia-arquidiocesis-de-san-luis-potosi-por-confirmacion-de-la-procesion-del-silencio\\\/#primaryimage\"},\"thumbnailUrl\":\"https:\\\/\\\/canal7slp.tv\\\/2022\\\/wp-content\\\/uploads\\\/2022\\\/02\\\/Claudio01Procesion.jpg\",\"articleSection\":[\"DESTACADAS\",\"LOCALES Y REGIONALES\"],\"inLanguage\":\"es\"},{\"@type\":\"WebPage\",\"@id\":\"https:\\\/\\\/canal7slp.tv\\\/2022\\\/llama-a-la-prudencia-arquidiocesis-de-san-luis-potosi-por-confirmacion-de-la-procesion-del-silencio\\\/\",\"url\":\"https:\\\/\\\/canal7slp.tv\\\/2022\\\/llama-a-la-prudencia-arquidiocesis-de-san-luis-potosi-por-confirmacion-de-la-procesion-del-silencio\\\/\",\"name\":\"Llama a la prudencia Arquidi\u00f3cesis de San Luis Potos\u00ed por confirmaci\u00f3n de la Procesi\u00f3n del Silencio. - Canal 7 SLP - 2022\",\"isPartOf\":{\"@id\":\"https:\\\/\\\/canal7slp.tv\\\/2022\\\/#website\"},\"primaryImageOfPage\":{\"@id\":\"https:\\\/\\\/canal7slp.tv\\\/2022\\\/llama-a-la-prudencia-arquidiocesis-de-san-luis-potosi-por-confirmacion-de-la-procesion-del-silencio\\\/#primaryimage\"},\"image\":{\"@id\":\"https:\\\/\\\/canal7slp.tv\\\/2022\\\/llama-a-la-prudencia-arquidiocesis-de-san-luis-potosi-por-confirmacion-de-la-procesion-del-silencio\\\/#primaryimage\"},\"thumbnailUrl\":\"https:\\\/\\\/canal7slp.tv\\\/2022\\\/wp-content\\\/uploads\\\/2022\\\/02\\\/Claudio01Procesion.jpg\",\"datePublished\":\"2022-02-24T04:21:21+00:00\",\"breadcrumb\":{\"@id\":\"https:\\\/\\\/canal7slp.tv\\\/2022\\\/llama-a-la-prudencia-arquidiocesis-de-san-luis-potosi-por-confirmacion-de-la-procesion-del-silencio\\\/#breadcrumb\"},\"inLanguage\":\"es\",\"potentialAction\":[{\"@type\":\"ReadAction\",\"target\":[\"https:\\\/\\\/canal7slp.tv\\\/2022\\\/llama-a-la-prudencia-arquidiocesis-de-san-luis-potosi-por-confirmacion-de-la-procesion-del-silencio\\\/\"]}]},{\"@type\":\"ImageObject\",\"inLanguage\":\"es\",\"@id\":\"https:\\\/\\\/canal7slp.tv\\\/2022\\\/llama-a-la-prudencia-arquidiocesis-de-san-luis-potosi-por-confirmacion-de-la-procesion-del-silencio\\\/#primaryimage\",\"url\":\"https:\\\/\\\/canal7slp.tv\\\/2022\\\/wp-content\\\/uploads\\\/2022\\\/02\\\/Claudio01Procesion.jpg\",\"contentUrl\":\"https:\\\/\\\/canal7slp.tv\\\/2022\\\/wp-content\\\/uploads\\\/2022\\\/02\\\/Claudio01Procesion.jpg\",\"width\":888,\"height\":500},{\"@type\":\"BreadcrumbList\",\"@id\":\"https:\\\/\\\/canal7slp.tv\\\/2022\\\/llama-a-la-prudencia-arquidiocesis-de-san-luis-potosi-por-confirmacion-de-la-procesion-del-silencio\\\/#breadcrumb\",\"itemListElement\":[{\"@type\":\"ListItem\",\"position\":1,\"name\":\"Portada\",\"item\":\"https:\\\/\\\/canal7slp.tv\\\/2022\\\/\"},{\"@type\":\"ListItem\",\"position\":2,\"name\":\"Llama a la prudencia Arquidi\u00f3cesis de San Luis Potos\u00ed por confirmaci\u00f3n de la Procesi\u00f3n del Silencio.\"}]},{\"@type\":\"WebSite\",\"@id\":\"https:\\\/\\\/canal7slp.tv\\\/2022\\\/#website\",\"url\":\"https:\\\/\\\/canal7slp.tv\\\/2022\\\/\",\"name\":\"N7 - Noticieros Canal 7\",\"description\":\"Somos Televisi\u00f3n\",\"publisher\":{\"@id\":\"https:\\\/\\\/canal7slp.tv\\\/2022\\\/#organization\"},\"potentialAction\":[{\"@type\":\"SearchAction\",\"target\":{\"@type\":\"EntryPoint\",\"urlTemplate\":\"https:\\\/\\\/canal7slp.tv\\\/2022\\\/?s={search_term_string}\"},\"query-input\":{\"@type\":\"PropertyValueSpecification\",\"valueRequired\":true,\"valueName\":\"search_term_string\"}}],\"inLanguage\":\"es\"},{\"@type\":\"Organization\",\"@id\":\"https:\\\/\\\/canal7slp.tv\\\/2022\\\/#organization\",\"name\":\"Noticieros Canal 7\",\"url\":\"https:\\\/\\\/canal7slp.tv\\\/2022\\\/\",\"logo\":{\"@type\":\"ImageObject\",\"inLanguage\":\"es\",\"@id\":\"https:\\\/\\\/canal7slp.tv\\\/2022\\\/#\\\/schema\\\/logo\\\/image\\\/\",\"url\":\"https:\\\/\\\/canal7slp.tv\\\/2022\\\/wp-content\\\/uploads\\\/2021\\\/01\\\/logo-noticieros@2x.png\",\"contentUrl\":\"https:\\\/\\\/canal7slp.tv\\\/2022\\\/wp-content\\\/uploads\\\/2021\\\/01\\\/logo-noticieros@2x.png\",\"width\":1017,\"height\":268,\"caption\":\"Noticieros Canal 7\"},\"image\":{\"@id\":\"https:\\\/\\\/canal7slp.tv\\\/2022\\\/#\\\/schema\\\/logo\\\/image\\\/\"},\"sameAs\":[\"https:\\\/\\\/www.facebook.com\\\/noticieroscanalsiete\",\"https:\\\/\\\/x.com\\\/NOTICIEROS7\",\"https:\\\/\\\/www.instagram.com\\\/canal7_slp\",\"https:\\\/\\\/www.youtube.com\\\/channel\\\/UCliiYs-gP3JfJeqdPrNdd5A\"]},{\"@type\":\"Person\",\"@id\":\"https:\\\/\\\/canal7slp.tv\\\/2022\\\/#\\\/schema\\\/person\\\/429704152a21f5f856ce29aa69a238da\",\"name\":\"Edici\u00f3n Web\",\"image\":{\"@type\":\"ImageObject\",\"inLanguage\":\"es\",\"@id\":\"https:\\\/\\\/secure.gravatar.com\\\/avatar\\\/eee448fc3f7164808013b816ba91ac7e43bbe82a70bebac296f8bc6f0addaa1a?s=96&d=mm&r=g\",\"url\":\"https:\\\/\\\/secure.gravatar.com\\\/avatar\\\/eee448fc3f7164808013b816ba91ac7e43bbe82a70bebac296f8bc6f0addaa1a?s=96&d=mm&r=g\",\"contentUrl\":\"https:\\\/\\\/secure.gravatar.com\\\/avatar\\\/eee448fc3f7164808013b816ba91ac7e43bbe82a70bebac296f8bc6f0addaa1a?s=96&d=mm&r=g\",\"caption\":\"Edici\u00f3n Web\"},\"url\":\"https:\\\/\\\/canal7slp.tv\\\/2022\\\/author\\\/edicionweb\\\/\"}]}<\/script>\n<!-- \/ Yoast SEO plugin. -->","yoast_head_json":{"title":"Llama a la prudencia Arquidi\u00f3cesis de San Luis Potos\u00ed por confirmaci\u00f3n de la Procesi\u00f3n del Silencio. - Canal 7 SLP - 2022","robots":{"index":"index","follow":"follow","max-snippet":"max-snippet:-1","max-image-preview":"max-image-preview:large","max-video-preview":"max-video-preview:-1"},"canonical":"https:\/\/canal7slp.tv\/2022\/llama-a-la-prudencia-arquidiocesis-de-san-luis-potosi-por-confirmacion-de-la-procesion-del-silencio\/","og_locale":"es_ES","og_type":"article","og_title":"Llama a la prudencia Arquidi\u00f3cesis de San Luis Potos\u00ed por confirmaci\u00f3n de la Procesi\u00f3n del Silencio. - Canal 7 SLP - 2022","og_description":"SLP.- En d\u00edas pasados el gobernador Ricardo Gallardo Cardona anunci\u00f3 que despu\u00e9s de dos a\u00f1os de pandemia en este 2022 s\u00ed se realizar\u00e1 la Procesi\u00f3n del Silencio, ya que es uno de los principales eventos tur\u00edsticos del estado. Al respecto, el vocero de la Arquidi\u00f3cesis Potosina Juan Jes\u00fas Priego Rivera pidi\u00f3 prudencia al recordar que seguimos en contingencia sanitaria. Sin embargo, se\u00f1al\u00f3 que aunque ciertamente es un evento religioso con 70 a\u00f1os de arraigo y que atrae mucho turismo dijo tambi\u00e9n que en todo caso, su realizaci\u00f3n depender\u00e1 de lo que dispongan las autoridades sanitarias y de los propios organizadores [&hellip;]","og_url":"https:\/\/canal7slp.tv\/2022\/llama-a-la-prudencia-arquidiocesis-de-san-luis-potosi-por-confirmacion-de-la-procesion-del-silencio\/","og_site_name":"Canal 7 SLP - 2022","article_publisher":"https:\/\/www.facebook.com\/noticieroscanalsiete","article_published_time":"2022-02-24T04:21:21+00:00","og_image":[{"width":888,"height":500,"url":"https:\/\/canal7slp.tv\/2022\/wp-content\/uploads\/2022\/02\/Claudio01Procesion.jpg","type":"image\/jpeg"}],"author":"Edici\u00f3n Web","twitter_card":"summary_large_image","twitter_creator":"@NOTICIEROS7","twitter_site":"@NOTICIEROS7","twitter_misc":{"Escrito por":"Edici\u00f3n Web","Tiempo de lectura":"1 minuto"},"schema":{"@context":"https:\/\/schema.org","@graph":[{"@type":"Article","@id":"https:\/\/canal7slp.tv\/2022\/llama-a-la-prudencia-arquidiocesis-de-san-luis-potosi-por-confirmacion-de-la-procesion-del-silencio\/#article","isPartOf":{"@id":"https:\/\/canal7slp.tv\/2022\/llama-a-la-prudencia-arquidiocesis-de-san-luis-potosi-por-confirmacion-de-la-procesion-del-silencio\/"},"author":{"name":"Edici\u00f3n Web","@id":"https:\/\/canal7slp.tv\/2022\/#\/schema\/person\/429704152a21f5f856ce29aa69a238da"},"headline":"Llama a la prudencia Arquidi\u00f3cesis de San Luis Potos\u00ed por confirmaci\u00f3n de la Procesi\u00f3n del Silencio.","datePublished":"2022-02-24T04:21:21+00:00","mainEntityOfPage":{"@id":"https:\/\/canal7slp.tv\/2022\/llama-a-la-prudencia-arquidiocesis-de-san-luis-potosi-por-confirmacion-de-la-procesion-del-silencio\/"},"wordCount":250,"publisher":{"@id":"https:\/\/canal7slp.tv\/2022\/#organization"},"image":{"@id":"https:\/\/canal7slp.tv\/2022\/llama-a-la-prudencia-arquidiocesis-de-san-luis-potosi-por-confirmacion-de-la-procesion-del-silencio\/#primaryimage"},"thumbnailUrl":"https:\/\/canal7slp.tv\/2022\/wp-content\/uploads\/2022\/02\/Claudio01Procesion.jpg","articleSection":["DESTACADAS","LOCALES Y REGIONALES"],"inLanguage":"es"},{"@type":"WebPage","@id":"https:\/\/canal7slp.tv\/2022\/llama-a-la-prudencia-arquidiocesis-de-san-luis-potosi-por-confirmacion-de-la-procesion-del-silencio\/","url":"https:\/\/canal7slp.tv\/2022\/llama-a-la-prudencia-arquidiocesis-de-san-luis-potosi-por-confirmacion-de-la-procesion-del-silencio\/","name":"Llama a la prudencia Arquidi\u00f3cesis de San Luis Potos\u00ed por confirmaci\u00f3n de la Procesi\u00f3n del Silencio. - Canal 7 SLP - 2022","isPartOf":{"@id":"https:\/\/canal7slp.tv\/2022\/#website"},"primaryImageOfPage":{"@id":"https:\/\/canal7slp.tv\/2022\/llama-a-la-prudencia-arquidiocesis-de-san-luis-potosi-por-confirmacion-de-la-procesion-del-silencio\/#primaryimage"},"image":{"@id":"https:\/\/canal7slp.tv\/2022\/llama-a-la-prudencia-arquidiocesis-de-san-luis-potosi-por-confirmacion-de-la-procesion-del-silencio\/#primaryimage"},"thumbnailUrl":"https:\/\/canal7slp.tv\/2022\/wp-content\/uploads\/2022\/02\/Claudio01Procesion.jpg","datePublished":"2022-02-24T04:21:21+00:00","breadcrumb":{"@id":"https:\/\/canal7slp.tv\/2022\/llama-a-la-prudencia-arquidiocesis-de-san-luis-potosi-por-confirmacion-de-la-procesion-del-silencio\/#breadcrumb"},"inLanguage":"es","potentialAction":[{"@type":"ReadAction","target":["https:\/\/canal7slp.tv\/2022\/llama-a-la-prudencia-arquidiocesis-de-san-luis-potosi-por-confirmacion-de-la-procesion-del-silencio\/"]}]},{"@type":"ImageObject","inLanguage":"es","@id":"https:\/\/canal7slp.tv\/2022\/llama-a-la-prudencia-arquidiocesis-de-san-luis-potosi-por-confirmacion-de-la-procesion-del-silencio\/#primaryimage","url":"https:\/\/canal7slp.tv\/2022\/wp-content\/uploads\/2022\/02\/Claudio01Procesion.jpg","contentUrl":"https:\/\/canal7slp.tv\/2022\/wp-content\/uploads\/2022\/02\/Claudio01Procesion.jpg","width":888,"height":500},{"@type":"BreadcrumbList","@id":"https:\/\/canal7slp.tv\/2022\/llama-a-la-prudencia-arquidiocesis-de-san-luis-potosi-por-confirmacion-de-la-procesion-del-silencio\/#breadcrumb","itemListElement":[{"@type":"ListItem","position":1,"name":"Portada","item":"https:\/\/canal7slp.tv\/2022\/"},{"@type":"ListItem","position":2,"name":"Llama a la prudencia Arquidi\u00f3cesis de San Luis Potos\u00ed por confirmaci\u00f3n de la Procesi\u00f3n del Silencio."}]},{"@type":"WebSite","@id":"https:\/\/canal7slp.tv\/2022\/#website","url":"https:\/\/canal7slp.tv\/2022\/","name":"N7 - Noticieros Canal 7","description":"Somos Televisi\u00f3n","publisher":{"@id":"https:\/\/canal7slp.tv\/2022\/#organization"},"potentialAction":[{"@type":"SearchAction","target":{"@type":"EntryPoint","urlTemplate":"https:\/\/canal7slp.tv\/2022\/?s={search_term_string}"},"query-input":{"@type":"PropertyValueSpecification","valueRequired":true,"valueName":"search_term_string"}}],"inLanguage":"es"},{"@type":"Organization","@id":"https:\/\/canal7slp.tv\/2022\/#organization","name":"Noticieros Canal 7","url":"https:\/\/canal7slp.tv\/2022\/","logo":{"@type":"ImageObject","inLanguage":"es","@id":"https:\/\/canal7slp.tv\/2022\/#\/schema\/logo\/image\/","url":"https:\/\/canal7slp.tv\/2022\/wp-content\/uploads\/2021\/01\/logo-noticieros@2x.png","contentUrl":"https:\/\/canal7slp.tv\/2022\/wp-content\/uploads\/2021\/01\/logo-noticieros@2x.png","width":1017,"height":268,"caption":"Noticieros Canal 7"},"image":{"@id":"https:\/\/canal7slp.tv\/2022\/#\/schema\/logo\/image\/"},"sameAs":["https:\/\/www.facebook.com\/noticieroscanalsiete","https:\/\/x.com\/NOTICIEROS7","https:\/\/www.instagram.com\/canal7_slp","https:\/\/www.youtube.com\/channel\/UCliiYs-gP3JfJeqdPrNdd5A"]},{"@type":"Person","@id":"https:\/\/canal7slp.tv\/2022\/#\/schema\/person\/429704152a21f5f856ce29aa69a238da","name":"Edici\u00f3n Web","image":{"@type":"ImageObject","inLanguage":"es","@id":"https:\/\/secure.gravatar.com\/avatar\/eee448fc3f7164808013b816ba91ac7e43bbe82a70bebac296f8bc6f0addaa1a?s=96&d=mm&r=g","url":"https:\/\/secure.gravatar.com\/avatar\/eee448fc3f7164808013b816ba91ac7e43bbe82a70bebac296f8bc6f0addaa1a?s=96&d=mm&r=g","contentUrl":"https:\/\/secure.gravatar.com\/avatar\/eee448fc3f7164808013b816ba91ac7e43bbe82a70bebac296f8bc6f0addaa1a?s=96&d=mm&r=g","caption":"Edici\u00f3n Web"},"url":"https:\/\/canal7slp.tv\/2022\/author\/edicionweb\/"}]}},"amp_enabled":true,"_links":{"self":[{"href":"https:\/\/canal7slp.tv\/2022\/wp-json\/wp\/v2\/posts\/52165","targetHints":{"allow":["GET"]}}],"collection":[{"href":"https:\/\/canal7slp.tv\/2022\/wp-json\/wp\/v2\/posts"}],"about":[{"href":"https:\/\/canal7slp.tv\/2022\/wp-json\/wp\/v2\/types\/post"}],"author":[{"embeddable":true,"href":"https:\/\/canal7slp.tv\/2022\/wp-json\/wp\/v2\/users\/2"}],"replies":[{"embeddable":true,"href":"https:\/\/canal7slp.tv\/2022\/wp-json\/wp\/v2\/comments?post=52165"}],"version-history":[{"count":3,"href":"https:\/\/canal7slp.tv\/2022\/wp-json\/wp\/v2\/posts\/52165\/revisions"}],"predecessor-version":[{"id":52207,"href":"https:\/\/canal7slp.tv\/2022\/wp-json\/wp\/v2\/posts\/52165\/revisions\/52207"}],"wp:featuredmedia":[{"embeddable":true,"href":"https:\/\/canal7slp.tv\/2022\/wp-json\/wp\/v2\/media\/52206"}],"wp:attachment":[{"href":"https:\/\/canal7slp.tv\/2022\/wp-json\/wp\/v2\/media?parent=52165"}],"wp:term":[{"taxonomy":"category","embeddable":true,"href":"https:\/\/canal7slp.tv\/2022\/wp-json\/wp\/v2\/categories?post=52165"},{"taxonomy":"post_tag","embeddable":true,"href":"https:\/\/canal7slp.tv\/2022\/wp-json\/wp\/v2\/tags?post=52165"}],"curies":[{"name":"wp","href":"https:\/\/api.w.org\/{rel}","templated":true}]}}