{"id":52162,"date":"2022-02-23T17:57:33","date_gmt":"2022-02-23T23:57:33","guid":{"rendered":"https:\/\/canal7slp.tv\/2022\/?p=52162"},"modified":"2022-02-23T17:57:33","modified_gmt":"2022-02-23T23:57:33","slug":"trabajadores-independientes-entre-la-precarizacion-y-el-avance-de-la-digitalizacion","status":"publish","type":"post","link":"https:\/\/canal7slp.tv\/2022\/trabajadores-independientes-entre-la-precarizacion-y-el-avance-de-la-digitalizacion\/","title":{"rendered":"Trabajadores independientes, entre la precarizaci\u00f3n y el avance de la digitalizaci\u00f3n."},"content":{"rendered":"<p style=\"text-align: justify;\">SLP.- Los empleos por cuenta propia, que no reciben un salario fijo ni prestaciones, fueron de los m\u00e1s afectados con la pandemia de Covid-19 y, tras las primeras olas, los que m\u00e1s se han recuperado en M\u00e9xico y Am\u00e9rica Latina, seg\u00fan la Organizaci\u00f3n Internacional del Trabajo (OIT). Estas ocupaciones tienen pros y contras, como el rezago ante las nuevas tecnolog\u00edas, advierte.<\/p>\n<p style=\"text-align: justify;\">En nuestro pa\u00eds, la tasa de empleo para trabajadoras y trabajadores asalariados se redujo 4.8% en 2020 y para 2021 subi\u00f3 6.6 por ciento. En cambio, para los\u00a0trabajos por cuenta propia\u00a0o independientes\u00a0la ca\u00edda fue de 12.8% al inicio de la crisis y registr\u00f3 una recuperaci\u00f3n de\u00a014.7% el a\u00f1o pasado.<\/p>\n<p style=\"text-align: justify;\">Los \u00faltimos datos de la Encuesta Nacional de Ocupaci\u00f3n y Empleo (ENOE) confirman lo que la OIT indica en la \u00faltima edici\u00f3n del informe Panorama Laboral de Am\u00e9rica Latina y el Caribe, publicada a inicios de este mes: casi la mitad de las personas que laboraban en el cuarto trimestre de 2021 estaban autoempleadas. Esto implica una mayor probabilidad de que est\u00e9n fuera del sector formal.<\/p>\n<p style=\"text-align: justify;\">\u201cEl crecimiento econ\u00f3mico registrado en 2021 fue insuficiente para recuperar el mercado laboral de Am\u00e9rica Latina y el Caribe, que dos a\u00f1os despu\u00e9s de iniciada la crisis registra una situaci\u00f3n de alta desocupaci\u00f3n y la perspectiva de un aumento de la informalidad\u201d, se\u00f1ala el reporte de la OIT.<\/p>\n<p style=\"text-align: justify;\">El informe destaca adem\u00e1s que una de cada dos personas ocupadas en la regi\u00f3n labora en\u00a0la informalidad. Es decir, sin contrato, sin estabilidad, seguridad social, prestaciones, acceso a la salud por su empleo, ni posibilidad de ahorrar para una vivienda y para retirarse un d\u00eda.<\/p>\n<p style=\"text-align: justify;\">\u201cEntre el 60 y el 80% de la creaci\u00f3n neta de trabajo entre el segundo trimestre de 2020 y el tercero de 2021\u201d fue de plazas informales en Am\u00e9rica Latina y el Caribe.<\/p>\n<p style=\"text-align: justify;\">No existe una homologaci\u00f3n internacional de qui\u00e9nes son las\u00a0personas trabajadoras no asalariadas. Pero en general, seg\u00fan la OIT, son aqu\u00e9llas que no cuentan con un v\u00ednculo laboral directo con otra persona o empresa.<\/p>\n<p style=\"text-align: justify;\">Sin embargo, en esta clasificaci\u00f3n quedan fuera muchas ocupaciones que han surgido con el\u00a0avance de la digitalizaci\u00f3n\u00a0y que la pandemia impuls\u00f3.<\/p>\n<p style=\"text-align: justify;\">El espectro de esta poblaci\u00f3n es amplio, pues incluye trabajos tradicionales con actividades manuales,\u00a0los cuales son susceptibles a ser reemplazados por la automatizaci\u00f3n, y actividades que surgieron de las nuevas tecnolog\u00edas.<\/p>\n<p style=\"text-align: justify;\">De acuerdo con los resultados de la ENOE, una tercera parte (33%) de la\u00a0poblaci\u00f3n ocupada de manera independiente\u00a0cuenta con estudios de bachillerato o universitarios y otra porci\u00f3n similar (31%) estudi\u00f3 hasta la secundaria. El 20% complet\u00f3 la primaria, mientras que el 16% s\u00f3lo pudo acudir unos a\u00f1os.<\/p>\n<p style=\"text-align: justify;\">Seg\u00fan la OIT, las personas que laboran de manera independiente tienen\u00a0algunas ventajas, como \u201cmayor flexibilidad en la organizaci\u00f3n del trabajo, asociado a que son quienes tienen el control sobre c\u00f3mo se lleva adelante el proceso productivo\u201d.<\/p>\n<p style=\"text-align: justify;\">Pero \u201ctendr\u00edan m\u00e1s dificultades para acceder a las nuevas tecnolog\u00edas como resultado de su menor capacidad de acumulaci\u00f3n y de capital f\u00edsico\u201d. Adem\u00e1s, \u201cla automatizaci\u00f3n de ciertos procesos podr\u00eda acotarle las oportunidades de trabajo\u201d.<\/p>\n<p style=\"text-align: justify;\">Las tareas que muchas personas desempe\u00f1an son consideradas \u201ccognitivas rutinarias, asociadas al c\u00e1lculo de costos y ventas\u201d, o manuales. Suelen utilizar poco las tecnolog\u00edas de informaci\u00f3n y comunicaci\u00f3n (TIC) \u201cy aplican menos conocimientos especializados y resoluci\u00f3n de problemas en su trabajo\u201d, lo que abre una amplia brecha con las personas asalariadas.<\/p>\n<p style=\"text-align: justify;\">En M\u00e9xico, el 4.4% de las personas no asalariadas sabe usar una\u00a0plantilla de c\u00e1lculo(como Excel), frente a 17.1% de las asalariadas. El 5.2% de independientes sabe c\u00f3mo funcionan los\u00a0procesadores de texto\u00a0(como Word), mientras que 18% de las personas contratadas puede utilizarlos.<\/p>\n<p style=\"text-align: justify;\">\u201cLas\u00a0mujeres\u00a0se encuentran en una situaci\u00f3n desventajosa en diferentes dimensiones del mercado de trabajo como consecuencia de m\u00faltiples razones\u201d. En cuanto al cambio tecnol\u00f3gico y la transici\u00f3n digital, la automatizaci\u00f3n tendr\u00e1 un impacto mayor en las trabajadoras.<\/p>\n<p style=\"text-align: justify;\">Por lo tanto, la OIT recomienda que el\u00a0cambio tecnol\u00f3gico\u00a0debe ocurrir bajo un marco institucional, el cual considere \u201cla relevancia del contexto macroecon\u00f3mico, social, pol\u00edtico, en la determinaci\u00f3n del ritmo de adopci\u00f3n de las nuevas tecnolog\u00edas y sus efectos sobre el mercado de trabajo\u201d.<\/p>\n<p style=\"text-align: justify;\">As\u00ed como\u00a0capacitaci\u00f3n digital\u00a0para personas que laboran por su cuenta y que f\u00e1cilmente pueden ser reemplazados en los procesos de automatizaci\u00f3n.<\/p>\n<p style=\"text-align: justify;\">Por: Luis de Regil<\/p>\n","protected":false},"excerpt":{"rendered":"<p>SLP.- Los empleos por cuenta propia, que no reciben un salario fijo ni prestaciones, fueron de los m\u00e1s afectados con la pandemia de Covid-19 y, tras las primeras olas, los que m\u00e1s se han recuperado en M\u00e9xico y Am\u00e9rica Latina, seg\u00fan la Organizaci\u00f3n Internacional del Trabajo (OIT). Estas ocupaciones tienen pros y contras, como el rezago ante las nuevas tecnolog\u00edas, advierte. En nuestro pa\u00eds, la tasa de empleo para trabajadoras y trabajadores asalariados se redujo 4.8% en 2020 y para 2021 subi\u00f3 6.6 por ciento. En cambio, para los\u00a0trabajos por cuenta propia\u00a0o independientes\u00a0la ca\u00edda fue de 12.8% al inicio de [&hellip;]<\/p>\n","protected":false},"author":2,"featured_media":52179,"comment_status":"closed","ping_status":"closed","sticky":false,"template":"","format":"video","meta":{"footnotes":""},"categories":[5,45],"tags":[],"class_list":["post-52162","post","type-post","status-publish","format-video","has-post-thumbnail","hentry","category-destacadas","category-localesyregionales","post_format-post-format-video","post--single"],"yoast_head":"<!-- This site is optimized with the Yoast SEO plugin v27.4 - https:\/\/yoast.com\/product\/yoast-seo-wordpress\/ -->\n<title>Trabajadores independientes, entre la precarizaci\u00f3n y el avance de la digitalizaci\u00f3n. - Canal 7 SLP - 2022<\/title>\n<meta name=\"robots\" content=\"index, follow, max-snippet:-1, max-image-preview:large, max-video-preview:-1\" \/>\n<link rel=\"canonical\" href=\"https:\/\/canal7slp.tv\/2022\/trabajadores-independientes-entre-la-precarizacion-y-el-avance-de-la-digitalizacion\/\" \/>\n<meta property=\"og:locale\" content=\"es_ES\" \/>\n<meta property=\"og:type\" content=\"article\" \/>\n<meta property=\"og:title\" content=\"Trabajadores independientes, entre la precarizaci\u00f3n y el avance de la digitalizaci\u00f3n. - Canal 7 SLP - 2022\" \/>\n<meta property=\"og:description\" content=\"SLP.- Los empleos por cuenta propia, que no reciben un salario fijo ni prestaciones, fueron de los m\u00e1s afectados con la pandemia de Covid-19 y, tras las primeras olas, los que m\u00e1s se han recuperado en M\u00e9xico y Am\u00e9rica Latina, seg\u00fan la Organizaci\u00f3n Internacional del Trabajo (OIT). Estas ocupaciones tienen pros y contras, como el rezago ante las nuevas tecnolog\u00edas, advierte. En nuestro pa\u00eds, la tasa de empleo para trabajadoras y trabajadores asalariados se redujo 4.8% en 2020 y para 2021 subi\u00f3 6.6 por ciento. En cambio, para los\u00a0trabajos por cuenta propia\u00a0o independientes\u00a0la ca\u00edda fue de 12.8% al inicio de [&hellip;]\" \/>\n<meta property=\"og:url\" content=\"https:\/\/canal7slp.tv\/2022\/trabajadores-independientes-entre-la-precarizacion-y-el-avance-de-la-digitalizacion\/\" \/>\n<meta property=\"og:site_name\" content=\"Canal 7 SLP - 2022\" \/>\n<meta property=\"article:publisher\" content=\"https:\/\/www.facebook.com\/noticieroscanalsiete\" \/>\n<meta property=\"article:published_time\" content=\"2022-02-23T23:57:33+00:00\" \/>\n<meta property=\"og:image\" content=\"https:\/\/canal7slp.tv\/2022\/wp-content\/uploads\/2022\/02\/Luis02Precarizacion.jpg\" \/>\n\t<meta property=\"og:image:width\" content=\"888\" \/>\n\t<meta property=\"og:image:height\" content=\"500\" \/>\n\t<meta property=\"og:image:type\" content=\"image\/jpeg\" \/>\n<meta name=\"author\" content=\"Edici\u00f3n Web\" \/>\n<meta name=\"twitter:card\" content=\"summary_large_image\" \/>\n<meta name=\"twitter:creator\" content=\"@NOTICIEROS7\" \/>\n<meta name=\"twitter:site\" content=\"@NOTICIEROS7\" \/>\n<meta name=\"twitter:label1\" content=\"Escrito por\" \/>\n\t<meta name=\"twitter:data1\" content=\"Edici\u00f3n Web\" \/>\n\t<meta name=\"twitter:label2\" content=\"Tiempo de lectura\" \/>\n\t<meta name=\"twitter:data2\" content=\"4 minutos\" \/>\n<script type=\"application\/ld+json\" class=\"yoast-schema-graph\">{\"@context\":\"https:\\\/\\\/schema.org\",\"@graph\":[{\"@type\":\"Article\",\"@id\":\"https:\\\/\\\/canal7slp.tv\\\/2022\\\/trabajadores-independientes-entre-la-precarizacion-y-el-avance-de-la-digitalizacion\\\/#article\",\"isPartOf\":{\"@id\":\"https:\\\/\\\/canal7slp.tv\\\/2022\\\/trabajadores-independientes-entre-la-precarizacion-y-el-avance-de-la-digitalizacion\\\/\"},\"author\":{\"name\":\"Edici\u00f3n Web\",\"@id\":\"https:\\\/\\\/canal7slp.tv\\\/2022\\\/#\\\/schema\\\/person\\\/429704152a21f5f856ce29aa69a238da\"},\"headline\":\"Trabajadores independientes, entre la precarizaci\u00f3n y el avance de la digitalizaci\u00f3n.\",\"datePublished\":\"2022-02-23T23:57:33+00:00\",\"mainEntityOfPage\":{\"@id\":\"https:\\\/\\\/canal7slp.tv\\\/2022\\\/trabajadores-independientes-entre-la-precarizacion-y-el-avance-de-la-digitalizacion\\\/\"},\"wordCount\":790,\"publisher\":{\"@id\":\"https:\\\/\\\/canal7slp.tv\\\/2022\\\/#organization\"},\"image\":{\"@id\":\"https:\\\/\\\/canal7slp.tv\\\/2022\\\/trabajadores-independientes-entre-la-precarizacion-y-el-avance-de-la-digitalizacion\\\/#primaryimage\"},\"thumbnailUrl\":\"https:\\\/\\\/canal7slp.tv\\\/2022\\\/wp-content\\\/uploads\\\/2022\\\/02\\\/Luis02Precarizacion.jpg\",\"articleSection\":[\"DESTACADAS\",\"LOCALES Y REGIONALES\"],\"inLanguage\":\"es\"},{\"@type\":\"WebPage\",\"@id\":\"https:\\\/\\\/canal7slp.tv\\\/2022\\\/trabajadores-independientes-entre-la-precarizacion-y-el-avance-de-la-digitalizacion\\\/\",\"url\":\"https:\\\/\\\/canal7slp.tv\\\/2022\\\/trabajadores-independientes-entre-la-precarizacion-y-el-avance-de-la-digitalizacion\\\/\",\"name\":\"Trabajadores independientes, entre la precarizaci\u00f3n y el avance de la digitalizaci\u00f3n. - Canal 7 SLP - 2022\",\"isPartOf\":{\"@id\":\"https:\\\/\\\/canal7slp.tv\\\/2022\\\/#website\"},\"primaryImageOfPage\":{\"@id\":\"https:\\\/\\\/canal7slp.tv\\\/2022\\\/trabajadores-independientes-entre-la-precarizacion-y-el-avance-de-la-digitalizacion\\\/#primaryimage\"},\"image\":{\"@id\":\"https:\\\/\\\/canal7slp.tv\\\/2022\\\/trabajadores-independientes-entre-la-precarizacion-y-el-avance-de-la-digitalizacion\\\/#primaryimage\"},\"thumbnailUrl\":\"https:\\\/\\\/canal7slp.tv\\\/2022\\\/wp-content\\\/uploads\\\/2022\\\/02\\\/Luis02Precarizacion.jpg\",\"datePublished\":\"2022-02-23T23:57:33+00:00\",\"breadcrumb\":{\"@id\":\"https:\\\/\\\/canal7slp.tv\\\/2022\\\/trabajadores-independientes-entre-la-precarizacion-y-el-avance-de-la-digitalizacion\\\/#breadcrumb\"},\"inLanguage\":\"es\",\"potentialAction\":[{\"@type\":\"ReadAction\",\"target\":[\"https:\\\/\\\/canal7slp.tv\\\/2022\\\/trabajadores-independientes-entre-la-precarizacion-y-el-avance-de-la-digitalizacion\\\/\"]}]},{\"@type\":\"ImageObject\",\"inLanguage\":\"es\",\"@id\":\"https:\\\/\\\/canal7slp.tv\\\/2022\\\/trabajadores-independientes-entre-la-precarizacion-y-el-avance-de-la-digitalizacion\\\/#primaryimage\",\"url\":\"https:\\\/\\\/canal7slp.tv\\\/2022\\\/wp-content\\\/uploads\\\/2022\\\/02\\\/Luis02Precarizacion.jpg\",\"contentUrl\":\"https:\\\/\\\/canal7slp.tv\\\/2022\\\/wp-content\\\/uploads\\\/2022\\\/02\\\/Luis02Precarizacion.jpg\",\"width\":888,\"height\":500},{\"@type\":\"BreadcrumbList\",\"@id\":\"https:\\\/\\\/canal7slp.tv\\\/2022\\\/trabajadores-independientes-entre-la-precarizacion-y-el-avance-de-la-digitalizacion\\\/#breadcrumb\",\"itemListElement\":[{\"@type\":\"ListItem\",\"position\":1,\"name\":\"Portada\",\"item\":\"https:\\\/\\\/canal7slp.tv\\\/2022\\\/\"},{\"@type\":\"ListItem\",\"position\":2,\"name\":\"Trabajadores independientes, entre la precarizaci\u00f3n y el avance de la digitalizaci\u00f3n.\"}]},{\"@type\":\"WebSite\",\"@id\":\"https:\\\/\\\/canal7slp.tv\\\/2022\\\/#website\",\"url\":\"https:\\\/\\\/canal7slp.tv\\\/2022\\\/\",\"name\":\"N7 - Noticieros Canal 7\",\"description\":\"Somos Televisi\u00f3n\",\"publisher\":{\"@id\":\"https:\\\/\\\/canal7slp.tv\\\/2022\\\/#organization\"},\"potentialAction\":[{\"@type\":\"SearchAction\",\"target\":{\"@type\":\"EntryPoint\",\"urlTemplate\":\"https:\\\/\\\/canal7slp.tv\\\/2022\\\/?s={search_term_string}\"},\"query-input\":{\"@type\":\"PropertyValueSpecification\",\"valueRequired\":true,\"valueName\":\"search_term_string\"}}],\"inLanguage\":\"es\"},{\"@type\":\"Organization\",\"@id\":\"https:\\\/\\\/canal7slp.tv\\\/2022\\\/#organization\",\"name\":\"Noticieros Canal 7\",\"url\":\"https:\\\/\\\/canal7slp.tv\\\/2022\\\/\",\"logo\":{\"@type\":\"ImageObject\",\"inLanguage\":\"es\",\"@id\":\"https:\\\/\\\/canal7slp.tv\\\/2022\\\/#\\\/schema\\\/logo\\\/image\\\/\",\"url\":\"https:\\\/\\\/canal7slp.tv\\\/2022\\\/wp-content\\\/uploads\\\/2021\\\/01\\\/logo-noticieros@2x.png\",\"contentUrl\":\"https:\\\/\\\/canal7slp.tv\\\/2022\\\/wp-content\\\/uploads\\\/2021\\\/01\\\/logo-noticieros@2x.png\",\"width\":1017,\"height\":268,\"caption\":\"Noticieros Canal 7\"},\"image\":{\"@id\":\"https:\\\/\\\/canal7slp.tv\\\/2022\\\/#\\\/schema\\\/logo\\\/image\\\/\"},\"sameAs\":[\"https:\\\/\\\/www.facebook.com\\\/noticieroscanalsiete\",\"https:\\\/\\\/x.com\\\/NOTICIEROS7\",\"https:\\\/\\\/www.instagram.com\\\/canal7_slp\",\"https:\\\/\\\/www.youtube.com\\\/channel\\\/UCliiYs-gP3JfJeqdPrNdd5A\"]},{\"@type\":\"Person\",\"@id\":\"https:\\\/\\\/canal7slp.tv\\\/2022\\\/#\\\/schema\\\/person\\\/429704152a21f5f856ce29aa69a238da\",\"name\":\"Edici\u00f3n Web\",\"image\":{\"@type\":\"ImageObject\",\"inLanguage\":\"es\",\"@id\":\"https:\\\/\\\/secure.gravatar.com\\\/avatar\\\/eee448fc3f7164808013b816ba91ac7e43bbe82a70bebac296f8bc6f0addaa1a?s=96&d=mm&r=g\",\"url\":\"https:\\\/\\\/secure.gravatar.com\\\/avatar\\\/eee448fc3f7164808013b816ba91ac7e43bbe82a70bebac296f8bc6f0addaa1a?s=96&d=mm&r=g\",\"contentUrl\":\"https:\\\/\\\/secure.gravatar.com\\\/avatar\\\/eee448fc3f7164808013b816ba91ac7e43bbe82a70bebac296f8bc6f0addaa1a?s=96&d=mm&r=g\",\"caption\":\"Edici\u00f3n Web\"},\"url\":\"https:\\\/\\\/canal7slp.tv\\\/2022\\\/author\\\/edicionweb\\\/\"}]}<\/script>\n<!-- \/ Yoast SEO plugin. -->","yoast_head_json":{"title":"Trabajadores independientes, entre la precarizaci\u00f3n y el avance de la digitalizaci\u00f3n. - Canal 7 SLP - 2022","robots":{"index":"index","follow":"follow","max-snippet":"max-snippet:-1","max-image-preview":"max-image-preview:large","max-video-preview":"max-video-preview:-1"},"canonical":"https:\/\/canal7slp.tv\/2022\/trabajadores-independientes-entre-la-precarizacion-y-el-avance-de-la-digitalizacion\/","og_locale":"es_ES","og_type":"article","og_title":"Trabajadores independientes, entre la precarizaci\u00f3n y el avance de la digitalizaci\u00f3n. - Canal 7 SLP - 2022","og_description":"SLP.- Los empleos por cuenta propia, que no reciben un salario fijo ni prestaciones, fueron de los m\u00e1s afectados con la pandemia de Covid-19 y, tras las primeras olas, los que m\u00e1s se han recuperado en M\u00e9xico y Am\u00e9rica Latina, seg\u00fan la Organizaci\u00f3n Internacional del Trabajo (OIT). Estas ocupaciones tienen pros y contras, como el rezago ante las nuevas tecnolog\u00edas, advierte. En nuestro pa\u00eds, la tasa de empleo para trabajadoras y trabajadores asalariados se redujo 4.8% en 2020 y para 2021 subi\u00f3 6.6 por ciento. En cambio, para los\u00a0trabajos por cuenta propia\u00a0o independientes\u00a0la ca\u00edda fue de 12.8% al inicio de [&hellip;]","og_url":"https:\/\/canal7slp.tv\/2022\/trabajadores-independientes-entre-la-precarizacion-y-el-avance-de-la-digitalizacion\/","og_site_name":"Canal 7 SLP - 2022","article_publisher":"https:\/\/www.facebook.com\/noticieroscanalsiete","article_published_time":"2022-02-23T23:57:33+00:00","og_image":[{"width":888,"height":500,"url":"https:\/\/canal7slp.tv\/2022\/wp-content\/uploads\/2022\/02\/Luis02Precarizacion.jpg","type":"image\/jpeg"}],"author":"Edici\u00f3n Web","twitter_card":"summary_large_image","twitter_creator":"@NOTICIEROS7","twitter_site":"@NOTICIEROS7","twitter_misc":{"Escrito por":"Edici\u00f3n Web","Tiempo de lectura":"4 minutos"},"schema":{"@context":"https:\/\/schema.org","@graph":[{"@type":"Article","@id":"https:\/\/canal7slp.tv\/2022\/trabajadores-independientes-entre-la-precarizacion-y-el-avance-de-la-digitalizacion\/#article","isPartOf":{"@id":"https:\/\/canal7slp.tv\/2022\/trabajadores-independientes-entre-la-precarizacion-y-el-avance-de-la-digitalizacion\/"},"author":{"name":"Edici\u00f3n Web","@id":"https:\/\/canal7slp.tv\/2022\/#\/schema\/person\/429704152a21f5f856ce29aa69a238da"},"headline":"Trabajadores independientes, entre la precarizaci\u00f3n y el avance de la digitalizaci\u00f3n.","datePublished":"2022-02-23T23:57:33+00:00","mainEntityOfPage":{"@id":"https:\/\/canal7slp.tv\/2022\/trabajadores-independientes-entre-la-precarizacion-y-el-avance-de-la-digitalizacion\/"},"wordCount":790,"publisher":{"@id":"https:\/\/canal7slp.tv\/2022\/#organization"},"image":{"@id":"https:\/\/canal7slp.tv\/2022\/trabajadores-independientes-entre-la-precarizacion-y-el-avance-de-la-digitalizacion\/#primaryimage"},"thumbnailUrl":"https:\/\/canal7slp.tv\/2022\/wp-content\/uploads\/2022\/02\/Luis02Precarizacion.jpg","articleSection":["DESTACADAS","LOCALES Y REGIONALES"],"inLanguage":"es"},{"@type":"WebPage","@id":"https:\/\/canal7slp.tv\/2022\/trabajadores-independientes-entre-la-precarizacion-y-el-avance-de-la-digitalizacion\/","url":"https:\/\/canal7slp.tv\/2022\/trabajadores-independientes-entre-la-precarizacion-y-el-avance-de-la-digitalizacion\/","name":"Trabajadores independientes, entre la precarizaci\u00f3n y el avance de la digitalizaci\u00f3n. - Canal 7 SLP - 2022","isPartOf":{"@id":"https:\/\/canal7slp.tv\/2022\/#website"},"primaryImageOfPage":{"@id":"https:\/\/canal7slp.tv\/2022\/trabajadores-independientes-entre-la-precarizacion-y-el-avance-de-la-digitalizacion\/#primaryimage"},"image":{"@id":"https:\/\/canal7slp.tv\/2022\/trabajadores-independientes-entre-la-precarizacion-y-el-avance-de-la-digitalizacion\/#primaryimage"},"thumbnailUrl":"https:\/\/canal7slp.tv\/2022\/wp-content\/uploads\/2022\/02\/Luis02Precarizacion.jpg","datePublished":"2022-02-23T23:57:33+00:00","breadcrumb":{"@id":"https:\/\/canal7slp.tv\/2022\/trabajadores-independientes-entre-la-precarizacion-y-el-avance-de-la-digitalizacion\/#breadcrumb"},"inLanguage":"es","potentialAction":[{"@type":"ReadAction","target":["https:\/\/canal7slp.tv\/2022\/trabajadores-independientes-entre-la-precarizacion-y-el-avance-de-la-digitalizacion\/"]}]},{"@type":"ImageObject","inLanguage":"es","@id":"https:\/\/canal7slp.tv\/2022\/trabajadores-independientes-entre-la-precarizacion-y-el-avance-de-la-digitalizacion\/#primaryimage","url":"https:\/\/canal7slp.tv\/2022\/wp-content\/uploads\/2022\/02\/Luis02Precarizacion.jpg","contentUrl":"https:\/\/canal7slp.tv\/2022\/wp-content\/uploads\/2022\/02\/Luis02Precarizacion.jpg","width":888,"height":500},{"@type":"BreadcrumbList","@id":"https:\/\/canal7slp.tv\/2022\/trabajadores-independientes-entre-la-precarizacion-y-el-avance-de-la-digitalizacion\/#breadcrumb","itemListElement":[{"@type":"ListItem","position":1,"name":"Portada","item":"https:\/\/canal7slp.tv\/2022\/"},{"@type":"ListItem","position":2,"name":"Trabajadores independientes, entre la precarizaci\u00f3n y el avance de la digitalizaci\u00f3n."}]},{"@type":"WebSite","@id":"https:\/\/canal7slp.tv\/2022\/#website","url":"https:\/\/canal7slp.tv\/2022\/","name":"N7 - Noticieros Canal 7","description":"Somos Televisi\u00f3n","publisher":{"@id":"https:\/\/canal7slp.tv\/2022\/#organization"},"potentialAction":[{"@type":"SearchAction","target":{"@type":"EntryPoint","urlTemplate":"https:\/\/canal7slp.tv\/2022\/?s={search_term_string}"},"query-input":{"@type":"PropertyValueSpecification","valueRequired":true,"valueName":"search_term_string"}}],"inLanguage":"es"},{"@type":"Organization","@id":"https:\/\/canal7slp.tv\/2022\/#organization","name":"Noticieros Canal 7","url":"https:\/\/canal7slp.tv\/2022\/","logo":{"@type":"ImageObject","inLanguage":"es","@id":"https:\/\/canal7slp.tv\/2022\/#\/schema\/logo\/image\/","url":"https:\/\/canal7slp.tv\/2022\/wp-content\/uploads\/2021\/01\/logo-noticieros@2x.png","contentUrl":"https:\/\/canal7slp.tv\/2022\/wp-content\/uploads\/2021\/01\/logo-noticieros@2x.png","width":1017,"height":268,"caption":"Noticieros Canal 7"},"image":{"@id":"https:\/\/canal7slp.tv\/2022\/#\/schema\/logo\/image\/"},"sameAs":["https:\/\/www.facebook.com\/noticieroscanalsiete","https:\/\/x.com\/NOTICIEROS7","https:\/\/www.instagram.com\/canal7_slp","https:\/\/www.youtube.com\/channel\/UCliiYs-gP3JfJeqdPrNdd5A"]},{"@type":"Person","@id":"https:\/\/canal7slp.tv\/2022\/#\/schema\/person\/429704152a21f5f856ce29aa69a238da","name":"Edici\u00f3n Web","image":{"@type":"ImageObject","inLanguage":"es","@id":"https:\/\/secure.gravatar.com\/avatar\/eee448fc3f7164808013b816ba91ac7e43bbe82a70bebac296f8bc6f0addaa1a?s=96&d=mm&r=g","url":"https:\/\/secure.gravatar.com\/avatar\/eee448fc3f7164808013b816ba91ac7e43bbe82a70bebac296f8bc6f0addaa1a?s=96&d=mm&r=g","contentUrl":"https:\/\/secure.gravatar.com\/avatar\/eee448fc3f7164808013b816ba91ac7e43bbe82a70bebac296f8bc6f0addaa1a?s=96&d=mm&r=g","caption":"Edici\u00f3n Web"},"url":"https:\/\/canal7slp.tv\/2022\/author\/edicionweb\/"}]}},"amp_enabled":true,"_links":{"self":[{"href":"https:\/\/canal7slp.tv\/2022\/wp-json\/wp\/v2\/posts\/52162","targetHints":{"allow":["GET"]}}],"collection":[{"href":"https:\/\/canal7slp.tv\/2022\/wp-json\/wp\/v2\/posts"}],"about":[{"href":"https:\/\/canal7slp.tv\/2022\/wp-json\/wp\/v2\/types\/post"}],"author":[{"embeddable":true,"href":"https:\/\/canal7slp.tv\/2022\/wp-json\/wp\/v2\/users\/2"}],"replies":[{"embeddable":true,"href":"https:\/\/canal7slp.tv\/2022\/wp-json\/wp\/v2\/comments?post=52162"}],"version-history":[{"count":3,"href":"https:\/\/canal7slp.tv\/2022\/wp-json\/wp\/v2\/posts\/52162\/revisions"}],"predecessor-version":[{"id":52753,"href":"https:\/\/canal7slp.tv\/2022\/wp-json\/wp\/v2\/posts\/52162\/revisions\/52753"}],"wp:featuredmedia":[{"embeddable":true,"href":"https:\/\/canal7slp.tv\/2022\/wp-json\/wp\/v2\/media\/52179"}],"wp:attachment":[{"href":"https:\/\/canal7slp.tv\/2022\/wp-json\/wp\/v2\/media?parent=52162"}],"wp:term":[{"taxonomy":"category","embeddable":true,"href":"https:\/\/canal7slp.tv\/2022\/wp-json\/wp\/v2\/categories?post=52162"},{"taxonomy":"post_tag","embeddable":true,"href":"https:\/\/canal7slp.tv\/2022\/wp-json\/wp\/v2\/tags?post=52162"}],"curies":[{"name":"wp","href":"https:\/\/api.w.org\/{rel}","templated":true}]}}