{"id":52149,"date":"2022-02-23T16:48:13","date_gmt":"2022-02-23T22:48:13","guid":{"rendered":"https:\/\/canal7slp.tv\/2022\/?p=52149"},"modified":"2022-02-23T16:48:13","modified_gmt":"2022-02-23T22:48:13","slug":"anuncian-cierre-en-carril-central-de-periferico-oriente-hacia-el-sur","status":"publish","type":"post","link":"https:\/\/canal7slp.tv\/2022\/anuncian-cierre-en-carril-central-de-periferico-oriente-hacia-el-sur\/","title":{"rendered":"Anuncian cierre en carril central de Perif\u00e9rico Oriente, hacia el sur"},"content":{"rendered":"<p style=\"text-align: justify;\">SLP.-\u00a0Por obras de reconstrucci\u00f3n del pavimento, se realizar\u00e1 el cierre del carril central a la altura de Puente \u00abLa Libertad\u00bb hacia la Carretera 57, hasta el pr\u00f3ximo viernes.<\/p>\n<p style=\"text-align: justify;\">\nLa Secretar\u00eda de Desarrollo Urbano, Vivienda y Obras P\u00fablicas (SEDUVOP) inform\u00f3 que la rehabilitaci\u00f3n y reconstrucci\u00f3n de la carpeta asf\u00e1ltica que comprende del kil\u00f3metro 13 al 17 del perif\u00e9rico oriente implica un cierre del carril central a la altura del Puente \u00abLa Libertad\u00bb rumbo el sur de la ciudad.<\/p>\n<p style=\"text-align: justify;\">\nLa labor iniciar\u00e1 la tarde de este mi\u00e9rcoles 23 de febrero.<\/p>\n<p style=\"text-align: justify;\">\nEl plan es restablecer el tr\u00e1nsito la tarde del viernes 25 de febrero, en el tramo que comprende avenida del Taller y calle Villa del Sol a Calle Monclova o Tercera Oriente.<\/p>\n<p style=\"text-align: justify;\">\nSe recomienda a usuarios de la vialidad de la zona metropolitana transitar con precauci\u00f3n.<\/p>\n<p style=\"text-align: justify;\">\nDe ser posible hacer uso de rutas alternas, espec\u00edficamente en horarios habituales de incremento al flujo vehicular.<\/p>\n<p style=\"text-align: justify;\">\nSe mantiene cierre vial de carriles centrales, y en ambos sentidos -a la altura del kil\u00f3metro cuatro del bulevar Antonio Rocha Cordero-.<\/p>\n<p style=\"text-align: justify;\">\nEn este punto, se realizan acciones de redise\u00f1o del puente vehicular frente a la Feria Nacional Potosina (FENAPO) y demolici\u00f3n de carpeta asf\u00e1ltica.<\/p>\n","protected":false},"excerpt":{"rendered":"<p>SLP.-\u00a0Por obras de reconstrucci\u00f3n del pavimento, se realizar\u00e1 el cierre del carril central a la altura de Puente \u00abLa Libertad\u00bb hacia la Carretera 57, hasta el pr\u00f3ximo viernes. La Secretar\u00eda de Desarrollo Urbano, Vivienda y Obras P\u00fablicas (SEDUVOP) inform\u00f3 que la rehabilitaci\u00f3n y reconstrucci\u00f3n de la carpeta asf\u00e1ltica que comprende del kil\u00f3metro 13 al 17 del perif\u00e9rico oriente implica un cierre del carril central a la altura del Puente \u00abLa Libertad\u00bb rumbo el sur de la ciudad. La labor iniciar\u00e1 la tarde de este mi\u00e9rcoles 23 de febrero. El plan es restablecer el tr\u00e1nsito la tarde del viernes 25 de [&hellip;]<\/p>\n","protected":false},"author":2,"featured_media":52150,"comment_status":"closed","ping_status":"closed","sticky":false,"template":"","format":"standard","meta":{"footnotes":""},"categories":[45],"tags":[],"class_list":["post-52149","post","type-post","status-publish","format-standard","has-post-thumbnail","hentry","category-localesyregionales","post--single"],"yoast_head":"<!-- This site is optimized with the Yoast SEO plugin v27.4 - https:\/\/yoast.com\/product\/yoast-seo-wordpress\/ -->\n<title>Anuncian cierre en carril central de Perif\u00e9rico Oriente, hacia el sur - Canal 7 SLP - 2022<\/title>\n<meta name=\"robots\" content=\"index, follow, max-snippet:-1, max-image-preview:large, max-video-preview:-1\" \/>\n<link rel=\"canonical\" href=\"https:\/\/canal7slp.tv\/2022\/anuncian-cierre-en-carril-central-de-periferico-oriente-hacia-el-sur\/\" \/>\n<meta property=\"og:locale\" content=\"es_ES\" \/>\n<meta property=\"og:type\" content=\"article\" \/>\n<meta property=\"og:title\" content=\"Anuncian cierre en carril central de Perif\u00e9rico Oriente, hacia el sur - Canal 7 SLP - 2022\" \/>\n<meta property=\"og:description\" content=\"SLP.-\u00a0Por obras de reconstrucci\u00f3n del pavimento, se realizar\u00e1 el cierre del carril central a la altura de Puente \u00abLa Libertad\u00bb hacia la Carretera 57, hasta el pr\u00f3ximo viernes. La Secretar\u00eda de Desarrollo Urbano, Vivienda y Obras P\u00fablicas (SEDUVOP) inform\u00f3 que la rehabilitaci\u00f3n y reconstrucci\u00f3n de la carpeta asf\u00e1ltica que comprende del kil\u00f3metro 13 al 17 del perif\u00e9rico oriente implica un cierre del carril central a la altura del Puente \u00abLa Libertad\u00bb rumbo el sur de la ciudad. La labor iniciar\u00e1 la tarde de este mi\u00e9rcoles 23 de febrero. El plan es restablecer el tr\u00e1nsito la tarde del viernes 25 de [&hellip;]\" \/>\n<meta property=\"og:url\" content=\"https:\/\/canal7slp.tv\/2022\/anuncian-cierre-en-carril-central-de-periferico-oriente-hacia-el-sur\/\" \/>\n<meta property=\"og:site_name\" content=\"Canal 7 SLP - 2022\" \/>\n<meta property=\"article:publisher\" content=\"https:\/\/www.facebook.com\/noticieroscanalsiete\" \/>\n<meta property=\"article:published_time\" content=\"2022-02-23T22:48:13+00:00\" \/>\n<meta property=\"og:image\" content=\"https:\/\/canal7slp.tv\/2022\/wp-content\/uploads\/2022\/02\/VialidadB.png\" \/>\n\t<meta property=\"og:image:width\" content=\"1956\" \/>\n\t<meta property=\"og:image:height\" content=\"1280\" \/>\n\t<meta property=\"og:image:type\" content=\"image\/png\" \/>\n<meta name=\"author\" content=\"Edici\u00f3n Web\" \/>\n<meta name=\"twitter:card\" content=\"summary_large_image\" \/>\n<meta name=\"twitter:creator\" content=\"@NOTICIEROS7\" \/>\n<meta name=\"twitter:site\" content=\"@NOTICIEROS7\" \/>\n<meta name=\"twitter:label1\" content=\"Escrito por\" \/>\n\t<meta name=\"twitter:data1\" content=\"Edici\u00f3n Web\" \/>\n<script type=\"application\/ld+json\" class=\"yoast-schema-graph\">{\"@context\":\"https:\\\/\\\/schema.org\",\"@graph\":[{\"@type\":\"Article\",\"@id\":\"https:\\\/\\\/canal7slp.tv\\\/2022\\\/anuncian-cierre-en-carril-central-de-periferico-oriente-hacia-el-sur\\\/#article\",\"isPartOf\":{\"@id\":\"https:\\\/\\\/canal7slp.tv\\\/2022\\\/anuncian-cierre-en-carril-central-de-periferico-oriente-hacia-el-sur\\\/\"},\"author\":{\"name\":\"Edici\u00f3n Web\",\"@id\":\"https:\\\/\\\/canal7slp.tv\\\/2022\\\/#\\\/schema\\\/person\\\/429704152a21f5f856ce29aa69a238da\"},\"headline\":\"Anuncian cierre en carril central de Perif\u00e9rico Oriente, hacia el sur\",\"datePublished\":\"2022-02-23T22:48:13+00:00\",\"mainEntityOfPage\":{\"@id\":\"https:\\\/\\\/canal7slp.tv\\\/2022\\\/anuncian-cierre-en-carril-central-de-periferico-oriente-hacia-el-sur\\\/\"},\"wordCount\":222,\"publisher\":{\"@id\":\"https:\\\/\\\/canal7slp.tv\\\/2022\\\/#organization\"},\"image\":{\"@id\":\"https:\\\/\\\/canal7slp.tv\\\/2022\\\/anuncian-cierre-en-carril-central-de-periferico-oriente-hacia-el-sur\\\/#primaryimage\"},\"thumbnailUrl\":\"https:\\\/\\\/canal7slp.tv\\\/2022\\\/wp-content\\\/uploads\\\/2022\\\/02\\\/VialidadB.png\",\"articleSection\":[\"LOCALES Y REGIONALES\"],\"inLanguage\":\"es\"},{\"@type\":\"WebPage\",\"@id\":\"https:\\\/\\\/canal7slp.tv\\\/2022\\\/anuncian-cierre-en-carril-central-de-periferico-oriente-hacia-el-sur\\\/\",\"url\":\"https:\\\/\\\/canal7slp.tv\\\/2022\\\/anuncian-cierre-en-carril-central-de-periferico-oriente-hacia-el-sur\\\/\",\"name\":\"Anuncian cierre en carril central de Perif\u00e9rico Oriente, hacia el sur - Canal 7 SLP - 2022\",\"isPartOf\":{\"@id\":\"https:\\\/\\\/canal7slp.tv\\\/2022\\\/#website\"},\"primaryImageOfPage\":{\"@id\":\"https:\\\/\\\/canal7slp.tv\\\/2022\\\/anuncian-cierre-en-carril-central-de-periferico-oriente-hacia-el-sur\\\/#primaryimage\"},\"image\":{\"@id\":\"https:\\\/\\\/canal7slp.tv\\\/2022\\\/anuncian-cierre-en-carril-central-de-periferico-oriente-hacia-el-sur\\\/#primaryimage\"},\"thumbnailUrl\":\"https:\\\/\\\/canal7slp.tv\\\/2022\\\/wp-content\\\/uploads\\\/2022\\\/02\\\/VialidadB.png\",\"datePublished\":\"2022-02-23T22:48:13+00:00\",\"breadcrumb\":{\"@id\":\"https:\\\/\\\/canal7slp.tv\\\/2022\\\/anuncian-cierre-en-carril-central-de-periferico-oriente-hacia-el-sur\\\/#breadcrumb\"},\"inLanguage\":\"es\",\"potentialAction\":[{\"@type\":\"ReadAction\",\"target\":[\"https:\\\/\\\/canal7slp.tv\\\/2022\\\/anuncian-cierre-en-carril-central-de-periferico-oriente-hacia-el-sur\\\/\"]}]},{\"@type\":\"ImageObject\",\"inLanguage\":\"es\",\"@id\":\"https:\\\/\\\/canal7slp.tv\\\/2022\\\/anuncian-cierre-en-carril-central-de-periferico-oriente-hacia-el-sur\\\/#primaryimage\",\"url\":\"https:\\\/\\\/canal7slp.tv\\\/2022\\\/wp-content\\\/uploads\\\/2022\\\/02\\\/VialidadB.png\",\"contentUrl\":\"https:\\\/\\\/canal7slp.tv\\\/2022\\\/wp-content\\\/uploads\\\/2022\\\/02\\\/VialidadB.png\",\"width\":1956,\"height\":1280},{\"@type\":\"BreadcrumbList\",\"@id\":\"https:\\\/\\\/canal7slp.tv\\\/2022\\\/anuncian-cierre-en-carril-central-de-periferico-oriente-hacia-el-sur\\\/#breadcrumb\",\"itemListElement\":[{\"@type\":\"ListItem\",\"position\":1,\"name\":\"Portada\",\"item\":\"https:\\\/\\\/canal7slp.tv\\\/2022\\\/\"},{\"@type\":\"ListItem\",\"position\":2,\"name\":\"Anuncian cierre en carril central de Perif\u00e9rico Oriente, hacia el sur\"}]},{\"@type\":\"WebSite\",\"@id\":\"https:\\\/\\\/canal7slp.tv\\\/2022\\\/#website\",\"url\":\"https:\\\/\\\/canal7slp.tv\\\/2022\\\/\",\"name\":\"N7 - Noticieros Canal 7\",\"description\":\"Somos Televisi\u00f3n\",\"publisher\":{\"@id\":\"https:\\\/\\\/canal7slp.tv\\\/2022\\\/#organization\"},\"potentialAction\":[{\"@type\":\"SearchAction\",\"target\":{\"@type\":\"EntryPoint\",\"urlTemplate\":\"https:\\\/\\\/canal7slp.tv\\\/2022\\\/?s={search_term_string}\"},\"query-input\":{\"@type\":\"PropertyValueSpecification\",\"valueRequired\":true,\"valueName\":\"search_term_string\"}}],\"inLanguage\":\"es\"},{\"@type\":\"Organization\",\"@id\":\"https:\\\/\\\/canal7slp.tv\\\/2022\\\/#organization\",\"name\":\"Noticieros Canal 7\",\"url\":\"https:\\\/\\\/canal7slp.tv\\\/2022\\\/\",\"logo\":{\"@type\":\"ImageObject\",\"inLanguage\":\"es\",\"@id\":\"https:\\\/\\\/canal7slp.tv\\\/2022\\\/#\\\/schema\\\/logo\\\/image\\\/\",\"url\":\"https:\\\/\\\/canal7slp.tv\\\/2022\\\/wp-content\\\/uploads\\\/2021\\\/01\\\/logo-noticieros@2x.png\",\"contentUrl\":\"https:\\\/\\\/canal7slp.tv\\\/2022\\\/wp-content\\\/uploads\\\/2021\\\/01\\\/logo-noticieros@2x.png\",\"width\":1017,\"height\":268,\"caption\":\"Noticieros Canal 7\"},\"image\":{\"@id\":\"https:\\\/\\\/canal7slp.tv\\\/2022\\\/#\\\/schema\\\/logo\\\/image\\\/\"},\"sameAs\":[\"https:\\\/\\\/www.facebook.com\\\/noticieroscanalsiete\",\"https:\\\/\\\/x.com\\\/NOTICIEROS7\",\"https:\\\/\\\/www.instagram.com\\\/canal7_slp\",\"https:\\\/\\\/www.youtube.com\\\/channel\\\/UCliiYs-gP3JfJeqdPrNdd5A\"]},{\"@type\":\"Person\",\"@id\":\"https:\\\/\\\/canal7slp.tv\\\/2022\\\/#\\\/schema\\\/person\\\/429704152a21f5f856ce29aa69a238da\",\"name\":\"Edici\u00f3n Web\",\"image\":{\"@type\":\"ImageObject\",\"inLanguage\":\"es\",\"@id\":\"https:\\\/\\\/secure.gravatar.com\\\/avatar\\\/eee448fc3f7164808013b816ba91ac7e43bbe82a70bebac296f8bc6f0addaa1a?s=96&d=mm&r=g\",\"url\":\"https:\\\/\\\/secure.gravatar.com\\\/avatar\\\/eee448fc3f7164808013b816ba91ac7e43bbe82a70bebac296f8bc6f0addaa1a?s=96&d=mm&r=g\",\"contentUrl\":\"https:\\\/\\\/secure.gravatar.com\\\/avatar\\\/eee448fc3f7164808013b816ba91ac7e43bbe82a70bebac296f8bc6f0addaa1a?s=96&d=mm&r=g\",\"caption\":\"Edici\u00f3n Web\"},\"url\":\"https:\\\/\\\/canal7slp.tv\\\/2022\\\/author\\\/edicionweb\\\/\"}]}<\/script>\n<!-- \/ Yoast SEO plugin. -->","yoast_head_json":{"title":"Anuncian cierre en carril central de Perif\u00e9rico Oriente, hacia el sur - Canal 7 SLP - 2022","robots":{"index":"index","follow":"follow","max-snippet":"max-snippet:-1","max-image-preview":"max-image-preview:large","max-video-preview":"max-video-preview:-1"},"canonical":"https:\/\/canal7slp.tv\/2022\/anuncian-cierre-en-carril-central-de-periferico-oriente-hacia-el-sur\/","og_locale":"es_ES","og_type":"article","og_title":"Anuncian cierre en carril central de Perif\u00e9rico Oriente, hacia el sur - Canal 7 SLP - 2022","og_description":"SLP.-\u00a0Por obras de reconstrucci\u00f3n del pavimento, se realizar\u00e1 el cierre del carril central a la altura de Puente \u00abLa Libertad\u00bb hacia la Carretera 57, hasta el pr\u00f3ximo viernes. La Secretar\u00eda de Desarrollo Urbano, Vivienda y Obras P\u00fablicas (SEDUVOP) inform\u00f3 que la rehabilitaci\u00f3n y reconstrucci\u00f3n de la carpeta asf\u00e1ltica que comprende del kil\u00f3metro 13 al 17 del perif\u00e9rico oriente implica un cierre del carril central a la altura del Puente \u00abLa Libertad\u00bb rumbo el sur de la ciudad. La labor iniciar\u00e1 la tarde de este mi\u00e9rcoles 23 de febrero. El plan es restablecer el tr\u00e1nsito la tarde del viernes 25 de [&hellip;]","og_url":"https:\/\/canal7slp.tv\/2022\/anuncian-cierre-en-carril-central-de-periferico-oriente-hacia-el-sur\/","og_site_name":"Canal 7 SLP - 2022","article_publisher":"https:\/\/www.facebook.com\/noticieroscanalsiete","article_published_time":"2022-02-23T22:48:13+00:00","og_image":[{"width":1956,"height":1280,"url":"https:\/\/canal7slp.tv\/2022\/wp-content\/uploads\/2022\/02\/VialidadB.png","type":"image\/png"}],"author":"Edici\u00f3n Web","twitter_card":"summary_large_image","twitter_creator":"@NOTICIEROS7","twitter_site":"@NOTICIEROS7","twitter_misc":{"Escrito por":"Edici\u00f3n Web"},"schema":{"@context":"https:\/\/schema.org","@graph":[{"@type":"Article","@id":"https:\/\/canal7slp.tv\/2022\/anuncian-cierre-en-carril-central-de-periferico-oriente-hacia-el-sur\/#article","isPartOf":{"@id":"https:\/\/canal7slp.tv\/2022\/anuncian-cierre-en-carril-central-de-periferico-oriente-hacia-el-sur\/"},"author":{"name":"Edici\u00f3n Web","@id":"https:\/\/canal7slp.tv\/2022\/#\/schema\/person\/429704152a21f5f856ce29aa69a238da"},"headline":"Anuncian cierre en carril central de Perif\u00e9rico Oriente, hacia el sur","datePublished":"2022-02-23T22:48:13+00:00","mainEntityOfPage":{"@id":"https:\/\/canal7slp.tv\/2022\/anuncian-cierre-en-carril-central-de-periferico-oriente-hacia-el-sur\/"},"wordCount":222,"publisher":{"@id":"https:\/\/canal7slp.tv\/2022\/#organization"},"image":{"@id":"https:\/\/canal7slp.tv\/2022\/anuncian-cierre-en-carril-central-de-periferico-oriente-hacia-el-sur\/#primaryimage"},"thumbnailUrl":"https:\/\/canal7slp.tv\/2022\/wp-content\/uploads\/2022\/02\/VialidadB.png","articleSection":["LOCALES Y REGIONALES"],"inLanguage":"es"},{"@type":"WebPage","@id":"https:\/\/canal7slp.tv\/2022\/anuncian-cierre-en-carril-central-de-periferico-oriente-hacia-el-sur\/","url":"https:\/\/canal7slp.tv\/2022\/anuncian-cierre-en-carril-central-de-periferico-oriente-hacia-el-sur\/","name":"Anuncian cierre en carril central de Perif\u00e9rico Oriente, hacia el sur - Canal 7 SLP - 2022","isPartOf":{"@id":"https:\/\/canal7slp.tv\/2022\/#website"},"primaryImageOfPage":{"@id":"https:\/\/canal7slp.tv\/2022\/anuncian-cierre-en-carril-central-de-periferico-oriente-hacia-el-sur\/#primaryimage"},"image":{"@id":"https:\/\/canal7slp.tv\/2022\/anuncian-cierre-en-carril-central-de-periferico-oriente-hacia-el-sur\/#primaryimage"},"thumbnailUrl":"https:\/\/canal7slp.tv\/2022\/wp-content\/uploads\/2022\/02\/VialidadB.png","datePublished":"2022-02-23T22:48:13+00:00","breadcrumb":{"@id":"https:\/\/canal7slp.tv\/2022\/anuncian-cierre-en-carril-central-de-periferico-oriente-hacia-el-sur\/#breadcrumb"},"inLanguage":"es","potentialAction":[{"@type":"ReadAction","target":["https:\/\/canal7slp.tv\/2022\/anuncian-cierre-en-carril-central-de-periferico-oriente-hacia-el-sur\/"]}]},{"@type":"ImageObject","inLanguage":"es","@id":"https:\/\/canal7slp.tv\/2022\/anuncian-cierre-en-carril-central-de-periferico-oriente-hacia-el-sur\/#primaryimage","url":"https:\/\/canal7slp.tv\/2022\/wp-content\/uploads\/2022\/02\/VialidadB.png","contentUrl":"https:\/\/canal7slp.tv\/2022\/wp-content\/uploads\/2022\/02\/VialidadB.png","width":1956,"height":1280},{"@type":"BreadcrumbList","@id":"https:\/\/canal7slp.tv\/2022\/anuncian-cierre-en-carril-central-de-periferico-oriente-hacia-el-sur\/#breadcrumb","itemListElement":[{"@type":"ListItem","position":1,"name":"Portada","item":"https:\/\/canal7slp.tv\/2022\/"},{"@type":"ListItem","position":2,"name":"Anuncian cierre en carril central de Perif\u00e9rico Oriente, hacia el sur"}]},{"@type":"WebSite","@id":"https:\/\/canal7slp.tv\/2022\/#website","url":"https:\/\/canal7slp.tv\/2022\/","name":"N7 - Noticieros Canal 7","description":"Somos Televisi\u00f3n","publisher":{"@id":"https:\/\/canal7slp.tv\/2022\/#organization"},"potentialAction":[{"@type":"SearchAction","target":{"@type":"EntryPoint","urlTemplate":"https:\/\/canal7slp.tv\/2022\/?s={search_term_string}"},"query-input":{"@type":"PropertyValueSpecification","valueRequired":true,"valueName":"search_term_string"}}],"inLanguage":"es"},{"@type":"Organization","@id":"https:\/\/canal7slp.tv\/2022\/#organization","name":"Noticieros Canal 7","url":"https:\/\/canal7slp.tv\/2022\/","logo":{"@type":"ImageObject","inLanguage":"es","@id":"https:\/\/canal7slp.tv\/2022\/#\/schema\/logo\/image\/","url":"https:\/\/canal7slp.tv\/2022\/wp-content\/uploads\/2021\/01\/logo-noticieros@2x.png","contentUrl":"https:\/\/canal7slp.tv\/2022\/wp-content\/uploads\/2021\/01\/logo-noticieros@2x.png","width":1017,"height":268,"caption":"Noticieros Canal 7"},"image":{"@id":"https:\/\/canal7slp.tv\/2022\/#\/schema\/logo\/image\/"},"sameAs":["https:\/\/www.facebook.com\/noticieroscanalsiete","https:\/\/x.com\/NOTICIEROS7","https:\/\/www.instagram.com\/canal7_slp","https:\/\/www.youtube.com\/channel\/UCliiYs-gP3JfJeqdPrNdd5A"]},{"@type":"Person","@id":"https:\/\/canal7slp.tv\/2022\/#\/schema\/person\/429704152a21f5f856ce29aa69a238da","name":"Edici\u00f3n Web","image":{"@type":"ImageObject","inLanguage":"es","@id":"https:\/\/secure.gravatar.com\/avatar\/eee448fc3f7164808013b816ba91ac7e43bbe82a70bebac296f8bc6f0addaa1a?s=96&d=mm&r=g","url":"https:\/\/secure.gravatar.com\/avatar\/eee448fc3f7164808013b816ba91ac7e43bbe82a70bebac296f8bc6f0addaa1a?s=96&d=mm&r=g","contentUrl":"https:\/\/secure.gravatar.com\/avatar\/eee448fc3f7164808013b816ba91ac7e43bbe82a70bebac296f8bc6f0addaa1a?s=96&d=mm&r=g","caption":"Edici\u00f3n Web"},"url":"https:\/\/canal7slp.tv\/2022\/author\/edicionweb\/"}]}},"amp_enabled":true,"_links":{"self":[{"href":"https:\/\/canal7slp.tv\/2022\/wp-json\/wp\/v2\/posts\/52149","targetHints":{"allow":["GET"]}}],"collection":[{"href":"https:\/\/canal7slp.tv\/2022\/wp-json\/wp\/v2\/posts"}],"about":[{"href":"https:\/\/canal7slp.tv\/2022\/wp-json\/wp\/v2\/types\/post"}],"author":[{"embeddable":true,"href":"https:\/\/canal7slp.tv\/2022\/wp-json\/wp\/v2\/users\/2"}],"replies":[{"embeddable":true,"href":"https:\/\/canal7slp.tv\/2022\/wp-json\/wp\/v2\/comments?post=52149"}],"version-history":[{"count":1,"href":"https:\/\/canal7slp.tv\/2022\/wp-json\/wp\/v2\/posts\/52149\/revisions"}],"predecessor-version":[{"id":52151,"href":"https:\/\/canal7slp.tv\/2022\/wp-json\/wp\/v2\/posts\/52149\/revisions\/52151"}],"wp:featuredmedia":[{"embeddable":true,"href":"https:\/\/canal7slp.tv\/2022\/wp-json\/wp\/v2\/media\/52150"}],"wp:attachment":[{"href":"https:\/\/canal7slp.tv\/2022\/wp-json\/wp\/v2\/media?parent=52149"}],"wp:term":[{"taxonomy":"category","embeddable":true,"href":"https:\/\/canal7slp.tv\/2022\/wp-json\/wp\/v2\/categories?post=52149"},{"taxonomy":"post_tag","embeddable":true,"href":"https:\/\/canal7slp.tv\/2022\/wp-json\/wp\/v2\/tags?post=52149"}],"curies":[{"name":"wp","href":"https:\/\/api.w.org\/{rel}","templated":true}]}}