{"id":52148,"date":"2022-02-23T18:54:13","date_gmt":"2022-02-24T00:54:13","guid":{"rendered":"https:\/\/canal7slp.tv\/2022\/?p=52148"},"modified":"2022-02-23T18:54:13","modified_gmt":"2022-02-24T00:54:13","slug":"tras-renuncia-de-titular-policia-vial-de-soledad-operara-con-encargado-de-despacho","status":"publish","type":"post","link":"https:\/\/canal7slp.tv\/2022\/tras-renuncia-de-titular-policia-vial-de-soledad-operara-con-encargado-de-despacho\/","title":{"rendered":"Tras renuncia de titular, Polic\u00eda Vial de Soledad operar\u00e1 con encargado de despacho."},"content":{"rendered":"<p style=\"text-align: justify;\">SGS.- La presidenta municipal de Soledad de Graciano S\u00e1nchez, Leonor Noyola Cervantes, dijo respaldar a Mauricio Ordaz Flores como nuevo titular de Protecci\u00f3n Civil del Estado de San Luis Potos\u00ed, luego de que se anunciara que este dejar\u00e1 su cargo en el Ayuntamiento como director de la Polic\u00eda Vial.<\/p>\n<p style=\"text-align: justify;\">\u00abEfectivamente se viene al Estado una persona muy capaz y profesional al cual a trav\u00e9s de sus medios le hago llegar este mensaje con las mejores vibras los mejores de los \u00e9xitos, que le vaya bien\u00bb, dijo al inicio de la entrevista.<\/p>\n<p style=\"text-align: justify;\">La alcaldesa platic\u00f3 que por el momento se quedar\u00e1 una persona como encargado de despacho y en los pr\u00f3ximos d\u00edas se dar\u00e1 a conocer el nombre de quien encabezar\u00e1 formalmente dicha \u00e1rea<\/p>\n<p style=\"text-align: justify;\">\u00abEstamos ahorita con un encargado de despacho, entre hoy y ma\u00f1ana tendremos a qui\u00e9n realmente tome las riendas de esa \u00e1rea, de todas maneras nosotros seguimos trabajando en el mismo tenor, con el mismo ritmo y con el mismo inter\u00e9s de dar lo mejor a la ciudadan\u00eda\u00bb, asever\u00f3.<\/p>\n<p style=\"text-align: justify;\">Noyola Cervantes coment\u00f3 que el nuevo perfil que se designe deber\u00e1 conocer al pie de la letra los reglamentos, as\u00ed como las vialidades y colonias que tiene la ciudad.<\/p>\n<p style=\"text-align: justify;\">Por otra parte, afirm\u00f3 que los operativos implementados hasta el momento en materia vial seguir\u00e1n su curso pues algunos est\u00e1n a punto de culminar, como lo son los cursos de manejo orientados a la poblaci\u00f3n.<\/p>\n<p style=\"text-align: justify;\">\u00abEsos operativos ya casi se terminaron, estamos por entregar algunos reconocimientos y esa es la instrucci\u00f3n que tendr\u00e1 el encargado de despacho y el nuevo titular que llegue en su momento, que ese y muchos m\u00e1s programas se traigan en beneficio de la ciudadan\u00eda\u00bb, a\u00f1adi\u00f3<\/p>\n<p style=\"text-align: justify;\">La funcionaria termin\u00f3 la entrevista, al anunciar que de manera probable se llevar\u00e1 a cabo otro cambio m\u00e1s al interior de su equipo de trabajo y es que record\u00f3 que constantemente se realizan evaluaciones a su personal.<\/p>\n<p style=\"text-align: justify;\">Por: Jos\u00e9 Luis V\u00e1zquez<\/p>\n","protected":false},"excerpt":{"rendered":"<p>SGS.- La presidenta municipal de Soledad de Graciano S\u00e1nchez, Leonor Noyola Cervantes, dijo respaldar a Mauricio Ordaz Flores como nuevo titular de Protecci\u00f3n Civil del Estado de San Luis Potos\u00ed, luego de que se anunciara que este dejar\u00e1 su cargo en el Ayuntamiento como director de la Polic\u00eda Vial. \u00abEfectivamente se viene al Estado una persona muy capaz y profesional al cual a trav\u00e9s de sus medios le hago llegar este mensaje con las mejores vibras los mejores de los \u00e9xitos, que le vaya bien\u00bb, dijo al inicio de la entrevista. La alcaldesa platic\u00f3 que por el momento se quedar\u00e1 [&hellip;]<\/p>\n","protected":false},"author":2,"featured_media":52189,"comment_status":"closed","ping_status":"closed","sticky":false,"template":"","format":"video","meta":{"footnotes":""},"categories":[512,5,45],"tags":[],"class_list":["post-52148","post","type-post","status-publish","format-video","has-post-thumbnail","hentry","category-ayosgs","category-destacadas","category-localesyregionales","post_format-post-format-video","post--single"],"yoast_head":"<!-- This site is optimized with the Yoast SEO plugin v27.4 - https:\/\/yoast.com\/product\/yoast-seo-wordpress\/ -->\n<title>Tras renuncia de titular, Polic\u00eda Vial de Soledad operar\u00e1 con encargado de despacho. - Canal 7 SLP - 2022<\/title>\n<meta name=\"robots\" content=\"index, follow, max-snippet:-1, max-image-preview:large, max-video-preview:-1\" \/>\n<link rel=\"canonical\" href=\"https:\/\/canal7slp.tv\/2022\/tras-renuncia-de-titular-policia-vial-de-soledad-operara-con-encargado-de-despacho\/\" \/>\n<meta property=\"og:locale\" content=\"es_ES\" \/>\n<meta property=\"og:type\" content=\"article\" \/>\n<meta property=\"og:title\" content=\"Tras renuncia de titular, Polic\u00eda Vial de Soledad operar\u00e1 con encargado de despacho. - Canal 7 SLP - 2022\" \/>\n<meta property=\"og:description\" content=\"SGS.- La presidenta municipal de Soledad de Graciano S\u00e1nchez, Leonor Noyola Cervantes, dijo respaldar a Mauricio Ordaz Flores como nuevo titular de Protecci\u00f3n Civil del Estado de San Luis Potos\u00ed, luego de que se anunciara que este dejar\u00e1 su cargo en el Ayuntamiento como director de la Polic\u00eda Vial. \u00abEfectivamente se viene al Estado una persona muy capaz y profesional al cual a trav\u00e9s de sus medios le hago llegar este mensaje con las mejores vibras los mejores de los \u00e9xitos, que le vaya bien\u00bb, dijo al inicio de la entrevista. La alcaldesa platic\u00f3 que por el momento se quedar\u00e1 [&hellip;]\" \/>\n<meta property=\"og:url\" content=\"https:\/\/canal7slp.tv\/2022\/tras-renuncia-de-titular-policia-vial-de-soledad-operara-con-encargado-de-despacho\/\" \/>\n<meta property=\"og:site_name\" content=\"Canal 7 SLP - 2022\" \/>\n<meta property=\"article:publisher\" content=\"https:\/\/www.facebook.com\/noticieroscanalsiete\" \/>\n<meta property=\"article:published_time\" content=\"2022-02-24T00:54:13+00:00\" \/>\n<meta property=\"og:image\" content=\"https:\/\/canal7slp.tv\/2022\/wp-content\/uploads\/2022\/02\/Vazquez03SoledadMauricio.jpg\" \/>\n\t<meta property=\"og:image:width\" content=\"888\" \/>\n\t<meta property=\"og:image:height\" content=\"500\" \/>\n\t<meta property=\"og:image:type\" content=\"image\/jpeg\" \/>\n<meta name=\"author\" content=\"Edici\u00f3n Web\" \/>\n<meta name=\"twitter:card\" content=\"summary_large_image\" \/>\n<meta name=\"twitter:creator\" content=\"@NOTICIEROS7\" \/>\n<meta name=\"twitter:site\" content=\"@NOTICIEROS7\" \/>\n<meta name=\"twitter:label1\" content=\"Escrito por\" \/>\n\t<meta name=\"twitter:data1\" content=\"Edici\u00f3n Web\" \/>\n\t<meta name=\"twitter:label2\" content=\"Tiempo de lectura\" \/>\n\t<meta name=\"twitter:data2\" content=\"2 minutos\" \/>\n<script type=\"application\/ld+json\" class=\"yoast-schema-graph\">{\"@context\":\"https:\\\/\\\/schema.org\",\"@graph\":[{\"@type\":\"Article\",\"@id\":\"https:\\\/\\\/canal7slp.tv\\\/2022\\\/tras-renuncia-de-titular-policia-vial-de-soledad-operara-con-encargado-de-despacho\\\/#article\",\"isPartOf\":{\"@id\":\"https:\\\/\\\/canal7slp.tv\\\/2022\\\/tras-renuncia-de-titular-policia-vial-de-soledad-operara-con-encargado-de-despacho\\\/\"},\"author\":{\"name\":\"Edici\u00f3n Web\",\"@id\":\"https:\\\/\\\/canal7slp.tv\\\/2022\\\/#\\\/schema\\\/person\\\/429704152a21f5f856ce29aa69a238da\"},\"headline\":\"Tras renuncia de titular, Polic\u00eda Vial de Soledad operar\u00e1 con encargado de despacho.\",\"datePublished\":\"2022-02-24T00:54:13+00:00\",\"mainEntityOfPage\":{\"@id\":\"https:\\\/\\\/canal7slp.tv\\\/2022\\\/tras-renuncia-de-titular-policia-vial-de-soledad-operara-con-encargado-de-despacho\\\/\"},\"wordCount\":355,\"publisher\":{\"@id\":\"https:\\\/\\\/canal7slp.tv\\\/2022\\\/#organization\"},\"image\":{\"@id\":\"https:\\\/\\\/canal7slp.tv\\\/2022\\\/tras-renuncia-de-titular-policia-vial-de-soledad-operara-con-encargado-de-despacho\\\/#primaryimage\"},\"thumbnailUrl\":\"https:\\\/\\\/canal7slp.tv\\\/2022\\\/wp-content\\\/uploads\\\/2022\\\/02\\\/Vazquez03SoledadMauricio.jpg\",\"articleSection\":[\"AYOSGS\",\"DESTACADAS\",\"LOCALES Y REGIONALES\"],\"inLanguage\":\"es\"},{\"@type\":\"WebPage\",\"@id\":\"https:\\\/\\\/canal7slp.tv\\\/2022\\\/tras-renuncia-de-titular-policia-vial-de-soledad-operara-con-encargado-de-despacho\\\/\",\"url\":\"https:\\\/\\\/canal7slp.tv\\\/2022\\\/tras-renuncia-de-titular-policia-vial-de-soledad-operara-con-encargado-de-despacho\\\/\",\"name\":\"Tras renuncia de titular, Polic\u00eda Vial de Soledad operar\u00e1 con encargado de despacho. - Canal 7 SLP - 2022\",\"isPartOf\":{\"@id\":\"https:\\\/\\\/canal7slp.tv\\\/2022\\\/#website\"},\"primaryImageOfPage\":{\"@id\":\"https:\\\/\\\/canal7slp.tv\\\/2022\\\/tras-renuncia-de-titular-policia-vial-de-soledad-operara-con-encargado-de-despacho\\\/#primaryimage\"},\"image\":{\"@id\":\"https:\\\/\\\/canal7slp.tv\\\/2022\\\/tras-renuncia-de-titular-policia-vial-de-soledad-operara-con-encargado-de-despacho\\\/#primaryimage\"},\"thumbnailUrl\":\"https:\\\/\\\/canal7slp.tv\\\/2022\\\/wp-content\\\/uploads\\\/2022\\\/02\\\/Vazquez03SoledadMauricio.jpg\",\"datePublished\":\"2022-02-24T00:54:13+00:00\",\"breadcrumb\":{\"@id\":\"https:\\\/\\\/canal7slp.tv\\\/2022\\\/tras-renuncia-de-titular-policia-vial-de-soledad-operara-con-encargado-de-despacho\\\/#breadcrumb\"},\"inLanguage\":\"es\",\"potentialAction\":[{\"@type\":\"ReadAction\",\"target\":[\"https:\\\/\\\/canal7slp.tv\\\/2022\\\/tras-renuncia-de-titular-policia-vial-de-soledad-operara-con-encargado-de-despacho\\\/\"]}]},{\"@type\":\"ImageObject\",\"inLanguage\":\"es\",\"@id\":\"https:\\\/\\\/canal7slp.tv\\\/2022\\\/tras-renuncia-de-titular-policia-vial-de-soledad-operara-con-encargado-de-despacho\\\/#primaryimage\",\"url\":\"https:\\\/\\\/canal7slp.tv\\\/2022\\\/wp-content\\\/uploads\\\/2022\\\/02\\\/Vazquez03SoledadMauricio.jpg\",\"contentUrl\":\"https:\\\/\\\/canal7slp.tv\\\/2022\\\/wp-content\\\/uploads\\\/2022\\\/02\\\/Vazquez03SoledadMauricio.jpg\",\"width\":888,\"height\":500},{\"@type\":\"BreadcrumbList\",\"@id\":\"https:\\\/\\\/canal7slp.tv\\\/2022\\\/tras-renuncia-de-titular-policia-vial-de-soledad-operara-con-encargado-de-despacho\\\/#breadcrumb\",\"itemListElement\":[{\"@type\":\"ListItem\",\"position\":1,\"name\":\"Portada\",\"item\":\"https:\\\/\\\/canal7slp.tv\\\/2022\\\/\"},{\"@type\":\"ListItem\",\"position\":2,\"name\":\"Tras renuncia de titular, Polic\u00eda Vial de Soledad operar\u00e1 con encargado de despacho.\"}]},{\"@type\":\"WebSite\",\"@id\":\"https:\\\/\\\/canal7slp.tv\\\/2022\\\/#website\",\"url\":\"https:\\\/\\\/canal7slp.tv\\\/2022\\\/\",\"name\":\"N7 - Noticieros Canal 7\",\"description\":\"Somos Televisi\u00f3n\",\"publisher\":{\"@id\":\"https:\\\/\\\/canal7slp.tv\\\/2022\\\/#organization\"},\"potentialAction\":[{\"@type\":\"SearchAction\",\"target\":{\"@type\":\"EntryPoint\",\"urlTemplate\":\"https:\\\/\\\/canal7slp.tv\\\/2022\\\/?s={search_term_string}\"},\"query-input\":{\"@type\":\"PropertyValueSpecification\",\"valueRequired\":true,\"valueName\":\"search_term_string\"}}],\"inLanguage\":\"es\"},{\"@type\":\"Organization\",\"@id\":\"https:\\\/\\\/canal7slp.tv\\\/2022\\\/#organization\",\"name\":\"Noticieros Canal 7\",\"url\":\"https:\\\/\\\/canal7slp.tv\\\/2022\\\/\",\"logo\":{\"@type\":\"ImageObject\",\"inLanguage\":\"es\",\"@id\":\"https:\\\/\\\/canal7slp.tv\\\/2022\\\/#\\\/schema\\\/logo\\\/image\\\/\",\"url\":\"https:\\\/\\\/canal7slp.tv\\\/2022\\\/wp-content\\\/uploads\\\/2021\\\/01\\\/logo-noticieros@2x.png\",\"contentUrl\":\"https:\\\/\\\/canal7slp.tv\\\/2022\\\/wp-content\\\/uploads\\\/2021\\\/01\\\/logo-noticieros@2x.png\",\"width\":1017,\"height\":268,\"caption\":\"Noticieros Canal 7\"},\"image\":{\"@id\":\"https:\\\/\\\/canal7slp.tv\\\/2022\\\/#\\\/schema\\\/logo\\\/image\\\/\"},\"sameAs\":[\"https:\\\/\\\/www.facebook.com\\\/noticieroscanalsiete\",\"https:\\\/\\\/x.com\\\/NOTICIEROS7\",\"https:\\\/\\\/www.instagram.com\\\/canal7_slp\",\"https:\\\/\\\/www.youtube.com\\\/channel\\\/UCliiYs-gP3JfJeqdPrNdd5A\"]},{\"@type\":\"Person\",\"@id\":\"https:\\\/\\\/canal7slp.tv\\\/2022\\\/#\\\/schema\\\/person\\\/429704152a21f5f856ce29aa69a238da\",\"name\":\"Edici\u00f3n Web\",\"image\":{\"@type\":\"ImageObject\",\"inLanguage\":\"es\",\"@id\":\"https:\\\/\\\/secure.gravatar.com\\\/avatar\\\/eee448fc3f7164808013b816ba91ac7e43bbe82a70bebac296f8bc6f0addaa1a?s=96&d=mm&r=g\",\"url\":\"https:\\\/\\\/secure.gravatar.com\\\/avatar\\\/eee448fc3f7164808013b816ba91ac7e43bbe82a70bebac296f8bc6f0addaa1a?s=96&d=mm&r=g\",\"contentUrl\":\"https:\\\/\\\/secure.gravatar.com\\\/avatar\\\/eee448fc3f7164808013b816ba91ac7e43bbe82a70bebac296f8bc6f0addaa1a?s=96&d=mm&r=g\",\"caption\":\"Edici\u00f3n Web\"},\"url\":\"https:\\\/\\\/canal7slp.tv\\\/2022\\\/author\\\/edicionweb\\\/\"}]}<\/script>\n<!-- \/ Yoast SEO plugin. -->","yoast_head_json":{"title":"Tras renuncia de titular, Polic\u00eda Vial de Soledad operar\u00e1 con encargado de despacho. - Canal 7 SLP - 2022","robots":{"index":"index","follow":"follow","max-snippet":"max-snippet:-1","max-image-preview":"max-image-preview:large","max-video-preview":"max-video-preview:-1"},"canonical":"https:\/\/canal7slp.tv\/2022\/tras-renuncia-de-titular-policia-vial-de-soledad-operara-con-encargado-de-despacho\/","og_locale":"es_ES","og_type":"article","og_title":"Tras renuncia de titular, Polic\u00eda Vial de Soledad operar\u00e1 con encargado de despacho. - Canal 7 SLP - 2022","og_description":"SGS.- La presidenta municipal de Soledad de Graciano S\u00e1nchez, Leonor Noyola Cervantes, dijo respaldar a Mauricio Ordaz Flores como nuevo titular de Protecci\u00f3n Civil del Estado de San Luis Potos\u00ed, luego de que se anunciara que este dejar\u00e1 su cargo en el Ayuntamiento como director de la Polic\u00eda Vial. \u00abEfectivamente se viene al Estado una persona muy capaz y profesional al cual a trav\u00e9s de sus medios le hago llegar este mensaje con las mejores vibras los mejores de los \u00e9xitos, que le vaya bien\u00bb, dijo al inicio de la entrevista. La alcaldesa platic\u00f3 que por el momento se quedar\u00e1 [&hellip;]","og_url":"https:\/\/canal7slp.tv\/2022\/tras-renuncia-de-titular-policia-vial-de-soledad-operara-con-encargado-de-despacho\/","og_site_name":"Canal 7 SLP - 2022","article_publisher":"https:\/\/www.facebook.com\/noticieroscanalsiete","article_published_time":"2022-02-24T00:54:13+00:00","og_image":[{"width":888,"height":500,"url":"https:\/\/canal7slp.tv\/2022\/wp-content\/uploads\/2022\/02\/Vazquez03SoledadMauricio.jpg","type":"image\/jpeg"}],"author":"Edici\u00f3n Web","twitter_card":"summary_large_image","twitter_creator":"@NOTICIEROS7","twitter_site":"@NOTICIEROS7","twitter_misc":{"Escrito por":"Edici\u00f3n Web","Tiempo de lectura":"2 minutos"},"schema":{"@context":"https:\/\/schema.org","@graph":[{"@type":"Article","@id":"https:\/\/canal7slp.tv\/2022\/tras-renuncia-de-titular-policia-vial-de-soledad-operara-con-encargado-de-despacho\/#article","isPartOf":{"@id":"https:\/\/canal7slp.tv\/2022\/tras-renuncia-de-titular-policia-vial-de-soledad-operara-con-encargado-de-despacho\/"},"author":{"name":"Edici\u00f3n Web","@id":"https:\/\/canal7slp.tv\/2022\/#\/schema\/person\/429704152a21f5f856ce29aa69a238da"},"headline":"Tras renuncia de titular, Polic\u00eda Vial de Soledad operar\u00e1 con encargado de despacho.","datePublished":"2022-02-24T00:54:13+00:00","mainEntityOfPage":{"@id":"https:\/\/canal7slp.tv\/2022\/tras-renuncia-de-titular-policia-vial-de-soledad-operara-con-encargado-de-despacho\/"},"wordCount":355,"publisher":{"@id":"https:\/\/canal7slp.tv\/2022\/#organization"},"image":{"@id":"https:\/\/canal7slp.tv\/2022\/tras-renuncia-de-titular-policia-vial-de-soledad-operara-con-encargado-de-despacho\/#primaryimage"},"thumbnailUrl":"https:\/\/canal7slp.tv\/2022\/wp-content\/uploads\/2022\/02\/Vazquez03SoledadMauricio.jpg","articleSection":["AYOSGS","DESTACADAS","LOCALES Y REGIONALES"],"inLanguage":"es"},{"@type":"WebPage","@id":"https:\/\/canal7slp.tv\/2022\/tras-renuncia-de-titular-policia-vial-de-soledad-operara-con-encargado-de-despacho\/","url":"https:\/\/canal7slp.tv\/2022\/tras-renuncia-de-titular-policia-vial-de-soledad-operara-con-encargado-de-despacho\/","name":"Tras renuncia de titular, Polic\u00eda Vial de Soledad operar\u00e1 con encargado de despacho. - Canal 7 SLP - 2022","isPartOf":{"@id":"https:\/\/canal7slp.tv\/2022\/#website"},"primaryImageOfPage":{"@id":"https:\/\/canal7slp.tv\/2022\/tras-renuncia-de-titular-policia-vial-de-soledad-operara-con-encargado-de-despacho\/#primaryimage"},"image":{"@id":"https:\/\/canal7slp.tv\/2022\/tras-renuncia-de-titular-policia-vial-de-soledad-operara-con-encargado-de-despacho\/#primaryimage"},"thumbnailUrl":"https:\/\/canal7slp.tv\/2022\/wp-content\/uploads\/2022\/02\/Vazquez03SoledadMauricio.jpg","datePublished":"2022-02-24T00:54:13+00:00","breadcrumb":{"@id":"https:\/\/canal7slp.tv\/2022\/tras-renuncia-de-titular-policia-vial-de-soledad-operara-con-encargado-de-despacho\/#breadcrumb"},"inLanguage":"es","potentialAction":[{"@type":"ReadAction","target":["https:\/\/canal7slp.tv\/2022\/tras-renuncia-de-titular-policia-vial-de-soledad-operara-con-encargado-de-despacho\/"]}]},{"@type":"ImageObject","inLanguage":"es","@id":"https:\/\/canal7slp.tv\/2022\/tras-renuncia-de-titular-policia-vial-de-soledad-operara-con-encargado-de-despacho\/#primaryimage","url":"https:\/\/canal7slp.tv\/2022\/wp-content\/uploads\/2022\/02\/Vazquez03SoledadMauricio.jpg","contentUrl":"https:\/\/canal7slp.tv\/2022\/wp-content\/uploads\/2022\/02\/Vazquez03SoledadMauricio.jpg","width":888,"height":500},{"@type":"BreadcrumbList","@id":"https:\/\/canal7slp.tv\/2022\/tras-renuncia-de-titular-policia-vial-de-soledad-operara-con-encargado-de-despacho\/#breadcrumb","itemListElement":[{"@type":"ListItem","position":1,"name":"Portada","item":"https:\/\/canal7slp.tv\/2022\/"},{"@type":"ListItem","position":2,"name":"Tras renuncia de titular, Polic\u00eda Vial de Soledad operar\u00e1 con encargado de despacho."}]},{"@type":"WebSite","@id":"https:\/\/canal7slp.tv\/2022\/#website","url":"https:\/\/canal7slp.tv\/2022\/","name":"N7 - Noticieros Canal 7","description":"Somos Televisi\u00f3n","publisher":{"@id":"https:\/\/canal7slp.tv\/2022\/#organization"},"potentialAction":[{"@type":"SearchAction","target":{"@type":"EntryPoint","urlTemplate":"https:\/\/canal7slp.tv\/2022\/?s={search_term_string}"},"query-input":{"@type":"PropertyValueSpecification","valueRequired":true,"valueName":"search_term_string"}}],"inLanguage":"es"},{"@type":"Organization","@id":"https:\/\/canal7slp.tv\/2022\/#organization","name":"Noticieros Canal 7","url":"https:\/\/canal7slp.tv\/2022\/","logo":{"@type":"ImageObject","inLanguage":"es","@id":"https:\/\/canal7slp.tv\/2022\/#\/schema\/logo\/image\/","url":"https:\/\/canal7slp.tv\/2022\/wp-content\/uploads\/2021\/01\/logo-noticieros@2x.png","contentUrl":"https:\/\/canal7slp.tv\/2022\/wp-content\/uploads\/2021\/01\/logo-noticieros@2x.png","width":1017,"height":268,"caption":"Noticieros Canal 7"},"image":{"@id":"https:\/\/canal7slp.tv\/2022\/#\/schema\/logo\/image\/"},"sameAs":["https:\/\/www.facebook.com\/noticieroscanalsiete","https:\/\/x.com\/NOTICIEROS7","https:\/\/www.instagram.com\/canal7_slp","https:\/\/www.youtube.com\/channel\/UCliiYs-gP3JfJeqdPrNdd5A"]},{"@type":"Person","@id":"https:\/\/canal7slp.tv\/2022\/#\/schema\/person\/429704152a21f5f856ce29aa69a238da","name":"Edici\u00f3n Web","image":{"@type":"ImageObject","inLanguage":"es","@id":"https:\/\/secure.gravatar.com\/avatar\/eee448fc3f7164808013b816ba91ac7e43bbe82a70bebac296f8bc6f0addaa1a?s=96&d=mm&r=g","url":"https:\/\/secure.gravatar.com\/avatar\/eee448fc3f7164808013b816ba91ac7e43bbe82a70bebac296f8bc6f0addaa1a?s=96&d=mm&r=g","contentUrl":"https:\/\/secure.gravatar.com\/avatar\/eee448fc3f7164808013b816ba91ac7e43bbe82a70bebac296f8bc6f0addaa1a?s=96&d=mm&r=g","caption":"Edici\u00f3n Web"},"url":"https:\/\/canal7slp.tv\/2022\/author\/edicionweb\/"}]}},"amp_enabled":true,"_links":{"self":[{"href":"https:\/\/canal7slp.tv\/2022\/wp-json\/wp\/v2\/posts\/52148","targetHints":{"allow":["GET"]}}],"collection":[{"href":"https:\/\/canal7slp.tv\/2022\/wp-json\/wp\/v2\/posts"}],"about":[{"href":"https:\/\/canal7slp.tv\/2022\/wp-json\/wp\/v2\/types\/post"}],"author":[{"embeddable":true,"href":"https:\/\/canal7slp.tv\/2022\/wp-json\/wp\/v2\/users\/2"}],"replies":[{"embeddable":true,"href":"https:\/\/canal7slp.tv\/2022\/wp-json\/wp\/v2\/comments?post=52148"}],"version-history":[{"count":4,"href":"https:\/\/canal7slp.tv\/2022\/wp-json\/wp\/v2\/posts\/52148\/revisions"}],"predecessor-version":[{"id":57602,"href":"https:\/\/canal7slp.tv\/2022\/wp-json\/wp\/v2\/posts\/52148\/revisions\/57602"}],"wp:featuredmedia":[{"embeddable":true,"href":"https:\/\/canal7slp.tv\/2022\/wp-json\/wp\/v2\/media\/52189"}],"wp:attachment":[{"href":"https:\/\/canal7slp.tv\/2022\/wp-json\/wp\/v2\/media?parent=52148"}],"wp:term":[{"taxonomy":"category","embeddable":true,"href":"https:\/\/canal7slp.tv\/2022\/wp-json\/wp\/v2\/categories?post=52148"},{"taxonomy":"post_tag","embeddable":true,"href":"https:\/\/canal7slp.tv\/2022\/wp-json\/wp\/v2\/tags?post=52148"}],"curies":[{"name":"wp","href":"https:\/\/api.w.org\/{rel}","templated":true}]}}