{"id":52098,"date":"2022-02-23T14:56:37","date_gmt":"2022-02-23T20:56:37","guid":{"rendered":"https:\/\/canal7slp.tv\/2022\/?p=52098"},"modified":"2022-02-23T14:56:37","modified_gmt":"2022-02-23T20:56:37","slug":"antony-blinken-esta-mal-informado-senala-lopez-obrador","status":"publish","type":"post","link":"https:\/\/canal7slp.tv\/2022\/antony-blinken-esta-mal-informado-senala-lopez-obrador\/","title":{"rendered":"\u201cAntony Blinken est\u00e1 mal informado\u201d, se\u00f1ala L\u00f3pez Obrador"},"content":{"rendered":"<ul style=\"text-align: justify;\">\n<li>El mandatario solicito a Marcelo Ebrard enviar informe sobre periodistas asesinados al Secretario de Estado de EUA<\/li>\n<\/ul>\n<p style=\"text-align: justify;\">M\u00e9xico.- Tras las recientes declaraciones de Antony John Blinken, Secretario de Estado de Estados Unidos, el presidente de M\u00e9xico Andr\u00e9s Manuel L\u00f3pez Obrador orden\u00f3 al canciller Marcelo Luis Ebrard Casaub\u00f3n enviar un informe sobre las investigaciones de los casos de homicidios de periodistas.<\/p>\n<p style=\"text-align: justify;\">\u00abHoy le di instrucciones al secretario Relaciones Exteriores, que le env\u00ede al se\u00f1or Blinken una relaci\u00f3n de todos los casos informando, pero tambi\u00e9n lo vamos a hacer aqu\u00ed, para que se conozcan estos casos y desde luego que no podemos permitir la impunidad de nadie, sea quien sea, por lo que hablan de las autoridades locales\u00bb, coment\u00f3 L\u00f3pez Obrador.<\/p>\n<p style=\"text-align: justify;\">\u00abNo somos iguales, no somos c\u00f3mplices de violadores de derechos humanos, no hay cr\u00edmenes de Estado. Nosotros nunca vamos a dar la orden que se reprima a nadie, no vamos a mandar a matar a nadie, no es m\u00e1talos en caliente, no es si est\u00e1n heridos, rem\u00e1talos, eso ya se termin\u00f3\u00bb, agreg\u00f3.<\/p>\n<p style=\"text-align: justify;\">Aunado a esto, declar\u00f3 que Blinken \u201cest\u00e1 mal informado porque de lo contrario estar\u00eda actuando de mala fe, lo que \u00e9l est\u00e1 sosteniendo no es cierto\u201d.<\/p>\n<p style=\"text-align: justify;\">Asimismo, le pidi\u00f3 al Secretario \u201cque se informe y que no act\u00faen de manera injerencista porque M\u00e9xico no es colonia de Estados Unidos ni es un protectorado, M\u00e9xico es un pa\u00eds libre, independiente, soberano\u201d.<\/p>\n<p style=\"text-align: justify;\">Cabe recordar que durante la noche del 22 de febrero, Antony Blinken escribi\u00f3 en su cuenta oficial de Twitter que \u201cEl alto n\u00famero de periodistas asesinados en M\u00e9xico este a\u00f1o y las continuas amenazas que enfrentan son preocupantes. Me uno a quienes piden mayor responsabilidad y protecci\u00f3n para los periodistas mexicanos. Mi coraz\u00f3n est\u00e1 con los seres queridos de aquellos que dieron su vida por la verdad\u201d.<\/p>\n","protected":false},"excerpt":{"rendered":"<p>El mandatario solicito a Marcelo Ebrard enviar informe sobre periodistas asesinados al Secretario de Estado de EUA M\u00e9xico.- Tras las recientes declaraciones de Antony John Blinken, Secretario de Estado de Estados Unidos, el presidente de M\u00e9xico Andr\u00e9s Manuel L\u00f3pez Obrador orden\u00f3 al canciller Marcelo Luis Ebrard Casaub\u00f3n enviar un informe sobre las investigaciones de los casos de homicidios de periodistas. \u00abHoy le di instrucciones al secretario Relaciones Exteriores, que le env\u00ede al se\u00f1or Blinken una relaci\u00f3n de todos los casos informando, pero tambi\u00e9n lo vamos a hacer aqu\u00ed, para que se conozcan estos casos y desde luego que no podemos [&hellip;]<\/p>\n","protected":false},"author":2,"featured_media":52110,"comment_status":"closed","ping_status":"closed","sticky":false,"template":"","format":"standard","meta":{"footnotes":""},"categories":[46],"tags":[],"class_list":["post-52098","post","type-post","status-publish","format-standard","has-post-thumbnail","hentry","category-nacional","post--single"],"yoast_head":"<!-- This site is optimized with the Yoast SEO plugin v27.4 - https:\/\/yoast.com\/product\/yoast-seo-wordpress\/ -->\n<title>\u201cAntony Blinken est\u00e1 mal informado\u201d, se\u00f1ala L\u00f3pez Obrador - Canal 7 SLP - 2022<\/title>\n<meta name=\"robots\" content=\"index, follow, max-snippet:-1, max-image-preview:large, max-video-preview:-1\" \/>\n<link rel=\"canonical\" href=\"https:\/\/canal7slp.tv\/2022\/antony-blinken-esta-mal-informado-senala-lopez-obrador\/\" \/>\n<meta property=\"og:locale\" content=\"es_ES\" \/>\n<meta property=\"og:type\" content=\"article\" \/>\n<meta property=\"og:title\" content=\"\u201cAntony Blinken est\u00e1 mal informado\u201d, se\u00f1ala L\u00f3pez Obrador - Canal 7 SLP - 2022\" \/>\n<meta property=\"og:description\" content=\"El mandatario solicito a Marcelo Ebrard enviar informe sobre periodistas asesinados al Secretario de Estado de EUA M\u00e9xico.- Tras las recientes declaraciones de Antony John Blinken, Secretario de Estado de Estados Unidos, el presidente de M\u00e9xico Andr\u00e9s Manuel L\u00f3pez Obrador orden\u00f3 al canciller Marcelo Luis Ebrard Casaub\u00f3n enviar un informe sobre las investigaciones de los casos de homicidios de periodistas. \u00abHoy le di instrucciones al secretario Relaciones Exteriores, que le env\u00ede al se\u00f1or Blinken una relaci\u00f3n de todos los casos informando, pero tambi\u00e9n lo vamos a hacer aqu\u00ed, para que se conozcan estos casos y desde luego que no podemos [&hellip;]\" \/>\n<meta property=\"og:url\" content=\"https:\/\/canal7slp.tv\/2022\/antony-blinken-esta-mal-informado-senala-lopez-obrador\/\" \/>\n<meta property=\"og:site_name\" content=\"Canal 7 SLP - 2022\" \/>\n<meta property=\"article:publisher\" content=\"https:\/\/www.facebook.com\/noticieroscanalsiete\" \/>\n<meta property=\"article:published_time\" content=\"2022-02-23T20:56:37+00:00\" \/>\n<meta property=\"og:image\" content=\"https:\/\/canal7slp.tv\/2022\/wp-content\/uploads\/2022\/02\/02-21.jpg\" \/>\n\t<meta property=\"og:image:width\" content=\"1280\" \/>\n\t<meta property=\"og:image:height\" content=\"720\" \/>\n\t<meta property=\"og:image:type\" content=\"image\/jpeg\" \/>\n<meta name=\"author\" content=\"Edici\u00f3n Web\" \/>\n<meta name=\"twitter:card\" content=\"summary_large_image\" \/>\n<meta name=\"twitter:creator\" content=\"@NOTICIEROS7\" \/>\n<meta name=\"twitter:site\" content=\"@NOTICIEROS7\" \/>\n<meta name=\"twitter:label1\" content=\"Escrito por\" \/>\n\t<meta name=\"twitter:data1\" content=\"Edici\u00f3n Web\" \/>\n\t<meta name=\"twitter:label2\" content=\"Tiempo de lectura\" \/>\n\t<meta name=\"twitter:data2\" content=\"2 minutos\" \/>\n<script type=\"application\/ld+json\" class=\"yoast-schema-graph\">{\"@context\":\"https:\\\/\\\/schema.org\",\"@graph\":[{\"@type\":\"Article\",\"@id\":\"https:\\\/\\\/canal7slp.tv\\\/2022\\\/antony-blinken-esta-mal-informado-senala-lopez-obrador\\\/#article\",\"isPartOf\":{\"@id\":\"https:\\\/\\\/canal7slp.tv\\\/2022\\\/antony-blinken-esta-mal-informado-senala-lopez-obrador\\\/\"},\"author\":{\"name\":\"Edici\u00f3n Web\",\"@id\":\"https:\\\/\\\/canal7slp.tv\\\/2022\\\/#\\\/schema\\\/person\\\/429704152a21f5f856ce29aa69a238da\"},\"headline\":\"\u201cAntony Blinken est\u00e1 mal informado\u201d, se\u00f1ala L\u00f3pez Obrador\",\"datePublished\":\"2022-02-23T20:56:37+00:00\",\"mainEntityOfPage\":{\"@id\":\"https:\\\/\\\/canal7slp.tv\\\/2022\\\/antony-blinken-esta-mal-informado-senala-lopez-obrador\\\/\"},\"wordCount\":333,\"publisher\":{\"@id\":\"https:\\\/\\\/canal7slp.tv\\\/2022\\\/#organization\"},\"image\":{\"@id\":\"https:\\\/\\\/canal7slp.tv\\\/2022\\\/antony-blinken-esta-mal-informado-senala-lopez-obrador\\\/#primaryimage\"},\"thumbnailUrl\":\"https:\\\/\\\/canal7slp.tv\\\/2022\\\/wp-content\\\/uploads\\\/2022\\\/02\\\/02-21.jpg\",\"articleSection\":[\"NACIONALES\"],\"inLanguage\":\"es\"},{\"@type\":\"WebPage\",\"@id\":\"https:\\\/\\\/canal7slp.tv\\\/2022\\\/antony-blinken-esta-mal-informado-senala-lopez-obrador\\\/\",\"url\":\"https:\\\/\\\/canal7slp.tv\\\/2022\\\/antony-blinken-esta-mal-informado-senala-lopez-obrador\\\/\",\"name\":\"\u201cAntony Blinken est\u00e1 mal informado\u201d, se\u00f1ala L\u00f3pez Obrador - Canal 7 SLP - 2022\",\"isPartOf\":{\"@id\":\"https:\\\/\\\/canal7slp.tv\\\/2022\\\/#website\"},\"primaryImageOfPage\":{\"@id\":\"https:\\\/\\\/canal7slp.tv\\\/2022\\\/antony-blinken-esta-mal-informado-senala-lopez-obrador\\\/#primaryimage\"},\"image\":{\"@id\":\"https:\\\/\\\/canal7slp.tv\\\/2022\\\/antony-blinken-esta-mal-informado-senala-lopez-obrador\\\/#primaryimage\"},\"thumbnailUrl\":\"https:\\\/\\\/canal7slp.tv\\\/2022\\\/wp-content\\\/uploads\\\/2022\\\/02\\\/02-21.jpg\",\"datePublished\":\"2022-02-23T20:56:37+00:00\",\"breadcrumb\":{\"@id\":\"https:\\\/\\\/canal7slp.tv\\\/2022\\\/antony-blinken-esta-mal-informado-senala-lopez-obrador\\\/#breadcrumb\"},\"inLanguage\":\"es\",\"potentialAction\":[{\"@type\":\"ReadAction\",\"target\":[\"https:\\\/\\\/canal7slp.tv\\\/2022\\\/antony-blinken-esta-mal-informado-senala-lopez-obrador\\\/\"]}]},{\"@type\":\"ImageObject\",\"inLanguage\":\"es\",\"@id\":\"https:\\\/\\\/canal7slp.tv\\\/2022\\\/antony-blinken-esta-mal-informado-senala-lopez-obrador\\\/#primaryimage\",\"url\":\"https:\\\/\\\/canal7slp.tv\\\/2022\\\/wp-content\\\/uploads\\\/2022\\\/02\\\/02-21.jpg\",\"contentUrl\":\"https:\\\/\\\/canal7slp.tv\\\/2022\\\/wp-content\\\/uploads\\\/2022\\\/02\\\/02-21.jpg\",\"width\":1280,\"height\":720},{\"@type\":\"BreadcrumbList\",\"@id\":\"https:\\\/\\\/canal7slp.tv\\\/2022\\\/antony-blinken-esta-mal-informado-senala-lopez-obrador\\\/#breadcrumb\",\"itemListElement\":[{\"@type\":\"ListItem\",\"position\":1,\"name\":\"Portada\",\"item\":\"https:\\\/\\\/canal7slp.tv\\\/2022\\\/\"},{\"@type\":\"ListItem\",\"position\":2,\"name\":\"\u201cAntony Blinken est\u00e1 mal informado\u201d, se\u00f1ala L\u00f3pez Obrador\"}]},{\"@type\":\"WebSite\",\"@id\":\"https:\\\/\\\/canal7slp.tv\\\/2022\\\/#website\",\"url\":\"https:\\\/\\\/canal7slp.tv\\\/2022\\\/\",\"name\":\"N7 - Noticieros Canal 7\",\"description\":\"Somos Televisi\u00f3n\",\"publisher\":{\"@id\":\"https:\\\/\\\/canal7slp.tv\\\/2022\\\/#organization\"},\"potentialAction\":[{\"@type\":\"SearchAction\",\"target\":{\"@type\":\"EntryPoint\",\"urlTemplate\":\"https:\\\/\\\/canal7slp.tv\\\/2022\\\/?s={search_term_string}\"},\"query-input\":{\"@type\":\"PropertyValueSpecification\",\"valueRequired\":true,\"valueName\":\"search_term_string\"}}],\"inLanguage\":\"es\"},{\"@type\":\"Organization\",\"@id\":\"https:\\\/\\\/canal7slp.tv\\\/2022\\\/#organization\",\"name\":\"Noticieros Canal 7\",\"url\":\"https:\\\/\\\/canal7slp.tv\\\/2022\\\/\",\"logo\":{\"@type\":\"ImageObject\",\"inLanguage\":\"es\",\"@id\":\"https:\\\/\\\/canal7slp.tv\\\/2022\\\/#\\\/schema\\\/logo\\\/image\\\/\",\"url\":\"https:\\\/\\\/canal7slp.tv\\\/2022\\\/wp-content\\\/uploads\\\/2021\\\/01\\\/logo-noticieros@2x.png\",\"contentUrl\":\"https:\\\/\\\/canal7slp.tv\\\/2022\\\/wp-content\\\/uploads\\\/2021\\\/01\\\/logo-noticieros@2x.png\",\"width\":1017,\"height\":268,\"caption\":\"Noticieros Canal 7\"},\"image\":{\"@id\":\"https:\\\/\\\/canal7slp.tv\\\/2022\\\/#\\\/schema\\\/logo\\\/image\\\/\"},\"sameAs\":[\"https:\\\/\\\/www.facebook.com\\\/noticieroscanalsiete\",\"https:\\\/\\\/x.com\\\/NOTICIEROS7\",\"https:\\\/\\\/www.instagram.com\\\/canal7_slp\",\"https:\\\/\\\/www.youtube.com\\\/channel\\\/UCliiYs-gP3JfJeqdPrNdd5A\"]},{\"@type\":\"Person\",\"@id\":\"https:\\\/\\\/canal7slp.tv\\\/2022\\\/#\\\/schema\\\/person\\\/429704152a21f5f856ce29aa69a238da\",\"name\":\"Edici\u00f3n Web\",\"image\":{\"@type\":\"ImageObject\",\"inLanguage\":\"es\",\"@id\":\"https:\\\/\\\/secure.gravatar.com\\\/avatar\\\/eee448fc3f7164808013b816ba91ac7e43bbe82a70bebac296f8bc6f0addaa1a?s=96&d=mm&r=g\",\"url\":\"https:\\\/\\\/secure.gravatar.com\\\/avatar\\\/eee448fc3f7164808013b816ba91ac7e43bbe82a70bebac296f8bc6f0addaa1a?s=96&d=mm&r=g\",\"contentUrl\":\"https:\\\/\\\/secure.gravatar.com\\\/avatar\\\/eee448fc3f7164808013b816ba91ac7e43bbe82a70bebac296f8bc6f0addaa1a?s=96&d=mm&r=g\",\"caption\":\"Edici\u00f3n Web\"},\"url\":\"https:\\\/\\\/canal7slp.tv\\\/2022\\\/author\\\/edicionweb\\\/\"}]}<\/script>\n<!-- \/ Yoast SEO plugin. -->","yoast_head_json":{"title":"\u201cAntony Blinken est\u00e1 mal informado\u201d, se\u00f1ala L\u00f3pez Obrador - Canal 7 SLP - 2022","robots":{"index":"index","follow":"follow","max-snippet":"max-snippet:-1","max-image-preview":"max-image-preview:large","max-video-preview":"max-video-preview:-1"},"canonical":"https:\/\/canal7slp.tv\/2022\/antony-blinken-esta-mal-informado-senala-lopez-obrador\/","og_locale":"es_ES","og_type":"article","og_title":"\u201cAntony Blinken est\u00e1 mal informado\u201d, se\u00f1ala L\u00f3pez Obrador - Canal 7 SLP - 2022","og_description":"El mandatario solicito a Marcelo Ebrard enviar informe sobre periodistas asesinados al Secretario de Estado de EUA M\u00e9xico.- Tras las recientes declaraciones de Antony John Blinken, Secretario de Estado de Estados Unidos, el presidente de M\u00e9xico Andr\u00e9s Manuel L\u00f3pez Obrador orden\u00f3 al canciller Marcelo Luis Ebrard Casaub\u00f3n enviar un informe sobre las investigaciones de los casos de homicidios de periodistas. \u00abHoy le di instrucciones al secretario Relaciones Exteriores, que le env\u00ede al se\u00f1or Blinken una relaci\u00f3n de todos los casos informando, pero tambi\u00e9n lo vamos a hacer aqu\u00ed, para que se conozcan estos casos y desde luego que no podemos [&hellip;]","og_url":"https:\/\/canal7slp.tv\/2022\/antony-blinken-esta-mal-informado-senala-lopez-obrador\/","og_site_name":"Canal 7 SLP - 2022","article_publisher":"https:\/\/www.facebook.com\/noticieroscanalsiete","article_published_time":"2022-02-23T20:56:37+00:00","og_image":[{"width":1280,"height":720,"url":"https:\/\/canal7slp.tv\/2022\/wp-content\/uploads\/2022\/02\/02-21.jpg","type":"image\/jpeg"}],"author":"Edici\u00f3n Web","twitter_card":"summary_large_image","twitter_creator":"@NOTICIEROS7","twitter_site":"@NOTICIEROS7","twitter_misc":{"Escrito por":"Edici\u00f3n Web","Tiempo de lectura":"2 minutos"},"schema":{"@context":"https:\/\/schema.org","@graph":[{"@type":"Article","@id":"https:\/\/canal7slp.tv\/2022\/antony-blinken-esta-mal-informado-senala-lopez-obrador\/#article","isPartOf":{"@id":"https:\/\/canal7slp.tv\/2022\/antony-blinken-esta-mal-informado-senala-lopez-obrador\/"},"author":{"name":"Edici\u00f3n Web","@id":"https:\/\/canal7slp.tv\/2022\/#\/schema\/person\/429704152a21f5f856ce29aa69a238da"},"headline":"\u201cAntony Blinken est\u00e1 mal informado\u201d, se\u00f1ala L\u00f3pez Obrador","datePublished":"2022-02-23T20:56:37+00:00","mainEntityOfPage":{"@id":"https:\/\/canal7slp.tv\/2022\/antony-blinken-esta-mal-informado-senala-lopez-obrador\/"},"wordCount":333,"publisher":{"@id":"https:\/\/canal7slp.tv\/2022\/#organization"},"image":{"@id":"https:\/\/canal7slp.tv\/2022\/antony-blinken-esta-mal-informado-senala-lopez-obrador\/#primaryimage"},"thumbnailUrl":"https:\/\/canal7slp.tv\/2022\/wp-content\/uploads\/2022\/02\/02-21.jpg","articleSection":["NACIONALES"],"inLanguage":"es"},{"@type":"WebPage","@id":"https:\/\/canal7slp.tv\/2022\/antony-blinken-esta-mal-informado-senala-lopez-obrador\/","url":"https:\/\/canal7slp.tv\/2022\/antony-blinken-esta-mal-informado-senala-lopez-obrador\/","name":"\u201cAntony Blinken est\u00e1 mal informado\u201d, se\u00f1ala L\u00f3pez Obrador - Canal 7 SLP - 2022","isPartOf":{"@id":"https:\/\/canal7slp.tv\/2022\/#website"},"primaryImageOfPage":{"@id":"https:\/\/canal7slp.tv\/2022\/antony-blinken-esta-mal-informado-senala-lopez-obrador\/#primaryimage"},"image":{"@id":"https:\/\/canal7slp.tv\/2022\/antony-blinken-esta-mal-informado-senala-lopez-obrador\/#primaryimage"},"thumbnailUrl":"https:\/\/canal7slp.tv\/2022\/wp-content\/uploads\/2022\/02\/02-21.jpg","datePublished":"2022-02-23T20:56:37+00:00","breadcrumb":{"@id":"https:\/\/canal7slp.tv\/2022\/antony-blinken-esta-mal-informado-senala-lopez-obrador\/#breadcrumb"},"inLanguage":"es","potentialAction":[{"@type":"ReadAction","target":["https:\/\/canal7slp.tv\/2022\/antony-blinken-esta-mal-informado-senala-lopez-obrador\/"]}]},{"@type":"ImageObject","inLanguage":"es","@id":"https:\/\/canal7slp.tv\/2022\/antony-blinken-esta-mal-informado-senala-lopez-obrador\/#primaryimage","url":"https:\/\/canal7slp.tv\/2022\/wp-content\/uploads\/2022\/02\/02-21.jpg","contentUrl":"https:\/\/canal7slp.tv\/2022\/wp-content\/uploads\/2022\/02\/02-21.jpg","width":1280,"height":720},{"@type":"BreadcrumbList","@id":"https:\/\/canal7slp.tv\/2022\/antony-blinken-esta-mal-informado-senala-lopez-obrador\/#breadcrumb","itemListElement":[{"@type":"ListItem","position":1,"name":"Portada","item":"https:\/\/canal7slp.tv\/2022\/"},{"@type":"ListItem","position":2,"name":"\u201cAntony Blinken est\u00e1 mal informado\u201d, se\u00f1ala L\u00f3pez Obrador"}]},{"@type":"WebSite","@id":"https:\/\/canal7slp.tv\/2022\/#website","url":"https:\/\/canal7slp.tv\/2022\/","name":"N7 - Noticieros Canal 7","description":"Somos Televisi\u00f3n","publisher":{"@id":"https:\/\/canal7slp.tv\/2022\/#organization"},"potentialAction":[{"@type":"SearchAction","target":{"@type":"EntryPoint","urlTemplate":"https:\/\/canal7slp.tv\/2022\/?s={search_term_string}"},"query-input":{"@type":"PropertyValueSpecification","valueRequired":true,"valueName":"search_term_string"}}],"inLanguage":"es"},{"@type":"Organization","@id":"https:\/\/canal7slp.tv\/2022\/#organization","name":"Noticieros Canal 7","url":"https:\/\/canal7slp.tv\/2022\/","logo":{"@type":"ImageObject","inLanguage":"es","@id":"https:\/\/canal7slp.tv\/2022\/#\/schema\/logo\/image\/","url":"https:\/\/canal7slp.tv\/2022\/wp-content\/uploads\/2021\/01\/logo-noticieros@2x.png","contentUrl":"https:\/\/canal7slp.tv\/2022\/wp-content\/uploads\/2021\/01\/logo-noticieros@2x.png","width":1017,"height":268,"caption":"Noticieros Canal 7"},"image":{"@id":"https:\/\/canal7slp.tv\/2022\/#\/schema\/logo\/image\/"},"sameAs":["https:\/\/www.facebook.com\/noticieroscanalsiete","https:\/\/x.com\/NOTICIEROS7","https:\/\/www.instagram.com\/canal7_slp","https:\/\/www.youtube.com\/channel\/UCliiYs-gP3JfJeqdPrNdd5A"]},{"@type":"Person","@id":"https:\/\/canal7slp.tv\/2022\/#\/schema\/person\/429704152a21f5f856ce29aa69a238da","name":"Edici\u00f3n Web","image":{"@type":"ImageObject","inLanguage":"es","@id":"https:\/\/secure.gravatar.com\/avatar\/eee448fc3f7164808013b816ba91ac7e43bbe82a70bebac296f8bc6f0addaa1a?s=96&d=mm&r=g","url":"https:\/\/secure.gravatar.com\/avatar\/eee448fc3f7164808013b816ba91ac7e43bbe82a70bebac296f8bc6f0addaa1a?s=96&d=mm&r=g","contentUrl":"https:\/\/secure.gravatar.com\/avatar\/eee448fc3f7164808013b816ba91ac7e43bbe82a70bebac296f8bc6f0addaa1a?s=96&d=mm&r=g","caption":"Edici\u00f3n Web"},"url":"https:\/\/canal7slp.tv\/2022\/author\/edicionweb\/"}]}},"amp_enabled":true,"_links":{"self":[{"href":"https:\/\/canal7slp.tv\/2022\/wp-json\/wp\/v2\/posts\/52098","targetHints":{"allow":["GET"]}}],"collection":[{"href":"https:\/\/canal7slp.tv\/2022\/wp-json\/wp\/v2\/posts"}],"about":[{"href":"https:\/\/canal7slp.tv\/2022\/wp-json\/wp\/v2\/types\/post"}],"author":[{"embeddable":true,"href":"https:\/\/canal7slp.tv\/2022\/wp-json\/wp\/v2\/users\/2"}],"replies":[{"embeddable":true,"href":"https:\/\/canal7slp.tv\/2022\/wp-json\/wp\/v2\/comments?post=52098"}],"version-history":[{"count":3,"href":"https:\/\/canal7slp.tv\/2022\/wp-json\/wp\/v2\/posts\/52098\/revisions"}],"predecessor-version":[{"id":52124,"href":"https:\/\/canal7slp.tv\/2022\/wp-json\/wp\/v2\/posts\/52098\/revisions\/52124"}],"wp:featuredmedia":[{"embeddable":true,"href":"https:\/\/canal7slp.tv\/2022\/wp-json\/wp\/v2\/media\/52110"}],"wp:attachment":[{"href":"https:\/\/canal7slp.tv\/2022\/wp-json\/wp\/v2\/media?parent=52098"}],"wp:term":[{"taxonomy":"category","embeddable":true,"href":"https:\/\/canal7slp.tv\/2022\/wp-json\/wp\/v2\/categories?post=52098"},{"taxonomy":"post_tag","embeddable":true,"href":"https:\/\/canal7slp.tv\/2022\/wp-json\/wp\/v2\/tags?post=52098"}],"curies":[{"name":"wp","href":"https:\/\/api.w.org\/{rel}","templated":true}]}}