{"id":52078,"date":"2022-02-23T00:17:43","date_gmt":"2022-02-23T06:17:43","guid":{"rendered":"https:\/\/canal7slp.tv\/2022\/?p=52078"},"modified":"2022-02-23T00:17:43","modified_gmt":"2022-02-23T06:17:43","slug":"antony-blinken-externa-preocupacion-por-asesinatos-de-periodistas-en-mexico","status":"publish","type":"post","link":"https:\/\/canal7slp.tv\/2022\/antony-blinken-externa-preocupacion-por-asesinatos-de-periodistas-en-mexico\/","title":{"rendered":"Antony Blinken externa preocupaci\u00f3n por asesinatos de periodistas en M\u00e9xico"},"content":{"rendered":"<div style=\"text-align: justify;\">SLP.- Escala el debate sobre la violencia en la Rep\u00fablica Mexicana, una vez que el secretario de Estado de Estados Unidos, Antony Blinken solicit\u00f3 mayor protecci\u00f3n a reporteros y esclarecimiento de cada incidente.<\/div>\n<div style=\"text-align: justify;\"><\/div>\n<div style=\"text-align: justify;\">\u00abEl alto n\u00famero de periodistas asesinados en M\u00e9xico este a\u00f1o y las amenazas que enfrentan son preocupantes. Me uno a quienes piden mayor rendici\u00f3n de cuentas y protecci\u00f3n para los periodistas mexicanos. Mi coraz\u00f3n est\u00e1 con los seres queridos de aquellos que dieron su vida por la verdad\u00bb, se lee en la cuenta de Twitter del secretario de Estado de Estados Unidos.<\/div>\n<div style=\"text-align: justify;\"><\/div>\n<div style=\"text-align: justify;\">El mensaje de un miembro de gabinete de Joe Biden se difunde una vez que dos legisladores estadounidenses externaran preocupaci\u00f3n por la ola de sangre en diferentes regiones y firmaran una misiva por la que se afirma que el presidente, Andr\u00e9s Manuel L\u00f3pez Obrador contin\u00faa una ret\u00f3rica b\u00e9lica contra la prensa.<\/div>\n","protected":false},"excerpt":{"rendered":"<p>SLP.- Escala el debate sobre la violencia en la Rep\u00fablica Mexicana, una vez que el secretario de Estado de Estados Unidos, Antony Blinken solicit\u00f3 mayor protecci\u00f3n a reporteros y esclarecimiento de cada incidente. \u00abEl alto n\u00famero de periodistas asesinados en M\u00e9xico este a\u00f1o y las amenazas que enfrentan son preocupantes. Me uno a quienes piden mayor rendici\u00f3n de cuentas y protecci\u00f3n para los periodistas mexicanos. Mi coraz\u00f3n est\u00e1 con los seres queridos de aquellos que dieron su vida por la verdad\u00bb, se lee en la cuenta de Twitter del secretario de Estado de Estados Unidos. El mensaje de un miembro [&hellip;]<\/p>\n","protected":false},"author":2,"featured_media":52079,"comment_status":"closed","ping_status":"closed","sticky":false,"template":"","format":"standard","meta":{"footnotes":""},"categories":[45],"tags":[],"class_list":["post-52078","post","type-post","status-publish","format-standard","has-post-thumbnail","hentry","category-localesyregionales","post--single"],"yoast_head":"<!-- This site is optimized with the Yoast SEO plugin v27.4 - https:\/\/yoast.com\/product\/yoast-seo-wordpress\/ -->\n<title>Antony Blinken externa preocupaci\u00f3n por asesinatos de periodistas en M\u00e9xico - Canal 7 SLP - 2022<\/title>\n<meta name=\"robots\" content=\"index, follow, max-snippet:-1, max-image-preview:large, max-video-preview:-1\" \/>\n<link rel=\"canonical\" href=\"https:\/\/canal7slp.tv\/2022\/antony-blinken-externa-preocupacion-por-asesinatos-de-periodistas-en-mexico\/\" \/>\n<meta property=\"og:locale\" content=\"es_ES\" \/>\n<meta property=\"og:type\" content=\"article\" \/>\n<meta property=\"og:title\" content=\"Antony Blinken externa preocupaci\u00f3n por asesinatos de periodistas en M\u00e9xico - Canal 7 SLP - 2022\" \/>\n<meta property=\"og:description\" content=\"SLP.- Escala el debate sobre la violencia en la Rep\u00fablica Mexicana, una vez que el secretario de Estado de Estados Unidos, Antony Blinken solicit\u00f3 mayor protecci\u00f3n a reporteros y esclarecimiento de cada incidente. \u00abEl alto n\u00famero de periodistas asesinados en M\u00e9xico este a\u00f1o y las amenazas que enfrentan son preocupantes. Me uno a quienes piden mayor rendici\u00f3n de cuentas y protecci\u00f3n para los periodistas mexicanos. Mi coraz\u00f3n est\u00e1 con los seres queridos de aquellos que dieron su vida por la verdad\u00bb, se lee en la cuenta de Twitter del secretario de Estado de Estados Unidos. El mensaje de un miembro [&hellip;]\" \/>\n<meta property=\"og:url\" content=\"https:\/\/canal7slp.tv\/2022\/antony-blinken-externa-preocupacion-por-asesinatos-de-periodistas-en-mexico\/\" \/>\n<meta property=\"og:site_name\" content=\"Canal 7 SLP - 2022\" \/>\n<meta property=\"article:publisher\" content=\"https:\/\/www.facebook.com\/noticieroscanalsiete\" \/>\n<meta property=\"article:published_time\" content=\"2022-02-23T06:17:43+00:00\" \/>\n<meta property=\"og:image\" content=\"https:\/\/canal7slp.tv\/2022\/wp-content\/uploads\/2022\/02\/AntonyBlinkenB.png\" \/>\n\t<meta property=\"og:image:width\" content=\"777\" \/>\n\t<meta property=\"og:image:height\" content=\"447\" \/>\n\t<meta property=\"og:image:type\" content=\"image\/png\" \/>\n<meta name=\"author\" content=\"Edici\u00f3n Web\" \/>\n<meta name=\"twitter:card\" content=\"summary_large_image\" \/>\n<meta name=\"twitter:creator\" content=\"@NOTICIEROS7\" \/>\n<meta name=\"twitter:site\" content=\"@NOTICIEROS7\" \/>\n<meta name=\"twitter:label1\" content=\"Escrito por\" \/>\n\t<meta name=\"twitter:data1\" content=\"Edici\u00f3n Web\" \/>\n\t<meta name=\"twitter:label2\" content=\"Tiempo de lectura\" \/>\n\t<meta name=\"twitter:data2\" content=\"1 minuto\" \/>\n<script type=\"application\/ld+json\" class=\"yoast-schema-graph\">{\"@context\":\"https:\\\/\\\/schema.org\",\"@graph\":[{\"@type\":\"Article\",\"@id\":\"https:\\\/\\\/canal7slp.tv\\\/2022\\\/antony-blinken-externa-preocupacion-por-asesinatos-de-periodistas-en-mexico\\\/#article\",\"isPartOf\":{\"@id\":\"https:\\\/\\\/canal7slp.tv\\\/2022\\\/antony-blinken-externa-preocupacion-por-asesinatos-de-periodistas-en-mexico\\\/\"},\"author\":{\"name\":\"Edici\u00f3n Web\",\"@id\":\"https:\\\/\\\/canal7slp.tv\\\/2022\\\/#\\\/schema\\\/person\\\/429704152a21f5f856ce29aa69a238da\"},\"headline\":\"Antony Blinken externa preocupaci\u00f3n por asesinatos de periodistas en M\u00e9xico\",\"datePublished\":\"2022-02-23T06:17:43+00:00\",\"mainEntityOfPage\":{\"@id\":\"https:\\\/\\\/canal7slp.tv\\\/2022\\\/antony-blinken-externa-preocupacion-por-asesinatos-de-periodistas-en-mexico\\\/\"},\"wordCount\":173,\"publisher\":{\"@id\":\"https:\\\/\\\/canal7slp.tv\\\/2022\\\/#organization\"},\"image\":{\"@id\":\"https:\\\/\\\/canal7slp.tv\\\/2022\\\/antony-blinken-externa-preocupacion-por-asesinatos-de-periodistas-en-mexico\\\/#primaryimage\"},\"thumbnailUrl\":\"https:\\\/\\\/canal7slp.tv\\\/2022\\\/wp-content\\\/uploads\\\/2022\\\/02\\\/AntonyBlinkenB.png\",\"articleSection\":[\"LOCALES Y REGIONALES\"],\"inLanguage\":\"es\"},{\"@type\":\"WebPage\",\"@id\":\"https:\\\/\\\/canal7slp.tv\\\/2022\\\/antony-blinken-externa-preocupacion-por-asesinatos-de-periodistas-en-mexico\\\/\",\"url\":\"https:\\\/\\\/canal7slp.tv\\\/2022\\\/antony-blinken-externa-preocupacion-por-asesinatos-de-periodistas-en-mexico\\\/\",\"name\":\"Antony Blinken externa preocupaci\u00f3n por asesinatos de periodistas en M\u00e9xico - Canal 7 SLP - 2022\",\"isPartOf\":{\"@id\":\"https:\\\/\\\/canal7slp.tv\\\/2022\\\/#website\"},\"primaryImageOfPage\":{\"@id\":\"https:\\\/\\\/canal7slp.tv\\\/2022\\\/antony-blinken-externa-preocupacion-por-asesinatos-de-periodistas-en-mexico\\\/#primaryimage\"},\"image\":{\"@id\":\"https:\\\/\\\/canal7slp.tv\\\/2022\\\/antony-blinken-externa-preocupacion-por-asesinatos-de-periodistas-en-mexico\\\/#primaryimage\"},\"thumbnailUrl\":\"https:\\\/\\\/canal7slp.tv\\\/2022\\\/wp-content\\\/uploads\\\/2022\\\/02\\\/AntonyBlinkenB.png\",\"datePublished\":\"2022-02-23T06:17:43+00:00\",\"breadcrumb\":{\"@id\":\"https:\\\/\\\/canal7slp.tv\\\/2022\\\/antony-blinken-externa-preocupacion-por-asesinatos-de-periodistas-en-mexico\\\/#breadcrumb\"},\"inLanguage\":\"es\",\"potentialAction\":[{\"@type\":\"ReadAction\",\"target\":[\"https:\\\/\\\/canal7slp.tv\\\/2022\\\/antony-blinken-externa-preocupacion-por-asesinatos-de-periodistas-en-mexico\\\/\"]}]},{\"@type\":\"ImageObject\",\"inLanguage\":\"es\",\"@id\":\"https:\\\/\\\/canal7slp.tv\\\/2022\\\/antony-blinken-externa-preocupacion-por-asesinatos-de-periodistas-en-mexico\\\/#primaryimage\",\"url\":\"https:\\\/\\\/canal7slp.tv\\\/2022\\\/wp-content\\\/uploads\\\/2022\\\/02\\\/AntonyBlinkenB.png\",\"contentUrl\":\"https:\\\/\\\/canal7slp.tv\\\/2022\\\/wp-content\\\/uploads\\\/2022\\\/02\\\/AntonyBlinkenB.png\",\"width\":777,\"height\":447},{\"@type\":\"BreadcrumbList\",\"@id\":\"https:\\\/\\\/canal7slp.tv\\\/2022\\\/antony-blinken-externa-preocupacion-por-asesinatos-de-periodistas-en-mexico\\\/#breadcrumb\",\"itemListElement\":[{\"@type\":\"ListItem\",\"position\":1,\"name\":\"Portada\",\"item\":\"https:\\\/\\\/canal7slp.tv\\\/2022\\\/\"},{\"@type\":\"ListItem\",\"position\":2,\"name\":\"Antony Blinken externa preocupaci\u00f3n por asesinatos de periodistas en M\u00e9xico\"}]},{\"@type\":\"WebSite\",\"@id\":\"https:\\\/\\\/canal7slp.tv\\\/2022\\\/#website\",\"url\":\"https:\\\/\\\/canal7slp.tv\\\/2022\\\/\",\"name\":\"N7 - Noticieros Canal 7\",\"description\":\"Somos Televisi\u00f3n\",\"publisher\":{\"@id\":\"https:\\\/\\\/canal7slp.tv\\\/2022\\\/#organization\"},\"potentialAction\":[{\"@type\":\"SearchAction\",\"target\":{\"@type\":\"EntryPoint\",\"urlTemplate\":\"https:\\\/\\\/canal7slp.tv\\\/2022\\\/?s={search_term_string}\"},\"query-input\":{\"@type\":\"PropertyValueSpecification\",\"valueRequired\":true,\"valueName\":\"search_term_string\"}}],\"inLanguage\":\"es\"},{\"@type\":\"Organization\",\"@id\":\"https:\\\/\\\/canal7slp.tv\\\/2022\\\/#organization\",\"name\":\"Noticieros Canal 7\",\"url\":\"https:\\\/\\\/canal7slp.tv\\\/2022\\\/\",\"logo\":{\"@type\":\"ImageObject\",\"inLanguage\":\"es\",\"@id\":\"https:\\\/\\\/canal7slp.tv\\\/2022\\\/#\\\/schema\\\/logo\\\/image\\\/\",\"url\":\"https:\\\/\\\/canal7slp.tv\\\/2022\\\/wp-content\\\/uploads\\\/2021\\\/01\\\/logo-noticieros@2x.png\",\"contentUrl\":\"https:\\\/\\\/canal7slp.tv\\\/2022\\\/wp-content\\\/uploads\\\/2021\\\/01\\\/logo-noticieros@2x.png\",\"width\":1017,\"height\":268,\"caption\":\"Noticieros Canal 7\"},\"image\":{\"@id\":\"https:\\\/\\\/canal7slp.tv\\\/2022\\\/#\\\/schema\\\/logo\\\/image\\\/\"},\"sameAs\":[\"https:\\\/\\\/www.facebook.com\\\/noticieroscanalsiete\",\"https:\\\/\\\/x.com\\\/NOTICIEROS7\",\"https:\\\/\\\/www.instagram.com\\\/canal7_slp\",\"https:\\\/\\\/www.youtube.com\\\/channel\\\/UCliiYs-gP3JfJeqdPrNdd5A\"]},{\"@type\":\"Person\",\"@id\":\"https:\\\/\\\/canal7slp.tv\\\/2022\\\/#\\\/schema\\\/person\\\/429704152a21f5f856ce29aa69a238da\",\"name\":\"Edici\u00f3n Web\",\"image\":{\"@type\":\"ImageObject\",\"inLanguage\":\"es\",\"@id\":\"https:\\\/\\\/secure.gravatar.com\\\/avatar\\\/eee448fc3f7164808013b816ba91ac7e43bbe82a70bebac296f8bc6f0addaa1a?s=96&d=mm&r=g\",\"url\":\"https:\\\/\\\/secure.gravatar.com\\\/avatar\\\/eee448fc3f7164808013b816ba91ac7e43bbe82a70bebac296f8bc6f0addaa1a?s=96&d=mm&r=g\",\"contentUrl\":\"https:\\\/\\\/secure.gravatar.com\\\/avatar\\\/eee448fc3f7164808013b816ba91ac7e43bbe82a70bebac296f8bc6f0addaa1a?s=96&d=mm&r=g\",\"caption\":\"Edici\u00f3n Web\"},\"url\":\"https:\\\/\\\/canal7slp.tv\\\/2022\\\/author\\\/edicionweb\\\/\"}]}<\/script>\n<!-- \/ Yoast SEO plugin. -->","yoast_head_json":{"title":"Antony Blinken externa preocupaci\u00f3n por asesinatos de periodistas en M\u00e9xico - Canal 7 SLP - 2022","robots":{"index":"index","follow":"follow","max-snippet":"max-snippet:-1","max-image-preview":"max-image-preview:large","max-video-preview":"max-video-preview:-1"},"canonical":"https:\/\/canal7slp.tv\/2022\/antony-blinken-externa-preocupacion-por-asesinatos-de-periodistas-en-mexico\/","og_locale":"es_ES","og_type":"article","og_title":"Antony Blinken externa preocupaci\u00f3n por asesinatos de periodistas en M\u00e9xico - Canal 7 SLP - 2022","og_description":"SLP.- Escala el debate sobre la violencia en la Rep\u00fablica Mexicana, una vez que el secretario de Estado de Estados Unidos, Antony Blinken solicit\u00f3 mayor protecci\u00f3n a reporteros y esclarecimiento de cada incidente. \u00abEl alto n\u00famero de periodistas asesinados en M\u00e9xico este a\u00f1o y las amenazas que enfrentan son preocupantes. Me uno a quienes piden mayor rendici\u00f3n de cuentas y protecci\u00f3n para los periodistas mexicanos. Mi coraz\u00f3n est\u00e1 con los seres queridos de aquellos que dieron su vida por la verdad\u00bb, se lee en la cuenta de Twitter del secretario de Estado de Estados Unidos. El mensaje de un miembro [&hellip;]","og_url":"https:\/\/canal7slp.tv\/2022\/antony-blinken-externa-preocupacion-por-asesinatos-de-periodistas-en-mexico\/","og_site_name":"Canal 7 SLP - 2022","article_publisher":"https:\/\/www.facebook.com\/noticieroscanalsiete","article_published_time":"2022-02-23T06:17:43+00:00","og_image":[{"width":777,"height":447,"url":"https:\/\/canal7slp.tv\/2022\/wp-content\/uploads\/2022\/02\/AntonyBlinkenB.png","type":"image\/png"}],"author":"Edici\u00f3n Web","twitter_card":"summary_large_image","twitter_creator":"@NOTICIEROS7","twitter_site":"@NOTICIEROS7","twitter_misc":{"Escrito por":"Edici\u00f3n Web","Tiempo de lectura":"1 minuto"},"schema":{"@context":"https:\/\/schema.org","@graph":[{"@type":"Article","@id":"https:\/\/canal7slp.tv\/2022\/antony-blinken-externa-preocupacion-por-asesinatos-de-periodistas-en-mexico\/#article","isPartOf":{"@id":"https:\/\/canal7slp.tv\/2022\/antony-blinken-externa-preocupacion-por-asesinatos-de-periodistas-en-mexico\/"},"author":{"name":"Edici\u00f3n Web","@id":"https:\/\/canal7slp.tv\/2022\/#\/schema\/person\/429704152a21f5f856ce29aa69a238da"},"headline":"Antony Blinken externa preocupaci\u00f3n por asesinatos de periodistas en M\u00e9xico","datePublished":"2022-02-23T06:17:43+00:00","mainEntityOfPage":{"@id":"https:\/\/canal7slp.tv\/2022\/antony-blinken-externa-preocupacion-por-asesinatos-de-periodistas-en-mexico\/"},"wordCount":173,"publisher":{"@id":"https:\/\/canal7slp.tv\/2022\/#organization"},"image":{"@id":"https:\/\/canal7slp.tv\/2022\/antony-blinken-externa-preocupacion-por-asesinatos-de-periodistas-en-mexico\/#primaryimage"},"thumbnailUrl":"https:\/\/canal7slp.tv\/2022\/wp-content\/uploads\/2022\/02\/AntonyBlinkenB.png","articleSection":["LOCALES Y REGIONALES"],"inLanguage":"es"},{"@type":"WebPage","@id":"https:\/\/canal7slp.tv\/2022\/antony-blinken-externa-preocupacion-por-asesinatos-de-periodistas-en-mexico\/","url":"https:\/\/canal7slp.tv\/2022\/antony-blinken-externa-preocupacion-por-asesinatos-de-periodistas-en-mexico\/","name":"Antony Blinken externa preocupaci\u00f3n por asesinatos de periodistas en M\u00e9xico - Canal 7 SLP - 2022","isPartOf":{"@id":"https:\/\/canal7slp.tv\/2022\/#website"},"primaryImageOfPage":{"@id":"https:\/\/canal7slp.tv\/2022\/antony-blinken-externa-preocupacion-por-asesinatos-de-periodistas-en-mexico\/#primaryimage"},"image":{"@id":"https:\/\/canal7slp.tv\/2022\/antony-blinken-externa-preocupacion-por-asesinatos-de-periodistas-en-mexico\/#primaryimage"},"thumbnailUrl":"https:\/\/canal7slp.tv\/2022\/wp-content\/uploads\/2022\/02\/AntonyBlinkenB.png","datePublished":"2022-02-23T06:17:43+00:00","breadcrumb":{"@id":"https:\/\/canal7slp.tv\/2022\/antony-blinken-externa-preocupacion-por-asesinatos-de-periodistas-en-mexico\/#breadcrumb"},"inLanguage":"es","potentialAction":[{"@type":"ReadAction","target":["https:\/\/canal7slp.tv\/2022\/antony-blinken-externa-preocupacion-por-asesinatos-de-periodistas-en-mexico\/"]}]},{"@type":"ImageObject","inLanguage":"es","@id":"https:\/\/canal7slp.tv\/2022\/antony-blinken-externa-preocupacion-por-asesinatos-de-periodistas-en-mexico\/#primaryimage","url":"https:\/\/canal7slp.tv\/2022\/wp-content\/uploads\/2022\/02\/AntonyBlinkenB.png","contentUrl":"https:\/\/canal7slp.tv\/2022\/wp-content\/uploads\/2022\/02\/AntonyBlinkenB.png","width":777,"height":447},{"@type":"BreadcrumbList","@id":"https:\/\/canal7slp.tv\/2022\/antony-blinken-externa-preocupacion-por-asesinatos-de-periodistas-en-mexico\/#breadcrumb","itemListElement":[{"@type":"ListItem","position":1,"name":"Portada","item":"https:\/\/canal7slp.tv\/2022\/"},{"@type":"ListItem","position":2,"name":"Antony Blinken externa preocupaci\u00f3n por asesinatos de periodistas en M\u00e9xico"}]},{"@type":"WebSite","@id":"https:\/\/canal7slp.tv\/2022\/#website","url":"https:\/\/canal7slp.tv\/2022\/","name":"N7 - Noticieros Canal 7","description":"Somos Televisi\u00f3n","publisher":{"@id":"https:\/\/canal7slp.tv\/2022\/#organization"},"potentialAction":[{"@type":"SearchAction","target":{"@type":"EntryPoint","urlTemplate":"https:\/\/canal7slp.tv\/2022\/?s={search_term_string}"},"query-input":{"@type":"PropertyValueSpecification","valueRequired":true,"valueName":"search_term_string"}}],"inLanguage":"es"},{"@type":"Organization","@id":"https:\/\/canal7slp.tv\/2022\/#organization","name":"Noticieros Canal 7","url":"https:\/\/canal7slp.tv\/2022\/","logo":{"@type":"ImageObject","inLanguage":"es","@id":"https:\/\/canal7slp.tv\/2022\/#\/schema\/logo\/image\/","url":"https:\/\/canal7slp.tv\/2022\/wp-content\/uploads\/2021\/01\/logo-noticieros@2x.png","contentUrl":"https:\/\/canal7slp.tv\/2022\/wp-content\/uploads\/2021\/01\/logo-noticieros@2x.png","width":1017,"height":268,"caption":"Noticieros Canal 7"},"image":{"@id":"https:\/\/canal7slp.tv\/2022\/#\/schema\/logo\/image\/"},"sameAs":["https:\/\/www.facebook.com\/noticieroscanalsiete","https:\/\/x.com\/NOTICIEROS7","https:\/\/www.instagram.com\/canal7_slp","https:\/\/www.youtube.com\/channel\/UCliiYs-gP3JfJeqdPrNdd5A"]},{"@type":"Person","@id":"https:\/\/canal7slp.tv\/2022\/#\/schema\/person\/429704152a21f5f856ce29aa69a238da","name":"Edici\u00f3n Web","image":{"@type":"ImageObject","inLanguage":"es","@id":"https:\/\/secure.gravatar.com\/avatar\/eee448fc3f7164808013b816ba91ac7e43bbe82a70bebac296f8bc6f0addaa1a?s=96&d=mm&r=g","url":"https:\/\/secure.gravatar.com\/avatar\/eee448fc3f7164808013b816ba91ac7e43bbe82a70bebac296f8bc6f0addaa1a?s=96&d=mm&r=g","contentUrl":"https:\/\/secure.gravatar.com\/avatar\/eee448fc3f7164808013b816ba91ac7e43bbe82a70bebac296f8bc6f0addaa1a?s=96&d=mm&r=g","caption":"Edici\u00f3n Web"},"url":"https:\/\/canal7slp.tv\/2022\/author\/edicionweb\/"}]}},"amp_enabled":true,"_links":{"self":[{"href":"https:\/\/canal7slp.tv\/2022\/wp-json\/wp\/v2\/posts\/52078","targetHints":{"allow":["GET"]}}],"collection":[{"href":"https:\/\/canal7slp.tv\/2022\/wp-json\/wp\/v2\/posts"}],"about":[{"href":"https:\/\/canal7slp.tv\/2022\/wp-json\/wp\/v2\/types\/post"}],"author":[{"embeddable":true,"href":"https:\/\/canal7slp.tv\/2022\/wp-json\/wp\/v2\/users\/2"}],"replies":[{"embeddable":true,"href":"https:\/\/canal7slp.tv\/2022\/wp-json\/wp\/v2\/comments?post=52078"}],"version-history":[{"count":1,"href":"https:\/\/canal7slp.tv\/2022\/wp-json\/wp\/v2\/posts\/52078\/revisions"}],"predecessor-version":[{"id":52080,"href":"https:\/\/canal7slp.tv\/2022\/wp-json\/wp\/v2\/posts\/52078\/revisions\/52080"}],"wp:featuredmedia":[{"embeddable":true,"href":"https:\/\/canal7slp.tv\/2022\/wp-json\/wp\/v2\/media\/52079"}],"wp:attachment":[{"href":"https:\/\/canal7slp.tv\/2022\/wp-json\/wp\/v2\/media?parent=52078"}],"wp:term":[{"taxonomy":"category","embeddable":true,"href":"https:\/\/canal7slp.tv\/2022\/wp-json\/wp\/v2\/categories?post=52078"},{"taxonomy":"post_tag","embeddable":true,"href":"https:\/\/canal7slp.tv\/2022\/wp-json\/wp\/v2\/tags?post=52078"}],"curies":[{"name":"wp","href":"https:\/\/api.w.org\/{rel}","templated":true}]}}