{"id":52062,"date":"2022-02-22T19:50:09","date_gmt":"2022-02-23T01:50:09","guid":{"rendered":"https:\/\/canal7slp.tv\/2022\/?p=52062"},"modified":"2022-02-22T23:07:35","modified_gmt":"2022-02-23T05:07:35","slug":"procedimientos-administrativos-por-presuntas-inconsistencias-y-una-denuncia-relacionada-con-el-programa-jovenes-construyendo-el-futuro-se-registran-en-slp","status":"publish","type":"post","link":"https:\/\/canal7slp.tv\/2022\/procedimientos-administrativos-por-presuntas-inconsistencias-y-una-denuncia-relacionada-con-el-programa-jovenes-construyendo-el-futuro-se-registran-en-slp\/","title":{"rendered":"Procedimientos administrativos por presuntas inconsistencias y una denuncia relacionada con el programa J\u00f3venes Construyendo el Futuro se registran en SLP."},"content":{"rendered":"<p style=\"text-align: justify;\">SLP.- Aproximadamente una docena de procedimientos administrativos por presuntas irregularidades inici\u00f3 la Secretar\u00eda del Trabajo y Previsi\u00f3n Social (STyPS).<\/p>\n<p style=\"text-align: justify;\">Por ejemplo, debido al aparente mal uso que personas hac\u00edan de organismos descentralizados o en la misma dependencia.<\/p>\n<p style=\"text-align: justify;\">El titular de la Secretar\u00eda del Trabajo y Previsi\u00f3n Social, N\u00e9stor Eduardo Garza \u00c1lvarez declar\u00f3 al respecto.<\/p>\n<p style=\"text-align: justify;\">Adem\u00e1s, el sector productivo promovi\u00f3 una denuncia ante la Fiscal\u00eda por inconsistencias en el manejo de programas.<\/p>\n<p style=\"text-align: justify;\">La autoridad tiene conocimiento de que la afectaci\u00f3n se dio en al menos tres centros laborales y empleados de \u00e9stos.<\/p>\n<p style=\"text-align: justify;\">Por: Paulina Rodr\u00edguez<\/p>\n","protected":false},"excerpt":{"rendered":"<p>SLP.- Aproximadamente una docena de procedimientos administrativos por presuntas irregularidades inici\u00f3 la Secretar\u00eda del Trabajo y Previsi\u00f3n Social (STyPS). Por ejemplo, debido al aparente mal uso que personas hac\u00edan de organismos descentralizados o en la misma dependencia. El titular de la Secretar\u00eda del Trabajo y Previsi\u00f3n Social, N\u00e9stor Eduardo Garza \u00c1lvarez declar\u00f3 al respecto. Adem\u00e1s, el sector productivo promovi\u00f3 una denuncia ante la Fiscal\u00eda por inconsistencias en el manejo de programas. La autoridad tiene conocimiento de que la afectaci\u00f3n se dio en al menos tres centros laborales y empleados de \u00e9stos. Por: Paulina Rodr\u00edguez<\/p>\n","protected":false},"author":2,"featured_media":52077,"comment_status":"closed","ping_status":"closed","sticky":false,"template":"","format":"video","meta":{"footnotes":""},"categories":[5,45],"tags":[],"class_list":["post-52062","post","type-post","status-publish","format-video","has-post-thumbnail","hentry","category-destacadas","category-localesyregionales","post_format-post-format-video","post--single"],"yoast_head":"<!-- This site is optimized with the Yoast SEO plugin v27.4 - https:\/\/yoast.com\/product\/yoast-seo-wordpress\/ -->\n<title>Procedimientos administrativos por presuntas inconsistencias y una denuncia relacionada con el programa J\u00f3venes Construyendo el Futuro se registran en SLP. - Canal 7 SLP - 2022<\/title>\n<meta name=\"robots\" content=\"index, follow, max-snippet:-1, max-image-preview:large, max-video-preview:-1\" \/>\n<link rel=\"canonical\" href=\"https:\/\/canal7slp.tv\/2022\/procedimientos-administrativos-por-presuntas-inconsistencias-y-una-denuncia-relacionada-con-el-programa-jovenes-construyendo-el-futuro-se-registran-en-slp\/\" \/>\n<meta property=\"og:locale\" content=\"es_ES\" \/>\n<meta property=\"og:type\" content=\"article\" \/>\n<meta property=\"og:title\" content=\"Procedimientos administrativos por presuntas inconsistencias y una denuncia relacionada con el programa J\u00f3venes Construyendo el Futuro se registran en SLP. - Canal 7 SLP - 2022\" \/>\n<meta property=\"og:description\" content=\"SLP.- Aproximadamente una docena de procedimientos administrativos por presuntas irregularidades inici\u00f3 la Secretar\u00eda del Trabajo y Previsi\u00f3n Social (STyPS). Por ejemplo, debido al aparente mal uso que personas hac\u00edan de organismos descentralizados o en la misma dependencia. El titular de la Secretar\u00eda del Trabajo y Previsi\u00f3n Social, N\u00e9stor Eduardo Garza \u00c1lvarez declar\u00f3 al respecto. Adem\u00e1s, el sector productivo promovi\u00f3 una denuncia ante la Fiscal\u00eda por inconsistencias en el manejo de programas. La autoridad tiene conocimiento de que la afectaci\u00f3n se dio en al menos tres centros laborales y empleados de \u00e9stos. Por: Paulina Rodr\u00edguez\" \/>\n<meta property=\"og:url\" content=\"https:\/\/canal7slp.tv\/2022\/procedimientos-administrativos-por-presuntas-inconsistencias-y-una-denuncia-relacionada-con-el-programa-jovenes-construyendo-el-futuro-se-registran-en-slp\/\" \/>\n<meta property=\"og:site_name\" content=\"Canal 7 SLP - 2022\" \/>\n<meta property=\"article:publisher\" content=\"https:\/\/www.facebook.com\/noticieroscanalsiete\" \/>\n<meta property=\"article:published_time\" content=\"2022-02-23T01:50:09+00:00\" \/>\n<meta property=\"article:modified_time\" content=\"2022-02-23T05:07:35+00:00\" \/>\n<meta property=\"og:image\" content=\"https:\/\/canal7slp.tv\/2022\/wp-content\/uploads\/2022\/02\/Pau0Anomalias.jpg\" \/>\n\t<meta property=\"og:image:width\" content=\"888\" \/>\n\t<meta property=\"og:image:height\" content=\"500\" \/>\n\t<meta property=\"og:image:type\" content=\"image\/jpeg\" \/>\n<meta name=\"author\" content=\"Edici\u00f3n Web\" \/>\n<meta name=\"twitter:card\" content=\"summary_large_image\" \/>\n<meta name=\"twitter:creator\" content=\"@NOTICIEROS7\" \/>\n<meta name=\"twitter:site\" content=\"@NOTICIEROS7\" \/>\n<meta name=\"twitter:label1\" content=\"Escrito por\" \/>\n\t<meta name=\"twitter:data1\" content=\"Edici\u00f3n Web\" \/>\n\t<meta name=\"twitter:label2\" content=\"Tiempo de lectura\" \/>\n\t<meta name=\"twitter:data2\" content=\"1 minuto\" \/>\n<script type=\"application\/ld+json\" class=\"yoast-schema-graph\">{\"@context\":\"https:\\\/\\\/schema.org\",\"@graph\":[{\"@type\":\"Article\",\"@id\":\"https:\\\/\\\/canal7slp.tv\\\/2022\\\/procedimientos-administrativos-por-presuntas-inconsistencias-y-una-denuncia-relacionada-con-el-programa-jovenes-construyendo-el-futuro-se-registran-en-slp\\\/#article\",\"isPartOf\":{\"@id\":\"https:\\\/\\\/canal7slp.tv\\\/2022\\\/procedimientos-administrativos-por-presuntas-inconsistencias-y-una-denuncia-relacionada-con-el-programa-jovenes-construyendo-el-futuro-se-registran-en-slp\\\/\"},\"author\":{\"name\":\"Edici\u00f3n Web\",\"@id\":\"https:\\\/\\\/canal7slp.tv\\\/2022\\\/#\\\/schema\\\/person\\\/429704152a21f5f856ce29aa69a238da\"},\"headline\":\"Procedimientos administrativos por presuntas inconsistencias y una denuncia relacionada con el programa J\u00f3venes Construyendo el Futuro se registran en SLP.\",\"datePublished\":\"2022-02-23T01:50:09+00:00\",\"dateModified\":\"2022-02-23T05:07:35+00:00\",\"mainEntityOfPage\":{\"@id\":\"https:\\\/\\\/canal7slp.tv\\\/2022\\\/procedimientos-administrativos-por-presuntas-inconsistencias-y-una-denuncia-relacionada-con-el-programa-jovenes-construyendo-el-futuro-se-registran-en-slp\\\/\"},\"wordCount\":126,\"publisher\":{\"@id\":\"https:\\\/\\\/canal7slp.tv\\\/2022\\\/#organization\"},\"image\":{\"@id\":\"https:\\\/\\\/canal7slp.tv\\\/2022\\\/procedimientos-administrativos-por-presuntas-inconsistencias-y-una-denuncia-relacionada-con-el-programa-jovenes-construyendo-el-futuro-se-registran-en-slp\\\/#primaryimage\"},\"thumbnailUrl\":\"https:\\\/\\\/canal7slp.tv\\\/2022\\\/wp-content\\\/uploads\\\/2022\\\/02\\\/Pau0Anomalias.jpg\",\"articleSection\":[\"DESTACADAS\",\"LOCALES Y REGIONALES\"],\"inLanguage\":\"es\"},{\"@type\":\"WebPage\",\"@id\":\"https:\\\/\\\/canal7slp.tv\\\/2022\\\/procedimientos-administrativos-por-presuntas-inconsistencias-y-una-denuncia-relacionada-con-el-programa-jovenes-construyendo-el-futuro-se-registran-en-slp\\\/\",\"url\":\"https:\\\/\\\/canal7slp.tv\\\/2022\\\/procedimientos-administrativos-por-presuntas-inconsistencias-y-una-denuncia-relacionada-con-el-programa-jovenes-construyendo-el-futuro-se-registran-en-slp\\\/\",\"name\":\"Procedimientos administrativos por presuntas inconsistencias y una denuncia relacionada con el programa J\u00f3venes Construyendo el Futuro se registran en SLP. - Canal 7 SLP - 2022\",\"isPartOf\":{\"@id\":\"https:\\\/\\\/canal7slp.tv\\\/2022\\\/#website\"},\"primaryImageOfPage\":{\"@id\":\"https:\\\/\\\/canal7slp.tv\\\/2022\\\/procedimientos-administrativos-por-presuntas-inconsistencias-y-una-denuncia-relacionada-con-el-programa-jovenes-construyendo-el-futuro-se-registran-en-slp\\\/#primaryimage\"},\"image\":{\"@id\":\"https:\\\/\\\/canal7slp.tv\\\/2022\\\/procedimientos-administrativos-por-presuntas-inconsistencias-y-una-denuncia-relacionada-con-el-programa-jovenes-construyendo-el-futuro-se-registran-en-slp\\\/#primaryimage\"},\"thumbnailUrl\":\"https:\\\/\\\/canal7slp.tv\\\/2022\\\/wp-content\\\/uploads\\\/2022\\\/02\\\/Pau0Anomalias.jpg\",\"datePublished\":\"2022-02-23T01:50:09+00:00\",\"dateModified\":\"2022-02-23T05:07:35+00:00\",\"breadcrumb\":{\"@id\":\"https:\\\/\\\/canal7slp.tv\\\/2022\\\/procedimientos-administrativos-por-presuntas-inconsistencias-y-una-denuncia-relacionada-con-el-programa-jovenes-construyendo-el-futuro-se-registran-en-slp\\\/#breadcrumb\"},\"inLanguage\":\"es\",\"potentialAction\":[{\"@type\":\"ReadAction\",\"target\":[\"https:\\\/\\\/canal7slp.tv\\\/2022\\\/procedimientos-administrativos-por-presuntas-inconsistencias-y-una-denuncia-relacionada-con-el-programa-jovenes-construyendo-el-futuro-se-registran-en-slp\\\/\"]}]},{\"@type\":\"ImageObject\",\"inLanguage\":\"es\",\"@id\":\"https:\\\/\\\/canal7slp.tv\\\/2022\\\/procedimientos-administrativos-por-presuntas-inconsistencias-y-una-denuncia-relacionada-con-el-programa-jovenes-construyendo-el-futuro-se-registran-en-slp\\\/#primaryimage\",\"url\":\"https:\\\/\\\/canal7slp.tv\\\/2022\\\/wp-content\\\/uploads\\\/2022\\\/02\\\/Pau0Anomalias.jpg\",\"contentUrl\":\"https:\\\/\\\/canal7slp.tv\\\/2022\\\/wp-content\\\/uploads\\\/2022\\\/02\\\/Pau0Anomalias.jpg\",\"width\":888,\"height\":500},{\"@type\":\"BreadcrumbList\",\"@id\":\"https:\\\/\\\/canal7slp.tv\\\/2022\\\/procedimientos-administrativos-por-presuntas-inconsistencias-y-una-denuncia-relacionada-con-el-programa-jovenes-construyendo-el-futuro-se-registran-en-slp\\\/#breadcrumb\",\"itemListElement\":[{\"@type\":\"ListItem\",\"position\":1,\"name\":\"Portada\",\"item\":\"https:\\\/\\\/canal7slp.tv\\\/2022\\\/\"},{\"@type\":\"ListItem\",\"position\":2,\"name\":\"Procedimientos administrativos por presuntas inconsistencias y una denuncia relacionada con el programa J\u00f3venes Construyendo el Futuro se registran en SLP.\"}]},{\"@type\":\"WebSite\",\"@id\":\"https:\\\/\\\/canal7slp.tv\\\/2022\\\/#website\",\"url\":\"https:\\\/\\\/canal7slp.tv\\\/2022\\\/\",\"name\":\"N7 - Noticieros Canal 7\",\"description\":\"Somos Televisi\u00f3n\",\"publisher\":{\"@id\":\"https:\\\/\\\/canal7slp.tv\\\/2022\\\/#organization\"},\"potentialAction\":[{\"@type\":\"SearchAction\",\"target\":{\"@type\":\"EntryPoint\",\"urlTemplate\":\"https:\\\/\\\/canal7slp.tv\\\/2022\\\/?s={search_term_string}\"},\"query-input\":{\"@type\":\"PropertyValueSpecification\",\"valueRequired\":true,\"valueName\":\"search_term_string\"}}],\"inLanguage\":\"es\"},{\"@type\":\"Organization\",\"@id\":\"https:\\\/\\\/canal7slp.tv\\\/2022\\\/#organization\",\"name\":\"Noticieros Canal 7\",\"url\":\"https:\\\/\\\/canal7slp.tv\\\/2022\\\/\",\"logo\":{\"@type\":\"ImageObject\",\"inLanguage\":\"es\",\"@id\":\"https:\\\/\\\/canal7slp.tv\\\/2022\\\/#\\\/schema\\\/logo\\\/image\\\/\",\"url\":\"https:\\\/\\\/canal7slp.tv\\\/2022\\\/wp-content\\\/uploads\\\/2021\\\/01\\\/logo-noticieros@2x.png\",\"contentUrl\":\"https:\\\/\\\/canal7slp.tv\\\/2022\\\/wp-content\\\/uploads\\\/2021\\\/01\\\/logo-noticieros@2x.png\",\"width\":1017,\"height\":268,\"caption\":\"Noticieros Canal 7\"},\"image\":{\"@id\":\"https:\\\/\\\/canal7slp.tv\\\/2022\\\/#\\\/schema\\\/logo\\\/image\\\/\"},\"sameAs\":[\"https:\\\/\\\/www.facebook.com\\\/noticieroscanalsiete\",\"https:\\\/\\\/x.com\\\/NOTICIEROS7\",\"https:\\\/\\\/www.instagram.com\\\/canal7_slp\",\"https:\\\/\\\/www.youtube.com\\\/channel\\\/UCliiYs-gP3JfJeqdPrNdd5A\"]},{\"@type\":\"Person\",\"@id\":\"https:\\\/\\\/canal7slp.tv\\\/2022\\\/#\\\/schema\\\/person\\\/429704152a21f5f856ce29aa69a238da\",\"name\":\"Edici\u00f3n Web\",\"image\":{\"@type\":\"ImageObject\",\"inLanguage\":\"es\",\"@id\":\"https:\\\/\\\/secure.gravatar.com\\\/avatar\\\/eee448fc3f7164808013b816ba91ac7e43bbe82a70bebac296f8bc6f0addaa1a?s=96&d=mm&r=g\",\"url\":\"https:\\\/\\\/secure.gravatar.com\\\/avatar\\\/eee448fc3f7164808013b816ba91ac7e43bbe82a70bebac296f8bc6f0addaa1a?s=96&d=mm&r=g\",\"contentUrl\":\"https:\\\/\\\/secure.gravatar.com\\\/avatar\\\/eee448fc3f7164808013b816ba91ac7e43bbe82a70bebac296f8bc6f0addaa1a?s=96&d=mm&r=g\",\"caption\":\"Edici\u00f3n Web\"},\"url\":\"https:\\\/\\\/canal7slp.tv\\\/2022\\\/author\\\/edicionweb\\\/\"}]}<\/script>\n<!-- \/ Yoast SEO plugin. -->","yoast_head_json":{"title":"Procedimientos administrativos por presuntas inconsistencias y una denuncia relacionada con el programa J\u00f3venes Construyendo el Futuro se registran en SLP. - Canal 7 SLP - 2022","robots":{"index":"index","follow":"follow","max-snippet":"max-snippet:-1","max-image-preview":"max-image-preview:large","max-video-preview":"max-video-preview:-1"},"canonical":"https:\/\/canal7slp.tv\/2022\/procedimientos-administrativos-por-presuntas-inconsistencias-y-una-denuncia-relacionada-con-el-programa-jovenes-construyendo-el-futuro-se-registran-en-slp\/","og_locale":"es_ES","og_type":"article","og_title":"Procedimientos administrativos por presuntas inconsistencias y una denuncia relacionada con el programa J\u00f3venes Construyendo el Futuro se registran en SLP. - Canal 7 SLP - 2022","og_description":"SLP.- Aproximadamente una docena de procedimientos administrativos por presuntas irregularidades inici\u00f3 la Secretar\u00eda del Trabajo y Previsi\u00f3n Social (STyPS). Por ejemplo, debido al aparente mal uso que personas hac\u00edan de organismos descentralizados o en la misma dependencia. El titular de la Secretar\u00eda del Trabajo y Previsi\u00f3n Social, N\u00e9stor Eduardo Garza \u00c1lvarez declar\u00f3 al respecto. Adem\u00e1s, el sector productivo promovi\u00f3 una denuncia ante la Fiscal\u00eda por inconsistencias en el manejo de programas. La autoridad tiene conocimiento de que la afectaci\u00f3n se dio en al menos tres centros laborales y empleados de \u00e9stos. Por: Paulina Rodr\u00edguez","og_url":"https:\/\/canal7slp.tv\/2022\/procedimientos-administrativos-por-presuntas-inconsistencias-y-una-denuncia-relacionada-con-el-programa-jovenes-construyendo-el-futuro-se-registran-en-slp\/","og_site_name":"Canal 7 SLP - 2022","article_publisher":"https:\/\/www.facebook.com\/noticieroscanalsiete","article_published_time":"2022-02-23T01:50:09+00:00","article_modified_time":"2022-02-23T05:07:35+00:00","og_image":[{"width":888,"height":500,"url":"https:\/\/canal7slp.tv\/2022\/wp-content\/uploads\/2022\/02\/Pau0Anomalias.jpg","type":"image\/jpeg"}],"author":"Edici\u00f3n Web","twitter_card":"summary_large_image","twitter_creator":"@NOTICIEROS7","twitter_site":"@NOTICIEROS7","twitter_misc":{"Escrito por":"Edici\u00f3n Web","Tiempo de lectura":"1 minuto"},"schema":{"@context":"https:\/\/schema.org","@graph":[{"@type":"Article","@id":"https:\/\/canal7slp.tv\/2022\/procedimientos-administrativos-por-presuntas-inconsistencias-y-una-denuncia-relacionada-con-el-programa-jovenes-construyendo-el-futuro-se-registran-en-slp\/#article","isPartOf":{"@id":"https:\/\/canal7slp.tv\/2022\/procedimientos-administrativos-por-presuntas-inconsistencias-y-una-denuncia-relacionada-con-el-programa-jovenes-construyendo-el-futuro-se-registran-en-slp\/"},"author":{"name":"Edici\u00f3n Web","@id":"https:\/\/canal7slp.tv\/2022\/#\/schema\/person\/429704152a21f5f856ce29aa69a238da"},"headline":"Procedimientos administrativos por presuntas inconsistencias y una denuncia relacionada con el programa J\u00f3venes Construyendo el Futuro se registran en SLP.","datePublished":"2022-02-23T01:50:09+00:00","dateModified":"2022-02-23T05:07:35+00:00","mainEntityOfPage":{"@id":"https:\/\/canal7slp.tv\/2022\/procedimientos-administrativos-por-presuntas-inconsistencias-y-una-denuncia-relacionada-con-el-programa-jovenes-construyendo-el-futuro-se-registran-en-slp\/"},"wordCount":126,"publisher":{"@id":"https:\/\/canal7slp.tv\/2022\/#organization"},"image":{"@id":"https:\/\/canal7slp.tv\/2022\/procedimientos-administrativos-por-presuntas-inconsistencias-y-una-denuncia-relacionada-con-el-programa-jovenes-construyendo-el-futuro-se-registran-en-slp\/#primaryimage"},"thumbnailUrl":"https:\/\/canal7slp.tv\/2022\/wp-content\/uploads\/2022\/02\/Pau0Anomalias.jpg","articleSection":["DESTACADAS","LOCALES Y REGIONALES"],"inLanguage":"es"},{"@type":"WebPage","@id":"https:\/\/canal7slp.tv\/2022\/procedimientos-administrativos-por-presuntas-inconsistencias-y-una-denuncia-relacionada-con-el-programa-jovenes-construyendo-el-futuro-se-registran-en-slp\/","url":"https:\/\/canal7slp.tv\/2022\/procedimientos-administrativos-por-presuntas-inconsistencias-y-una-denuncia-relacionada-con-el-programa-jovenes-construyendo-el-futuro-se-registran-en-slp\/","name":"Procedimientos administrativos por presuntas inconsistencias y una denuncia relacionada con el programa J\u00f3venes Construyendo el Futuro se registran en SLP. - Canal 7 SLP - 2022","isPartOf":{"@id":"https:\/\/canal7slp.tv\/2022\/#website"},"primaryImageOfPage":{"@id":"https:\/\/canal7slp.tv\/2022\/procedimientos-administrativos-por-presuntas-inconsistencias-y-una-denuncia-relacionada-con-el-programa-jovenes-construyendo-el-futuro-se-registran-en-slp\/#primaryimage"},"image":{"@id":"https:\/\/canal7slp.tv\/2022\/procedimientos-administrativos-por-presuntas-inconsistencias-y-una-denuncia-relacionada-con-el-programa-jovenes-construyendo-el-futuro-se-registran-en-slp\/#primaryimage"},"thumbnailUrl":"https:\/\/canal7slp.tv\/2022\/wp-content\/uploads\/2022\/02\/Pau0Anomalias.jpg","datePublished":"2022-02-23T01:50:09+00:00","dateModified":"2022-02-23T05:07:35+00:00","breadcrumb":{"@id":"https:\/\/canal7slp.tv\/2022\/procedimientos-administrativos-por-presuntas-inconsistencias-y-una-denuncia-relacionada-con-el-programa-jovenes-construyendo-el-futuro-se-registran-en-slp\/#breadcrumb"},"inLanguage":"es","potentialAction":[{"@type":"ReadAction","target":["https:\/\/canal7slp.tv\/2022\/procedimientos-administrativos-por-presuntas-inconsistencias-y-una-denuncia-relacionada-con-el-programa-jovenes-construyendo-el-futuro-se-registran-en-slp\/"]}]},{"@type":"ImageObject","inLanguage":"es","@id":"https:\/\/canal7slp.tv\/2022\/procedimientos-administrativos-por-presuntas-inconsistencias-y-una-denuncia-relacionada-con-el-programa-jovenes-construyendo-el-futuro-se-registran-en-slp\/#primaryimage","url":"https:\/\/canal7slp.tv\/2022\/wp-content\/uploads\/2022\/02\/Pau0Anomalias.jpg","contentUrl":"https:\/\/canal7slp.tv\/2022\/wp-content\/uploads\/2022\/02\/Pau0Anomalias.jpg","width":888,"height":500},{"@type":"BreadcrumbList","@id":"https:\/\/canal7slp.tv\/2022\/procedimientos-administrativos-por-presuntas-inconsistencias-y-una-denuncia-relacionada-con-el-programa-jovenes-construyendo-el-futuro-se-registran-en-slp\/#breadcrumb","itemListElement":[{"@type":"ListItem","position":1,"name":"Portada","item":"https:\/\/canal7slp.tv\/2022\/"},{"@type":"ListItem","position":2,"name":"Procedimientos administrativos por presuntas inconsistencias y una denuncia relacionada con el programa J\u00f3venes Construyendo el Futuro se registran en SLP."}]},{"@type":"WebSite","@id":"https:\/\/canal7slp.tv\/2022\/#website","url":"https:\/\/canal7slp.tv\/2022\/","name":"N7 - Noticieros Canal 7","description":"Somos Televisi\u00f3n","publisher":{"@id":"https:\/\/canal7slp.tv\/2022\/#organization"},"potentialAction":[{"@type":"SearchAction","target":{"@type":"EntryPoint","urlTemplate":"https:\/\/canal7slp.tv\/2022\/?s={search_term_string}"},"query-input":{"@type":"PropertyValueSpecification","valueRequired":true,"valueName":"search_term_string"}}],"inLanguage":"es"},{"@type":"Organization","@id":"https:\/\/canal7slp.tv\/2022\/#organization","name":"Noticieros Canal 7","url":"https:\/\/canal7slp.tv\/2022\/","logo":{"@type":"ImageObject","inLanguage":"es","@id":"https:\/\/canal7slp.tv\/2022\/#\/schema\/logo\/image\/","url":"https:\/\/canal7slp.tv\/2022\/wp-content\/uploads\/2021\/01\/logo-noticieros@2x.png","contentUrl":"https:\/\/canal7slp.tv\/2022\/wp-content\/uploads\/2021\/01\/logo-noticieros@2x.png","width":1017,"height":268,"caption":"Noticieros Canal 7"},"image":{"@id":"https:\/\/canal7slp.tv\/2022\/#\/schema\/logo\/image\/"},"sameAs":["https:\/\/www.facebook.com\/noticieroscanalsiete","https:\/\/x.com\/NOTICIEROS7","https:\/\/www.instagram.com\/canal7_slp","https:\/\/www.youtube.com\/channel\/UCliiYs-gP3JfJeqdPrNdd5A"]},{"@type":"Person","@id":"https:\/\/canal7slp.tv\/2022\/#\/schema\/person\/429704152a21f5f856ce29aa69a238da","name":"Edici\u00f3n Web","image":{"@type":"ImageObject","inLanguage":"es","@id":"https:\/\/secure.gravatar.com\/avatar\/eee448fc3f7164808013b816ba91ac7e43bbe82a70bebac296f8bc6f0addaa1a?s=96&d=mm&r=g","url":"https:\/\/secure.gravatar.com\/avatar\/eee448fc3f7164808013b816ba91ac7e43bbe82a70bebac296f8bc6f0addaa1a?s=96&d=mm&r=g","contentUrl":"https:\/\/secure.gravatar.com\/avatar\/eee448fc3f7164808013b816ba91ac7e43bbe82a70bebac296f8bc6f0addaa1a?s=96&d=mm&r=g","caption":"Edici\u00f3n Web"},"url":"https:\/\/canal7slp.tv\/2022\/author\/edicionweb\/"}]}},"amp_enabled":true,"_links":{"self":[{"href":"https:\/\/canal7slp.tv\/2022\/wp-json\/wp\/v2\/posts\/52062","targetHints":{"allow":["GET"]}}],"collection":[{"href":"https:\/\/canal7slp.tv\/2022\/wp-json\/wp\/v2\/posts"}],"about":[{"href":"https:\/\/canal7slp.tv\/2022\/wp-json\/wp\/v2\/types\/post"}],"author":[{"embeddable":true,"href":"https:\/\/canal7slp.tv\/2022\/wp-json\/wp\/v2\/users\/2"}],"replies":[{"embeddable":true,"href":"https:\/\/canal7slp.tv\/2022\/wp-json\/wp\/v2\/comments?post=52062"}],"version-history":[{"count":2,"href":"https:\/\/canal7slp.tv\/2022\/wp-json\/wp\/v2\/posts\/52062\/revisions"}],"predecessor-version":[{"id":52065,"href":"https:\/\/canal7slp.tv\/2022\/wp-json\/wp\/v2\/posts\/52062\/revisions\/52065"}],"wp:featuredmedia":[{"embeddable":true,"href":"https:\/\/canal7slp.tv\/2022\/wp-json\/wp\/v2\/media\/52077"}],"wp:attachment":[{"href":"https:\/\/canal7slp.tv\/2022\/wp-json\/wp\/v2\/media?parent=52062"}],"wp:term":[{"taxonomy":"category","embeddable":true,"href":"https:\/\/canal7slp.tv\/2022\/wp-json\/wp\/v2\/categories?post=52062"},{"taxonomy":"post_tag","embeddable":true,"href":"https:\/\/canal7slp.tv\/2022\/wp-json\/wp\/v2\/tags?post=52062"}],"curies":[{"name":"wp","href":"https:\/\/api.w.org\/{rel}","templated":true}]}}