{"id":51998,"date":"2022-02-22T17:37:51","date_gmt":"2022-02-22T23:37:51","guid":{"rendered":"https:\/\/canal7slp.tv\/2022\/?p=51998"},"modified":"2022-02-22T17:37:51","modified_gmt":"2022-02-22T23:37:51","slug":"anuncian-cambio-de-titular-en-proteccion-civil-estatal-2","status":"publish","type":"post","link":"https:\/\/canal7slp.tv\/2022\/anuncian-cambio-de-titular-en-proteccion-civil-estatal-2\/","title":{"rendered":"Anuncian cambio de titular en Protecci\u00f3n Civil Estatal."},"content":{"rendered":"<ul>\n<li>Adicionalmente la pr\u00f3xima semana podr\u00eda definirse qui\u00e9n quedar\u00eda frente la Secretar\u00eda de Turismo.<\/li>\n<\/ul>\n<p style=\"text-align: justify;\">SLP.- El secretario general del Gobierno de San Luis Potos\u00ed, Guadalupe Torres S\u00e1nchez, anunci\u00f3 que en los pr\u00f3ximos d\u00edas habr\u00e1 un cambio en la titularidad del \u00e1rea de Protecci\u00f3n Civil Estatal, que era encabezada por Antonio Garza Nieto.<\/p>\n<p style=\"text-align: justify;\">De hecho, detall\u00f3 que el nuevo funcionario se desempe\u00f1a actualmente en el Ayuntamiento de Soledad de Graciano S\u00e1nchez como titular de la Polic\u00eda Vial; adem\u00e1s, ha fungi\u00f3 como titular de Protecci\u00f3n Civil en la pasada administraci\u00f3n.<\/p>\n<p style=\"text-align: justify;\">En ese sentido, aclar\u00f3 que el teniente Antonio Garza Nieto, quien sale del cargo, ser\u00e1 reubicado a otra dependencia sin que por el momento se revele en cu\u00e1l.<\/p>\n<p style=\"text-align: justify;\">\u201cEsta semana se hace tambi\u00e9n ya le cambi\u00f3 de estafeta con Protecci\u00f3n Civil, llega una persona que ha estado involucrado en esos temas, y es Mauricio Ordaz; estamos hablando con \u00e9l (Garza Nieto) para poder hacer un cambio de estafeta\u201d, dijo.<\/p>\n<p style=\"text-align: justify;\">Al respecto, el mandatario estatal, Ricardo Gallardo Cardona, se\u00f1al\u00f3 que se vienen m\u00e1s cambios al interior de su gabinete.<\/p>\n<p style=\"text-align: justify;\">\u00abSeguimos con los cambios, es un proceso normal donde nosotros estamos buscando ajustar un poquito los lugares donde creemos que se puede dar todav\u00eda m\u00e1s de lo que se estaba dando y muy seguramente vienen otros dos m\u00e1s\u00bb.<\/p>\n<p style=\"text-align: justify;\">Gallardo Cardona mencion\u00f3 que uno de estos cambios es la titularidad de la Secretar\u00eda de Turismo.<\/p>\n<p style=\"text-align: justify;\">\u00abLa pr\u00f3xima semana estaremos en condiciones de otros dos cambios porque en el tema de turismo ya estamos terminando las oficinas nuevas en Ciudad Valles y queremos que se inaugure con el nuevo secretario o secretaria\u00bb, culmin\u00f3.<\/p>\n<p style=\"text-align: justify;\">Por: Jos\u00e9 Luis V\u00e1zquez<\/p>\n","protected":false},"excerpt":{"rendered":"<p>Adicionalmente la pr\u00f3xima semana podr\u00eda definirse qui\u00e9n quedar\u00eda frente la Secretar\u00eda de Turismo. SLP.- El secretario general del Gobierno de San Luis Potos\u00ed, Guadalupe Torres S\u00e1nchez, anunci\u00f3 que en los pr\u00f3ximos d\u00edas habr\u00e1 un cambio en la titularidad del \u00e1rea de Protecci\u00f3n Civil Estatal, que era encabezada por Antonio Garza Nieto. De hecho, detall\u00f3 que el nuevo funcionario se desempe\u00f1a actualmente en el Ayuntamiento de Soledad de Graciano S\u00e1nchez como titular de la Polic\u00eda Vial; adem\u00e1s, ha fungi\u00f3 como titular de Protecci\u00f3n Civil en la pasada administraci\u00f3n. En ese sentido, aclar\u00f3 que el teniente Antonio Garza Nieto, quien sale del [&hellip;]<\/p>\n","protected":false},"author":2,"featured_media":52022,"comment_status":"closed","ping_status":"closed","sticky":false,"template":"","format":"video","meta":{"footnotes":""},"categories":[5,510,45],"tags":[],"class_list":["post-51998","post","type-post","status-publish","format-video","has-post-thumbnail","hentry","category-destacadas","category-gobedoslp","category-localesyregionales","post_format-post-format-video","post--single"],"yoast_head":"<!-- This site is optimized with the Yoast SEO plugin v27.4 - https:\/\/yoast.com\/product\/yoast-seo-wordpress\/ -->\n<title>Anuncian cambio de titular en Protecci\u00f3n Civil Estatal. - Canal 7 SLP - 2022<\/title>\n<meta name=\"robots\" content=\"index, follow, max-snippet:-1, max-image-preview:large, max-video-preview:-1\" \/>\n<link rel=\"canonical\" href=\"https:\/\/canal7slp.tv\/2022\/anuncian-cambio-de-titular-en-proteccion-civil-estatal-2\/\" \/>\n<meta property=\"og:locale\" content=\"es_ES\" \/>\n<meta property=\"og:type\" content=\"article\" \/>\n<meta property=\"og:title\" content=\"Anuncian cambio de titular en Protecci\u00f3n Civil Estatal. - Canal 7 SLP - 2022\" \/>\n<meta property=\"og:description\" content=\"Adicionalmente la pr\u00f3xima semana podr\u00eda definirse qui\u00e9n quedar\u00eda frente la Secretar\u00eda de Turismo. SLP.- El secretario general del Gobierno de San Luis Potos\u00ed, Guadalupe Torres S\u00e1nchez, anunci\u00f3 que en los pr\u00f3ximos d\u00edas habr\u00e1 un cambio en la titularidad del \u00e1rea de Protecci\u00f3n Civil Estatal, que era encabezada por Antonio Garza Nieto. De hecho, detall\u00f3 que el nuevo funcionario se desempe\u00f1a actualmente en el Ayuntamiento de Soledad de Graciano S\u00e1nchez como titular de la Polic\u00eda Vial; adem\u00e1s, ha fungi\u00f3 como titular de Protecci\u00f3n Civil en la pasada administraci\u00f3n. En ese sentido, aclar\u00f3 que el teniente Antonio Garza Nieto, quien sale del [&hellip;]\" \/>\n<meta property=\"og:url\" content=\"https:\/\/canal7slp.tv\/2022\/anuncian-cambio-de-titular-en-proteccion-civil-estatal-2\/\" \/>\n<meta property=\"og:site_name\" content=\"Canal 7 SLP - 2022\" \/>\n<meta property=\"article:publisher\" content=\"https:\/\/www.facebook.com\/noticieroscanalsiete\" \/>\n<meta property=\"article:published_time\" content=\"2022-02-22T23:37:51+00:00\" \/>\n<meta property=\"og:image\" content=\"https:\/\/canal7slp.tv\/2022\/wp-content\/uploads\/2022\/02\/Vazquez03Cambios.jpg\" \/>\n\t<meta property=\"og:image:width\" content=\"888\" \/>\n\t<meta property=\"og:image:height\" content=\"500\" \/>\n\t<meta property=\"og:image:type\" content=\"image\/jpeg\" \/>\n<meta name=\"author\" content=\"Edici\u00f3n Web\" \/>\n<meta name=\"twitter:card\" content=\"summary_large_image\" \/>\n<meta name=\"twitter:creator\" content=\"@NOTICIEROS7\" \/>\n<meta name=\"twitter:site\" content=\"@NOTICIEROS7\" \/>\n<meta name=\"twitter:label1\" content=\"Escrito por\" \/>\n\t<meta name=\"twitter:data1\" content=\"Edici\u00f3n Web\" \/>\n\t<meta name=\"twitter:label2\" content=\"Tiempo de lectura\" \/>\n\t<meta name=\"twitter:data2\" content=\"2 minutos\" \/>\n<script type=\"application\/ld+json\" class=\"yoast-schema-graph\">{\"@context\":\"https:\\\/\\\/schema.org\",\"@graph\":[{\"@type\":\"Article\",\"@id\":\"https:\\\/\\\/canal7slp.tv\\\/2022\\\/anuncian-cambio-de-titular-en-proteccion-civil-estatal-2\\\/#article\",\"isPartOf\":{\"@id\":\"https:\\\/\\\/canal7slp.tv\\\/2022\\\/anuncian-cambio-de-titular-en-proteccion-civil-estatal-2\\\/\"},\"author\":{\"name\":\"Edici\u00f3n Web\",\"@id\":\"https:\\\/\\\/canal7slp.tv\\\/2022\\\/#\\\/schema\\\/person\\\/429704152a21f5f856ce29aa69a238da\"},\"headline\":\"Anuncian cambio de titular en Protecci\u00f3n Civil Estatal.\",\"datePublished\":\"2022-02-22T23:37:51+00:00\",\"mainEntityOfPage\":{\"@id\":\"https:\\\/\\\/canal7slp.tv\\\/2022\\\/anuncian-cambio-de-titular-en-proteccion-civil-estatal-2\\\/\"},\"wordCount\":306,\"publisher\":{\"@id\":\"https:\\\/\\\/canal7slp.tv\\\/2022\\\/#organization\"},\"image\":{\"@id\":\"https:\\\/\\\/canal7slp.tv\\\/2022\\\/anuncian-cambio-de-titular-en-proteccion-civil-estatal-2\\\/#primaryimage\"},\"thumbnailUrl\":\"https:\\\/\\\/canal7slp.tv\\\/2022\\\/wp-content\\\/uploads\\\/2022\\\/02\\\/Vazquez03Cambios.jpg\",\"articleSection\":[\"DESTACADAS\",\"GOBEDOSLP\",\"LOCALES Y REGIONALES\"],\"inLanguage\":\"es\"},{\"@type\":\"WebPage\",\"@id\":\"https:\\\/\\\/canal7slp.tv\\\/2022\\\/anuncian-cambio-de-titular-en-proteccion-civil-estatal-2\\\/\",\"url\":\"https:\\\/\\\/canal7slp.tv\\\/2022\\\/anuncian-cambio-de-titular-en-proteccion-civil-estatal-2\\\/\",\"name\":\"Anuncian cambio de titular en Protecci\u00f3n Civil Estatal. - Canal 7 SLP - 2022\",\"isPartOf\":{\"@id\":\"https:\\\/\\\/canal7slp.tv\\\/2022\\\/#website\"},\"primaryImageOfPage\":{\"@id\":\"https:\\\/\\\/canal7slp.tv\\\/2022\\\/anuncian-cambio-de-titular-en-proteccion-civil-estatal-2\\\/#primaryimage\"},\"image\":{\"@id\":\"https:\\\/\\\/canal7slp.tv\\\/2022\\\/anuncian-cambio-de-titular-en-proteccion-civil-estatal-2\\\/#primaryimage\"},\"thumbnailUrl\":\"https:\\\/\\\/canal7slp.tv\\\/2022\\\/wp-content\\\/uploads\\\/2022\\\/02\\\/Vazquez03Cambios.jpg\",\"datePublished\":\"2022-02-22T23:37:51+00:00\",\"breadcrumb\":{\"@id\":\"https:\\\/\\\/canal7slp.tv\\\/2022\\\/anuncian-cambio-de-titular-en-proteccion-civil-estatal-2\\\/#breadcrumb\"},\"inLanguage\":\"es\",\"potentialAction\":[{\"@type\":\"ReadAction\",\"target\":[\"https:\\\/\\\/canal7slp.tv\\\/2022\\\/anuncian-cambio-de-titular-en-proteccion-civil-estatal-2\\\/\"]}]},{\"@type\":\"ImageObject\",\"inLanguage\":\"es\",\"@id\":\"https:\\\/\\\/canal7slp.tv\\\/2022\\\/anuncian-cambio-de-titular-en-proteccion-civil-estatal-2\\\/#primaryimage\",\"url\":\"https:\\\/\\\/canal7slp.tv\\\/2022\\\/wp-content\\\/uploads\\\/2022\\\/02\\\/Vazquez03Cambios.jpg\",\"contentUrl\":\"https:\\\/\\\/canal7slp.tv\\\/2022\\\/wp-content\\\/uploads\\\/2022\\\/02\\\/Vazquez03Cambios.jpg\",\"width\":888,\"height\":500},{\"@type\":\"BreadcrumbList\",\"@id\":\"https:\\\/\\\/canal7slp.tv\\\/2022\\\/anuncian-cambio-de-titular-en-proteccion-civil-estatal-2\\\/#breadcrumb\",\"itemListElement\":[{\"@type\":\"ListItem\",\"position\":1,\"name\":\"Portada\",\"item\":\"https:\\\/\\\/canal7slp.tv\\\/2022\\\/\"},{\"@type\":\"ListItem\",\"position\":2,\"name\":\"Anuncian cambio de titular en Protecci\u00f3n Civil Estatal.\"}]},{\"@type\":\"WebSite\",\"@id\":\"https:\\\/\\\/canal7slp.tv\\\/2022\\\/#website\",\"url\":\"https:\\\/\\\/canal7slp.tv\\\/2022\\\/\",\"name\":\"N7 - Noticieros Canal 7\",\"description\":\"Somos Televisi\u00f3n\",\"publisher\":{\"@id\":\"https:\\\/\\\/canal7slp.tv\\\/2022\\\/#organization\"},\"potentialAction\":[{\"@type\":\"SearchAction\",\"target\":{\"@type\":\"EntryPoint\",\"urlTemplate\":\"https:\\\/\\\/canal7slp.tv\\\/2022\\\/?s={search_term_string}\"},\"query-input\":{\"@type\":\"PropertyValueSpecification\",\"valueRequired\":true,\"valueName\":\"search_term_string\"}}],\"inLanguage\":\"es\"},{\"@type\":\"Organization\",\"@id\":\"https:\\\/\\\/canal7slp.tv\\\/2022\\\/#organization\",\"name\":\"Noticieros Canal 7\",\"url\":\"https:\\\/\\\/canal7slp.tv\\\/2022\\\/\",\"logo\":{\"@type\":\"ImageObject\",\"inLanguage\":\"es\",\"@id\":\"https:\\\/\\\/canal7slp.tv\\\/2022\\\/#\\\/schema\\\/logo\\\/image\\\/\",\"url\":\"https:\\\/\\\/canal7slp.tv\\\/2022\\\/wp-content\\\/uploads\\\/2021\\\/01\\\/logo-noticieros@2x.png\",\"contentUrl\":\"https:\\\/\\\/canal7slp.tv\\\/2022\\\/wp-content\\\/uploads\\\/2021\\\/01\\\/logo-noticieros@2x.png\",\"width\":1017,\"height\":268,\"caption\":\"Noticieros Canal 7\"},\"image\":{\"@id\":\"https:\\\/\\\/canal7slp.tv\\\/2022\\\/#\\\/schema\\\/logo\\\/image\\\/\"},\"sameAs\":[\"https:\\\/\\\/www.facebook.com\\\/noticieroscanalsiete\",\"https:\\\/\\\/x.com\\\/NOTICIEROS7\",\"https:\\\/\\\/www.instagram.com\\\/canal7_slp\",\"https:\\\/\\\/www.youtube.com\\\/channel\\\/UCliiYs-gP3JfJeqdPrNdd5A\"]},{\"@type\":\"Person\",\"@id\":\"https:\\\/\\\/canal7slp.tv\\\/2022\\\/#\\\/schema\\\/person\\\/429704152a21f5f856ce29aa69a238da\",\"name\":\"Edici\u00f3n Web\",\"image\":{\"@type\":\"ImageObject\",\"inLanguage\":\"es\",\"@id\":\"https:\\\/\\\/secure.gravatar.com\\\/avatar\\\/eee448fc3f7164808013b816ba91ac7e43bbe82a70bebac296f8bc6f0addaa1a?s=96&d=mm&r=g\",\"url\":\"https:\\\/\\\/secure.gravatar.com\\\/avatar\\\/eee448fc3f7164808013b816ba91ac7e43bbe82a70bebac296f8bc6f0addaa1a?s=96&d=mm&r=g\",\"contentUrl\":\"https:\\\/\\\/secure.gravatar.com\\\/avatar\\\/eee448fc3f7164808013b816ba91ac7e43bbe82a70bebac296f8bc6f0addaa1a?s=96&d=mm&r=g\",\"caption\":\"Edici\u00f3n Web\"},\"url\":\"https:\\\/\\\/canal7slp.tv\\\/2022\\\/author\\\/edicionweb\\\/\"}]}<\/script>\n<!-- \/ Yoast SEO plugin. -->","yoast_head_json":{"title":"Anuncian cambio de titular en Protecci\u00f3n Civil Estatal. - Canal 7 SLP - 2022","robots":{"index":"index","follow":"follow","max-snippet":"max-snippet:-1","max-image-preview":"max-image-preview:large","max-video-preview":"max-video-preview:-1"},"canonical":"https:\/\/canal7slp.tv\/2022\/anuncian-cambio-de-titular-en-proteccion-civil-estatal-2\/","og_locale":"es_ES","og_type":"article","og_title":"Anuncian cambio de titular en Protecci\u00f3n Civil Estatal. - Canal 7 SLP - 2022","og_description":"Adicionalmente la pr\u00f3xima semana podr\u00eda definirse qui\u00e9n quedar\u00eda frente la Secretar\u00eda de Turismo. SLP.- El secretario general del Gobierno de San Luis Potos\u00ed, Guadalupe Torres S\u00e1nchez, anunci\u00f3 que en los pr\u00f3ximos d\u00edas habr\u00e1 un cambio en la titularidad del \u00e1rea de Protecci\u00f3n Civil Estatal, que era encabezada por Antonio Garza Nieto. De hecho, detall\u00f3 que el nuevo funcionario se desempe\u00f1a actualmente en el Ayuntamiento de Soledad de Graciano S\u00e1nchez como titular de la Polic\u00eda Vial; adem\u00e1s, ha fungi\u00f3 como titular de Protecci\u00f3n Civil en la pasada administraci\u00f3n. En ese sentido, aclar\u00f3 que el teniente Antonio Garza Nieto, quien sale del [&hellip;]","og_url":"https:\/\/canal7slp.tv\/2022\/anuncian-cambio-de-titular-en-proteccion-civil-estatal-2\/","og_site_name":"Canal 7 SLP - 2022","article_publisher":"https:\/\/www.facebook.com\/noticieroscanalsiete","article_published_time":"2022-02-22T23:37:51+00:00","og_image":[{"width":888,"height":500,"url":"https:\/\/canal7slp.tv\/2022\/wp-content\/uploads\/2022\/02\/Vazquez03Cambios.jpg","type":"image\/jpeg"}],"author":"Edici\u00f3n Web","twitter_card":"summary_large_image","twitter_creator":"@NOTICIEROS7","twitter_site":"@NOTICIEROS7","twitter_misc":{"Escrito por":"Edici\u00f3n Web","Tiempo de lectura":"2 minutos"},"schema":{"@context":"https:\/\/schema.org","@graph":[{"@type":"Article","@id":"https:\/\/canal7slp.tv\/2022\/anuncian-cambio-de-titular-en-proteccion-civil-estatal-2\/#article","isPartOf":{"@id":"https:\/\/canal7slp.tv\/2022\/anuncian-cambio-de-titular-en-proteccion-civil-estatal-2\/"},"author":{"name":"Edici\u00f3n Web","@id":"https:\/\/canal7slp.tv\/2022\/#\/schema\/person\/429704152a21f5f856ce29aa69a238da"},"headline":"Anuncian cambio de titular en Protecci\u00f3n Civil Estatal.","datePublished":"2022-02-22T23:37:51+00:00","mainEntityOfPage":{"@id":"https:\/\/canal7slp.tv\/2022\/anuncian-cambio-de-titular-en-proteccion-civil-estatal-2\/"},"wordCount":306,"publisher":{"@id":"https:\/\/canal7slp.tv\/2022\/#organization"},"image":{"@id":"https:\/\/canal7slp.tv\/2022\/anuncian-cambio-de-titular-en-proteccion-civil-estatal-2\/#primaryimage"},"thumbnailUrl":"https:\/\/canal7slp.tv\/2022\/wp-content\/uploads\/2022\/02\/Vazquez03Cambios.jpg","articleSection":["DESTACADAS","GOBEDOSLP","LOCALES Y REGIONALES"],"inLanguage":"es"},{"@type":"WebPage","@id":"https:\/\/canal7slp.tv\/2022\/anuncian-cambio-de-titular-en-proteccion-civil-estatal-2\/","url":"https:\/\/canal7slp.tv\/2022\/anuncian-cambio-de-titular-en-proteccion-civil-estatal-2\/","name":"Anuncian cambio de titular en Protecci\u00f3n Civil Estatal. - Canal 7 SLP - 2022","isPartOf":{"@id":"https:\/\/canal7slp.tv\/2022\/#website"},"primaryImageOfPage":{"@id":"https:\/\/canal7slp.tv\/2022\/anuncian-cambio-de-titular-en-proteccion-civil-estatal-2\/#primaryimage"},"image":{"@id":"https:\/\/canal7slp.tv\/2022\/anuncian-cambio-de-titular-en-proteccion-civil-estatal-2\/#primaryimage"},"thumbnailUrl":"https:\/\/canal7slp.tv\/2022\/wp-content\/uploads\/2022\/02\/Vazquez03Cambios.jpg","datePublished":"2022-02-22T23:37:51+00:00","breadcrumb":{"@id":"https:\/\/canal7slp.tv\/2022\/anuncian-cambio-de-titular-en-proteccion-civil-estatal-2\/#breadcrumb"},"inLanguage":"es","potentialAction":[{"@type":"ReadAction","target":["https:\/\/canal7slp.tv\/2022\/anuncian-cambio-de-titular-en-proteccion-civil-estatal-2\/"]}]},{"@type":"ImageObject","inLanguage":"es","@id":"https:\/\/canal7slp.tv\/2022\/anuncian-cambio-de-titular-en-proteccion-civil-estatal-2\/#primaryimage","url":"https:\/\/canal7slp.tv\/2022\/wp-content\/uploads\/2022\/02\/Vazquez03Cambios.jpg","contentUrl":"https:\/\/canal7slp.tv\/2022\/wp-content\/uploads\/2022\/02\/Vazquez03Cambios.jpg","width":888,"height":500},{"@type":"BreadcrumbList","@id":"https:\/\/canal7slp.tv\/2022\/anuncian-cambio-de-titular-en-proteccion-civil-estatal-2\/#breadcrumb","itemListElement":[{"@type":"ListItem","position":1,"name":"Portada","item":"https:\/\/canal7slp.tv\/2022\/"},{"@type":"ListItem","position":2,"name":"Anuncian cambio de titular en Protecci\u00f3n Civil Estatal."}]},{"@type":"WebSite","@id":"https:\/\/canal7slp.tv\/2022\/#website","url":"https:\/\/canal7slp.tv\/2022\/","name":"N7 - Noticieros Canal 7","description":"Somos Televisi\u00f3n","publisher":{"@id":"https:\/\/canal7slp.tv\/2022\/#organization"},"potentialAction":[{"@type":"SearchAction","target":{"@type":"EntryPoint","urlTemplate":"https:\/\/canal7slp.tv\/2022\/?s={search_term_string}"},"query-input":{"@type":"PropertyValueSpecification","valueRequired":true,"valueName":"search_term_string"}}],"inLanguage":"es"},{"@type":"Organization","@id":"https:\/\/canal7slp.tv\/2022\/#organization","name":"Noticieros Canal 7","url":"https:\/\/canal7slp.tv\/2022\/","logo":{"@type":"ImageObject","inLanguage":"es","@id":"https:\/\/canal7slp.tv\/2022\/#\/schema\/logo\/image\/","url":"https:\/\/canal7slp.tv\/2022\/wp-content\/uploads\/2021\/01\/logo-noticieros@2x.png","contentUrl":"https:\/\/canal7slp.tv\/2022\/wp-content\/uploads\/2021\/01\/logo-noticieros@2x.png","width":1017,"height":268,"caption":"Noticieros Canal 7"},"image":{"@id":"https:\/\/canal7slp.tv\/2022\/#\/schema\/logo\/image\/"},"sameAs":["https:\/\/www.facebook.com\/noticieroscanalsiete","https:\/\/x.com\/NOTICIEROS7","https:\/\/www.instagram.com\/canal7_slp","https:\/\/www.youtube.com\/channel\/UCliiYs-gP3JfJeqdPrNdd5A"]},{"@type":"Person","@id":"https:\/\/canal7slp.tv\/2022\/#\/schema\/person\/429704152a21f5f856ce29aa69a238da","name":"Edici\u00f3n Web","image":{"@type":"ImageObject","inLanguage":"es","@id":"https:\/\/secure.gravatar.com\/avatar\/eee448fc3f7164808013b816ba91ac7e43bbe82a70bebac296f8bc6f0addaa1a?s=96&d=mm&r=g","url":"https:\/\/secure.gravatar.com\/avatar\/eee448fc3f7164808013b816ba91ac7e43bbe82a70bebac296f8bc6f0addaa1a?s=96&d=mm&r=g","contentUrl":"https:\/\/secure.gravatar.com\/avatar\/eee448fc3f7164808013b816ba91ac7e43bbe82a70bebac296f8bc6f0addaa1a?s=96&d=mm&r=g","caption":"Edici\u00f3n Web"},"url":"https:\/\/canal7slp.tv\/2022\/author\/edicionweb\/"}]}},"amp_enabled":true,"_links":{"self":[{"href":"https:\/\/canal7slp.tv\/2022\/wp-json\/wp\/v2\/posts\/51998","targetHints":{"allow":["GET"]}}],"collection":[{"href":"https:\/\/canal7slp.tv\/2022\/wp-json\/wp\/v2\/posts"}],"about":[{"href":"https:\/\/canal7slp.tv\/2022\/wp-json\/wp\/v2\/types\/post"}],"author":[{"embeddable":true,"href":"https:\/\/canal7slp.tv\/2022\/wp-json\/wp\/v2\/users\/2"}],"replies":[{"embeddable":true,"href":"https:\/\/canal7slp.tv\/2022\/wp-json\/wp\/v2\/comments?post=51998"}],"version-history":[{"count":4,"href":"https:\/\/canal7slp.tv\/2022\/wp-json\/wp\/v2\/posts\/51998\/revisions"}],"predecessor-version":[{"id":52023,"href":"https:\/\/canal7slp.tv\/2022\/wp-json\/wp\/v2\/posts\/51998\/revisions\/52023"}],"wp:featuredmedia":[{"embeddable":true,"href":"https:\/\/canal7slp.tv\/2022\/wp-json\/wp\/v2\/media\/52022"}],"wp:attachment":[{"href":"https:\/\/canal7slp.tv\/2022\/wp-json\/wp\/v2\/media?parent=51998"}],"wp:term":[{"taxonomy":"category","embeddable":true,"href":"https:\/\/canal7slp.tv\/2022\/wp-json\/wp\/v2\/categories?post=51998"},{"taxonomy":"post_tag","embeddable":true,"href":"https:\/\/canal7slp.tv\/2022\/wp-json\/wp\/v2\/tags?post=51998"}],"curies":[{"name":"wp","href":"https:\/\/api.w.org\/{rel}","templated":true}]}}