{"id":51996,"date":"2022-02-22T17:34:09","date_gmt":"2022-02-22T23:34:09","guid":{"rendered":"https:\/\/canal7slp.tv\/2022\/?p=51996"},"modified":"2022-02-22T17:38:03","modified_gmt":"2022-02-22T23:38:03","slug":"en-curso-investigacion-de-presuntos-responsables-del-imss-que-enviaron-cuerpo-de-bebe-a-fosa-comun-2","status":"publish","type":"post","link":"https:\/\/canal7slp.tv\/2022\/en-curso-investigacion-de-presuntos-responsables-del-imss-que-enviaron-cuerpo-de-bebe-a-fosa-comun-2\/","title":{"rendered":"En curso investigaci\u00f3n de presuntos responsables del IMSS que enviaron cuerpo de beb\u00e9 a fosa com\u00fan."},"content":{"rendered":"<p style=\"text-align: justify;\">SLP.- En entrevista, el titular de la Secretar\u00eda General del Gobierno del Estado de San Luis Potos\u00ed, J. Guadalupe Torres S\u00e1nchez, mencion\u00f3 que ya se reunieron con los padres de la bebe fallecida cuyo cuerpo fue enviado a la fosa com\u00fan por parte del Instituto Mexicano del Seguro Social.<\/p>\n<p style=\"text-align: justify;\">\u00abNosotros de manera oficiosa a trav\u00e9s del \u00e1rea de atenci\u00f3n a v\u00edctimas, inclusive tambi\u00e9n de personas desaparecidas, los dos involucraron con los padres de familia y ayer a las 11 de la ma\u00f1ana tuvieron una reuni\u00f3n con nosotros en nuestras oficinas&#8230; La intenci\u00f3n de esta reuni\u00f3n era orientarlos primero, hacerles saber los derechos que tienen, la facilidad y las instancias que tienen disponibles con el estado para que las acciones que ellas hicieran fueran reales\u00bb, dijo.<\/p>\n<p style=\"text-align: justify;\">El funcionario explic\u00f3 que ya se realizan las investigaciones al respecto de este asunto para as\u00ed determinar qui\u00e9n o qui\u00e9nes fueron los responsables.<\/p>\n<p style=\"text-align: justify;\">\u00abEn este momento nuestra postura es de ayudar para que se esclarezcan las cosas, no es poca cosa, se trata de un ser humano al final de d\u00eda y debemos de despejar cualquier duda a efecto de que todos los potosinos estemos tranquilos\u00bb, dijo.<\/p>\n<p style=\"text-align: justify;\">Torres S\u00e1nchez no quiso ahondar sobre una posible corrupci\u00f3n o negligencia por parte de los trabajadores de la salud.<\/p>\n<p style=\"text-align: justify;\">\u00abNo quisiera anticipar las razones, quisi\u00e9ramos primero ser muy responsables con el hecho, atenderlo, estudiarlo, analizarlo, investigarlo y desde luego sancionarlo en caso de que s\u00ed proceda, no vamos a estar inertes o sin actuaci\u00f3n frente a esta situaci\u00f3n\u00bb, termin\u00f3.<\/p>\n<p style=\"text-align: justify;\">Por: Jos\u00e9 Luis V\u00e1zquez<\/p>\n","protected":false},"excerpt":{"rendered":"<p>SLP.- En entrevista, el titular de la Secretar\u00eda General del Gobierno del Estado de San Luis Potos\u00ed, J. Guadalupe Torres S\u00e1nchez, mencion\u00f3 que ya se reunieron con los padres de la bebe fallecida cuyo cuerpo fue enviado a la fosa com\u00fan por parte del Instituto Mexicano del Seguro Social. \u00abNosotros de manera oficiosa a trav\u00e9s del \u00e1rea de atenci\u00f3n a v\u00edctimas, inclusive tambi\u00e9n de personas desaparecidas, los dos involucraron con los padres de familia y ayer a las 11 de la ma\u00f1ana tuvieron una reuni\u00f3n con nosotros en nuestras oficinas&#8230; La intenci\u00f3n de esta reuni\u00f3n era orientarlos primero, hacerles saber [&hellip;]<\/p>\n","protected":false},"author":2,"featured_media":52019,"comment_status":"closed","ping_status":"closed","sticky":false,"template":"","format":"video","meta":{"footnotes":""},"categories":[5,510,45],"tags":[],"class_list":["post-51996","post","type-post","status-publish","format-video","has-post-thumbnail","hentry","category-destacadas","category-gobedoslp","category-localesyregionales","post_format-post-format-video","post--single"],"yoast_head":"<!-- This site is optimized with the Yoast SEO plugin v27.4 - https:\/\/yoast.com\/product\/yoast-seo-wordpress\/ -->\n<title>En curso investigaci\u00f3n de presuntos responsables del IMSS que enviaron cuerpo de beb\u00e9 a fosa com\u00fan. - Canal 7 SLP - 2022<\/title>\n<meta name=\"robots\" content=\"index, follow, max-snippet:-1, max-image-preview:large, max-video-preview:-1\" \/>\n<link rel=\"canonical\" href=\"https:\/\/canal7slp.tv\/2022\/en-curso-investigacion-de-presuntos-responsables-del-imss-que-enviaron-cuerpo-de-bebe-a-fosa-comun-2\/\" \/>\n<meta property=\"og:locale\" content=\"es_ES\" \/>\n<meta property=\"og:type\" content=\"article\" \/>\n<meta property=\"og:title\" content=\"En curso investigaci\u00f3n de presuntos responsables del IMSS que enviaron cuerpo de beb\u00e9 a fosa com\u00fan. - Canal 7 SLP - 2022\" \/>\n<meta property=\"og:description\" content=\"SLP.- En entrevista, el titular de la Secretar\u00eda General del Gobierno del Estado de San Luis Potos\u00ed, J. Guadalupe Torres S\u00e1nchez, mencion\u00f3 que ya se reunieron con los padres de la bebe fallecida cuyo cuerpo fue enviado a la fosa com\u00fan por parte del Instituto Mexicano del Seguro Social. \u00abNosotros de manera oficiosa a trav\u00e9s del \u00e1rea de atenci\u00f3n a v\u00edctimas, inclusive tambi\u00e9n de personas desaparecidas, los dos involucraron con los padres de familia y ayer a las 11 de la ma\u00f1ana tuvieron una reuni\u00f3n con nosotros en nuestras oficinas&#8230; La intenci\u00f3n de esta reuni\u00f3n era orientarlos primero, hacerles saber [&hellip;]\" \/>\n<meta property=\"og:url\" content=\"https:\/\/canal7slp.tv\/2022\/en-curso-investigacion-de-presuntos-responsables-del-imss-que-enviaron-cuerpo-de-bebe-a-fosa-comun-2\/\" \/>\n<meta property=\"og:site_name\" content=\"Canal 7 SLP - 2022\" \/>\n<meta property=\"article:publisher\" content=\"https:\/\/www.facebook.com\/noticieroscanalsiete\" \/>\n<meta property=\"article:published_time\" content=\"2022-02-22T23:34:09+00:00\" \/>\n<meta property=\"article:modified_time\" content=\"2022-02-22T23:38:03+00:00\" \/>\n<meta property=\"og:image\" content=\"https:\/\/canal7slp.tv\/2022\/wp-content\/uploads\/2022\/02\/Vazquez01BebeGobierno.jpg\" \/>\n\t<meta property=\"og:image:width\" content=\"888\" \/>\n\t<meta property=\"og:image:height\" content=\"500\" \/>\n\t<meta property=\"og:image:type\" content=\"image\/jpeg\" \/>\n<meta name=\"author\" content=\"Edici\u00f3n Web\" \/>\n<meta name=\"twitter:card\" content=\"summary_large_image\" \/>\n<meta name=\"twitter:creator\" content=\"@NOTICIEROS7\" \/>\n<meta name=\"twitter:site\" content=\"@NOTICIEROS7\" \/>\n<meta name=\"twitter:label1\" content=\"Escrito por\" \/>\n\t<meta name=\"twitter:data1\" content=\"Edici\u00f3n Web\" \/>\n\t<meta name=\"twitter:label2\" content=\"Tiempo de lectura\" \/>\n\t<meta name=\"twitter:data2\" content=\"2 minutos\" \/>\n<script type=\"application\/ld+json\" class=\"yoast-schema-graph\">{\"@context\":\"https:\\\/\\\/schema.org\",\"@graph\":[{\"@type\":\"Article\",\"@id\":\"https:\\\/\\\/canal7slp.tv\\\/2022\\\/en-curso-investigacion-de-presuntos-responsables-del-imss-que-enviaron-cuerpo-de-bebe-a-fosa-comun-2\\\/#article\",\"isPartOf\":{\"@id\":\"https:\\\/\\\/canal7slp.tv\\\/2022\\\/en-curso-investigacion-de-presuntos-responsables-del-imss-que-enviaron-cuerpo-de-bebe-a-fosa-comun-2\\\/\"},\"author\":{\"name\":\"Edici\u00f3n Web\",\"@id\":\"https:\\\/\\\/canal7slp.tv\\\/2022\\\/#\\\/schema\\\/person\\\/429704152a21f5f856ce29aa69a238da\"},\"headline\":\"En curso investigaci\u00f3n de presuntos responsables del IMSS que enviaron cuerpo de beb\u00e9 a fosa com\u00fan.\",\"datePublished\":\"2022-02-22T23:34:09+00:00\",\"dateModified\":\"2022-02-22T23:38:03+00:00\",\"mainEntityOfPage\":{\"@id\":\"https:\\\/\\\/canal7slp.tv\\\/2022\\\/en-curso-investigacion-de-presuntos-responsables-del-imss-que-enviaron-cuerpo-de-bebe-a-fosa-comun-2\\\/\"},\"wordCount\":293,\"publisher\":{\"@id\":\"https:\\\/\\\/canal7slp.tv\\\/2022\\\/#organization\"},\"image\":{\"@id\":\"https:\\\/\\\/canal7slp.tv\\\/2022\\\/en-curso-investigacion-de-presuntos-responsables-del-imss-que-enviaron-cuerpo-de-bebe-a-fosa-comun-2\\\/#primaryimage\"},\"thumbnailUrl\":\"https:\\\/\\\/canal7slp.tv\\\/2022\\\/wp-content\\\/uploads\\\/2022\\\/02\\\/Vazquez01BebeGobierno.jpg\",\"articleSection\":[\"DESTACADAS\",\"GOBEDOSLP\",\"LOCALES Y REGIONALES\"],\"inLanguage\":\"es\"},{\"@type\":\"WebPage\",\"@id\":\"https:\\\/\\\/canal7slp.tv\\\/2022\\\/en-curso-investigacion-de-presuntos-responsables-del-imss-que-enviaron-cuerpo-de-bebe-a-fosa-comun-2\\\/\",\"url\":\"https:\\\/\\\/canal7slp.tv\\\/2022\\\/en-curso-investigacion-de-presuntos-responsables-del-imss-que-enviaron-cuerpo-de-bebe-a-fosa-comun-2\\\/\",\"name\":\"En curso investigaci\u00f3n de presuntos responsables del IMSS que enviaron cuerpo de beb\u00e9 a fosa com\u00fan. - Canal 7 SLP - 2022\",\"isPartOf\":{\"@id\":\"https:\\\/\\\/canal7slp.tv\\\/2022\\\/#website\"},\"primaryImageOfPage\":{\"@id\":\"https:\\\/\\\/canal7slp.tv\\\/2022\\\/en-curso-investigacion-de-presuntos-responsables-del-imss-que-enviaron-cuerpo-de-bebe-a-fosa-comun-2\\\/#primaryimage\"},\"image\":{\"@id\":\"https:\\\/\\\/canal7slp.tv\\\/2022\\\/en-curso-investigacion-de-presuntos-responsables-del-imss-que-enviaron-cuerpo-de-bebe-a-fosa-comun-2\\\/#primaryimage\"},\"thumbnailUrl\":\"https:\\\/\\\/canal7slp.tv\\\/2022\\\/wp-content\\\/uploads\\\/2022\\\/02\\\/Vazquez01BebeGobierno.jpg\",\"datePublished\":\"2022-02-22T23:34:09+00:00\",\"dateModified\":\"2022-02-22T23:38:03+00:00\",\"breadcrumb\":{\"@id\":\"https:\\\/\\\/canal7slp.tv\\\/2022\\\/en-curso-investigacion-de-presuntos-responsables-del-imss-que-enviaron-cuerpo-de-bebe-a-fosa-comun-2\\\/#breadcrumb\"},\"inLanguage\":\"es\",\"potentialAction\":[{\"@type\":\"ReadAction\",\"target\":[\"https:\\\/\\\/canal7slp.tv\\\/2022\\\/en-curso-investigacion-de-presuntos-responsables-del-imss-que-enviaron-cuerpo-de-bebe-a-fosa-comun-2\\\/\"]}]},{\"@type\":\"ImageObject\",\"inLanguage\":\"es\",\"@id\":\"https:\\\/\\\/canal7slp.tv\\\/2022\\\/en-curso-investigacion-de-presuntos-responsables-del-imss-que-enviaron-cuerpo-de-bebe-a-fosa-comun-2\\\/#primaryimage\",\"url\":\"https:\\\/\\\/canal7slp.tv\\\/2022\\\/wp-content\\\/uploads\\\/2022\\\/02\\\/Vazquez01BebeGobierno.jpg\",\"contentUrl\":\"https:\\\/\\\/canal7slp.tv\\\/2022\\\/wp-content\\\/uploads\\\/2022\\\/02\\\/Vazquez01BebeGobierno.jpg\",\"width\":888,\"height\":500},{\"@type\":\"BreadcrumbList\",\"@id\":\"https:\\\/\\\/canal7slp.tv\\\/2022\\\/en-curso-investigacion-de-presuntos-responsables-del-imss-que-enviaron-cuerpo-de-bebe-a-fosa-comun-2\\\/#breadcrumb\",\"itemListElement\":[{\"@type\":\"ListItem\",\"position\":1,\"name\":\"Portada\",\"item\":\"https:\\\/\\\/canal7slp.tv\\\/2022\\\/\"},{\"@type\":\"ListItem\",\"position\":2,\"name\":\"En curso investigaci\u00f3n de presuntos responsables del IMSS que enviaron cuerpo de beb\u00e9 a fosa com\u00fan.\"}]},{\"@type\":\"WebSite\",\"@id\":\"https:\\\/\\\/canal7slp.tv\\\/2022\\\/#website\",\"url\":\"https:\\\/\\\/canal7slp.tv\\\/2022\\\/\",\"name\":\"N7 - Noticieros Canal 7\",\"description\":\"Somos Televisi\u00f3n\",\"publisher\":{\"@id\":\"https:\\\/\\\/canal7slp.tv\\\/2022\\\/#organization\"},\"potentialAction\":[{\"@type\":\"SearchAction\",\"target\":{\"@type\":\"EntryPoint\",\"urlTemplate\":\"https:\\\/\\\/canal7slp.tv\\\/2022\\\/?s={search_term_string}\"},\"query-input\":{\"@type\":\"PropertyValueSpecification\",\"valueRequired\":true,\"valueName\":\"search_term_string\"}}],\"inLanguage\":\"es\"},{\"@type\":\"Organization\",\"@id\":\"https:\\\/\\\/canal7slp.tv\\\/2022\\\/#organization\",\"name\":\"Noticieros Canal 7\",\"url\":\"https:\\\/\\\/canal7slp.tv\\\/2022\\\/\",\"logo\":{\"@type\":\"ImageObject\",\"inLanguage\":\"es\",\"@id\":\"https:\\\/\\\/canal7slp.tv\\\/2022\\\/#\\\/schema\\\/logo\\\/image\\\/\",\"url\":\"https:\\\/\\\/canal7slp.tv\\\/2022\\\/wp-content\\\/uploads\\\/2021\\\/01\\\/logo-noticieros@2x.png\",\"contentUrl\":\"https:\\\/\\\/canal7slp.tv\\\/2022\\\/wp-content\\\/uploads\\\/2021\\\/01\\\/logo-noticieros@2x.png\",\"width\":1017,\"height\":268,\"caption\":\"Noticieros Canal 7\"},\"image\":{\"@id\":\"https:\\\/\\\/canal7slp.tv\\\/2022\\\/#\\\/schema\\\/logo\\\/image\\\/\"},\"sameAs\":[\"https:\\\/\\\/www.facebook.com\\\/noticieroscanalsiete\",\"https:\\\/\\\/x.com\\\/NOTICIEROS7\",\"https:\\\/\\\/www.instagram.com\\\/canal7_slp\",\"https:\\\/\\\/www.youtube.com\\\/channel\\\/UCliiYs-gP3JfJeqdPrNdd5A\"]},{\"@type\":\"Person\",\"@id\":\"https:\\\/\\\/canal7slp.tv\\\/2022\\\/#\\\/schema\\\/person\\\/429704152a21f5f856ce29aa69a238da\",\"name\":\"Edici\u00f3n Web\",\"image\":{\"@type\":\"ImageObject\",\"inLanguage\":\"es\",\"@id\":\"https:\\\/\\\/secure.gravatar.com\\\/avatar\\\/eee448fc3f7164808013b816ba91ac7e43bbe82a70bebac296f8bc6f0addaa1a?s=96&d=mm&r=g\",\"url\":\"https:\\\/\\\/secure.gravatar.com\\\/avatar\\\/eee448fc3f7164808013b816ba91ac7e43bbe82a70bebac296f8bc6f0addaa1a?s=96&d=mm&r=g\",\"contentUrl\":\"https:\\\/\\\/secure.gravatar.com\\\/avatar\\\/eee448fc3f7164808013b816ba91ac7e43bbe82a70bebac296f8bc6f0addaa1a?s=96&d=mm&r=g\",\"caption\":\"Edici\u00f3n Web\"},\"url\":\"https:\\\/\\\/canal7slp.tv\\\/2022\\\/author\\\/edicionweb\\\/\"}]}<\/script>\n<!-- \/ Yoast SEO plugin. -->","yoast_head_json":{"title":"En curso investigaci\u00f3n de presuntos responsables del IMSS que enviaron cuerpo de beb\u00e9 a fosa com\u00fan. - Canal 7 SLP - 2022","robots":{"index":"index","follow":"follow","max-snippet":"max-snippet:-1","max-image-preview":"max-image-preview:large","max-video-preview":"max-video-preview:-1"},"canonical":"https:\/\/canal7slp.tv\/2022\/en-curso-investigacion-de-presuntos-responsables-del-imss-que-enviaron-cuerpo-de-bebe-a-fosa-comun-2\/","og_locale":"es_ES","og_type":"article","og_title":"En curso investigaci\u00f3n de presuntos responsables del IMSS que enviaron cuerpo de beb\u00e9 a fosa com\u00fan. - Canal 7 SLP - 2022","og_description":"SLP.- En entrevista, el titular de la Secretar\u00eda General del Gobierno del Estado de San Luis Potos\u00ed, J. Guadalupe Torres S\u00e1nchez, mencion\u00f3 que ya se reunieron con los padres de la bebe fallecida cuyo cuerpo fue enviado a la fosa com\u00fan por parte del Instituto Mexicano del Seguro Social. \u00abNosotros de manera oficiosa a trav\u00e9s del \u00e1rea de atenci\u00f3n a v\u00edctimas, inclusive tambi\u00e9n de personas desaparecidas, los dos involucraron con los padres de familia y ayer a las 11 de la ma\u00f1ana tuvieron una reuni\u00f3n con nosotros en nuestras oficinas&#8230; La intenci\u00f3n de esta reuni\u00f3n era orientarlos primero, hacerles saber [&hellip;]","og_url":"https:\/\/canal7slp.tv\/2022\/en-curso-investigacion-de-presuntos-responsables-del-imss-que-enviaron-cuerpo-de-bebe-a-fosa-comun-2\/","og_site_name":"Canal 7 SLP - 2022","article_publisher":"https:\/\/www.facebook.com\/noticieroscanalsiete","article_published_time":"2022-02-22T23:34:09+00:00","article_modified_time":"2022-02-22T23:38:03+00:00","og_image":[{"width":888,"height":500,"url":"https:\/\/canal7slp.tv\/2022\/wp-content\/uploads\/2022\/02\/Vazquez01BebeGobierno.jpg","type":"image\/jpeg"}],"author":"Edici\u00f3n Web","twitter_card":"summary_large_image","twitter_creator":"@NOTICIEROS7","twitter_site":"@NOTICIEROS7","twitter_misc":{"Escrito por":"Edici\u00f3n Web","Tiempo de lectura":"2 minutos"},"schema":{"@context":"https:\/\/schema.org","@graph":[{"@type":"Article","@id":"https:\/\/canal7slp.tv\/2022\/en-curso-investigacion-de-presuntos-responsables-del-imss-que-enviaron-cuerpo-de-bebe-a-fosa-comun-2\/#article","isPartOf":{"@id":"https:\/\/canal7slp.tv\/2022\/en-curso-investigacion-de-presuntos-responsables-del-imss-que-enviaron-cuerpo-de-bebe-a-fosa-comun-2\/"},"author":{"name":"Edici\u00f3n Web","@id":"https:\/\/canal7slp.tv\/2022\/#\/schema\/person\/429704152a21f5f856ce29aa69a238da"},"headline":"En curso investigaci\u00f3n de presuntos responsables del IMSS que enviaron cuerpo de beb\u00e9 a fosa com\u00fan.","datePublished":"2022-02-22T23:34:09+00:00","dateModified":"2022-02-22T23:38:03+00:00","mainEntityOfPage":{"@id":"https:\/\/canal7slp.tv\/2022\/en-curso-investigacion-de-presuntos-responsables-del-imss-que-enviaron-cuerpo-de-bebe-a-fosa-comun-2\/"},"wordCount":293,"publisher":{"@id":"https:\/\/canal7slp.tv\/2022\/#organization"},"image":{"@id":"https:\/\/canal7slp.tv\/2022\/en-curso-investigacion-de-presuntos-responsables-del-imss-que-enviaron-cuerpo-de-bebe-a-fosa-comun-2\/#primaryimage"},"thumbnailUrl":"https:\/\/canal7slp.tv\/2022\/wp-content\/uploads\/2022\/02\/Vazquez01BebeGobierno.jpg","articleSection":["DESTACADAS","GOBEDOSLP","LOCALES Y REGIONALES"],"inLanguage":"es"},{"@type":"WebPage","@id":"https:\/\/canal7slp.tv\/2022\/en-curso-investigacion-de-presuntos-responsables-del-imss-que-enviaron-cuerpo-de-bebe-a-fosa-comun-2\/","url":"https:\/\/canal7slp.tv\/2022\/en-curso-investigacion-de-presuntos-responsables-del-imss-que-enviaron-cuerpo-de-bebe-a-fosa-comun-2\/","name":"En curso investigaci\u00f3n de presuntos responsables del IMSS que enviaron cuerpo de beb\u00e9 a fosa com\u00fan. - Canal 7 SLP - 2022","isPartOf":{"@id":"https:\/\/canal7slp.tv\/2022\/#website"},"primaryImageOfPage":{"@id":"https:\/\/canal7slp.tv\/2022\/en-curso-investigacion-de-presuntos-responsables-del-imss-que-enviaron-cuerpo-de-bebe-a-fosa-comun-2\/#primaryimage"},"image":{"@id":"https:\/\/canal7slp.tv\/2022\/en-curso-investigacion-de-presuntos-responsables-del-imss-que-enviaron-cuerpo-de-bebe-a-fosa-comun-2\/#primaryimage"},"thumbnailUrl":"https:\/\/canal7slp.tv\/2022\/wp-content\/uploads\/2022\/02\/Vazquez01BebeGobierno.jpg","datePublished":"2022-02-22T23:34:09+00:00","dateModified":"2022-02-22T23:38:03+00:00","breadcrumb":{"@id":"https:\/\/canal7slp.tv\/2022\/en-curso-investigacion-de-presuntos-responsables-del-imss-que-enviaron-cuerpo-de-bebe-a-fosa-comun-2\/#breadcrumb"},"inLanguage":"es","potentialAction":[{"@type":"ReadAction","target":["https:\/\/canal7slp.tv\/2022\/en-curso-investigacion-de-presuntos-responsables-del-imss-que-enviaron-cuerpo-de-bebe-a-fosa-comun-2\/"]}]},{"@type":"ImageObject","inLanguage":"es","@id":"https:\/\/canal7slp.tv\/2022\/en-curso-investigacion-de-presuntos-responsables-del-imss-que-enviaron-cuerpo-de-bebe-a-fosa-comun-2\/#primaryimage","url":"https:\/\/canal7slp.tv\/2022\/wp-content\/uploads\/2022\/02\/Vazquez01BebeGobierno.jpg","contentUrl":"https:\/\/canal7slp.tv\/2022\/wp-content\/uploads\/2022\/02\/Vazquez01BebeGobierno.jpg","width":888,"height":500},{"@type":"BreadcrumbList","@id":"https:\/\/canal7slp.tv\/2022\/en-curso-investigacion-de-presuntos-responsables-del-imss-que-enviaron-cuerpo-de-bebe-a-fosa-comun-2\/#breadcrumb","itemListElement":[{"@type":"ListItem","position":1,"name":"Portada","item":"https:\/\/canal7slp.tv\/2022\/"},{"@type":"ListItem","position":2,"name":"En curso investigaci\u00f3n de presuntos responsables del IMSS que enviaron cuerpo de beb\u00e9 a fosa com\u00fan."}]},{"@type":"WebSite","@id":"https:\/\/canal7slp.tv\/2022\/#website","url":"https:\/\/canal7slp.tv\/2022\/","name":"N7 - Noticieros Canal 7","description":"Somos Televisi\u00f3n","publisher":{"@id":"https:\/\/canal7slp.tv\/2022\/#organization"},"potentialAction":[{"@type":"SearchAction","target":{"@type":"EntryPoint","urlTemplate":"https:\/\/canal7slp.tv\/2022\/?s={search_term_string}"},"query-input":{"@type":"PropertyValueSpecification","valueRequired":true,"valueName":"search_term_string"}}],"inLanguage":"es"},{"@type":"Organization","@id":"https:\/\/canal7slp.tv\/2022\/#organization","name":"Noticieros Canal 7","url":"https:\/\/canal7slp.tv\/2022\/","logo":{"@type":"ImageObject","inLanguage":"es","@id":"https:\/\/canal7slp.tv\/2022\/#\/schema\/logo\/image\/","url":"https:\/\/canal7slp.tv\/2022\/wp-content\/uploads\/2021\/01\/logo-noticieros@2x.png","contentUrl":"https:\/\/canal7slp.tv\/2022\/wp-content\/uploads\/2021\/01\/logo-noticieros@2x.png","width":1017,"height":268,"caption":"Noticieros Canal 7"},"image":{"@id":"https:\/\/canal7slp.tv\/2022\/#\/schema\/logo\/image\/"},"sameAs":["https:\/\/www.facebook.com\/noticieroscanalsiete","https:\/\/x.com\/NOTICIEROS7","https:\/\/www.instagram.com\/canal7_slp","https:\/\/www.youtube.com\/channel\/UCliiYs-gP3JfJeqdPrNdd5A"]},{"@type":"Person","@id":"https:\/\/canal7slp.tv\/2022\/#\/schema\/person\/429704152a21f5f856ce29aa69a238da","name":"Edici\u00f3n Web","image":{"@type":"ImageObject","inLanguage":"es","@id":"https:\/\/secure.gravatar.com\/avatar\/eee448fc3f7164808013b816ba91ac7e43bbe82a70bebac296f8bc6f0addaa1a?s=96&d=mm&r=g","url":"https:\/\/secure.gravatar.com\/avatar\/eee448fc3f7164808013b816ba91ac7e43bbe82a70bebac296f8bc6f0addaa1a?s=96&d=mm&r=g","contentUrl":"https:\/\/secure.gravatar.com\/avatar\/eee448fc3f7164808013b816ba91ac7e43bbe82a70bebac296f8bc6f0addaa1a?s=96&d=mm&r=g","caption":"Edici\u00f3n Web"},"url":"https:\/\/canal7slp.tv\/2022\/author\/edicionweb\/"}]}},"amp_enabled":true,"_links":{"self":[{"href":"https:\/\/canal7slp.tv\/2022\/wp-json\/wp\/v2\/posts\/51996","targetHints":{"allow":["GET"]}}],"collection":[{"href":"https:\/\/canal7slp.tv\/2022\/wp-json\/wp\/v2\/posts"}],"about":[{"href":"https:\/\/canal7slp.tv\/2022\/wp-json\/wp\/v2\/types\/post"}],"author":[{"embeddable":true,"href":"https:\/\/canal7slp.tv\/2022\/wp-json\/wp\/v2\/users\/2"}],"replies":[{"embeddable":true,"href":"https:\/\/canal7slp.tv\/2022\/wp-json\/wp\/v2\/comments?post=51996"}],"version-history":[{"count":3,"href":"https:\/\/canal7slp.tv\/2022\/wp-json\/wp\/v2\/posts\/51996\/revisions"}],"predecessor-version":[{"id":52020,"href":"https:\/\/canal7slp.tv\/2022\/wp-json\/wp\/v2\/posts\/51996\/revisions\/52020"}],"wp:featuredmedia":[{"embeddable":true,"href":"https:\/\/canal7slp.tv\/2022\/wp-json\/wp\/v2\/media\/52019"}],"wp:attachment":[{"href":"https:\/\/canal7slp.tv\/2022\/wp-json\/wp\/v2\/media?parent=51996"}],"wp:term":[{"taxonomy":"category","embeddable":true,"href":"https:\/\/canal7slp.tv\/2022\/wp-json\/wp\/v2\/categories?post=51996"},{"taxonomy":"post_tag","embeddable":true,"href":"https:\/\/canal7slp.tv\/2022\/wp-json\/wp\/v2\/tags?post=51996"}],"curies":[{"name":"wp","href":"https:\/\/api.w.org\/{rel}","templated":true}]}}