{"id":51982,"date":"2022-02-22T15:42:47","date_gmt":"2022-02-22T21:42:47","guid":{"rendered":"https:\/\/canal7slp.tv\/2022\/?p=51982"},"modified":"2022-02-22T15:42:47","modified_gmt":"2022-02-22T21:42:47","slug":"selectivo-estatal-de-racquetbol-se-realizara-del-22-al-26-de-febrero-en-el-cedetar","status":"publish","type":"post","link":"https:\/\/canal7slp.tv\/2022\/selectivo-estatal-de-racquetbol-se-realizara-del-22-al-26-de-febrero-en-el-cedetar\/","title":{"rendered":"Selectivo Estatal de Racquetbol se realizar\u00e1 del 22 al 26 de febrero en el CEDETAR."},"content":{"rendered":"<p style=\"text-align: justify;\">SLP.- La Asociaci\u00f3n Potosina de Racquetbol, dio a conocer que son m\u00e1s de 50 los jugadores infantiles y juveniles que se han reportado para tomar parte dentro de la fase estatal de los Juegos Nacionales del CONADE 2022, que tendr\u00e1 lugar del 22 al 26 del presente en las instalaciones del CEDETAR.<\/p>\n<p style=\"text-align: justify;\">De este evento saldr\u00e1n los 16 jugadores de ambas ramas que formar\u00e1n la selecci\u00f3n estatal que representar\u00e1 en los juegos nacionales CONADE en la ciudad de Tijuana.<\/p>\n<p style=\"text-align: justify;\">\n","protected":false},"excerpt":{"rendered":"<p>SLP.- La Asociaci\u00f3n Potosina de Racquetbol, dio a conocer que son m\u00e1s de 50 los jugadores infantiles y juveniles que se han reportado para tomar parte dentro de la fase estatal de los Juegos Nacionales del CONADE 2022, que tendr\u00e1 lugar del 22 al 26 del presente en las instalaciones del CEDETAR. De este evento saldr\u00e1n los 16 jugadores de ambas ramas que formar\u00e1n la selecci\u00f3n estatal que representar\u00e1 en los juegos nacionales CONADE en la ciudad de Tijuana.<\/p>\n","protected":false},"author":2,"featured_media":51992,"comment_status":"closed","ping_status":"closed","sticky":false,"template":"","format":"video","meta":{"footnotes":""},"categories":[7,5],"tags":[],"class_list":["post-51982","post","type-post","status-publish","format-video","has-post-thumbnail","hentry","category-deportes","category-destacadas","post_format-post-format-video","post--single"],"yoast_head":"<!-- This site is optimized with the Yoast SEO plugin v27.4 - https:\/\/yoast.com\/product\/yoast-seo-wordpress\/ -->\n<title>Selectivo Estatal de Racquetbol se realizar\u00e1 del 22 al 26 de febrero en el CEDETAR. - Canal 7 SLP - 2022<\/title>\n<meta name=\"robots\" content=\"index, follow, max-snippet:-1, max-image-preview:large, max-video-preview:-1\" \/>\n<link rel=\"canonical\" href=\"https:\/\/canal7slp.tv\/2022\/selectivo-estatal-de-racquetbol-se-realizara-del-22-al-26-de-febrero-en-el-cedetar\/\" \/>\n<meta property=\"og:locale\" content=\"es_ES\" \/>\n<meta property=\"og:type\" content=\"article\" \/>\n<meta property=\"og:title\" content=\"Selectivo Estatal de Racquetbol se realizar\u00e1 del 22 al 26 de febrero en el CEDETAR. - Canal 7 SLP - 2022\" \/>\n<meta property=\"og:description\" content=\"SLP.- La Asociaci\u00f3n Potosina de Racquetbol, dio a conocer que son m\u00e1s de 50 los jugadores infantiles y juveniles que se han reportado para tomar parte dentro de la fase estatal de los Juegos Nacionales del CONADE 2022, que tendr\u00e1 lugar del 22 al 26 del presente en las instalaciones del CEDETAR. De este evento saldr\u00e1n los 16 jugadores de ambas ramas que formar\u00e1n la selecci\u00f3n estatal que representar\u00e1 en los juegos nacionales CONADE en la ciudad de Tijuana.\" \/>\n<meta property=\"og:url\" content=\"https:\/\/canal7slp.tv\/2022\/selectivo-estatal-de-racquetbol-se-realizara-del-22-al-26-de-febrero-en-el-cedetar\/\" \/>\n<meta property=\"og:site_name\" content=\"Canal 7 SLP - 2022\" \/>\n<meta property=\"article:publisher\" content=\"https:\/\/www.facebook.com\/noticieroscanalsiete\" \/>\n<meta property=\"article:published_time\" content=\"2022-02-22T21:42:47+00:00\" \/>\n<meta property=\"og:image\" content=\"https:\/\/canal7slp.tv\/2022\/wp-content\/uploads\/2022\/02\/Froi02Raquet.jpg\" \/>\n\t<meta property=\"og:image:width\" content=\"888\" \/>\n\t<meta property=\"og:image:height\" content=\"500\" \/>\n\t<meta property=\"og:image:type\" content=\"image\/jpeg\" \/>\n<meta name=\"author\" content=\"Edici\u00f3n Web\" \/>\n<meta name=\"twitter:card\" content=\"summary_large_image\" \/>\n<meta name=\"twitter:creator\" content=\"@NOTICIEROS7\" \/>\n<meta name=\"twitter:site\" content=\"@NOTICIEROS7\" \/>\n<meta name=\"twitter:label1\" content=\"Escrito por\" \/>\n\t<meta name=\"twitter:data1\" content=\"Edici\u00f3n Web\" \/>\n\t<meta name=\"twitter:label2\" content=\"Tiempo de lectura\" \/>\n\t<meta name=\"twitter:data2\" content=\"1 minuto\" \/>\n<script type=\"application\/ld+json\" class=\"yoast-schema-graph\">{\"@context\":\"https:\\\/\\\/schema.org\",\"@graph\":[{\"@type\":\"Article\",\"@id\":\"https:\\\/\\\/canal7slp.tv\\\/2022\\\/selectivo-estatal-de-racquetbol-se-realizara-del-22-al-26-de-febrero-en-el-cedetar\\\/#article\",\"isPartOf\":{\"@id\":\"https:\\\/\\\/canal7slp.tv\\\/2022\\\/selectivo-estatal-de-racquetbol-se-realizara-del-22-al-26-de-febrero-en-el-cedetar\\\/\"},\"author\":{\"name\":\"Edici\u00f3n Web\",\"@id\":\"https:\\\/\\\/canal7slp.tv\\\/2022\\\/#\\\/schema\\\/person\\\/429704152a21f5f856ce29aa69a238da\"},\"headline\":\"Selectivo Estatal de Racquetbol se realizar\u00e1 del 22 al 26 de febrero en el CEDETAR.\",\"datePublished\":\"2022-02-22T21:42:47+00:00\",\"mainEntityOfPage\":{\"@id\":\"https:\\\/\\\/canal7slp.tv\\\/2022\\\/selectivo-estatal-de-racquetbol-se-realizara-del-22-al-26-de-febrero-en-el-cedetar\\\/\"},\"wordCount\":93,\"publisher\":{\"@id\":\"https:\\\/\\\/canal7slp.tv\\\/2022\\\/#organization\"},\"image\":{\"@id\":\"https:\\\/\\\/canal7slp.tv\\\/2022\\\/selectivo-estatal-de-racquetbol-se-realizara-del-22-al-26-de-febrero-en-el-cedetar\\\/#primaryimage\"},\"thumbnailUrl\":\"https:\\\/\\\/canal7slp.tv\\\/2022\\\/wp-content\\\/uploads\\\/2022\\\/02\\\/Froi02Raquet.jpg\",\"articleSection\":[\"DEPORTES\",\"DESTACADAS\"],\"inLanguage\":\"es\"},{\"@type\":\"WebPage\",\"@id\":\"https:\\\/\\\/canal7slp.tv\\\/2022\\\/selectivo-estatal-de-racquetbol-se-realizara-del-22-al-26-de-febrero-en-el-cedetar\\\/\",\"url\":\"https:\\\/\\\/canal7slp.tv\\\/2022\\\/selectivo-estatal-de-racquetbol-se-realizara-del-22-al-26-de-febrero-en-el-cedetar\\\/\",\"name\":\"Selectivo Estatal de Racquetbol se realizar\u00e1 del 22 al 26 de febrero en el CEDETAR. - Canal 7 SLP - 2022\",\"isPartOf\":{\"@id\":\"https:\\\/\\\/canal7slp.tv\\\/2022\\\/#website\"},\"primaryImageOfPage\":{\"@id\":\"https:\\\/\\\/canal7slp.tv\\\/2022\\\/selectivo-estatal-de-racquetbol-se-realizara-del-22-al-26-de-febrero-en-el-cedetar\\\/#primaryimage\"},\"image\":{\"@id\":\"https:\\\/\\\/canal7slp.tv\\\/2022\\\/selectivo-estatal-de-racquetbol-se-realizara-del-22-al-26-de-febrero-en-el-cedetar\\\/#primaryimage\"},\"thumbnailUrl\":\"https:\\\/\\\/canal7slp.tv\\\/2022\\\/wp-content\\\/uploads\\\/2022\\\/02\\\/Froi02Raquet.jpg\",\"datePublished\":\"2022-02-22T21:42:47+00:00\",\"breadcrumb\":{\"@id\":\"https:\\\/\\\/canal7slp.tv\\\/2022\\\/selectivo-estatal-de-racquetbol-se-realizara-del-22-al-26-de-febrero-en-el-cedetar\\\/#breadcrumb\"},\"inLanguage\":\"es\",\"potentialAction\":[{\"@type\":\"ReadAction\",\"target\":[\"https:\\\/\\\/canal7slp.tv\\\/2022\\\/selectivo-estatal-de-racquetbol-se-realizara-del-22-al-26-de-febrero-en-el-cedetar\\\/\"]}]},{\"@type\":\"ImageObject\",\"inLanguage\":\"es\",\"@id\":\"https:\\\/\\\/canal7slp.tv\\\/2022\\\/selectivo-estatal-de-racquetbol-se-realizara-del-22-al-26-de-febrero-en-el-cedetar\\\/#primaryimage\",\"url\":\"https:\\\/\\\/canal7slp.tv\\\/2022\\\/wp-content\\\/uploads\\\/2022\\\/02\\\/Froi02Raquet.jpg\",\"contentUrl\":\"https:\\\/\\\/canal7slp.tv\\\/2022\\\/wp-content\\\/uploads\\\/2022\\\/02\\\/Froi02Raquet.jpg\",\"width\":888,\"height\":500},{\"@type\":\"BreadcrumbList\",\"@id\":\"https:\\\/\\\/canal7slp.tv\\\/2022\\\/selectivo-estatal-de-racquetbol-se-realizara-del-22-al-26-de-febrero-en-el-cedetar\\\/#breadcrumb\",\"itemListElement\":[{\"@type\":\"ListItem\",\"position\":1,\"name\":\"Portada\",\"item\":\"https:\\\/\\\/canal7slp.tv\\\/2022\\\/\"},{\"@type\":\"ListItem\",\"position\":2,\"name\":\"Selectivo Estatal de Racquetbol se realizar\u00e1 del 22 al 26 de febrero en el CEDETAR.\"}]},{\"@type\":\"WebSite\",\"@id\":\"https:\\\/\\\/canal7slp.tv\\\/2022\\\/#website\",\"url\":\"https:\\\/\\\/canal7slp.tv\\\/2022\\\/\",\"name\":\"N7 - Noticieros Canal 7\",\"description\":\"Somos Televisi\u00f3n\",\"publisher\":{\"@id\":\"https:\\\/\\\/canal7slp.tv\\\/2022\\\/#organization\"},\"potentialAction\":[{\"@type\":\"SearchAction\",\"target\":{\"@type\":\"EntryPoint\",\"urlTemplate\":\"https:\\\/\\\/canal7slp.tv\\\/2022\\\/?s={search_term_string}\"},\"query-input\":{\"@type\":\"PropertyValueSpecification\",\"valueRequired\":true,\"valueName\":\"search_term_string\"}}],\"inLanguage\":\"es\"},{\"@type\":\"Organization\",\"@id\":\"https:\\\/\\\/canal7slp.tv\\\/2022\\\/#organization\",\"name\":\"Noticieros Canal 7\",\"url\":\"https:\\\/\\\/canal7slp.tv\\\/2022\\\/\",\"logo\":{\"@type\":\"ImageObject\",\"inLanguage\":\"es\",\"@id\":\"https:\\\/\\\/canal7slp.tv\\\/2022\\\/#\\\/schema\\\/logo\\\/image\\\/\",\"url\":\"https:\\\/\\\/canal7slp.tv\\\/2022\\\/wp-content\\\/uploads\\\/2021\\\/01\\\/logo-noticieros@2x.png\",\"contentUrl\":\"https:\\\/\\\/canal7slp.tv\\\/2022\\\/wp-content\\\/uploads\\\/2021\\\/01\\\/logo-noticieros@2x.png\",\"width\":1017,\"height\":268,\"caption\":\"Noticieros Canal 7\"},\"image\":{\"@id\":\"https:\\\/\\\/canal7slp.tv\\\/2022\\\/#\\\/schema\\\/logo\\\/image\\\/\"},\"sameAs\":[\"https:\\\/\\\/www.facebook.com\\\/noticieroscanalsiete\",\"https:\\\/\\\/x.com\\\/NOTICIEROS7\",\"https:\\\/\\\/www.instagram.com\\\/canal7_slp\",\"https:\\\/\\\/www.youtube.com\\\/channel\\\/UCliiYs-gP3JfJeqdPrNdd5A\"]},{\"@type\":\"Person\",\"@id\":\"https:\\\/\\\/canal7slp.tv\\\/2022\\\/#\\\/schema\\\/person\\\/429704152a21f5f856ce29aa69a238da\",\"name\":\"Edici\u00f3n Web\",\"image\":{\"@type\":\"ImageObject\",\"inLanguage\":\"es\",\"@id\":\"https:\\\/\\\/secure.gravatar.com\\\/avatar\\\/eee448fc3f7164808013b816ba91ac7e43bbe82a70bebac296f8bc6f0addaa1a?s=96&d=mm&r=g\",\"url\":\"https:\\\/\\\/secure.gravatar.com\\\/avatar\\\/eee448fc3f7164808013b816ba91ac7e43bbe82a70bebac296f8bc6f0addaa1a?s=96&d=mm&r=g\",\"contentUrl\":\"https:\\\/\\\/secure.gravatar.com\\\/avatar\\\/eee448fc3f7164808013b816ba91ac7e43bbe82a70bebac296f8bc6f0addaa1a?s=96&d=mm&r=g\",\"caption\":\"Edici\u00f3n Web\"},\"url\":\"https:\\\/\\\/canal7slp.tv\\\/2022\\\/author\\\/edicionweb\\\/\"}]}<\/script>\n<!-- \/ Yoast SEO plugin. -->","yoast_head_json":{"title":"Selectivo Estatal de Racquetbol se realizar\u00e1 del 22 al 26 de febrero en el CEDETAR. - Canal 7 SLP - 2022","robots":{"index":"index","follow":"follow","max-snippet":"max-snippet:-1","max-image-preview":"max-image-preview:large","max-video-preview":"max-video-preview:-1"},"canonical":"https:\/\/canal7slp.tv\/2022\/selectivo-estatal-de-racquetbol-se-realizara-del-22-al-26-de-febrero-en-el-cedetar\/","og_locale":"es_ES","og_type":"article","og_title":"Selectivo Estatal de Racquetbol se realizar\u00e1 del 22 al 26 de febrero en el CEDETAR. - Canal 7 SLP - 2022","og_description":"SLP.- La Asociaci\u00f3n Potosina de Racquetbol, dio a conocer que son m\u00e1s de 50 los jugadores infantiles y juveniles que se han reportado para tomar parte dentro de la fase estatal de los Juegos Nacionales del CONADE 2022, que tendr\u00e1 lugar del 22 al 26 del presente en las instalaciones del CEDETAR. De este evento saldr\u00e1n los 16 jugadores de ambas ramas que formar\u00e1n la selecci\u00f3n estatal que representar\u00e1 en los juegos nacionales CONADE en la ciudad de Tijuana.","og_url":"https:\/\/canal7slp.tv\/2022\/selectivo-estatal-de-racquetbol-se-realizara-del-22-al-26-de-febrero-en-el-cedetar\/","og_site_name":"Canal 7 SLP - 2022","article_publisher":"https:\/\/www.facebook.com\/noticieroscanalsiete","article_published_time":"2022-02-22T21:42:47+00:00","og_image":[{"width":888,"height":500,"url":"https:\/\/canal7slp.tv\/2022\/wp-content\/uploads\/2022\/02\/Froi02Raquet.jpg","type":"image\/jpeg"}],"author":"Edici\u00f3n Web","twitter_card":"summary_large_image","twitter_creator":"@NOTICIEROS7","twitter_site":"@NOTICIEROS7","twitter_misc":{"Escrito por":"Edici\u00f3n Web","Tiempo de lectura":"1 minuto"},"schema":{"@context":"https:\/\/schema.org","@graph":[{"@type":"Article","@id":"https:\/\/canal7slp.tv\/2022\/selectivo-estatal-de-racquetbol-se-realizara-del-22-al-26-de-febrero-en-el-cedetar\/#article","isPartOf":{"@id":"https:\/\/canal7slp.tv\/2022\/selectivo-estatal-de-racquetbol-se-realizara-del-22-al-26-de-febrero-en-el-cedetar\/"},"author":{"name":"Edici\u00f3n Web","@id":"https:\/\/canal7slp.tv\/2022\/#\/schema\/person\/429704152a21f5f856ce29aa69a238da"},"headline":"Selectivo Estatal de Racquetbol se realizar\u00e1 del 22 al 26 de febrero en el CEDETAR.","datePublished":"2022-02-22T21:42:47+00:00","mainEntityOfPage":{"@id":"https:\/\/canal7slp.tv\/2022\/selectivo-estatal-de-racquetbol-se-realizara-del-22-al-26-de-febrero-en-el-cedetar\/"},"wordCount":93,"publisher":{"@id":"https:\/\/canal7slp.tv\/2022\/#organization"},"image":{"@id":"https:\/\/canal7slp.tv\/2022\/selectivo-estatal-de-racquetbol-se-realizara-del-22-al-26-de-febrero-en-el-cedetar\/#primaryimage"},"thumbnailUrl":"https:\/\/canal7slp.tv\/2022\/wp-content\/uploads\/2022\/02\/Froi02Raquet.jpg","articleSection":["DEPORTES","DESTACADAS"],"inLanguage":"es"},{"@type":"WebPage","@id":"https:\/\/canal7slp.tv\/2022\/selectivo-estatal-de-racquetbol-se-realizara-del-22-al-26-de-febrero-en-el-cedetar\/","url":"https:\/\/canal7slp.tv\/2022\/selectivo-estatal-de-racquetbol-se-realizara-del-22-al-26-de-febrero-en-el-cedetar\/","name":"Selectivo Estatal de Racquetbol se realizar\u00e1 del 22 al 26 de febrero en el CEDETAR. - Canal 7 SLP - 2022","isPartOf":{"@id":"https:\/\/canal7slp.tv\/2022\/#website"},"primaryImageOfPage":{"@id":"https:\/\/canal7slp.tv\/2022\/selectivo-estatal-de-racquetbol-se-realizara-del-22-al-26-de-febrero-en-el-cedetar\/#primaryimage"},"image":{"@id":"https:\/\/canal7slp.tv\/2022\/selectivo-estatal-de-racquetbol-se-realizara-del-22-al-26-de-febrero-en-el-cedetar\/#primaryimage"},"thumbnailUrl":"https:\/\/canal7slp.tv\/2022\/wp-content\/uploads\/2022\/02\/Froi02Raquet.jpg","datePublished":"2022-02-22T21:42:47+00:00","breadcrumb":{"@id":"https:\/\/canal7slp.tv\/2022\/selectivo-estatal-de-racquetbol-se-realizara-del-22-al-26-de-febrero-en-el-cedetar\/#breadcrumb"},"inLanguage":"es","potentialAction":[{"@type":"ReadAction","target":["https:\/\/canal7slp.tv\/2022\/selectivo-estatal-de-racquetbol-se-realizara-del-22-al-26-de-febrero-en-el-cedetar\/"]}]},{"@type":"ImageObject","inLanguage":"es","@id":"https:\/\/canal7slp.tv\/2022\/selectivo-estatal-de-racquetbol-se-realizara-del-22-al-26-de-febrero-en-el-cedetar\/#primaryimage","url":"https:\/\/canal7slp.tv\/2022\/wp-content\/uploads\/2022\/02\/Froi02Raquet.jpg","contentUrl":"https:\/\/canal7slp.tv\/2022\/wp-content\/uploads\/2022\/02\/Froi02Raquet.jpg","width":888,"height":500},{"@type":"BreadcrumbList","@id":"https:\/\/canal7slp.tv\/2022\/selectivo-estatal-de-racquetbol-se-realizara-del-22-al-26-de-febrero-en-el-cedetar\/#breadcrumb","itemListElement":[{"@type":"ListItem","position":1,"name":"Portada","item":"https:\/\/canal7slp.tv\/2022\/"},{"@type":"ListItem","position":2,"name":"Selectivo Estatal de Racquetbol se realizar\u00e1 del 22 al 26 de febrero en el CEDETAR."}]},{"@type":"WebSite","@id":"https:\/\/canal7slp.tv\/2022\/#website","url":"https:\/\/canal7slp.tv\/2022\/","name":"N7 - Noticieros Canal 7","description":"Somos Televisi\u00f3n","publisher":{"@id":"https:\/\/canal7slp.tv\/2022\/#organization"},"potentialAction":[{"@type":"SearchAction","target":{"@type":"EntryPoint","urlTemplate":"https:\/\/canal7slp.tv\/2022\/?s={search_term_string}"},"query-input":{"@type":"PropertyValueSpecification","valueRequired":true,"valueName":"search_term_string"}}],"inLanguage":"es"},{"@type":"Organization","@id":"https:\/\/canal7slp.tv\/2022\/#organization","name":"Noticieros Canal 7","url":"https:\/\/canal7slp.tv\/2022\/","logo":{"@type":"ImageObject","inLanguage":"es","@id":"https:\/\/canal7slp.tv\/2022\/#\/schema\/logo\/image\/","url":"https:\/\/canal7slp.tv\/2022\/wp-content\/uploads\/2021\/01\/logo-noticieros@2x.png","contentUrl":"https:\/\/canal7slp.tv\/2022\/wp-content\/uploads\/2021\/01\/logo-noticieros@2x.png","width":1017,"height":268,"caption":"Noticieros Canal 7"},"image":{"@id":"https:\/\/canal7slp.tv\/2022\/#\/schema\/logo\/image\/"},"sameAs":["https:\/\/www.facebook.com\/noticieroscanalsiete","https:\/\/x.com\/NOTICIEROS7","https:\/\/www.instagram.com\/canal7_slp","https:\/\/www.youtube.com\/channel\/UCliiYs-gP3JfJeqdPrNdd5A"]},{"@type":"Person","@id":"https:\/\/canal7slp.tv\/2022\/#\/schema\/person\/429704152a21f5f856ce29aa69a238da","name":"Edici\u00f3n Web","image":{"@type":"ImageObject","inLanguage":"es","@id":"https:\/\/secure.gravatar.com\/avatar\/eee448fc3f7164808013b816ba91ac7e43bbe82a70bebac296f8bc6f0addaa1a?s=96&d=mm&r=g","url":"https:\/\/secure.gravatar.com\/avatar\/eee448fc3f7164808013b816ba91ac7e43bbe82a70bebac296f8bc6f0addaa1a?s=96&d=mm&r=g","contentUrl":"https:\/\/secure.gravatar.com\/avatar\/eee448fc3f7164808013b816ba91ac7e43bbe82a70bebac296f8bc6f0addaa1a?s=96&d=mm&r=g","caption":"Edici\u00f3n Web"},"url":"https:\/\/canal7slp.tv\/2022\/author\/edicionweb\/"}]}},"amp_enabled":true,"_links":{"self":[{"href":"https:\/\/canal7slp.tv\/2022\/wp-json\/wp\/v2\/posts\/51982","targetHints":{"allow":["GET"]}}],"collection":[{"href":"https:\/\/canal7slp.tv\/2022\/wp-json\/wp\/v2\/posts"}],"about":[{"href":"https:\/\/canal7slp.tv\/2022\/wp-json\/wp\/v2\/types\/post"}],"author":[{"embeddable":true,"href":"https:\/\/canal7slp.tv\/2022\/wp-json\/wp\/v2\/users\/2"}],"replies":[{"embeddable":true,"href":"https:\/\/canal7slp.tv\/2022\/wp-json\/wp\/v2\/comments?post=51982"}],"version-history":[{"count":2,"href":"https:\/\/canal7slp.tv\/2022\/wp-json\/wp\/v2\/posts\/51982\/revisions"}],"predecessor-version":[{"id":51993,"href":"https:\/\/canal7slp.tv\/2022\/wp-json\/wp\/v2\/posts\/51982\/revisions\/51993"}],"wp:featuredmedia":[{"embeddable":true,"href":"https:\/\/canal7slp.tv\/2022\/wp-json\/wp\/v2\/media\/51992"}],"wp:attachment":[{"href":"https:\/\/canal7slp.tv\/2022\/wp-json\/wp\/v2\/media?parent=51982"}],"wp:term":[{"taxonomy":"category","embeddable":true,"href":"https:\/\/canal7slp.tv\/2022\/wp-json\/wp\/v2\/categories?post=51982"},{"taxonomy":"post_tag","embeddable":true,"href":"https:\/\/canal7slp.tv\/2022\/wp-json\/wp\/v2\/tags?post=51982"}],"curies":[{"name":"wp","href":"https:\/\/api.w.org\/{rel}","templated":true}]}}