{"id":51960,"date":"2022-02-22T14:50:34","date_gmt":"2022-02-22T20:50:34","guid":{"rendered":"https:\/\/canal7slp.tv\/2022\/?p=51960"},"modified":"2022-02-22T14:50:34","modified_gmt":"2022-02-22T20:50:34","slug":"rusia-evacua-personal-diplomatico-de-ucrania","status":"publish","type":"post","link":"https:\/\/canal7slp.tv\/2022\/rusia-evacua-personal-diplomatico-de-ucrania\/","title":{"rendered":"Rusia evac\u00faa personal diplom\u00e1tico de Ucrania"},"content":{"rendered":"<p style=\"text-align: justify;\">Mosc\u00fa.- El Ministerio de Exteriores de Rusia inform\u00f3 que en breve se estar\u00e1 llevando a cabo la pr\u00f3xima evacuaci\u00f3n de los empleados de sus legaciones diplom\u00e1ticas y consulados en Ucrania tras el reconocimiento de las autoproclamadas rep\u00fablicas separatistas prorusas de Donetsk y Lugansk.<\/p>\n<p style=\"text-align: justify;\">\u00abEn las actuales circunstancias la tarea principal es velar por los diplom\u00e1ticos rusos y empleados de la Embajada y los consulados generales. Para proteger sus vidas y seguridad se tom\u00f3 la decisi\u00f3n de evacuar el personal de las instituciones rusas en Ucrania\u00bb, se inform\u00f3 por medio de un comunicado.<\/p>\n<p style=\"text-align: justify;\">Cabe se\u00f1alar que esta acci\u00f3n sigue a la retirada del personal de algunas legaciones diplom\u00e1ticas occidentales o su mudanza a otras ciudades ucranianas como Le\u00f3polis ante la amenaza de una invasi\u00f3n rusa anunciada por Occidente tras la concentraci\u00f3n de m\u00e1s de 100 mil militares rusos cerca de las fronteras de Ucrania.<\/p>\n<p style=\"text-align: justify;\">Asimismo, Mosc\u00fa denunci\u00f3 que tanto la embajada rusa en Kiev como los consulados generales de Odesa, Le\u00f3polis y J\u00e1rkov han sido objeto de ataques.<\/p>\n<p style=\"text-align: justify;\">Aunado a esta situaci\u00f3n, el Ministerio de Exteriores denunci\u00f3 tambi\u00e9n \u00abataques peri\u00f3dicos\u00bb contra el Centro de Ciencia y Cultura de Rusia.<\/p>\n","protected":false},"excerpt":{"rendered":"<p>Mosc\u00fa.- El Ministerio de Exteriores de Rusia inform\u00f3 que en breve se estar\u00e1 llevando a cabo la pr\u00f3xima evacuaci\u00f3n de los empleados de sus legaciones diplom\u00e1ticas y consulados en Ucrania tras el reconocimiento de las autoproclamadas rep\u00fablicas separatistas prorusas de Donetsk y Lugansk. \u00abEn las actuales circunstancias la tarea principal es velar por los diplom\u00e1ticos rusos y empleados de la Embajada y los consulados generales. Para proteger sus vidas y seguridad se tom\u00f3 la decisi\u00f3n de evacuar el personal de las instituciones rusas en Ucrania\u00bb, se inform\u00f3 por medio de un comunicado. Cabe se\u00f1alar que esta acci\u00f3n sigue a la [&hellip;]<\/p>\n","protected":false},"author":2,"featured_media":51973,"comment_status":"closed","ping_status":"closed","sticky":false,"template":"","format":"standard","meta":{"footnotes":""},"categories":[44],"tags":[],"class_list":["post-51960","post","type-post","status-publish","format-standard","has-post-thumbnail","hentry","category-internacional","post--single"],"yoast_head":"<!-- This site is optimized with the Yoast SEO plugin v27.4 - https:\/\/yoast.com\/product\/yoast-seo-wordpress\/ -->\n<title>Rusia evac\u00faa personal diplom\u00e1tico de Ucrania - Canal 7 SLP - 2022<\/title>\n<meta name=\"robots\" content=\"index, follow, max-snippet:-1, max-image-preview:large, max-video-preview:-1\" \/>\n<link rel=\"canonical\" href=\"https:\/\/canal7slp.tv\/2022\/rusia-evacua-personal-diplomatico-de-ucrania\/\" \/>\n<meta property=\"og:locale\" content=\"es_ES\" \/>\n<meta property=\"og:type\" content=\"article\" \/>\n<meta property=\"og:title\" content=\"Rusia evac\u00faa personal diplom\u00e1tico de Ucrania - Canal 7 SLP - 2022\" \/>\n<meta property=\"og:description\" content=\"Mosc\u00fa.- El Ministerio de Exteriores de Rusia inform\u00f3 que en breve se estar\u00e1 llevando a cabo la pr\u00f3xima evacuaci\u00f3n de los empleados de sus legaciones diplom\u00e1ticas y consulados en Ucrania tras el reconocimiento de las autoproclamadas rep\u00fablicas separatistas prorusas de Donetsk y Lugansk. \u00abEn las actuales circunstancias la tarea principal es velar por los diplom\u00e1ticos rusos y empleados de la Embajada y los consulados generales. Para proteger sus vidas y seguridad se tom\u00f3 la decisi\u00f3n de evacuar el personal de las instituciones rusas en Ucrania\u00bb, se inform\u00f3 por medio de un comunicado. Cabe se\u00f1alar que esta acci\u00f3n sigue a la [&hellip;]\" \/>\n<meta property=\"og:url\" content=\"https:\/\/canal7slp.tv\/2022\/rusia-evacua-personal-diplomatico-de-ucrania\/\" \/>\n<meta property=\"og:site_name\" content=\"Canal 7 SLP - 2022\" \/>\n<meta property=\"article:publisher\" content=\"https:\/\/www.facebook.com\/noticieroscanalsiete\" \/>\n<meta property=\"article:published_time\" content=\"2022-02-22T20:50:34+00:00\" \/>\n<meta property=\"og:image\" content=\"https:\/\/canal7slp.tv\/2022\/wp-content\/uploads\/2022\/02\/06-15.jpg\" \/>\n\t<meta property=\"og:image:width\" content=\"624\" \/>\n\t<meta property=\"og:image:height\" content=\"351\" \/>\n\t<meta property=\"og:image:type\" content=\"image\/jpeg\" \/>\n<meta name=\"author\" content=\"Edici\u00f3n Web\" \/>\n<meta name=\"twitter:card\" content=\"summary_large_image\" \/>\n<meta name=\"twitter:creator\" content=\"@NOTICIEROS7\" \/>\n<meta name=\"twitter:site\" content=\"@NOTICIEROS7\" \/>\n<meta name=\"twitter:label1\" content=\"Escrito por\" \/>\n\t<meta name=\"twitter:data1\" content=\"Edici\u00f3n Web\" \/>\n\t<meta name=\"twitter:label2\" content=\"Tiempo de lectura\" \/>\n\t<meta name=\"twitter:data2\" content=\"1 minuto\" \/>\n<script type=\"application\/ld+json\" class=\"yoast-schema-graph\">{\"@context\":\"https:\\\/\\\/schema.org\",\"@graph\":[{\"@type\":\"Article\",\"@id\":\"https:\\\/\\\/canal7slp.tv\\\/2022\\\/rusia-evacua-personal-diplomatico-de-ucrania\\\/#article\",\"isPartOf\":{\"@id\":\"https:\\\/\\\/canal7slp.tv\\\/2022\\\/rusia-evacua-personal-diplomatico-de-ucrania\\\/\"},\"author\":{\"name\":\"Edici\u00f3n Web\",\"@id\":\"https:\\\/\\\/canal7slp.tv\\\/2022\\\/#\\\/schema\\\/person\\\/429704152a21f5f856ce29aa69a238da\"},\"headline\":\"Rusia evac\u00faa personal diplom\u00e1tico de Ucrania\",\"datePublished\":\"2022-02-22T20:50:34+00:00\",\"mainEntityOfPage\":{\"@id\":\"https:\\\/\\\/canal7slp.tv\\\/2022\\\/rusia-evacua-personal-diplomatico-de-ucrania\\\/\"},\"wordCount\":214,\"publisher\":{\"@id\":\"https:\\\/\\\/canal7slp.tv\\\/2022\\\/#organization\"},\"image\":{\"@id\":\"https:\\\/\\\/canal7slp.tv\\\/2022\\\/rusia-evacua-personal-diplomatico-de-ucrania\\\/#primaryimage\"},\"thumbnailUrl\":\"https:\\\/\\\/canal7slp.tv\\\/2022\\\/wp-content\\\/uploads\\\/2022\\\/02\\\/06-15.jpg\",\"articleSection\":[\"INTERNACIONALES\"],\"inLanguage\":\"es\"},{\"@type\":\"WebPage\",\"@id\":\"https:\\\/\\\/canal7slp.tv\\\/2022\\\/rusia-evacua-personal-diplomatico-de-ucrania\\\/\",\"url\":\"https:\\\/\\\/canal7slp.tv\\\/2022\\\/rusia-evacua-personal-diplomatico-de-ucrania\\\/\",\"name\":\"Rusia evac\u00faa personal diplom\u00e1tico de Ucrania - Canal 7 SLP - 2022\",\"isPartOf\":{\"@id\":\"https:\\\/\\\/canal7slp.tv\\\/2022\\\/#website\"},\"primaryImageOfPage\":{\"@id\":\"https:\\\/\\\/canal7slp.tv\\\/2022\\\/rusia-evacua-personal-diplomatico-de-ucrania\\\/#primaryimage\"},\"image\":{\"@id\":\"https:\\\/\\\/canal7slp.tv\\\/2022\\\/rusia-evacua-personal-diplomatico-de-ucrania\\\/#primaryimage\"},\"thumbnailUrl\":\"https:\\\/\\\/canal7slp.tv\\\/2022\\\/wp-content\\\/uploads\\\/2022\\\/02\\\/06-15.jpg\",\"datePublished\":\"2022-02-22T20:50:34+00:00\",\"breadcrumb\":{\"@id\":\"https:\\\/\\\/canal7slp.tv\\\/2022\\\/rusia-evacua-personal-diplomatico-de-ucrania\\\/#breadcrumb\"},\"inLanguage\":\"es\",\"potentialAction\":[{\"@type\":\"ReadAction\",\"target\":[\"https:\\\/\\\/canal7slp.tv\\\/2022\\\/rusia-evacua-personal-diplomatico-de-ucrania\\\/\"]}]},{\"@type\":\"ImageObject\",\"inLanguage\":\"es\",\"@id\":\"https:\\\/\\\/canal7slp.tv\\\/2022\\\/rusia-evacua-personal-diplomatico-de-ucrania\\\/#primaryimage\",\"url\":\"https:\\\/\\\/canal7slp.tv\\\/2022\\\/wp-content\\\/uploads\\\/2022\\\/02\\\/06-15.jpg\",\"contentUrl\":\"https:\\\/\\\/canal7slp.tv\\\/2022\\\/wp-content\\\/uploads\\\/2022\\\/02\\\/06-15.jpg\",\"width\":624,\"height\":351},{\"@type\":\"BreadcrumbList\",\"@id\":\"https:\\\/\\\/canal7slp.tv\\\/2022\\\/rusia-evacua-personal-diplomatico-de-ucrania\\\/#breadcrumb\",\"itemListElement\":[{\"@type\":\"ListItem\",\"position\":1,\"name\":\"Portada\",\"item\":\"https:\\\/\\\/canal7slp.tv\\\/2022\\\/\"},{\"@type\":\"ListItem\",\"position\":2,\"name\":\"Rusia evac\u00faa personal diplom\u00e1tico de Ucrania\"}]},{\"@type\":\"WebSite\",\"@id\":\"https:\\\/\\\/canal7slp.tv\\\/2022\\\/#website\",\"url\":\"https:\\\/\\\/canal7slp.tv\\\/2022\\\/\",\"name\":\"N7 - Noticieros Canal 7\",\"description\":\"Somos Televisi\u00f3n\",\"publisher\":{\"@id\":\"https:\\\/\\\/canal7slp.tv\\\/2022\\\/#organization\"},\"potentialAction\":[{\"@type\":\"SearchAction\",\"target\":{\"@type\":\"EntryPoint\",\"urlTemplate\":\"https:\\\/\\\/canal7slp.tv\\\/2022\\\/?s={search_term_string}\"},\"query-input\":{\"@type\":\"PropertyValueSpecification\",\"valueRequired\":true,\"valueName\":\"search_term_string\"}}],\"inLanguage\":\"es\"},{\"@type\":\"Organization\",\"@id\":\"https:\\\/\\\/canal7slp.tv\\\/2022\\\/#organization\",\"name\":\"Noticieros Canal 7\",\"url\":\"https:\\\/\\\/canal7slp.tv\\\/2022\\\/\",\"logo\":{\"@type\":\"ImageObject\",\"inLanguage\":\"es\",\"@id\":\"https:\\\/\\\/canal7slp.tv\\\/2022\\\/#\\\/schema\\\/logo\\\/image\\\/\",\"url\":\"https:\\\/\\\/canal7slp.tv\\\/2022\\\/wp-content\\\/uploads\\\/2021\\\/01\\\/logo-noticieros@2x.png\",\"contentUrl\":\"https:\\\/\\\/canal7slp.tv\\\/2022\\\/wp-content\\\/uploads\\\/2021\\\/01\\\/logo-noticieros@2x.png\",\"width\":1017,\"height\":268,\"caption\":\"Noticieros Canal 7\"},\"image\":{\"@id\":\"https:\\\/\\\/canal7slp.tv\\\/2022\\\/#\\\/schema\\\/logo\\\/image\\\/\"},\"sameAs\":[\"https:\\\/\\\/www.facebook.com\\\/noticieroscanalsiete\",\"https:\\\/\\\/x.com\\\/NOTICIEROS7\",\"https:\\\/\\\/www.instagram.com\\\/canal7_slp\",\"https:\\\/\\\/www.youtube.com\\\/channel\\\/UCliiYs-gP3JfJeqdPrNdd5A\"]},{\"@type\":\"Person\",\"@id\":\"https:\\\/\\\/canal7slp.tv\\\/2022\\\/#\\\/schema\\\/person\\\/429704152a21f5f856ce29aa69a238da\",\"name\":\"Edici\u00f3n Web\",\"image\":{\"@type\":\"ImageObject\",\"inLanguage\":\"es\",\"@id\":\"https:\\\/\\\/secure.gravatar.com\\\/avatar\\\/eee448fc3f7164808013b816ba91ac7e43bbe82a70bebac296f8bc6f0addaa1a?s=96&d=mm&r=g\",\"url\":\"https:\\\/\\\/secure.gravatar.com\\\/avatar\\\/eee448fc3f7164808013b816ba91ac7e43bbe82a70bebac296f8bc6f0addaa1a?s=96&d=mm&r=g\",\"contentUrl\":\"https:\\\/\\\/secure.gravatar.com\\\/avatar\\\/eee448fc3f7164808013b816ba91ac7e43bbe82a70bebac296f8bc6f0addaa1a?s=96&d=mm&r=g\",\"caption\":\"Edici\u00f3n Web\"},\"url\":\"https:\\\/\\\/canal7slp.tv\\\/2022\\\/author\\\/edicionweb\\\/\"}]}<\/script>\n<!-- \/ Yoast SEO plugin. -->","yoast_head_json":{"title":"Rusia evac\u00faa personal diplom\u00e1tico de Ucrania - Canal 7 SLP - 2022","robots":{"index":"index","follow":"follow","max-snippet":"max-snippet:-1","max-image-preview":"max-image-preview:large","max-video-preview":"max-video-preview:-1"},"canonical":"https:\/\/canal7slp.tv\/2022\/rusia-evacua-personal-diplomatico-de-ucrania\/","og_locale":"es_ES","og_type":"article","og_title":"Rusia evac\u00faa personal diplom\u00e1tico de Ucrania - Canal 7 SLP - 2022","og_description":"Mosc\u00fa.- El Ministerio de Exteriores de Rusia inform\u00f3 que en breve se estar\u00e1 llevando a cabo la pr\u00f3xima evacuaci\u00f3n de los empleados de sus legaciones diplom\u00e1ticas y consulados en Ucrania tras el reconocimiento de las autoproclamadas rep\u00fablicas separatistas prorusas de Donetsk y Lugansk. \u00abEn las actuales circunstancias la tarea principal es velar por los diplom\u00e1ticos rusos y empleados de la Embajada y los consulados generales. Para proteger sus vidas y seguridad se tom\u00f3 la decisi\u00f3n de evacuar el personal de las instituciones rusas en Ucrania\u00bb, se inform\u00f3 por medio de un comunicado. Cabe se\u00f1alar que esta acci\u00f3n sigue a la [&hellip;]","og_url":"https:\/\/canal7slp.tv\/2022\/rusia-evacua-personal-diplomatico-de-ucrania\/","og_site_name":"Canal 7 SLP - 2022","article_publisher":"https:\/\/www.facebook.com\/noticieroscanalsiete","article_published_time":"2022-02-22T20:50:34+00:00","og_image":[{"width":624,"height":351,"url":"https:\/\/canal7slp.tv\/2022\/wp-content\/uploads\/2022\/02\/06-15.jpg","type":"image\/jpeg"}],"author":"Edici\u00f3n Web","twitter_card":"summary_large_image","twitter_creator":"@NOTICIEROS7","twitter_site":"@NOTICIEROS7","twitter_misc":{"Escrito por":"Edici\u00f3n Web","Tiempo de lectura":"1 minuto"},"schema":{"@context":"https:\/\/schema.org","@graph":[{"@type":"Article","@id":"https:\/\/canal7slp.tv\/2022\/rusia-evacua-personal-diplomatico-de-ucrania\/#article","isPartOf":{"@id":"https:\/\/canal7slp.tv\/2022\/rusia-evacua-personal-diplomatico-de-ucrania\/"},"author":{"name":"Edici\u00f3n Web","@id":"https:\/\/canal7slp.tv\/2022\/#\/schema\/person\/429704152a21f5f856ce29aa69a238da"},"headline":"Rusia evac\u00faa personal diplom\u00e1tico de Ucrania","datePublished":"2022-02-22T20:50:34+00:00","mainEntityOfPage":{"@id":"https:\/\/canal7slp.tv\/2022\/rusia-evacua-personal-diplomatico-de-ucrania\/"},"wordCount":214,"publisher":{"@id":"https:\/\/canal7slp.tv\/2022\/#organization"},"image":{"@id":"https:\/\/canal7slp.tv\/2022\/rusia-evacua-personal-diplomatico-de-ucrania\/#primaryimage"},"thumbnailUrl":"https:\/\/canal7slp.tv\/2022\/wp-content\/uploads\/2022\/02\/06-15.jpg","articleSection":["INTERNACIONALES"],"inLanguage":"es"},{"@type":"WebPage","@id":"https:\/\/canal7slp.tv\/2022\/rusia-evacua-personal-diplomatico-de-ucrania\/","url":"https:\/\/canal7slp.tv\/2022\/rusia-evacua-personal-diplomatico-de-ucrania\/","name":"Rusia evac\u00faa personal diplom\u00e1tico de Ucrania - Canal 7 SLP - 2022","isPartOf":{"@id":"https:\/\/canal7slp.tv\/2022\/#website"},"primaryImageOfPage":{"@id":"https:\/\/canal7slp.tv\/2022\/rusia-evacua-personal-diplomatico-de-ucrania\/#primaryimage"},"image":{"@id":"https:\/\/canal7slp.tv\/2022\/rusia-evacua-personal-diplomatico-de-ucrania\/#primaryimage"},"thumbnailUrl":"https:\/\/canal7slp.tv\/2022\/wp-content\/uploads\/2022\/02\/06-15.jpg","datePublished":"2022-02-22T20:50:34+00:00","breadcrumb":{"@id":"https:\/\/canal7slp.tv\/2022\/rusia-evacua-personal-diplomatico-de-ucrania\/#breadcrumb"},"inLanguage":"es","potentialAction":[{"@type":"ReadAction","target":["https:\/\/canal7slp.tv\/2022\/rusia-evacua-personal-diplomatico-de-ucrania\/"]}]},{"@type":"ImageObject","inLanguage":"es","@id":"https:\/\/canal7slp.tv\/2022\/rusia-evacua-personal-diplomatico-de-ucrania\/#primaryimage","url":"https:\/\/canal7slp.tv\/2022\/wp-content\/uploads\/2022\/02\/06-15.jpg","contentUrl":"https:\/\/canal7slp.tv\/2022\/wp-content\/uploads\/2022\/02\/06-15.jpg","width":624,"height":351},{"@type":"BreadcrumbList","@id":"https:\/\/canal7slp.tv\/2022\/rusia-evacua-personal-diplomatico-de-ucrania\/#breadcrumb","itemListElement":[{"@type":"ListItem","position":1,"name":"Portada","item":"https:\/\/canal7slp.tv\/2022\/"},{"@type":"ListItem","position":2,"name":"Rusia evac\u00faa personal diplom\u00e1tico de Ucrania"}]},{"@type":"WebSite","@id":"https:\/\/canal7slp.tv\/2022\/#website","url":"https:\/\/canal7slp.tv\/2022\/","name":"N7 - Noticieros Canal 7","description":"Somos Televisi\u00f3n","publisher":{"@id":"https:\/\/canal7slp.tv\/2022\/#organization"},"potentialAction":[{"@type":"SearchAction","target":{"@type":"EntryPoint","urlTemplate":"https:\/\/canal7slp.tv\/2022\/?s={search_term_string}"},"query-input":{"@type":"PropertyValueSpecification","valueRequired":true,"valueName":"search_term_string"}}],"inLanguage":"es"},{"@type":"Organization","@id":"https:\/\/canal7slp.tv\/2022\/#organization","name":"Noticieros Canal 7","url":"https:\/\/canal7slp.tv\/2022\/","logo":{"@type":"ImageObject","inLanguage":"es","@id":"https:\/\/canal7slp.tv\/2022\/#\/schema\/logo\/image\/","url":"https:\/\/canal7slp.tv\/2022\/wp-content\/uploads\/2021\/01\/logo-noticieros@2x.png","contentUrl":"https:\/\/canal7slp.tv\/2022\/wp-content\/uploads\/2021\/01\/logo-noticieros@2x.png","width":1017,"height":268,"caption":"Noticieros Canal 7"},"image":{"@id":"https:\/\/canal7slp.tv\/2022\/#\/schema\/logo\/image\/"},"sameAs":["https:\/\/www.facebook.com\/noticieroscanalsiete","https:\/\/x.com\/NOTICIEROS7","https:\/\/www.instagram.com\/canal7_slp","https:\/\/www.youtube.com\/channel\/UCliiYs-gP3JfJeqdPrNdd5A"]},{"@type":"Person","@id":"https:\/\/canal7slp.tv\/2022\/#\/schema\/person\/429704152a21f5f856ce29aa69a238da","name":"Edici\u00f3n Web","image":{"@type":"ImageObject","inLanguage":"es","@id":"https:\/\/secure.gravatar.com\/avatar\/eee448fc3f7164808013b816ba91ac7e43bbe82a70bebac296f8bc6f0addaa1a?s=96&d=mm&r=g","url":"https:\/\/secure.gravatar.com\/avatar\/eee448fc3f7164808013b816ba91ac7e43bbe82a70bebac296f8bc6f0addaa1a?s=96&d=mm&r=g","contentUrl":"https:\/\/secure.gravatar.com\/avatar\/eee448fc3f7164808013b816ba91ac7e43bbe82a70bebac296f8bc6f0addaa1a?s=96&d=mm&r=g","caption":"Edici\u00f3n Web"},"url":"https:\/\/canal7slp.tv\/2022\/author\/edicionweb\/"}]}},"amp_enabled":true,"_links":{"self":[{"href":"https:\/\/canal7slp.tv\/2022\/wp-json\/wp\/v2\/posts\/51960","targetHints":{"allow":["GET"]}}],"collection":[{"href":"https:\/\/canal7slp.tv\/2022\/wp-json\/wp\/v2\/posts"}],"about":[{"href":"https:\/\/canal7slp.tv\/2022\/wp-json\/wp\/v2\/types\/post"}],"author":[{"embeddable":true,"href":"https:\/\/canal7slp.tv\/2022\/wp-json\/wp\/v2\/users\/2"}],"replies":[{"embeddable":true,"href":"https:\/\/canal7slp.tv\/2022\/wp-json\/wp\/v2\/comments?post=51960"}],"version-history":[{"count":3,"href":"https:\/\/canal7slp.tv\/2022\/wp-json\/wp\/v2\/posts\/51960\/revisions"}],"predecessor-version":[{"id":51977,"href":"https:\/\/canal7slp.tv\/2022\/wp-json\/wp\/v2\/posts\/51960\/revisions\/51977"}],"wp:featuredmedia":[{"embeddable":true,"href":"https:\/\/canal7slp.tv\/2022\/wp-json\/wp\/v2\/media\/51973"}],"wp:attachment":[{"href":"https:\/\/canal7slp.tv\/2022\/wp-json\/wp\/v2\/media?parent=51960"}],"wp:term":[{"taxonomy":"category","embeddable":true,"href":"https:\/\/canal7slp.tv\/2022\/wp-json\/wp\/v2\/categories?post=51960"},{"taxonomy":"post_tag","embeddable":true,"href":"https:\/\/canal7slp.tv\/2022\/wp-json\/wp\/v2\/tags?post=51960"}],"curies":[{"name":"wp","href":"https:\/\/api.w.org\/{rel}","templated":true}]}}