{"id":51959,"date":"2022-02-22T14:50:35","date_gmt":"2022-02-22T20:50:35","guid":{"rendered":"https:\/\/canal7slp.tv\/2022\/?p=51959"},"modified":"2022-02-22T14:50:35","modified_gmt":"2022-02-22T20:50:35","slug":"union-europea-acuerda-sanciones-contra-rusia","status":"publish","type":"post","link":"https:\/\/canal7slp.tv\/2022\/union-europea-acuerda-sanciones-contra-rusia\/","title":{"rendered":"Uni\u00f3n Europea acuerda sanciones contra Rusia"},"content":{"rendered":"<p style=\"text-align: justify;\">Bruselas.- Por unanimidad, la Uni\u00f3n Europea acord\u00f3 un primer paquete de sanciones contra Mosc\u00fa por haber reconocido la independencia de los estados Luganks y Donestk, ambos parte de Ucrania.<\/p>\n<p style=\"text-align: justify;\">Jean-Yves Le Drian, ministro franc\u00e9s de Exteriores, se\u00f1al\u00f3 que \u201cNos hemos puesto de acuerdo por unanimidad en un primer paquete de sanciones\u201d.<\/p>\n<p style=\"text-align: justify;\">Durante la reuni\u00f3n estuvo presente Josep Borrell, alto representante europeo para la Pol\u00edtica Exterior y de Seguridad.<\/p>\n<p style=\"text-align: justify;\">Es importante destacar que el paquete de medidas afecta a 27 individuos o entidades que, seg\u00fan la Uni\u00f3n Europea, han contribuido de forma m\u00e1s directa a la agresi\u00f3n sufrida por Ucrania.<\/p>\n<p style=\"text-align: justify;\">Cabe se\u00f1alar que entre los sancionados no se encuentra el Presidente de Rusia, Vladimir Putin.<\/p>\n<p style=\"text-align: justify;\">Borrell justific\u00f3 lo anterior al decir que van con calma y con una respuesta gradual.<\/p>\n","protected":false},"excerpt":{"rendered":"<p>Bruselas.- Por unanimidad, la Uni\u00f3n Europea acord\u00f3 un primer paquete de sanciones contra Mosc\u00fa por haber reconocido la independencia de los estados Luganks y Donestk, ambos parte de Ucrania. Jean-Yves Le Drian, ministro franc\u00e9s de Exteriores, se\u00f1al\u00f3 que \u201cNos hemos puesto de acuerdo por unanimidad en un primer paquete de sanciones\u201d. Durante la reuni\u00f3n estuvo presente Josep Borrell, alto representante europeo para la Pol\u00edtica Exterior y de Seguridad. Es importante destacar que el paquete de medidas afecta a 27 individuos o entidades que, seg\u00fan la Uni\u00f3n Europea, han contribuido de forma m\u00e1s directa a la agresi\u00f3n sufrida por Ucrania. Cabe [&hellip;]<\/p>\n","protected":false},"author":2,"featured_media":51972,"comment_status":"closed","ping_status":"closed","sticky":false,"template":"","format":"standard","meta":{"footnotes":""},"categories":[44],"tags":[],"class_list":["post-51959","post","type-post","status-publish","format-standard","has-post-thumbnail","hentry","category-internacional","post--single"],"yoast_head":"<!-- This site is optimized with the Yoast SEO plugin v27.4 - https:\/\/yoast.com\/product\/yoast-seo-wordpress\/ -->\n<title>Uni\u00f3n Europea acuerda sanciones contra Rusia - Canal 7 SLP - 2022<\/title>\n<meta name=\"robots\" content=\"index, follow, max-snippet:-1, max-image-preview:large, max-video-preview:-1\" \/>\n<link rel=\"canonical\" href=\"https:\/\/canal7slp.tv\/2022\/union-europea-acuerda-sanciones-contra-rusia\/\" \/>\n<meta property=\"og:locale\" content=\"es_ES\" \/>\n<meta property=\"og:type\" content=\"article\" \/>\n<meta property=\"og:title\" content=\"Uni\u00f3n Europea acuerda sanciones contra Rusia - Canal 7 SLP - 2022\" \/>\n<meta property=\"og:description\" content=\"Bruselas.- Por unanimidad, la Uni\u00f3n Europea acord\u00f3 un primer paquete de sanciones contra Mosc\u00fa por haber reconocido la independencia de los estados Luganks y Donestk, ambos parte de Ucrania. Jean-Yves Le Drian, ministro franc\u00e9s de Exteriores, se\u00f1al\u00f3 que \u201cNos hemos puesto de acuerdo por unanimidad en un primer paquete de sanciones\u201d. Durante la reuni\u00f3n estuvo presente Josep Borrell, alto representante europeo para la Pol\u00edtica Exterior y de Seguridad. Es importante destacar que el paquete de medidas afecta a 27 individuos o entidades que, seg\u00fan la Uni\u00f3n Europea, han contribuido de forma m\u00e1s directa a la agresi\u00f3n sufrida por Ucrania. Cabe [&hellip;]\" \/>\n<meta property=\"og:url\" content=\"https:\/\/canal7slp.tv\/2022\/union-europea-acuerda-sanciones-contra-rusia\/\" \/>\n<meta property=\"og:site_name\" content=\"Canal 7 SLP - 2022\" \/>\n<meta property=\"article:publisher\" content=\"https:\/\/www.facebook.com\/noticieroscanalsiete\" \/>\n<meta property=\"article:published_time\" content=\"2022-02-22T20:50:35+00:00\" \/>\n<meta property=\"og:image\" content=\"https:\/\/canal7slp.tv\/2022\/wp-content\/uploads\/2022\/02\/05-3.jpeg\" \/>\n\t<meta property=\"og:image:width\" content=\"700\" \/>\n\t<meta property=\"og:image:height\" content=\"526\" \/>\n\t<meta property=\"og:image:type\" content=\"image\/jpeg\" \/>\n<meta name=\"author\" content=\"Edici\u00f3n Web\" \/>\n<meta name=\"twitter:card\" content=\"summary_large_image\" \/>\n<meta name=\"twitter:creator\" content=\"@NOTICIEROS7\" \/>\n<meta name=\"twitter:site\" content=\"@NOTICIEROS7\" \/>\n<meta name=\"twitter:label1\" content=\"Escrito por\" \/>\n\t<meta name=\"twitter:data1\" content=\"Edici\u00f3n Web\" \/>\n\t<meta name=\"twitter:label2\" content=\"Tiempo de lectura\" \/>\n\t<meta name=\"twitter:data2\" content=\"1 minuto\" \/>\n<script type=\"application\/ld+json\" class=\"yoast-schema-graph\">{\"@context\":\"https:\\\/\\\/schema.org\",\"@graph\":[{\"@type\":\"Article\",\"@id\":\"https:\\\/\\\/canal7slp.tv\\\/2022\\\/union-europea-acuerda-sanciones-contra-rusia\\\/#article\",\"isPartOf\":{\"@id\":\"https:\\\/\\\/canal7slp.tv\\\/2022\\\/union-europea-acuerda-sanciones-contra-rusia\\\/\"},\"author\":{\"name\":\"Edici\u00f3n Web\",\"@id\":\"https:\\\/\\\/canal7slp.tv\\\/2022\\\/#\\\/schema\\\/person\\\/429704152a21f5f856ce29aa69a238da\"},\"headline\":\"Uni\u00f3n Europea acuerda sanciones contra Rusia\",\"datePublished\":\"2022-02-22T20:50:35+00:00\",\"mainEntityOfPage\":{\"@id\":\"https:\\\/\\\/canal7slp.tv\\\/2022\\\/union-europea-acuerda-sanciones-contra-rusia\\\/\"},\"wordCount\":146,\"publisher\":{\"@id\":\"https:\\\/\\\/canal7slp.tv\\\/2022\\\/#organization\"},\"image\":{\"@id\":\"https:\\\/\\\/canal7slp.tv\\\/2022\\\/union-europea-acuerda-sanciones-contra-rusia\\\/#primaryimage\"},\"thumbnailUrl\":\"https:\\\/\\\/canal7slp.tv\\\/2022\\\/wp-content\\\/uploads\\\/2022\\\/02\\\/05-3.jpeg\",\"articleSection\":[\"INTERNACIONALES\"],\"inLanguage\":\"es\"},{\"@type\":\"WebPage\",\"@id\":\"https:\\\/\\\/canal7slp.tv\\\/2022\\\/union-europea-acuerda-sanciones-contra-rusia\\\/\",\"url\":\"https:\\\/\\\/canal7slp.tv\\\/2022\\\/union-europea-acuerda-sanciones-contra-rusia\\\/\",\"name\":\"Uni\u00f3n Europea acuerda sanciones contra Rusia - Canal 7 SLP - 2022\",\"isPartOf\":{\"@id\":\"https:\\\/\\\/canal7slp.tv\\\/2022\\\/#website\"},\"primaryImageOfPage\":{\"@id\":\"https:\\\/\\\/canal7slp.tv\\\/2022\\\/union-europea-acuerda-sanciones-contra-rusia\\\/#primaryimage\"},\"image\":{\"@id\":\"https:\\\/\\\/canal7slp.tv\\\/2022\\\/union-europea-acuerda-sanciones-contra-rusia\\\/#primaryimage\"},\"thumbnailUrl\":\"https:\\\/\\\/canal7slp.tv\\\/2022\\\/wp-content\\\/uploads\\\/2022\\\/02\\\/05-3.jpeg\",\"datePublished\":\"2022-02-22T20:50:35+00:00\",\"breadcrumb\":{\"@id\":\"https:\\\/\\\/canal7slp.tv\\\/2022\\\/union-europea-acuerda-sanciones-contra-rusia\\\/#breadcrumb\"},\"inLanguage\":\"es\",\"potentialAction\":[{\"@type\":\"ReadAction\",\"target\":[\"https:\\\/\\\/canal7slp.tv\\\/2022\\\/union-europea-acuerda-sanciones-contra-rusia\\\/\"]}]},{\"@type\":\"ImageObject\",\"inLanguage\":\"es\",\"@id\":\"https:\\\/\\\/canal7slp.tv\\\/2022\\\/union-europea-acuerda-sanciones-contra-rusia\\\/#primaryimage\",\"url\":\"https:\\\/\\\/canal7slp.tv\\\/2022\\\/wp-content\\\/uploads\\\/2022\\\/02\\\/05-3.jpeg\",\"contentUrl\":\"https:\\\/\\\/canal7slp.tv\\\/2022\\\/wp-content\\\/uploads\\\/2022\\\/02\\\/05-3.jpeg\",\"width\":700,\"height\":526},{\"@type\":\"BreadcrumbList\",\"@id\":\"https:\\\/\\\/canal7slp.tv\\\/2022\\\/union-europea-acuerda-sanciones-contra-rusia\\\/#breadcrumb\",\"itemListElement\":[{\"@type\":\"ListItem\",\"position\":1,\"name\":\"Portada\",\"item\":\"https:\\\/\\\/canal7slp.tv\\\/2022\\\/\"},{\"@type\":\"ListItem\",\"position\":2,\"name\":\"Uni\u00f3n Europea acuerda sanciones contra Rusia\"}]},{\"@type\":\"WebSite\",\"@id\":\"https:\\\/\\\/canal7slp.tv\\\/2022\\\/#website\",\"url\":\"https:\\\/\\\/canal7slp.tv\\\/2022\\\/\",\"name\":\"N7 - Noticieros Canal 7\",\"description\":\"Somos Televisi\u00f3n\",\"publisher\":{\"@id\":\"https:\\\/\\\/canal7slp.tv\\\/2022\\\/#organization\"},\"potentialAction\":[{\"@type\":\"SearchAction\",\"target\":{\"@type\":\"EntryPoint\",\"urlTemplate\":\"https:\\\/\\\/canal7slp.tv\\\/2022\\\/?s={search_term_string}\"},\"query-input\":{\"@type\":\"PropertyValueSpecification\",\"valueRequired\":true,\"valueName\":\"search_term_string\"}}],\"inLanguage\":\"es\"},{\"@type\":\"Organization\",\"@id\":\"https:\\\/\\\/canal7slp.tv\\\/2022\\\/#organization\",\"name\":\"Noticieros Canal 7\",\"url\":\"https:\\\/\\\/canal7slp.tv\\\/2022\\\/\",\"logo\":{\"@type\":\"ImageObject\",\"inLanguage\":\"es\",\"@id\":\"https:\\\/\\\/canal7slp.tv\\\/2022\\\/#\\\/schema\\\/logo\\\/image\\\/\",\"url\":\"https:\\\/\\\/canal7slp.tv\\\/2022\\\/wp-content\\\/uploads\\\/2021\\\/01\\\/logo-noticieros@2x.png\",\"contentUrl\":\"https:\\\/\\\/canal7slp.tv\\\/2022\\\/wp-content\\\/uploads\\\/2021\\\/01\\\/logo-noticieros@2x.png\",\"width\":1017,\"height\":268,\"caption\":\"Noticieros Canal 7\"},\"image\":{\"@id\":\"https:\\\/\\\/canal7slp.tv\\\/2022\\\/#\\\/schema\\\/logo\\\/image\\\/\"},\"sameAs\":[\"https:\\\/\\\/www.facebook.com\\\/noticieroscanalsiete\",\"https:\\\/\\\/x.com\\\/NOTICIEROS7\",\"https:\\\/\\\/www.instagram.com\\\/canal7_slp\",\"https:\\\/\\\/www.youtube.com\\\/channel\\\/UCliiYs-gP3JfJeqdPrNdd5A\"]},{\"@type\":\"Person\",\"@id\":\"https:\\\/\\\/canal7slp.tv\\\/2022\\\/#\\\/schema\\\/person\\\/429704152a21f5f856ce29aa69a238da\",\"name\":\"Edici\u00f3n Web\",\"image\":{\"@type\":\"ImageObject\",\"inLanguage\":\"es\",\"@id\":\"https:\\\/\\\/secure.gravatar.com\\\/avatar\\\/eee448fc3f7164808013b816ba91ac7e43bbe82a70bebac296f8bc6f0addaa1a?s=96&d=mm&r=g\",\"url\":\"https:\\\/\\\/secure.gravatar.com\\\/avatar\\\/eee448fc3f7164808013b816ba91ac7e43bbe82a70bebac296f8bc6f0addaa1a?s=96&d=mm&r=g\",\"contentUrl\":\"https:\\\/\\\/secure.gravatar.com\\\/avatar\\\/eee448fc3f7164808013b816ba91ac7e43bbe82a70bebac296f8bc6f0addaa1a?s=96&d=mm&r=g\",\"caption\":\"Edici\u00f3n Web\"},\"url\":\"https:\\\/\\\/canal7slp.tv\\\/2022\\\/author\\\/edicionweb\\\/\"}]}<\/script>\n<!-- \/ Yoast SEO plugin. -->","yoast_head_json":{"title":"Uni\u00f3n Europea acuerda sanciones contra Rusia - Canal 7 SLP - 2022","robots":{"index":"index","follow":"follow","max-snippet":"max-snippet:-1","max-image-preview":"max-image-preview:large","max-video-preview":"max-video-preview:-1"},"canonical":"https:\/\/canal7slp.tv\/2022\/union-europea-acuerda-sanciones-contra-rusia\/","og_locale":"es_ES","og_type":"article","og_title":"Uni\u00f3n Europea acuerda sanciones contra Rusia - Canal 7 SLP - 2022","og_description":"Bruselas.- Por unanimidad, la Uni\u00f3n Europea acord\u00f3 un primer paquete de sanciones contra Mosc\u00fa por haber reconocido la independencia de los estados Luganks y Donestk, ambos parte de Ucrania. Jean-Yves Le Drian, ministro franc\u00e9s de Exteriores, se\u00f1al\u00f3 que \u201cNos hemos puesto de acuerdo por unanimidad en un primer paquete de sanciones\u201d. Durante la reuni\u00f3n estuvo presente Josep Borrell, alto representante europeo para la Pol\u00edtica Exterior y de Seguridad. Es importante destacar que el paquete de medidas afecta a 27 individuos o entidades que, seg\u00fan la Uni\u00f3n Europea, han contribuido de forma m\u00e1s directa a la agresi\u00f3n sufrida por Ucrania. Cabe [&hellip;]","og_url":"https:\/\/canal7slp.tv\/2022\/union-europea-acuerda-sanciones-contra-rusia\/","og_site_name":"Canal 7 SLP - 2022","article_publisher":"https:\/\/www.facebook.com\/noticieroscanalsiete","article_published_time":"2022-02-22T20:50:35+00:00","og_image":[{"width":700,"height":526,"url":"https:\/\/canal7slp.tv\/2022\/wp-content\/uploads\/2022\/02\/05-3.jpeg","type":"image\/jpeg"}],"author":"Edici\u00f3n Web","twitter_card":"summary_large_image","twitter_creator":"@NOTICIEROS7","twitter_site":"@NOTICIEROS7","twitter_misc":{"Escrito por":"Edici\u00f3n Web","Tiempo de lectura":"1 minuto"},"schema":{"@context":"https:\/\/schema.org","@graph":[{"@type":"Article","@id":"https:\/\/canal7slp.tv\/2022\/union-europea-acuerda-sanciones-contra-rusia\/#article","isPartOf":{"@id":"https:\/\/canal7slp.tv\/2022\/union-europea-acuerda-sanciones-contra-rusia\/"},"author":{"name":"Edici\u00f3n Web","@id":"https:\/\/canal7slp.tv\/2022\/#\/schema\/person\/429704152a21f5f856ce29aa69a238da"},"headline":"Uni\u00f3n Europea acuerda sanciones contra Rusia","datePublished":"2022-02-22T20:50:35+00:00","mainEntityOfPage":{"@id":"https:\/\/canal7slp.tv\/2022\/union-europea-acuerda-sanciones-contra-rusia\/"},"wordCount":146,"publisher":{"@id":"https:\/\/canal7slp.tv\/2022\/#organization"},"image":{"@id":"https:\/\/canal7slp.tv\/2022\/union-europea-acuerda-sanciones-contra-rusia\/#primaryimage"},"thumbnailUrl":"https:\/\/canal7slp.tv\/2022\/wp-content\/uploads\/2022\/02\/05-3.jpeg","articleSection":["INTERNACIONALES"],"inLanguage":"es"},{"@type":"WebPage","@id":"https:\/\/canal7slp.tv\/2022\/union-europea-acuerda-sanciones-contra-rusia\/","url":"https:\/\/canal7slp.tv\/2022\/union-europea-acuerda-sanciones-contra-rusia\/","name":"Uni\u00f3n Europea acuerda sanciones contra Rusia - Canal 7 SLP - 2022","isPartOf":{"@id":"https:\/\/canal7slp.tv\/2022\/#website"},"primaryImageOfPage":{"@id":"https:\/\/canal7slp.tv\/2022\/union-europea-acuerda-sanciones-contra-rusia\/#primaryimage"},"image":{"@id":"https:\/\/canal7slp.tv\/2022\/union-europea-acuerda-sanciones-contra-rusia\/#primaryimage"},"thumbnailUrl":"https:\/\/canal7slp.tv\/2022\/wp-content\/uploads\/2022\/02\/05-3.jpeg","datePublished":"2022-02-22T20:50:35+00:00","breadcrumb":{"@id":"https:\/\/canal7slp.tv\/2022\/union-europea-acuerda-sanciones-contra-rusia\/#breadcrumb"},"inLanguage":"es","potentialAction":[{"@type":"ReadAction","target":["https:\/\/canal7slp.tv\/2022\/union-europea-acuerda-sanciones-contra-rusia\/"]}]},{"@type":"ImageObject","inLanguage":"es","@id":"https:\/\/canal7slp.tv\/2022\/union-europea-acuerda-sanciones-contra-rusia\/#primaryimage","url":"https:\/\/canal7slp.tv\/2022\/wp-content\/uploads\/2022\/02\/05-3.jpeg","contentUrl":"https:\/\/canal7slp.tv\/2022\/wp-content\/uploads\/2022\/02\/05-3.jpeg","width":700,"height":526},{"@type":"BreadcrumbList","@id":"https:\/\/canal7slp.tv\/2022\/union-europea-acuerda-sanciones-contra-rusia\/#breadcrumb","itemListElement":[{"@type":"ListItem","position":1,"name":"Portada","item":"https:\/\/canal7slp.tv\/2022\/"},{"@type":"ListItem","position":2,"name":"Uni\u00f3n Europea acuerda sanciones contra Rusia"}]},{"@type":"WebSite","@id":"https:\/\/canal7slp.tv\/2022\/#website","url":"https:\/\/canal7slp.tv\/2022\/","name":"N7 - Noticieros Canal 7","description":"Somos Televisi\u00f3n","publisher":{"@id":"https:\/\/canal7slp.tv\/2022\/#organization"},"potentialAction":[{"@type":"SearchAction","target":{"@type":"EntryPoint","urlTemplate":"https:\/\/canal7slp.tv\/2022\/?s={search_term_string}"},"query-input":{"@type":"PropertyValueSpecification","valueRequired":true,"valueName":"search_term_string"}}],"inLanguage":"es"},{"@type":"Organization","@id":"https:\/\/canal7slp.tv\/2022\/#organization","name":"Noticieros Canal 7","url":"https:\/\/canal7slp.tv\/2022\/","logo":{"@type":"ImageObject","inLanguage":"es","@id":"https:\/\/canal7slp.tv\/2022\/#\/schema\/logo\/image\/","url":"https:\/\/canal7slp.tv\/2022\/wp-content\/uploads\/2021\/01\/logo-noticieros@2x.png","contentUrl":"https:\/\/canal7slp.tv\/2022\/wp-content\/uploads\/2021\/01\/logo-noticieros@2x.png","width":1017,"height":268,"caption":"Noticieros Canal 7"},"image":{"@id":"https:\/\/canal7slp.tv\/2022\/#\/schema\/logo\/image\/"},"sameAs":["https:\/\/www.facebook.com\/noticieroscanalsiete","https:\/\/x.com\/NOTICIEROS7","https:\/\/www.instagram.com\/canal7_slp","https:\/\/www.youtube.com\/channel\/UCliiYs-gP3JfJeqdPrNdd5A"]},{"@type":"Person","@id":"https:\/\/canal7slp.tv\/2022\/#\/schema\/person\/429704152a21f5f856ce29aa69a238da","name":"Edici\u00f3n Web","image":{"@type":"ImageObject","inLanguage":"es","@id":"https:\/\/secure.gravatar.com\/avatar\/eee448fc3f7164808013b816ba91ac7e43bbe82a70bebac296f8bc6f0addaa1a?s=96&d=mm&r=g","url":"https:\/\/secure.gravatar.com\/avatar\/eee448fc3f7164808013b816ba91ac7e43bbe82a70bebac296f8bc6f0addaa1a?s=96&d=mm&r=g","contentUrl":"https:\/\/secure.gravatar.com\/avatar\/eee448fc3f7164808013b816ba91ac7e43bbe82a70bebac296f8bc6f0addaa1a?s=96&d=mm&r=g","caption":"Edici\u00f3n Web"},"url":"https:\/\/canal7slp.tv\/2022\/author\/edicionweb\/"}]}},"amp_enabled":true,"_links":{"self":[{"href":"https:\/\/canal7slp.tv\/2022\/wp-json\/wp\/v2\/posts\/51959","targetHints":{"allow":["GET"]}}],"collection":[{"href":"https:\/\/canal7slp.tv\/2022\/wp-json\/wp\/v2\/posts"}],"about":[{"href":"https:\/\/canal7slp.tv\/2022\/wp-json\/wp\/v2\/types\/post"}],"author":[{"embeddable":true,"href":"https:\/\/canal7slp.tv\/2022\/wp-json\/wp\/v2\/users\/2"}],"replies":[{"embeddable":true,"href":"https:\/\/canal7slp.tv\/2022\/wp-json\/wp\/v2\/comments?post=51959"}],"version-history":[{"count":3,"href":"https:\/\/canal7slp.tv\/2022\/wp-json\/wp\/v2\/posts\/51959\/revisions"}],"predecessor-version":[{"id":51976,"href":"https:\/\/canal7slp.tv\/2022\/wp-json\/wp\/v2\/posts\/51959\/revisions\/51976"}],"wp:featuredmedia":[{"embeddable":true,"href":"https:\/\/canal7slp.tv\/2022\/wp-json\/wp\/v2\/media\/51972"}],"wp:attachment":[{"href":"https:\/\/canal7slp.tv\/2022\/wp-json\/wp\/v2\/media?parent=51959"}],"wp:term":[{"taxonomy":"category","embeddable":true,"href":"https:\/\/canal7slp.tv\/2022\/wp-json\/wp\/v2\/categories?post=51959"},{"taxonomy":"post_tag","embeddable":true,"href":"https:\/\/canal7slp.tv\/2022\/wp-json\/wp\/v2\/tags?post=51959"}],"curies":[{"name":"wp","href":"https:\/\/api.w.org\/{rel}","templated":true}]}}