{"id":51894,"date":"2022-02-21T18:30:40","date_gmt":"2022-02-22T00:30:40","guid":{"rendered":"https:\/\/canal7slp.tv\/2022\/?p=51894"},"modified":"2022-02-21T21:34:50","modified_gmt":"2022-02-22T03:34:50","slug":"en-materia-de-ddhh-falta-mucha-capacitacion-a-los-cuerpos-policiacos-diputado","status":"publish","type":"post","link":"https:\/\/canal7slp.tv\/2022\/en-materia-de-ddhh-falta-mucha-capacitacion-a-los-cuerpos-policiacos-diputado\/","title":{"rendered":"En materia de DDHH, falta mucha capacitaci\u00f3n a los cuerpos polic\u00edacos: Diputado."},"content":{"rendered":"<p style=\"text-align: justify;\">SLP.-\u00a0En sesi\u00f3n de este lunes de los diputados integrantes de la Comisi\u00f3n de Seguridad P\u00fablica, Prevenci\u00f3n y Reinserci\u00f3n Social, acordaron por unanimidad que el pr\u00f3ximo 14 de Marzo sesionar\u00e1n en la Direcci\u00f3n Estatal de Protecci\u00f3n Civil para conocer a fondo el trabajo que se realiza en esta dependencia, y exponer las inquietudes que les ha planteado la ciudadan\u00eda.<\/p>\n<p style=\"text-align: justify;\">El objetivo es el intercambio de informaci\u00f3n a fin de coordinar esfuerzos en el \u00e1mbito de sus facultades.<\/p>\n<p style=\"text-align: justify;\">En la reuni\u00f3n de trabajo se destac\u00f3 la importancia de que el trabajo de la Comisi\u00f3n de Seguridad P\u00fablica se descentralice y que sesionen en diversas dependencias, para que haya un conocimiento a fondo y a detalle de las responsabilidades que se desarrollan en cada una de ellas, en beneficio de la ciudadan\u00eda.<\/p>\n<p style=\"text-align: justify;\">Al t\u00e9rmino de esta reuni\u00f3n el diputado presidente de esta Comisi\u00f3n de Seguridad Rub\u00e9n Guajardo Barrera se refiri\u00f3 al caso de polic\u00edas municipales que en el 2018, intentaron encubrir un asesinato en la delegaci\u00f3n de Bocas, lo que motiv\u00f3 a que la Comisi\u00f3n Estatal de Derechos Humanos los desmintiera.<\/p>\n<p style=\"text-align: justify;\">En este sentido, el diputado panista opin\u00f3 que en materia de derechos humanos a\u00fan falta mucho por hacer al interior de los cuerpos polic\u00edacos.<\/p>\n<p style=\"text-align: justify;\">Por: Claudio Ibarra<\/p>\n","protected":false},"excerpt":{"rendered":"<p>SLP.-\u00a0En sesi\u00f3n de este lunes de los diputados integrantes de la Comisi\u00f3n de Seguridad P\u00fablica, Prevenci\u00f3n y Reinserci\u00f3n Social, acordaron por unanimidad que el pr\u00f3ximo 14 de Marzo sesionar\u00e1n en la Direcci\u00f3n Estatal de Protecci\u00f3n Civil para conocer a fondo el trabajo que se realiza en esta dependencia, y exponer las inquietudes que les ha planteado la ciudadan\u00eda. El objetivo es el intercambio de informaci\u00f3n a fin de coordinar esfuerzos en el \u00e1mbito de sus facultades. En la reuni\u00f3n de trabajo se destac\u00f3 la importancia de que el trabajo de la Comisi\u00f3n de Seguridad P\u00fablica se descentralice y que sesionen [&hellip;]<\/p>\n","protected":false},"author":2,"featured_media":51924,"comment_status":"closed","ping_status":"closed","sticky":false,"template":"","format":"video","meta":{"footnotes":""},"categories":[3,5,45],"tags":[],"class_list":["post-51894","post","type-post","status-publish","format-video","has-post-thumbnail","hentry","category-congreso","category-destacadas","category-localesyregionales","post_format-post-format-video","post--single"],"yoast_head":"<!-- This site is optimized with the Yoast SEO plugin v27.4 - https:\/\/yoast.com\/product\/yoast-seo-wordpress\/ -->\n<title>En materia de DDHH, falta mucha capacitaci\u00f3n a los cuerpos polic\u00edacos: Diputado. - Canal 7 SLP - 2022<\/title>\n<meta name=\"robots\" content=\"index, follow, max-snippet:-1, max-image-preview:large, max-video-preview:-1\" \/>\n<link rel=\"canonical\" href=\"https:\/\/canal7slp.tv\/2022\/en-materia-de-ddhh-falta-mucha-capacitacion-a-los-cuerpos-policiacos-diputado\/\" \/>\n<meta property=\"og:locale\" content=\"es_ES\" \/>\n<meta property=\"og:type\" content=\"article\" \/>\n<meta property=\"og:title\" content=\"En materia de DDHH, falta mucha capacitaci\u00f3n a los cuerpos polic\u00edacos: Diputado. - Canal 7 SLP - 2022\" \/>\n<meta property=\"og:description\" content=\"SLP.-\u00a0En sesi\u00f3n de este lunes de los diputados integrantes de la Comisi\u00f3n de Seguridad P\u00fablica, Prevenci\u00f3n y Reinserci\u00f3n Social, acordaron por unanimidad que el pr\u00f3ximo 14 de Marzo sesionar\u00e1n en la Direcci\u00f3n Estatal de Protecci\u00f3n Civil para conocer a fondo el trabajo que se realiza en esta dependencia, y exponer las inquietudes que les ha planteado la ciudadan\u00eda. El objetivo es el intercambio de informaci\u00f3n a fin de coordinar esfuerzos en el \u00e1mbito de sus facultades. En la reuni\u00f3n de trabajo se destac\u00f3 la importancia de que el trabajo de la Comisi\u00f3n de Seguridad P\u00fablica se descentralice y que sesionen [&hellip;]\" \/>\n<meta property=\"og:url\" content=\"https:\/\/canal7slp.tv\/2022\/en-materia-de-ddhh-falta-mucha-capacitacion-a-los-cuerpos-policiacos-diputado\/\" \/>\n<meta property=\"og:site_name\" content=\"Canal 7 SLP - 2022\" \/>\n<meta property=\"article:publisher\" content=\"https:\/\/www.facebook.com\/noticieroscanalsiete\" \/>\n<meta property=\"article:published_time\" content=\"2022-02-22T00:30:40+00:00\" \/>\n<meta property=\"article:modified_time\" content=\"2022-02-22T03:34:50+00:00\" \/>\n<meta property=\"og:image\" content=\"https:\/\/canal7slp.tv\/2022\/wp-content\/uploads\/2022\/02\/Claudio03DDHH.jpg\" \/>\n\t<meta property=\"og:image:width\" content=\"888\" \/>\n\t<meta property=\"og:image:height\" content=\"500\" \/>\n\t<meta property=\"og:image:type\" content=\"image\/jpeg\" \/>\n<meta name=\"author\" content=\"Edici\u00f3n Web\" \/>\n<meta name=\"twitter:card\" content=\"summary_large_image\" \/>\n<meta name=\"twitter:creator\" content=\"@NOTICIEROS7\" \/>\n<meta name=\"twitter:site\" content=\"@NOTICIEROS7\" \/>\n<meta name=\"twitter:label1\" content=\"Escrito por\" \/>\n\t<meta name=\"twitter:data1\" content=\"Edici\u00f3n Web\" \/>\n\t<meta name=\"twitter:label2\" content=\"Tiempo de lectura\" \/>\n\t<meta name=\"twitter:data2\" content=\"1 minuto\" \/>\n<script type=\"application\/ld+json\" class=\"yoast-schema-graph\">{\"@context\":\"https:\\\/\\\/schema.org\",\"@graph\":[{\"@type\":\"Article\",\"@id\":\"https:\\\/\\\/canal7slp.tv\\\/2022\\\/en-materia-de-ddhh-falta-mucha-capacitacion-a-los-cuerpos-policiacos-diputado\\\/#article\",\"isPartOf\":{\"@id\":\"https:\\\/\\\/canal7slp.tv\\\/2022\\\/en-materia-de-ddhh-falta-mucha-capacitacion-a-los-cuerpos-policiacos-diputado\\\/\"},\"author\":{\"name\":\"Edici\u00f3n Web\",\"@id\":\"https:\\\/\\\/canal7slp.tv\\\/2022\\\/#\\\/schema\\\/person\\\/429704152a21f5f856ce29aa69a238da\"},\"headline\":\"En materia de DDHH, falta mucha capacitaci\u00f3n a los cuerpos polic\u00edacos: Diputado.\",\"datePublished\":\"2022-02-22T00:30:40+00:00\",\"dateModified\":\"2022-02-22T03:34:50+00:00\",\"mainEntityOfPage\":{\"@id\":\"https:\\\/\\\/canal7slp.tv\\\/2022\\\/en-materia-de-ddhh-falta-mucha-capacitacion-a-los-cuerpos-policiacos-diputado\\\/\"},\"wordCount\":243,\"publisher\":{\"@id\":\"https:\\\/\\\/canal7slp.tv\\\/2022\\\/#organization\"},\"image\":{\"@id\":\"https:\\\/\\\/canal7slp.tv\\\/2022\\\/en-materia-de-ddhh-falta-mucha-capacitacion-a-los-cuerpos-policiacos-diputado\\\/#primaryimage\"},\"thumbnailUrl\":\"https:\\\/\\\/canal7slp.tv\\\/2022\\\/wp-content\\\/uploads\\\/2022\\\/02\\\/Claudio03DDHH.jpg\",\"articleSection\":[\"CONGRESO\",\"DESTACADAS\",\"LOCALES Y REGIONALES\"],\"inLanguage\":\"es\"},{\"@type\":\"WebPage\",\"@id\":\"https:\\\/\\\/canal7slp.tv\\\/2022\\\/en-materia-de-ddhh-falta-mucha-capacitacion-a-los-cuerpos-policiacos-diputado\\\/\",\"url\":\"https:\\\/\\\/canal7slp.tv\\\/2022\\\/en-materia-de-ddhh-falta-mucha-capacitacion-a-los-cuerpos-policiacos-diputado\\\/\",\"name\":\"En materia de DDHH, falta mucha capacitaci\u00f3n a los cuerpos polic\u00edacos: Diputado. - Canal 7 SLP - 2022\",\"isPartOf\":{\"@id\":\"https:\\\/\\\/canal7slp.tv\\\/2022\\\/#website\"},\"primaryImageOfPage\":{\"@id\":\"https:\\\/\\\/canal7slp.tv\\\/2022\\\/en-materia-de-ddhh-falta-mucha-capacitacion-a-los-cuerpos-policiacos-diputado\\\/#primaryimage\"},\"image\":{\"@id\":\"https:\\\/\\\/canal7slp.tv\\\/2022\\\/en-materia-de-ddhh-falta-mucha-capacitacion-a-los-cuerpos-policiacos-diputado\\\/#primaryimage\"},\"thumbnailUrl\":\"https:\\\/\\\/canal7slp.tv\\\/2022\\\/wp-content\\\/uploads\\\/2022\\\/02\\\/Claudio03DDHH.jpg\",\"datePublished\":\"2022-02-22T00:30:40+00:00\",\"dateModified\":\"2022-02-22T03:34:50+00:00\",\"breadcrumb\":{\"@id\":\"https:\\\/\\\/canal7slp.tv\\\/2022\\\/en-materia-de-ddhh-falta-mucha-capacitacion-a-los-cuerpos-policiacos-diputado\\\/#breadcrumb\"},\"inLanguage\":\"es\",\"potentialAction\":[{\"@type\":\"ReadAction\",\"target\":[\"https:\\\/\\\/canal7slp.tv\\\/2022\\\/en-materia-de-ddhh-falta-mucha-capacitacion-a-los-cuerpos-policiacos-diputado\\\/\"]}]},{\"@type\":\"ImageObject\",\"inLanguage\":\"es\",\"@id\":\"https:\\\/\\\/canal7slp.tv\\\/2022\\\/en-materia-de-ddhh-falta-mucha-capacitacion-a-los-cuerpos-policiacos-diputado\\\/#primaryimage\",\"url\":\"https:\\\/\\\/canal7slp.tv\\\/2022\\\/wp-content\\\/uploads\\\/2022\\\/02\\\/Claudio03DDHH.jpg\",\"contentUrl\":\"https:\\\/\\\/canal7slp.tv\\\/2022\\\/wp-content\\\/uploads\\\/2022\\\/02\\\/Claudio03DDHH.jpg\",\"width\":888,\"height\":500},{\"@type\":\"BreadcrumbList\",\"@id\":\"https:\\\/\\\/canal7slp.tv\\\/2022\\\/en-materia-de-ddhh-falta-mucha-capacitacion-a-los-cuerpos-policiacos-diputado\\\/#breadcrumb\",\"itemListElement\":[{\"@type\":\"ListItem\",\"position\":1,\"name\":\"Portada\",\"item\":\"https:\\\/\\\/canal7slp.tv\\\/2022\\\/\"},{\"@type\":\"ListItem\",\"position\":2,\"name\":\"En materia de DDHH, falta mucha capacitaci\u00f3n a los cuerpos polic\u00edacos: Diputado.\"}]},{\"@type\":\"WebSite\",\"@id\":\"https:\\\/\\\/canal7slp.tv\\\/2022\\\/#website\",\"url\":\"https:\\\/\\\/canal7slp.tv\\\/2022\\\/\",\"name\":\"N7 - Noticieros Canal 7\",\"description\":\"Somos Televisi\u00f3n\",\"publisher\":{\"@id\":\"https:\\\/\\\/canal7slp.tv\\\/2022\\\/#organization\"},\"potentialAction\":[{\"@type\":\"SearchAction\",\"target\":{\"@type\":\"EntryPoint\",\"urlTemplate\":\"https:\\\/\\\/canal7slp.tv\\\/2022\\\/?s={search_term_string}\"},\"query-input\":{\"@type\":\"PropertyValueSpecification\",\"valueRequired\":true,\"valueName\":\"search_term_string\"}}],\"inLanguage\":\"es\"},{\"@type\":\"Organization\",\"@id\":\"https:\\\/\\\/canal7slp.tv\\\/2022\\\/#organization\",\"name\":\"Noticieros Canal 7\",\"url\":\"https:\\\/\\\/canal7slp.tv\\\/2022\\\/\",\"logo\":{\"@type\":\"ImageObject\",\"inLanguage\":\"es\",\"@id\":\"https:\\\/\\\/canal7slp.tv\\\/2022\\\/#\\\/schema\\\/logo\\\/image\\\/\",\"url\":\"https:\\\/\\\/canal7slp.tv\\\/2022\\\/wp-content\\\/uploads\\\/2021\\\/01\\\/logo-noticieros@2x.png\",\"contentUrl\":\"https:\\\/\\\/canal7slp.tv\\\/2022\\\/wp-content\\\/uploads\\\/2021\\\/01\\\/logo-noticieros@2x.png\",\"width\":1017,\"height\":268,\"caption\":\"Noticieros Canal 7\"},\"image\":{\"@id\":\"https:\\\/\\\/canal7slp.tv\\\/2022\\\/#\\\/schema\\\/logo\\\/image\\\/\"},\"sameAs\":[\"https:\\\/\\\/www.facebook.com\\\/noticieroscanalsiete\",\"https:\\\/\\\/x.com\\\/NOTICIEROS7\",\"https:\\\/\\\/www.instagram.com\\\/canal7_slp\",\"https:\\\/\\\/www.youtube.com\\\/channel\\\/UCliiYs-gP3JfJeqdPrNdd5A\"]},{\"@type\":\"Person\",\"@id\":\"https:\\\/\\\/canal7slp.tv\\\/2022\\\/#\\\/schema\\\/person\\\/429704152a21f5f856ce29aa69a238da\",\"name\":\"Edici\u00f3n Web\",\"image\":{\"@type\":\"ImageObject\",\"inLanguage\":\"es\",\"@id\":\"https:\\\/\\\/secure.gravatar.com\\\/avatar\\\/eee448fc3f7164808013b816ba91ac7e43bbe82a70bebac296f8bc6f0addaa1a?s=96&d=mm&r=g\",\"url\":\"https:\\\/\\\/secure.gravatar.com\\\/avatar\\\/eee448fc3f7164808013b816ba91ac7e43bbe82a70bebac296f8bc6f0addaa1a?s=96&d=mm&r=g\",\"contentUrl\":\"https:\\\/\\\/secure.gravatar.com\\\/avatar\\\/eee448fc3f7164808013b816ba91ac7e43bbe82a70bebac296f8bc6f0addaa1a?s=96&d=mm&r=g\",\"caption\":\"Edici\u00f3n Web\"},\"url\":\"https:\\\/\\\/canal7slp.tv\\\/2022\\\/author\\\/edicionweb\\\/\"}]}<\/script>\n<!-- \/ Yoast SEO plugin. -->","yoast_head_json":{"title":"En materia de DDHH, falta mucha capacitaci\u00f3n a los cuerpos polic\u00edacos: Diputado. - Canal 7 SLP - 2022","robots":{"index":"index","follow":"follow","max-snippet":"max-snippet:-1","max-image-preview":"max-image-preview:large","max-video-preview":"max-video-preview:-1"},"canonical":"https:\/\/canal7slp.tv\/2022\/en-materia-de-ddhh-falta-mucha-capacitacion-a-los-cuerpos-policiacos-diputado\/","og_locale":"es_ES","og_type":"article","og_title":"En materia de DDHH, falta mucha capacitaci\u00f3n a los cuerpos polic\u00edacos: Diputado. - Canal 7 SLP - 2022","og_description":"SLP.-\u00a0En sesi\u00f3n de este lunes de los diputados integrantes de la Comisi\u00f3n de Seguridad P\u00fablica, Prevenci\u00f3n y Reinserci\u00f3n Social, acordaron por unanimidad que el pr\u00f3ximo 14 de Marzo sesionar\u00e1n en la Direcci\u00f3n Estatal de Protecci\u00f3n Civil para conocer a fondo el trabajo que se realiza en esta dependencia, y exponer las inquietudes que les ha planteado la ciudadan\u00eda. El objetivo es el intercambio de informaci\u00f3n a fin de coordinar esfuerzos en el \u00e1mbito de sus facultades. En la reuni\u00f3n de trabajo se destac\u00f3 la importancia de que el trabajo de la Comisi\u00f3n de Seguridad P\u00fablica se descentralice y que sesionen [&hellip;]","og_url":"https:\/\/canal7slp.tv\/2022\/en-materia-de-ddhh-falta-mucha-capacitacion-a-los-cuerpos-policiacos-diputado\/","og_site_name":"Canal 7 SLP - 2022","article_publisher":"https:\/\/www.facebook.com\/noticieroscanalsiete","article_published_time":"2022-02-22T00:30:40+00:00","article_modified_time":"2022-02-22T03:34:50+00:00","og_image":[{"width":888,"height":500,"url":"https:\/\/canal7slp.tv\/2022\/wp-content\/uploads\/2022\/02\/Claudio03DDHH.jpg","type":"image\/jpeg"}],"author":"Edici\u00f3n Web","twitter_card":"summary_large_image","twitter_creator":"@NOTICIEROS7","twitter_site":"@NOTICIEROS7","twitter_misc":{"Escrito por":"Edici\u00f3n Web","Tiempo de lectura":"1 minuto"},"schema":{"@context":"https:\/\/schema.org","@graph":[{"@type":"Article","@id":"https:\/\/canal7slp.tv\/2022\/en-materia-de-ddhh-falta-mucha-capacitacion-a-los-cuerpos-policiacos-diputado\/#article","isPartOf":{"@id":"https:\/\/canal7slp.tv\/2022\/en-materia-de-ddhh-falta-mucha-capacitacion-a-los-cuerpos-policiacos-diputado\/"},"author":{"name":"Edici\u00f3n Web","@id":"https:\/\/canal7slp.tv\/2022\/#\/schema\/person\/429704152a21f5f856ce29aa69a238da"},"headline":"En materia de DDHH, falta mucha capacitaci\u00f3n a los cuerpos polic\u00edacos: Diputado.","datePublished":"2022-02-22T00:30:40+00:00","dateModified":"2022-02-22T03:34:50+00:00","mainEntityOfPage":{"@id":"https:\/\/canal7slp.tv\/2022\/en-materia-de-ddhh-falta-mucha-capacitacion-a-los-cuerpos-policiacos-diputado\/"},"wordCount":243,"publisher":{"@id":"https:\/\/canal7slp.tv\/2022\/#organization"},"image":{"@id":"https:\/\/canal7slp.tv\/2022\/en-materia-de-ddhh-falta-mucha-capacitacion-a-los-cuerpos-policiacos-diputado\/#primaryimage"},"thumbnailUrl":"https:\/\/canal7slp.tv\/2022\/wp-content\/uploads\/2022\/02\/Claudio03DDHH.jpg","articleSection":["CONGRESO","DESTACADAS","LOCALES Y REGIONALES"],"inLanguage":"es"},{"@type":"WebPage","@id":"https:\/\/canal7slp.tv\/2022\/en-materia-de-ddhh-falta-mucha-capacitacion-a-los-cuerpos-policiacos-diputado\/","url":"https:\/\/canal7slp.tv\/2022\/en-materia-de-ddhh-falta-mucha-capacitacion-a-los-cuerpos-policiacos-diputado\/","name":"En materia de DDHH, falta mucha capacitaci\u00f3n a los cuerpos polic\u00edacos: Diputado. - Canal 7 SLP - 2022","isPartOf":{"@id":"https:\/\/canal7slp.tv\/2022\/#website"},"primaryImageOfPage":{"@id":"https:\/\/canal7slp.tv\/2022\/en-materia-de-ddhh-falta-mucha-capacitacion-a-los-cuerpos-policiacos-diputado\/#primaryimage"},"image":{"@id":"https:\/\/canal7slp.tv\/2022\/en-materia-de-ddhh-falta-mucha-capacitacion-a-los-cuerpos-policiacos-diputado\/#primaryimage"},"thumbnailUrl":"https:\/\/canal7slp.tv\/2022\/wp-content\/uploads\/2022\/02\/Claudio03DDHH.jpg","datePublished":"2022-02-22T00:30:40+00:00","dateModified":"2022-02-22T03:34:50+00:00","breadcrumb":{"@id":"https:\/\/canal7slp.tv\/2022\/en-materia-de-ddhh-falta-mucha-capacitacion-a-los-cuerpos-policiacos-diputado\/#breadcrumb"},"inLanguage":"es","potentialAction":[{"@type":"ReadAction","target":["https:\/\/canal7slp.tv\/2022\/en-materia-de-ddhh-falta-mucha-capacitacion-a-los-cuerpos-policiacos-diputado\/"]}]},{"@type":"ImageObject","inLanguage":"es","@id":"https:\/\/canal7slp.tv\/2022\/en-materia-de-ddhh-falta-mucha-capacitacion-a-los-cuerpos-policiacos-diputado\/#primaryimage","url":"https:\/\/canal7slp.tv\/2022\/wp-content\/uploads\/2022\/02\/Claudio03DDHH.jpg","contentUrl":"https:\/\/canal7slp.tv\/2022\/wp-content\/uploads\/2022\/02\/Claudio03DDHH.jpg","width":888,"height":500},{"@type":"BreadcrumbList","@id":"https:\/\/canal7slp.tv\/2022\/en-materia-de-ddhh-falta-mucha-capacitacion-a-los-cuerpos-policiacos-diputado\/#breadcrumb","itemListElement":[{"@type":"ListItem","position":1,"name":"Portada","item":"https:\/\/canal7slp.tv\/2022\/"},{"@type":"ListItem","position":2,"name":"En materia de DDHH, falta mucha capacitaci\u00f3n a los cuerpos polic\u00edacos: Diputado."}]},{"@type":"WebSite","@id":"https:\/\/canal7slp.tv\/2022\/#website","url":"https:\/\/canal7slp.tv\/2022\/","name":"N7 - Noticieros Canal 7","description":"Somos Televisi\u00f3n","publisher":{"@id":"https:\/\/canal7slp.tv\/2022\/#organization"},"potentialAction":[{"@type":"SearchAction","target":{"@type":"EntryPoint","urlTemplate":"https:\/\/canal7slp.tv\/2022\/?s={search_term_string}"},"query-input":{"@type":"PropertyValueSpecification","valueRequired":true,"valueName":"search_term_string"}}],"inLanguage":"es"},{"@type":"Organization","@id":"https:\/\/canal7slp.tv\/2022\/#organization","name":"Noticieros Canal 7","url":"https:\/\/canal7slp.tv\/2022\/","logo":{"@type":"ImageObject","inLanguage":"es","@id":"https:\/\/canal7slp.tv\/2022\/#\/schema\/logo\/image\/","url":"https:\/\/canal7slp.tv\/2022\/wp-content\/uploads\/2021\/01\/logo-noticieros@2x.png","contentUrl":"https:\/\/canal7slp.tv\/2022\/wp-content\/uploads\/2021\/01\/logo-noticieros@2x.png","width":1017,"height":268,"caption":"Noticieros Canal 7"},"image":{"@id":"https:\/\/canal7slp.tv\/2022\/#\/schema\/logo\/image\/"},"sameAs":["https:\/\/www.facebook.com\/noticieroscanalsiete","https:\/\/x.com\/NOTICIEROS7","https:\/\/www.instagram.com\/canal7_slp","https:\/\/www.youtube.com\/channel\/UCliiYs-gP3JfJeqdPrNdd5A"]},{"@type":"Person","@id":"https:\/\/canal7slp.tv\/2022\/#\/schema\/person\/429704152a21f5f856ce29aa69a238da","name":"Edici\u00f3n Web","image":{"@type":"ImageObject","inLanguage":"es","@id":"https:\/\/secure.gravatar.com\/avatar\/eee448fc3f7164808013b816ba91ac7e43bbe82a70bebac296f8bc6f0addaa1a?s=96&d=mm&r=g","url":"https:\/\/secure.gravatar.com\/avatar\/eee448fc3f7164808013b816ba91ac7e43bbe82a70bebac296f8bc6f0addaa1a?s=96&d=mm&r=g","contentUrl":"https:\/\/secure.gravatar.com\/avatar\/eee448fc3f7164808013b816ba91ac7e43bbe82a70bebac296f8bc6f0addaa1a?s=96&d=mm&r=g","caption":"Edici\u00f3n Web"},"url":"https:\/\/canal7slp.tv\/2022\/author\/edicionweb\/"}]}},"amp_enabled":true,"_links":{"self":[{"href":"https:\/\/canal7slp.tv\/2022\/wp-json\/wp\/v2\/posts\/51894","targetHints":{"allow":["GET"]}}],"collection":[{"href":"https:\/\/canal7slp.tv\/2022\/wp-json\/wp\/v2\/posts"}],"about":[{"href":"https:\/\/canal7slp.tv\/2022\/wp-json\/wp\/v2\/types\/post"}],"author":[{"embeddable":true,"href":"https:\/\/canal7slp.tv\/2022\/wp-json\/wp\/v2\/users\/2"}],"replies":[{"embeddable":true,"href":"https:\/\/canal7slp.tv\/2022\/wp-json\/wp\/v2\/comments?post=51894"}],"version-history":[{"count":1,"href":"https:\/\/canal7slp.tv\/2022\/wp-json\/wp\/v2\/posts\/51894\/revisions"}],"predecessor-version":[{"id":51895,"href":"https:\/\/canal7slp.tv\/2022\/wp-json\/wp\/v2\/posts\/51894\/revisions\/51895"}],"wp:featuredmedia":[{"embeddable":true,"href":"https:\/\/canal7slp.tv\/2022\/wp-json\/wp\/v2\/media\/51924"}],"wp:attachment":[{"href":"https:\/\/canal7slp.tv\/2022\/wp-json\/wp\/v2\/media?parent=51894"}],"wp:term":[{"taxonomy":"category","embeddable":true,"href":"https:\/\/canal7slp.tv\/2022\/wp-json\/wp\/v2\/categories?post=51894"},{"taxonomy":"post_tag","embeddable":true,"href":"https:\/\/canal7slp.tv\/2022\/wp-json\/wp\/v2\/tags?post=51894"}],"curies":[{"name":"wp","href":"https:\/\/api.w.org\/{rel}","templated":true}]}}