{"id":51877,"date":"2022-02-21T18:18:55","date_gmt":"2022-02-22T00:18:55","guid":{"rendered":"https:\/\/canal7slp.tv\/2022\/?p=51877"},"modified":"2022-02-21T21:24:09","modified_gmt":"2022-02-22T03:24:09","slug":"accion-nacional-inicia-programa-de-afiliacion-al-partido","status":"publish","type":"post","link":"https:\/\/canal7slp.tv\/2022\/accion-nacional-inicia-programa-de-afiliacion-al-partido\/","title":{"rendered":"Acci\u00f3n Nacional inicia programa de afiliaci\u00f3n al partido."},"content":{"rendered":"<p style=\"text-align: justify;\">SLP.- En las sede del Comit\u00e9 Directivo Estatal del Partido Acci\u00f3n Nacional inici\u00f3 un programa de afiliaci\u00f3n en todo el estado mismo que encabez\u00f3 su dirigente Ver\u00f3nica Rodr\u00edguez Hern\u00e1ndez.<\/p>\n<p style=\"text-align: justify;\">Adem\u00e1s, la dirigente del blanquiazul se\u00f1al\u00f3 que se dar\u00e1n 31 cursos de capacitaci\u00f3n en las 4 zonas del estado al decir tambi\u00e9n que adem\u00e1s de la renovaci\u00f3n de las secretar\u00edas del Comit\u00e9 Directivo Estatal, se crearon otras nuevas.<\/p>\n<p style=\"text-align: justify;\">Posterior a este evento la dirigente estatal del PAN habl\u00f3 sobre las versiones en d\u00edas pasados de que el senador de este Marco Antonio Gama Basarte, abandonar\u00eda las filas de este partido.<\/p>\n<p style=\"text-align: justify;\">Sin embargo, esto fue lo que dijo la dirigente panista.<\/p>\n<p style=\"text-align: justify;\">Asimismo, Ver\u00f3nica Rodr\u00edguez Hern\u00e1ndez se refiri\u00f3 a la exdiputada Josefina Salazar B\u00e1ez de quien se especul\u00f3 que tambi\u00e9n abandonar\u00eda al Partido Acci\u00f3n Ncional.<\/p>\n<p style=\"text-align: justify;\">Por \u00faltimo, la dirigente estatal del PAN afirm\u00f3 que se har\u00e1 una auditor\u00eda a su antecesor el diputado Juan Francisco Aguilar Hern\u00e1ndez, luego de que culminara su periodo como dirigente de este partido.<\/p>\n<p style=\"text-align: justify;\">Sin embargo, se\u00f1al\u00f3 que se realizar\u00e1 con un auditor externo \u201cpara evitar cualquier tipo de conflictos\u201d.<\/p>\n<p style=\"text-align: justify;\">Por: Claudio Ibarra<\/p>\n","protected":false},"excerpt":{"rendered":"<p>SLP.- En las sede del Comit\u00e9 Directivo Estatal del Partido Acci\u00f3n Nacional inici\u00f3 un programa de afiliaci\u00f3n en todo el estado mismo que encabez\u00f3 su dirigente Ver\u00f3nica Rodr\u00edguez Hern\u00e1ndez. Adem\u00e1s, la dirigente del blanquiazul se\u00f1al\u00f3 que se dar\u00e1n 31 cursos de capacitaci\u00f3n en las 4 zonas del estado al decir tambi\u00e9n que adem\u00e1s de la renovaci\u00f3n de las secretar\u00edas del Comit\u00e9 Directivo Estatal, se crearon otras nuevas. Posterior a este evento la dirigente estatal del PAN habl\u00f3 sobre las versiones en d\u00edas pasados de que el senador de este Marco Antonio Gama Basarte, abandonar\u00eda las filas de este partido. Sin [&hellip;]<\/p>\n","protected":false},"author":2,"featured_media":51923,"comment_status":"closed","ping_status":"closed","sticky":false,"template":"","format":"video","meta":{"footnotes":""},"categories":[5,45],"tags":[],"class_list":["post-51877","post","type-post","status-publish","format-video","has-post-thumbnail","hentry","category-destacadas","category-localesyregionales","post_format-post-format-video","post--single"],"yoast_head":"<!-- This site is optimized with the Yoast SEO plugin v27.4 - https:\/\/yoast.com\/product\/yoast-seo-wordpress\/ -->\n<title>Acci\u00f3n Nacional inicia programa de afiliaci\u00f3n al partido. - Canal 7 SLP - 2022<\/title>\n<meta name=\"robots\" content=\"index, follow, max-snippet:-1, max-image-preview:large, max-video-preview:-1\" \/>\n<link rel=\"canonical\" href=\"https:\/\/canal7slp.tv\/2022\/accion-nacional-inicia-programa-de-afiliacion-al-partido\/\" \/>\n<meta property=\"og:locale\" content=\"es_ES\" \/>\n<meta property=\"og:type\" content=\"article\" \/>\n<meta property=\"og:title\" content=\"Acci\u00f3n Nacional inicia programa de afiliaci\u00f3n al partido. - Canal 7 SLP - 2022\" \/>\n<meta property=\"og:description\" content=\"SLP.- En las sede del Comit\u00e9 Directivo Estatal del Partido Acci\u00f3n Nacional inici\u00f3 un programa de afiliaci\u00f3n en todo el estado mismo que encabez\u00f3 su dirigente Ver\u00f3nica Rodr\u00edguez Hern\u00e1ndez. Adem\u00e1s, la dirigente del blanquiazul se\u00f1al\u00f3 que se dar\u00e1n 31 cursos de capacitaci\u00f3n en las 4 zonas del estado al decir tambi\u00e9n que adem\u00e1s de la renovaci\u00f3n de las secretar\u00edas del Comit\u00e9 Directivo Estatal, se crearon otras nuevas. Posterior a este evento la dirigente estatal del PAN habl\u00f3 sobre las versiones en d\u00edas pasados de que el senador de este Marco Antonio Gama Basarte, abandonar\u00eda las filas de este partido. Sin [&hellip;]\" \/>\n<meta property=\"og:url\" content=\"https:\/\/canal7slp.tv\/2022\/accion-nacional-inicia-programa-de-afiliacion-al-partido\/\" \/>\n<meta property=\"og:site_name\" content=\"Canal 7 SLP - 2022\" \/>\n<meta property=\"article:publisher\" content=\"https:\/\/www.facebook.com\/noticieroscanalsiete\" \/>\n<meta property=\"article:published_time\" content=\"2022-02-22T00:18:55+00:00\" \/>\n<meta property=\"article:modified_time\" content=\"2022-02-22T03:24:09+00:00\" \/>\n<meta property=\"og:image\" content=\"https:\/\/canal7slp.tv\/2022\/wp-content\/uploads\/2022\/02\/Claudio01Afiliacion.jpg\" \/>\n\t<meta property=\"og:image:width\" content=\"888\" \/>\n\t<meta property=\"og:image:height\" content=\"500\" \/>\n\t<meta property=\"og:image:type\" content=\"image\/jpeg\" \/>\n<meta name=\"author\" content=\"Edici\u00f3n Web\" \/>\n<meta name=\"twitter:card\" content=\"summary_large_image\" \/>\n<meta name=\"twitter:creator\" content=\"@NOTICIEROS7\" \/>\n<meta name=\"twitter:site\" content=\"@NOTICIEROS7\" \/>\n<meta name=\"twitter:label1\" content=\"Escrito por\" \/>\n\t<meta name=\"twitter:data1\" content=\"Edici\u00f3n Web\" \/>\n\t<meta name=\"twitter:label2\" content=\"Tiempo de lectura\" \/>\n\t<meta name=\"twitter:data2\" content=\"1 minuto\" \/>\n<script type=\"application\/ld+json\" class=\"yoast-schema-graph\">{\"@context\":\"https:\\\/\\\/schema.org\",\"@graph\":[{\"@type\":\"Article\",\"@id\":\"https:\\\/\\\/canal7slp.tv\\\/2022\\\/accion-nacional-inicia-programa-de-afiliacion-al-partido\\\/#article\",\"isPartOf\":{\"@id\":\"https:\\\/\\\/canal7slp.tv\\\/2022\\\/accion-nacional-inicia-programa-de-afiliacion-al-partido\\\/\"},\"author\":{\"name\":\"Edici\u00f3n Web\",\"@id\":\"https:\\\/\\\/canal7slp.tv\\\/2022\\\/#\\\/schema\\\/person\\\/429704152a21f5f856ce29aa69a238da\"},\"headline\":\"Acci\u00f3n Nacional inicia programa de afiliaci\u00f3n al partido.\",\"datePublished\":\"2022-02-22T00:18:55+00:00\",\"dateModified\":\"2022-02-22T03:24:09+00:00\",\"mainEntityOfPage\":{\"@id\":\"https:\\\/\\\/canal7slp.tv\\\/2022\\\/accion-nacional-inicia-programa-de-afiliacion-al-partido\\\/\"},\"wordCount\":218,\"publisher\":{\"@id\":\"https:\\\/\\\/canal7slp.tv\\\/2022\\\/#organization\"},\"image\":{\"@id\":\"https:\\\/\\\/canal7slp.tv\\\/2022\\\/accion-nacional-inicia-programa-de-afiliacion-al-partido\\\/#primaryimage\"},\"thumbnailUrl\":\"https:\\\/\\\/canal7slp.tv\\\/2022\\\/wp-content\\\/uploads\\\/2022\\\/02\\\/Claudio01Afiliacion.jpg\",\"articleSection\":[\"DESTACADAS\",\"LOCALES Y REGIONALES\"],\"inLanguage\":\"es\"},{\"@type\":\"WebPage\",\"@id\":\"https:\\\/\\\/canal7slp.tv\\\/2022\\\/accion-nacional-inicia-programa-de-afiliacion-al-partido\\\/\",\"url\":\"https:\\\/\\\/canal7slp.tv\\\/2022\\\/accion-nacional-inicia-programa-de-afiliacion-al-partido\\\/\",\"name\":\"Acci\u00f3n Nacional inicia programa de afiliaci\u00f3n al partido. - Canal 7 SLP - 2022\",\"isPartOf\":{\"@id\":\"https:\\\/\\\/canal7slp.tv\\\/2022\\\/#website\"},\"primaryImageOfPage\":{\"@id\":\"https:\\\/\\\/canal7slp.tv\\\/2022\\\/accion-nacional-inicia-programa-de-afiliacion-al-partido\\\/#primaryimage\"},\"image\":{\"@id\":\"https:\\\/\\\/canal7slp.tv\\\/2022\\\/accion-nacional-inicia-programa-de-afiliacion-al-partido\\\/#primaryimage\"},\"thumbnailUrl\":\"https:\\\/\\\/canal7slp.tv\\\/2022\\\/wp-content\\\/uploads\\\/2022\\\/02\\\/Claudio01Afiliacion.jpg\",\"datePublished\":\"2022-02-22T00:18:55+00:00\",\"dateModified\":\"2022-02-22T03:24:09+00:00\",\"breadcrumb\":{\"@id\":\"https:\\\/\\\/canal7slp.tv\\\/2022\\\/accion-nacional-inicia-programa-de-afiliacion-al-partido\\\/#breadcrumb\"},\"inLanguage\":\"es\",\"potentialAction\":[{\"@type\":\"ReadAction\",\"target\":[\"https:\\\/\\\/canal7slp.tv\\\/2022\\\/accion-nacional-inicia-programa-de-afiliacion-al-partido\\\/\"]}]},{\"@type\":\"ImageObject\",\"inLanguage\":\"es\",\"@id\":\"https:\\\/\\\/canal7slp.tv\\\/2022\\\/accion-nacional-inicia-programa-de-afiliacion-al-partido\\\/#primaryimage\",\"url\":\"https:\\\/\\\/canal7slp.tv\\\/2022\\\/wp-content\\\/uploads\\\/2022\\\/02\\\/Claudio01Afiliacion.jpg\",\"contentUrl\":\"https:\\\/\\\/canal7slp.tv\\\/2022\\\/wp-content\\\/uploads\\\/2022\\\/02\\\/Claudio01Afiliacion.jpg\",\"width\":888,\"height\":500},{\"@type\":\"BreadcrumbList\",\"@id\":\"https:\\\/\\\/canal7slp.tv\\\/2022\\\/accion-nacional-inicia-programa-de-afiliacion-al-partido\\\/#breadcrumb\",\"itemListElement\":[{\"@type\":\"ListItem\",\"position\":1,\"name\":\"Portada\",\"item\":\"https:\\\/\\\/canal7slp.tv\\\/2022\\\/\"},{\"@type\":\"ListItem\",\"position\":2,\"name\":\"Acci\u00f3n Nacional inicia programa de afiliaci\u00f3n al partido.\"}]},{\"@type\":\"WebSite\",\"@id\":\"https:\\\/\\\/canal7slp.tv\\\/2022\\\/#website\",\"url\":\"https:\\\/\\\/canal7slp.tv\\\/2022\\\/\",\"name\":\"N7 - Noticieros Canal 7\",\"description\":\"Somos Televisi\u00f3n\",\"publisher\":{\"@id\":\"https:\\\/\\\/canal7slp.tv\\\/2022\\\/#organization\"},\"potentialAction\":[{\"@type\":\"SearchAction\",\"target\":{\"@type\":\"EntryPoint\",\"urlTemplate\":\"https:\\\/\\\/canal7slp.tv\\\/2022\\\/?s={search_term_string}\"},\"query-input\":{\"@type\":\"PropertyValueSpecification\",\"valueRequired\":true,\"valueName\":\"search_term_string\"}}],\"inLanguage\":\"es\"},{\"@type\":\"Organization\",\"@id\":\"https:\\\/\\\/canal7slp.tv\\\/2022\\\/#organization\",\"name\":\"Noticieros Canal 7\",\"url\":\"https:\\\/\\\/canal7slp.tv\\\/2022\\\/\",\"logo\":{\"@type\":\"ImageObject\",\"inLanguage\":\"es\",\"@id\":\"https:\\\/\\\/canal7slp.tv\\\/2022\\\/#\\\/schema\\\/logo\\\/image\\\/\",\"url\":\"https:\\\/\\\/canal7slp.tv\\\/2022\\\/wp-content\\\/uploads\\\/2021\\\/01\\\/logo-noticieros@2x.png\",\"contentUrl\":\"https:\\\/\\\/canal7slp.tv\\\/2022\\\/wp-content\\\/uploads\\\/2021\\\/01\\\/logo-noticieros@2x.png\",\"width\":1017,\"height\":268,\"caption\":\"Noticieros Canal 7\"},\"image\":{\"@id\":\"https:\\\/\\\/canal7slp.tv\\\/2022\\\/#\\\/schema\\\/logo\\\/image\\\/\"},\"sameAs\":[\"https:\\\/\\\/www.facebook.com\\\/noticieroscanalsiete\",\"https:\\\/\\\/x.com\\\/NOTICIEROS7\",\"https:\\\/\\\/www.instagram.com\\\/canal7_slp\",\"https:\\\/\\\/www.youtube.com\\\/channel\\\/UCliiYs-gP3JfJeqdPrNdd5A\"]},{\"@type\":\"Person\",\"@id\":\"https:\\\/\\\/canal7slp.tv\\\/2022\\\/#\\\/schema\\\/person\\\/429704152a21f5f856ce29aa69a238da\",\"name\":\"Edici\u00f3n Web\",\"image\":{\"@type\":\"ImageObject\",\"inLanguage\":\"es\",\"@id\":\"https:\\\/\\\/secure.gravatar.com\\\/avatar\\\/eee448fc3f7164808013b816ba91ac7e43bbe82a70bebac296f8bc6f0addaa1a?s=96&d=mm&r=g\",\"url\":\"https:\\\/\\\/secure.gravatar.com\\\/avatar\\\/eee448fc3f7164808013b816ba91ac7e43bbe82a70bebac296f8bc6f0addaa1a?s=96&d=mm&r=g\",\"contentUrl\":\"https:\\\/\\\/secure.gravatar.com\\\/avatar\\\/eee448fc3f7164808013b816ba91ac7e43bbe82a70bebac296f8bc6f0addaa1a?s=96&d=mm&r=g\",\"caption\":\"Edici\u00f3n Web\"},\"url\":\"https:\\\/\\\/canal7slp.tv\\\/2022\\\/author\\\/edicionweb\\\/\"}]}<\/script>\n<!-- \/ Yoast SEO plugin. -->","yoast_head_json":{"title":"Acci\u00f3n Nacional inicia programa de afiliaci\u00f3n al partido. - Canal 7 SLP - 2022","robots":{"index":"index","follow":"follow","max-snippet":"max-snippet:-1","max-image-preview":"max-image-preview:large","max-video-preview":"max-video-preview:-1"},"canonical":"https:\/\/canal7slp.tv\/2022\/accion-nacional-inicia-programa-de-afiliacion-al-partido\/","og_locale":"es_ES","og_type":"article","og_title":"Acci\u00f3n Nacional inicia programa de afiliaci\u00f3n al partido. - Canal 7 SLP - 2022","og_description":"SLP.- En las sede del Comit\u00e9 Directivo Estatal del Partido Acci\u00f3n Nacional inici\u00f3 un programa de afiliaci\u00f3n en todo el estado mismo que encabez\u00f3 su dirigente Ver\u00f3nica Rodr\u00edguez Hern\u00e1ndez. Adem\u00e1s, la dirigente del blanquiazul se\u00f1al\u00f3 que se dar\u00e1n 31 cursos de capacitaci\u00f3n en las 4 zonas del estado al decir tambi\u00e9n que adem\u00e1s de la renovaci\u00f3n de las secretar\u00edas del Comit\u00e9 Directivo Estatal, se crearon otras nuevas. Posterior a este evento la dirigente estatal del PAN habl\u00f3 sobre las versiones en d\u00edas pasados de que el senador de este Marco Antonio Gama Basarte, abandonar\u00eda las filas de este partido. Sin [&hellip;]","og_url":"https:\/\/canal7slp.tv\/2022\/accion-nacional-inicia-programa-de-afiliacion-al-partido\/","og_site_name":"Canal 7 SLP - 2022","article_publisher":"https:\/\/www.facebook.com\/noticieroscanalsiete","article_published_time":"2022-02-22T00:18:55+00:00","article_modified_time":"2022-02-22T03:24:09+00:00","og_image":[{"width":888,"height":500,"url":"https:\/\/canal7slp.tv\/2022\/wp-content\/uploads\/2022\/02\/Claudio01Afiliacion.jpg","type":"image\/jpeg"}],"author":"Edici\u00f3n Web","twitter_card":"summary_large_image","twitter_creator":"@NOTICIEROS7","twitter_site":"@NOTICIEROS7","twitter_misc":{"Escrito por":"Edici\u00f3n Web","Tiempo de lectura":"1 minuto"},"schema":{"@context":"https:\/\/schema.org","@graph":[{"@type":"Article","@id":"https:\/\/canal7slp.tv\/2022\/accion-nacional-inicia-programa-de-afiliacion-al-partido\/#article","isPartOf":{"@id":"https:\/\/canal7slp.tv\/2022\/accion-nacional-inicia-programa-de-afiliacion-al-partido\/"},"author":{"name":"Edici\u00f3n Web","@id":"https:\/\/canal7slp.tv\/2022\/#\/schema\/person\/429704152a21f5f856ce29aa69a238da"},"headline":"Acci\u00f3n Nacional inicia programa de afiliaci\u00f3n al partido.","datePublished":"2022-02-22T00:18:55+00:00","dateModified":"2022-02-22T03:24:09+00:00","mainEntityOfPage":{"@id":"https:\/\/canal7slp.tv\/2022\/accion-nacional-inicia-programa-de-afiliacion-al-partido\/"},"wordCount":218,"publisher":{"@id":"https:\/\/canal7slp.tv\/2022\/#organization"},"image":{"@id":"https:\/\/canal7slp.tv\/2022\/accion-nacional-inicia-programa-de-afiliacion-al-partido\/#primaryimage"},"thumbnailUrl":"https:\/\/canal7slp.tv\/2022\/wp-content\/uploads\/2022\/02\/Claudio01Afiliacion.jpg","articleSection":["DESTACADAS","LOCALES Y REGIONALES"],"inLanguage":"es"},{"@type":"WebPage","@id":"https:\/\/canal7slp.tv\/2022\/accion-nacional-inicia-programa-de-afiliacion-al-partido\/","url":"https:\/\/canal7slp.tv\/2022\/accion-nacional-inicia-programa-de-afiliacion-al-partido\/","name":"Acci\u00f3n Nacional inicia programa de afiliaci\u00f3n al partido. - Canal 7 SLP - 2022","isPartOf":{"@id":"https:\/\/canal7slp.tv\/2022\/#website"},"primaryImageOfPage":{"@id":"https:\/\/canal7slp.tv\/2022\/accion-nacional-inicia-programa-de-afiliacion-al-partido\/#primaryimage"},"image":{"@id":"https:\/\/canal7slp.tv\/2022\/accion-nacional-inicia-programa-de-afiliacion-al-partido\/#primaryimage"},"thumbnailUrl":"https:\/\/canal7slp.tv\/2022\/wp-content\/uploads\/2022\/02\/Claudio01Afiliacion.jpg","datePublished":"2022-02-22T00:18:55+00:00","dateModified":"2022-02-22T03:24:09+00:00","breadcrumb":{"@id":"https:\/\/canal7slp.tv\/2022\/accion-nacional-inicia-programa-de-afiliacion-al-partido\/#breadcrumb"},"inLanguage":"es","potentialAction":[{"@type":"ReadAction","target":["https:\/\/canal7slp.tv\/2022\/accion-nacional-inicia-programa-de-afiliacion-al-partido\/"]}]},{"@type":"ImageObject","inLanguage":"es","@id":"https:\/\/canal7slp.tv\/2022\/accion-nacional-inicia-programa-de-afiliacion-al-partido\/#primaryimage","url":"https:\/\/canal7slp.tv\/2022\/wp-content\/uploads\/2022\/02\/Claudio01Afiliacion.jpg","contentUrl":"https:\/\/canal7slp.tv\/2022\/wp-content\/uploads\/2022\/02\/Claudio01Afiliacion.jpg","width":888,"height":500},{"@type":"BreadcrumbList","@id":"https:\/\/canal7slp.tv\/2022\/accion-nacional-inicia-programa-de-afiliacion-al-partido\/#breadcrumb","itemListElement":[{"@type":"ListItem","position":1,"name":"Portada","item":"https:\/\/canal7slp.tv\/2022\/"},{"@type":"ListItem","position":2,"name":"Acci\u00f3n Nacional inicia programa de afiliaci\u00f3n al partido."}]},{"@type":"WebSite","@id":"https:\/\/canal7slp.tv\/2022\/#website","url":"https:\/\/canal7slp.tv\/2022\/","name":"N7 - Noticieros Canal 7","description":"Somos Televisi\u00f3n","publisher":{"@id":"https:\/\/canal7slp.tv\/2022\/#organization"},"potentialAction":[{"@type":"SearchAction","target":{"@type":"EntryPoint","urlTemplate":"https:\/\/canal7slp.tv\/2022\/?s={search_term_string}"},"query-input":{"@type":"PropertyValueSpecification","valueRequired":true,"valueName":"search_term_string"}}],"inLanguage":"es"},{"@type":"Organization","@id":"https:\/\/canal7slp.tv\/2022\/#organization","name":"Noticieros Canal 7","url":"https:\/\/canal7slp.tv\/2022\/","logo":{"@type":"ImageObject","inLanguage":"es","@id":"https:\/\/canal7slp.tv\/2022\/#\/schema\/logo\/image\/","url":"https:\/\/canal7slp.tv\/2022\/wp-content\/uploads\/2021\/01\/logo-noticieros@2x.png","contentUrl":"https:\/\/canal7slp.tv\/2022\/wp-content\/uploads\/2021\/01\/logo-noticieros@2x.png","width":1017,"height":268,"caption":"Noticieros Canal 7"},"image":{"@id":"https:\/\/canal7slp.tv\/2022\/#\/schema\/logo\/image\/"},"sameAs":["https:\/\/www.facebook.com\/noticieroscanalsiete","https:\/\/x.com\/NOTICIEROS7","https:\/\/www.instagram.com\/canal7_slp","https:\/\/www.youtube.com\/channel\/UCliiYs-gP3JfJeqdPrNdd5A"]},{"@type":"Person","@id":"https:\/\/canal7slp.tv\/2022\/#\/schema\/person\/429704152a21f5f856ce29aa69a238da","name":"Edici\u00f3n Web","image":{"@type":"ImageObject","inLanguage":"es","@id":"https:\/\/secure.gravatar.com\/avatar\/eee448fc3f7164808013b816ba91ac7e43bbe82a70bebac296f8bc6f0addaa1a?s=96&d=mm&r=g","url":"https:\/\/secure.gravatar.com\/avatar\/eee448fc3f7164808013b816ba91ac7e43bbe82a70bebac296f8bc6f0addaa1a?s=96&d=mm&r=g","contentUrl":"https:\/\/secure.gravatar.com\/avatar\/eee448fc3f7164808013b816ba91ac7e43bbe82a70bebac296f8bc6f0addaa1a?s=96&d=mm&r=g","caption":"Edici\u00f3n Web"},"url":"https:\/\/canal7slp.tv\/2022\/author\/edicionweb\/"}]}},"amp_enabled":true,"_links":{"self":[{"href":"https:\/\/canal7slp.tv\/2022\/wp-json\/wp\/v2\/posts\/51877","targetHints":{"allow":["GET"]}}],"collection":[{"href":"https:\/\/canal7slp.tv\/2022\/wp-json\/wp\/v2\/posts"}],"about":[{"href":"https:\/\/canal7slp.tv\/2022\/wp-json\/wp\/v2\/types\/post"}],"author":[{"embeddable":true,"href":"https:\/\/canal7slp.tv\/2022\/wp-json\/wp\/v2\/users\/2"}],"replies":[{"embeddable":true,"href":"https:\/\/canal7slp.tv\/2022\/wp-json\/wp\/v2\/comments?post=51877"}],"version-history":[{"count":2,"href":"https:\/\/canal7slp.tv\/2022\/wp-json\/wp\/v2\/posts\/51877\/revisions"}],"predecessor-version":[{"id":51884,"href":"https:\/\/canal7slp.tv\/2022\/wp-json\/wp\/v2\/posts\/51877\/revisions\/51884"}],"wp:featuredmedia":[{"embeddable":true,"href":"https:\/\/canal7slp.tv\/2022\/wp-json\/wp\/v2\/media\/51923"}],"wp:attachment":[{"href":"https:\/\/canal7slp.tv\/2022\/wp-json\/wp\/v2\/media?parent=51877"}],"wp:term":[{"taxonomy":"category","embeddable":true,"href":"https:\/\/canal7slp.tv\/2022\/wp-json\/wp\/v2\/categories?post=51877"},{"taxonomy":"post_tag","embeddable":true,"href":"https:\/\/canal7slp.tv\/2022\/wp-json\/wp\/v2\/tags?post=51877"}],"curies":[{"name":"wp","href":"https:\/\/api.w.org\/{rel}","templated":true}]}}