{"id":51850,"date":"2022-02-21T18:14:13","date_gmt":"2022-02-22T00:14:13","guid":{"rendered":"https:\/\/canal7slp.tv\/2022\/?p=51850"},"modified":"2022-02-21T19:04:38","modified_gmt":"2022-02-22T01:04:38","slug":"secult-realizo-diversas-actividades-por-la-conmemoracion-del-dia-internacional-de-la-lengua-materna","status":"publish","type":"post","link":"https:\/\/canal7slp.tv\/2022\/secult-realizo-diversas-actividades-por-la-conmemoracion-del-dia-internacional-de-la-lengua-materna\/","title":{"rendered":"SECULT realiz\u00f3 diversas actividades por la conmemoraci\u00f3n del D\u00eda Internacional de la Lengua Materna."},"content":{"rendered":"<p style=\"text-align: justify;\">SLP.- Con el objetivo de celebrar el D\u00eda Internacional de la Lengua Materna, la Secretar\u00eda de Cultura del Gobierno del Estado de San Luis Potos\u00ed, llev\u00f3 a cabo este lunes 21 de febrero, una serie de actividades que iniciaron en punto del medio d\u00eda con la instalaci\u00f3n de un espacio sonoro donde se reproduce m\u00fasica en lenguas maternas de pueblos originarios de M\u00e9xico en el Jard\u00edn de San Francisco.<\/p>\n<p style=\"text-align: justify;\">Para las seis de la tarde, se realiz\u00f3 una mesa de reflexi\u00f3n con j\u00f3venes hablantes de lenguas madre como la Tenek, n\u00e1huatl, triqui y espa\u00f1ol; en ella, se abordaron temas como la diversidad ling\u00fc\u00edstica, escenarios creativos y herramientas comunicativas.<\/p>\n<p style=\"text-align: justify;\">Tambi\u00e9n se tuvo contemplado un concierto a las siete de la noche, que contar\u00e1 con agrupaciones de diversos g\u00e9neros musicales como el huapango arribe\u00f1o interpretado en lengua Xi&#8217;hui; g\u00e9nero norte\u00f1o o cumbia n\u00e1huatl; hip hop y huapango huasteco en Tenek, as\u00ed como otras propuestas musicales en zapoteco, triqui y mixteco.<\/p>\n<p style=\"text-align: justify;\">Cabe mencionar que el D\u00eda Internacional de la Lengua Materna fue proclamado por la Conferencia General de la Organizaci\u00f3n de las Naciones Unidas para la Educaci\u00f3n, la Ciencia y la Cultura (UNESCO) en el a\u00f1o de 1999 con la intenci\u00f3n de potenciar la unidad en la diversidad y la compresi\u00f3n internacional a trav\u00e9s del multiculturalismo.<\/p>\n<p style=\"text-align: justify;\">De acuerdo con la informaci\u00f3n que se proporciona, \u00abel principio sustantivo es el reconocimiento a la diversidad cultural y ling\u00fc\u00edstica, as\u00ed como la tolerancia y el respeto a las culturas, adem\u00e1s de contribuir en la mitigaci\u00f3n de la p\u00e9rdida y desaparici\u00f3n de las lenguas maternas en el mundo.<\/p>\n<p style=\"text-align: justify;\">Por: Jos\u00e9 Luis V\u00e1zquez<\/p>\n","protected":false},"excerpt":{"rendered":"<p>SLP.- Con el objetivo de celebrar el D\u00eda Internacional de la Lengua Materna, la Secretar\u00eda de Cultura del Gobierno del Estado de San Luis Potos\u00ed, llev\u00f3 a cabo este lunes 21 de febrero, una serie de actividades que iniciaron en punto del medio d\u00eda con la instalaci\u00f3n de un espacio sonoro donde se reproduce m\u00fasica en lenguas maternas de pueblos originarios de M\u00e9xico en el Jard\u00edn de San Francisco. Para las seis de la tarde, se realiz\u00f3 una mesa de reflexi\u00f3n con j\u00f3venes hablantes de lenguas madre como la Tenek, n\u00e1huatl, triqui y espa\u00f1ol; en ella, se abordaron temas como [&hellip;]<\/p>\n","protected":false},"author":2,"featured_media":51911,"comment_status":"closed","ping_status":"closed","sticky":false,"template":"","format":"video","meta":{"footnotes":""},"categories":[510,45],"tags":[],"class_list":["post-51850","post","type-post","status-publish","format-video","has-post-thumbnail","hentry","category-gobedoslp","category-localesyregionales","post_format-post-format-video","post--single"],"yoast_head":"<!-- This site is optimized with the Yoast SEO plugin v27.4 - https:\/\/yoast.com\/product\/yoast-seo-wordpress\/ -->\n<title>SECULT realiz\u00f3 diversas actividades por la conmemoraci\u00f3n del D\u00eda Internacional de la Lengua Materna. - Canal 7 SLP - 2022<\/title>\n<meta name=\"robots\" content=\"index, follow, max-snippet:-1, max-image-preview:large, max-video-preview:-1\" \/>\n<link rel=\"canonical\" href=\"https:\/\/canal7slp.tv\/2022\/secult-realizo-diversas-actividades-por-la-conmemoracion-del-dia-internacional-de-la-lengua-materna\/\" \/>\n<meta property=\"og:locale\" content=\"es_ES\" \/>\n<meta property=\"og:type\" content=\"article\" \/>\n<meta property=\"og:title\" content=\"SECULT realiz\u00f3 diversas actividades por la conmemoraci\u00f3n del D\u00eda Internacional de la Lengua Materna. - Canal 7 SLP - 2022\" \/>\n<meta property=\"og:description\" content=\"SLP.- Con el objetivo de celebrar el D\u00eda Internacional de la Lengua Materna, la Secretar\u00eda de Cultura del Gobierno del Estado de San Luis Potos\u00ed, llev\u00f3 a cabo este lunes 21 de febrero, una serie de actividades que iniciaron en punto del medio d\u00eda con la instalaci\u00f3n de un espacio sonoro donde se reproduce m\u00fasica en lenguas maternas de pueblos originarios de M\u00e9xico en el Jard\u00edn de San Francisco. Para las seis de la tarde, se realiz\u00f3 una mesa de reflexi\u00f3n con j\u00f3venes hablantes de lenguas madre como la Tenek, n\u00e1huatl, triqui y espa\u00f1ol; en ella, se abordaron temas como [&hellip;]\" \/>\n<meta property=\"og:url\" content=\"https:\/\/canal7slp.tv\/2022\/secult-realizo-diversas-actividades-por-la-conmemoracion-del-dia-internacional-de-la-lengua-materna\/\" \/>\n<meta property=\"og:site_name\" content=\"Canal 7 SLP - 2022\" \/>\n<meta property=\"article:publisher\" content=\"https:\/\/www.facebook.com\/noticieroscanalsiete\" \/>\n<meta property=\"article:published_time\" content=\"2022-02-22T00:14:13+00:00\" \/>\n<meta property=\"article:modified_time\" content=\"2022-02-22T01:04:38+00:00\" \/>\n<meta property=\"og:image\" content=\"https:\/\/canal7slp.tv\/2022\/wp-content\/uploads\/2022\/02\/Vazquez05LenguaMaterna.jpg\" \/>\n\t<meta property=\"og:image:width\" content=\"888\" \/>\n\t<meta property=\"og:image:height\" content=\"500\" \/>\n\t<meta property=\"og:image:type\" content=\"image\/jpeg\" \/>\n<meta name=\"author\" content=\"Edici\u00f3n Web\" \/>\n<meta name=\"twitter:card\" content=\"summary_large_image\" \/>\n<meta name=\"twitter:creator\" content=\"@NOTICIEROS7\" \/>\n<meta name=\"twitter:site\" content=\"@NOTICIEROS7\" \/>\n<meta name=\"twitter:label1\" content=\"Escrito por\" \/>\n\t<meta name=\"twitter:data1\" content=\"Edici\u00f3n Web\" \/>\n\t<meta name=\"twitter:label2\" content=\"Tiempo de lectura\" \/>\n\t<meta name=\"twitter:data2\" content=\"2 minutos\" \/>\n<script type=\"application\/ld+json\" class=\"yoast-schema-graph\">{\"@context\":\"https:\\\/\\\/schema.org\",\"@graph\":[{\"@type\":\"Article\",\"@id\":\"https:\\\/\\\/canal7slp.tv\\\/2022\\\/secult-realizo-diversas-actividades-por-la-conmemoracion-del-dia-internacional-de-la-lengua-materna\\\/#article\",\"isPartOf\":{\"@id\":\"https:\\\/\\\/canal7slp.tv\\\/2022\\\/secult-realizo-diversas-actividades-por-la-conmemoracion-del-dia-internacional-de-la-lengua-materna\\\/\"},\"author\":{\"name\":\"Edici\u00f3n Web\",\"@id\":\"https:\\\/\\\/canal7slp.tv\\\/2022\\\/#\\\/schema\\\/person\\\/429704152a21f5f856ce29aa69a238da\"},\"headline\":\"SECULT realiz\u00f3 diversas actividades por la conmemoraci\u00f3n del D\u00eda Internacional de la Lengua Materna.\",\"datePublished\":\"2022-02-22T00:14:13+00:00\",\"dateModified\":\"2022-02-22T01:04:38+00:00\",\"mainEntityOfPage\":{\"@id\":\"https:\\\/\\\/canal7slp.tv\\\/2022\\\/secult-realizo-diversas-actividades-por-la-conmemoracion-del-dia-internacional-de-la-lengua-materna\\\/\"},\"wordCount\":313,\"publisher\":{\"@id\":\"https:\\\/\\\/canal7slp.tv\\\/2022\\\/#organization\"},\"image\":{\"@id\":\"https:\\\/\\\/canal7slp.tv\\\/2022\\\/secult-realizo-diversas-actividades-por-la-conmemoracion-del-dia-internacional-de-la-lengua-materna\\\/#primaryimage\"},\"thumbnailUrl\":\"https:\\\/\\\/canal7slp.tv\\\/2022\\\/wp-content\\\/uploads\\\/2022\\\/02\\\/Vazquez05LenguaMaterna.jpg\",\"articleSection\":[\"GOBEDOSLP\",\"LOCALES Y REGIONALES\"],\"inLanguage\":\"es\"},{\"@type\":\"WebPage\",\"@id\":\"https:\\\/\\\/canal7slp.tv\\\/2022\\\/secult-realizo-diversas-actividades-por-la-conmemoracion-del-dia-internacional-de-la-lengua-materna\\\/\",\"url\":\"https:\\\/\\\/canal7slp.tv\\\/2022\\\/secult-realizo-diversas-actividades-por-la-conmemoracion-del-dia-internacional-de-la-lengua-materna\\\/\",\"name\":\"SECULT realiz\u00f3 diversas actividades por la conmemoraci\u00f3n del D\u00eda Internacional de la Lengua Materna. - Canal 7 SLP - 2022\",\"isPartOf\":{\"@id\":\"https:\\\/\\\/canal7slp.tv\\\/2022\\\/#website\"},\"primaryImageOfPage\":{\"@id\":\"https:\\\/\\\/canal7slp.tv\\\/2022\\\/secult-realizo-diversas-actividades-por-la-conmemoracion-del-dia-internacional-de-la-lengua-materna\\\/#primaryimage\"},\"image\":{\"@id\":\"https:\\\/\\\/canal7slp.tv\\\/2022\\\/secult-realizo-diversas-actividades-por-la-conmemoracion-del-dia-internacional-de-la-lengua-materna\\\/#primaryimage\"},\"thumbnailUrl\":\"https:\\\/\\\/canal7slp.tv\\\/2022\\\/wp-content\\\/uploads\\\/2022\\\/02\\\/Vazquez05LenguaMaterna.jpg\",\"datePublished\":\"2022-02-22T00:14:13+00:00\",\"dateModified\":\"2022-02-22T01:04:38+00:00\",\"breadcrumb\":{\"@id\":\"https:\\\/\\\/canal7slp.tv\\\/2022\\\/secult-realizo-diversas-actividades-por-la-conmemoracion-del-dia-internacional-de-la-lengua-materna\\\/#breadcrumb\"},\"inLanguage\":\"es\",\"potentialAction\":[{\"@type\":\"ReadAction\",\"target\":[\"https:\\\/\\\/canal7slp.tv\\\/2022\\\/secult-realizo-diversas-actividades-por-la-conmemoracion-del-dia-internacional-de-la-lengua-materna\\\/\"]}]},{\"@type\":\"ImageObject\",\"inLanguage\":\"es\",\"@id\":\"https:\\\/\\\/canal7slp.tv\\\/2022\\\/secult-realizo-diversas-actividades-por-la-conmemoracion-del-dia-internacional-de-la-lengua-materna\\\/#primaryimage\",\"url\":\"https:\\\/\\\/canal7slp.tv\\\/2022\\\/wp-content\\\/uploads\\\/2022\\\/02\\\/Vazquez05LenguaMaterna.jpg\",\"contentUrl\":\"https:\\\/\\\/canal7slp.tv\\\/2022\\\/wp-content\\\/uploads\\\/2022\\\/02\\\/Vazquez05LenguaMaterna.jpg\",\"width\":888,\"height\":500},{\"@type\":\"BreadcrumbList\",\"@id\":\"https:\\\/\\\/canal7slp.tv\\\/2022\\\/secult-realizo-diversas-actividades-por-la-conmemoracion-del-dia-internacional-de-la-lengua-materna\\\/#breadcrumb\",\"itemListElement\":[{\"@type\":\"ListItem\",\"position\":1,\"name\":\"Portada\",\"item\":\"https:\\\/\\\/canal7slp.tv\\\/2022\\\/\"},{\"@type\":\"ListItem\",\"position\":2,\"name\":\"SECULT realiz\u00f3 diversas actividades por la conmemoraci\u00f3n del D\u00eda Internacional de la Lengua Materna.\"}]},{\"@type\":\"WebSite\",\"@id\":\"https:\\\/\\\/canal7slp.tv\\\/2022\\\/#website\",\"url\":\"https:\\\/\\\/canal7slp.tv\\\/2022\\\/\",\"name\":\"N7 - Noticieros Canal 7\",\"description\":\"Somos Televisi\u00f3n\",\"publisher\":{\"@id\":\"https:\\\/\\\/canal7slp.tv\\\/2022\\\/#organization\"},\"potentialAction\":[{\"@type\":\"SearchAction\",\"target\":{\"@type\":\"EntryPoint\",\"urlTemplate\":\"https:\\\/\\\/canal7slp.tv\\\/2022\\\/?s={search_term_string}\"},\"query-input\":{\"@type\":\"PropertyValueSpecification\",\"valueRequired\":true,\"valueName\":\"search_term_string\"}}],\"inLanguage\":\"es\"},{\"@type\":\"Organization\",\"@id\":\"https:\\\/\\\/canal7slp.tv\\\/2022\\\/#organization\",\"name\":\"Noticieros Canal 7\",\"url\":\"https:\\\/\\\/canal7slp.tv\\\/2022\\\/\",\"logo\":{\"@type\":\"ImageObject\",\"inLanguage\":\"es\",\"@id\":\"https:\\\/\\\/canal7slp.tv\\\/2022\\\/#\\\/schema\\\/logo\\\/image\\\/\",\"url\":\"https:\\\/\\\/canal7slp.tv\\\/2022\\\/wp-content\\\/uploads\\\/2021\\\/01\\\/logo-noticieros@2x.png\",\"contentUrl\":\"https:\\\/\\\/canal7slp.tv\\\/2022\\\/wp-content\\\/uploads\\\/2021\\\/01\\\/logo-noticieros@2x.png\",\"width\":1017,\"height\":268,\"caption\":\"Noticieros Canal 7\"},\"image\":{\"@id\":\"https:\\\/\\\/canal7slp.tv\\\/2022\\\/#\\\/schema\\\/logo\\\/image\\\/\"},\"sameAs\":[\"https:\\\/\\\/www.facebook.com\\\/noticieroscanalsiete\",\"https:\\\/\\\/x.com\\\/NOTICIEROS7\",\"https:\\\/\\\/www.instagram.com\\\/canal7_slp\",\"https:\\\/\\\/www.youtube.com\\\/channel\\\/UCliiYs-gP3JfJeqdPrNdd5A\"]},{\"@type\":\"Person\",\"@id\":\"https:\\\/\\\/canal7slp.tv\\\/2022\\\/#\\\/schema\\\/person\\\/429704152a21f5f856ce29aa69a238da\",\"name\":\"Edici\u00f3n Web\",\"image\":{\"@type\":\"ImageObject\",\"inLanguage\":\"es\",\"@id\":\"https:\\\/\\\/secure.gravatar.com\\\/avatar\\\/eee448fc3f7164808013b816ba91ac7e43bbe82a70bebac296f8bc6f0addaa1a?s=96&d=mm&r=g\",\"url\":\"https:\\\/\\\/secure.gravatar.com\\\/avatar\\\/eee448fc3f7164808013b816ba91ac7e43bbe82a70bebac296f8bc6f0addaa1a?s=96&d=mm&r=g\",\"contentUrl\":\"https:\\\/\\\/secure.gravatar.com\\\/avatar\\\/eee448fc3f7164808013b816ba91ac7e43bbe82a70bebac296f8bc6f0addaa1a?s=96&d=mm&r=g\",\"caption\":\"Edici\u00f3n Web\"},\"url\":\"https:\\\/\\\/canal7slp.tv\\\/2022\\\/author\\\/edicionweb\\\/\"}]}<\/script>\n<!-- \/ Yoast SEO plugin. -->","yoast_head_json":{"title":"SECULT realiz\u00f3 diversas actividades por la conmemoraci\u00f3n del D\u00eda Internacional de la Lengua Materna. - Canal 7 SLP - 2022","robots":{"index":"index","follow":"follow","max-snippet":"max-snippet:-1","max-image-preview":"max-image-preview:large","max-video-preview":"max-video-preview:-1"},"canonical":"https:\/\/canal7slp.tv\/2022\/secult-realizo-diversas-actividades-por-la-conmemoracion-del-dia-internacional-de-la-lengua-materna\/","og_locale":"es_ES","og_type":"article","og_title":"SECULT realiz\u00f3 diversas actividades por la conmemoraci\u00f3n del D\u00eda Internacional de la Lengua Materna. - Canal 7 SLP - 2022","og_description":"SLP.- Con el objetivo de celebrar el D\u00eda Internacional de la Lengua Materna, la Secretar\u00eda de Cultura del Gobierno del Estado de San Luis Potos\u00ed, llev\u00f3 a cabo este lunes 21 de febrero, una serie de actividades que iniciaron en punto del medio d\u00eda con la instalaci\u00f3n de un espacio sonoro donde se reproduce m\u00fasica en lenguas maternas de pueblos originarios de M\u00e9xico en el Jard\u00edn de San Francisco. Para las seis de la tarde, se realiz\u00f3 una mesa de reflexi\u00f3n con j\u00f3venes hablantes de lenguas madre como la Tenek, n\u00e1huatl, triqui y espa\u00f1ol; en ella, se abordaron temas como [&hellip;]","og_url":"https:\/\/canal7slp.tv\/2022\/secult-realizo-diversas-actividades-por-la-conmemoracion-del-dia-internacional-de-la-lengua-materna\/","og_site_name":"Canal 7 SLP - 2022","article_publisher":"https:\/\/www.facebook.com\/noticieroscanalsiete","article_published_time":"2022-02-22T00:14:13+00:00","article_modified_time":"2022-02-22T01:04:38+00:00","og_image":[{"width":888,"height":500,"url":"https:\/\/canal7slp.tv\/2022\/wp-content\/uploads\/2022\/02\/Vazquez05LenguaMaterna.jpg","type":"image\/jpeg"}],"author":"Edici\u00f3n Web","twitter_card":"summary_large_image","twitter_creator":"@NOTICIEROS7","twitter_site":"@NOTICIEROS7","twitter_misc":{"Escrito por":"Edici\u00f3n Web","Tiempo de lectura":"2 minutos"},"schema":{"@context":"https:\/\/schema.org","@graph":[{"@type":"Article","@id":"https:\/\/canal7slp.tv\/2022\/secult-realizo-diversas-actividades-por-la-conmemoracion-del-dia-internacional-de-la-lengua-materna\/#article","isPartOf":{"@id":"https:\/\/canal7slp.tv\/2022\/secult-realizo-diversas-actividades-por-la-conmemoracion-del-dia-internacional-de-la-lengua-materna\/"},"author":{"name":"Edici\u00f3n Web","@id":"https:\/\/canal7slp.tv\/2022\/#\/schema\/person\/429704152a21f5f856ce29aa69a238da"},"headline":"SECULT realiz\u00f3 diversas actividades por la conmemoraci\u00f3n del D\u00eda Internacional de la Lengua Materna.","datePublished":"2022-02-22T00:14:13+00:00","dateModified":"2022-02-22T01:04:38+00:00","mainEntityOfPage":{"@id":"https:\/\/canal7slp.tv\/2022\/secult-realizo-diversas-actividades-por-la-conmemoracion-del-dia-internacional-de-la-lengua-materna\/"},"wordCount":313,"publisher":{"@id":"https:\/\/canal7slp.tv\/2022\/#organization"},"image":{"@id":"https:\/\/canal7slp.tv\/2022\/secult-realizo-diversas-actividades-por-la-conmemoracion-del-dia-internacional-de-la-lengua-materna\/#primaryimage"},"thumbnailUrl":"https:\/\/canal7slp.tv\/2022\/wp-content\/uploads\/2022\/02\/Vazquez05LenguaMaterna.jpg","articleSection":["GOBEDOSLP","LOCALES Y REGIONALES"],"inLanguage":"es"},{"@type":"WebPage","@id":"https:\/\/canal7slp.tv\/2022\/secult-realizo-diversas-actividades-por-la-conmemoracion-del-dia-internacional-de-la-lengua-materna\/","url":"https:\/\/canal7slp.tv\/2022\/secult-realizo-diversas-actividades-por-la-conmemoracion-del-dia-internacional-de-la-lengua-materna\/","name":"SECULT realiz\u00f3 diversas actividades por la conmemoraci\u00f3n del D\u00eda Internacional de la Lengua Materna. - Canal 7 SLP - 2022","isPartOf":{"@id":"https:\/\/canal7slp.tv\/2022\/#website"},"primaryImageOfPage":{"@id":"https:\/\/canal7slp.tv\/2022\/secult-realizo-diversas-actividades-por-la-conmemoracion-del-dia-internacional-de-la-lengua-materna\/#primaryimage"},"image":{"@id":"https:\/\/canal7slp.tv\/2022\/secult-realizo-diversas-actividades-por-la-conmemoracion-del-dia-internacional-de-la-lengua-materna\/#primaryimage"},"thumbnailUrl":"https:\/\/canal7slp.tv\/2022\/wp-content\/uploads\/2022\/02\/Vazquez05LenguaMaterna.jpg","datePublished":"2022-02-22T00:14:13+00:00","dateModified":"2022-02-22T01:04:38+00:00","breadcrumb":{"@id":"https:\/\/canal7slp.tv\/2022\/secult-realizo-diversas-actividades-por-la-conmemoracion-del-dia-internacional-de-la-lengua-materna\/#breadcrumb"},"inLanguage":"es","potentialAction":[{"@type":"ReadAction","target":["https:\/\/canal7slp.tv\/2022\/secult-realizo-diversas-actividades-por-la-conmemoracion-del-dia-internacional-de-la-lengua-materna\/"]}]},{"@type":"ImageObject","inLanguage":"es","@id":"https:\/\/canal7slp.tv\/2022\/secult-realizo-diversas-actividades-por-la-conmemoracion-del-dia-internacional-de-la-lengua-materna\/#primaryimage","url":"https:\/\/canal7slp.tv\/2022\/wp-content\/uploads\/2022\/02\/Vazquez05LenguaMaterna.jpg","contentUrl":"https:\/\/canal7slp.tv\/2022\/wp-content\/uploads\/2022\/02\/Vazquez05LenguaMaterna.jpg","width":888,"height":500},{"@type":"BreadcrumbList","@id":"https:\/\/canal7slp.tv\/2022\/secult-realizo-diversas-actividades-por-la-conmemoracion-del-dia-internacional-de-la-lengua-materna\/#breadcrumb","itemListElement":[{"@type":"ListItem","position":1,"name":"Portada","item":"https:\/\/canal7slp.tv\/2022\/"},{"@type":"ListItem","position":2,"name":"SECULT realiz\u00f3 diversas actividades por la conmemoraci\u00f3n del D\u00eda Internacional de la Lengua Materna."}]},{"@type":"WebSite","@id":"https:\/\/canal7slp.tv\/2022\/#website","url":"https:\/\/canal7slp.tv\/2022\/","name":"N7 - Noticieros Canal 7","description":"Somos Televisi\u00f3n","publisher":{"@id":"https:\/\/canal7slp.tv\/2022\/#organization"},"potentialAction":[{"@type":"SearchAction","target":{"@type":"EntryPoint","urlTemplate":"https:\/\/canal7slp.tv\/2022\/?s={search_term_string}"},"query-input":{"@type":"PropertyValueSpecification","valueRequired":true,"valueName":"search_term_string"}}],"inLanguage":"es"},{"@type":"Organization","@id":"https:\/\/canal7slp.tv\/2022\/#organization","name":"Noticieros Canal 7","url":"https:\/\/canal7slp.tv\/2022\/","logo":{"@type":"ImageObject","inLanguage":"es","@id":"https:\/\/canal7slp.tv\/2022\/#\/schema\/logo\/image\/","url":"https:\/\/canal7slp.tv\/2022\/wp-content\/uploads\/2021\/01\/logo-noticieros@2x.png","contentUrl":"https:\/\/canal7slp.tv\/2022\/wp-content\/uploads\/2021\/01\/logo-noticieros@2x.png","width":1017,"height":268,"caption":"Noticieros Canal 7"},"image":{"@id":"https:\/\/canal7slp.tv\/2022\/#\/schema\/logo\/image\/"},"sameAs":["https:\/\/www.facebook.com\/noticieroscanalsiete","https:\/\/x.com\/NOTICIEROS7","https:\/\/www.instagram.com\/canal7_slp","https:\/\/www.youtube.com\/channel\/UCliiYs-gP3JfJeqdPrNdd5A"]},{"@type":"Person","@id":"https:\/\/canal7slp.tv\/2022\/#\/schema\/person\/429704152a21f5f856ce29aa69a238da","name":"Edici\u00f3n Web","image":{"@type":"ImageObject","inLanguage":"es","@id":"https:\/\/secure.gravatar.com\/avatar\/eee448fc3f7164808013b816ba91ac7e43bbe82a70bebac296f8bc6f0addaa1a?s=96&d=mm&r=g","url":"https:\/\/secure.gravatar.com\/avatar\/eee448fc3f7164808013b816ba91ac7e43bbe82a70bebac296f8bc6f0addaa1a?s=96&d=mm&r=g","contentUrl":"https:\/\/secure.gravatar.com\/avatar\/eee448fc3f7164808013b816ba91ac7e43bbe82a70bebac296f8bc6f0addaa1a?s=96&d=mm&r=g","caption":"Edici\u00f3n Web"},"url":"https:\/\/canal7slp.tv\/2022\/author\/edicionweb\/"}]}},"amp_enabled":true,"_links":{"self":[{"href":"https:\/\/canal7slp.tv\/2022\/wp-json\/wp\/v2\/posts\/51850","targetHints":{"allow":["GET"]}}],"collection":[{"href":"https:\/\/canal7slp.tv\/2022\/wp-json\/wp\/v2\/posts"}],"about":[{"href":"https:\/\/canal7slp.tv\/2022\/wp-json\/wp\/v2\/types\/post"}],"author":[{"embeddable":true,"href":"https:\/\/canal7slp.tv\/2022\/wp-json\/wp\/v2\/users\/2"}],"replies":[{"embeddable":true,"href":"https:\/\/canal7slp.tv\/2022\/wp-json\/wp\/v2\/comments?post=51850"}],"version-history":[{"count":5,"href":"https:\/\/canal7slp.tv\/2022\/wp-json\/wp\/v2\/posts\/51850\/revisions"}],"predecessor-version":[{"id":51910,"href":"https:\/\/canal7slp.tv\/2022\/wp-json\/wp\/v2\/posts\/51850\/revisions\/51910"}],"wp:featuredmedia":[{"embeddable":true,"href":"https:\/\/canal7slp.tv\/2022\/wp-json\/wp\/v2\/media\/51911"}],"wp:attachment":[{"href":"https:\/\/canal7slp.tv\/2022\/wp-json\/wp\/v2\/media?parent=51850"}],"wp:term":[{"taxonomy":"category","embeddable":true,"href":"https:\/\/canal7slp.tv\/2022\/wp-json\/wp\/v2\/categories?post=51850"},{"taxonomy":"post_tag","embeddable":true,"href":"https:\/\/canal7slp.tv\/2022\/wp-json\/wp\/v2\/tags?post=51850"}],"curies":[{"name":"wp","href":"https:\/\/api.w.org\/{rel}","templated":true}]}}