{"id":51808,"date":"2022-02-21T15:01:22","date_gmt":"2022-02-21T21:01:22","guid":{"rendered":"https:\/\/canal7slp.tv\/2022\/?p=51808"},"modified":"2022-02-21T15:01:22","modified_gmt":"2022-02-21T21:01:22","slug":"menor-se-lesiona-con-arma-de-fuego-al-interior-de-una-secundaria-en-la-cdmx","status":"publish","type":"post","link":"https:\/\/canal7slp.tv\/2022\/menor-se-lesiona-con-arma-de-fuego-al-interior-de-una-secundaria-en-la-cdmx\/","title":{"rendered":"Menor se lesiona con arma de fuego al interior de una secundaria en la CDMX"},"content":{"rendered":"<p style=\"text-align: justify;\">Iztapalapa.- Un menor de edad se lesion\u00f3 con un arma de fuego -calibre 9mm- al interior de un plantel educativo en Iztapalapa, Ciudad de M\u00e9xico.<\/p>\n<p style=\"text-align: justify;\">De acuerdo con autoridades de la escuela Secundaria Diurna No 79, el infante solo se lesion\u00f3 en un dedo de la mano izquierda, sin que nadie m\u00e1s resultar\u00e1 lesionado.<\/p>\n<p style=\"text-align: justify;\">Cabe se\u00f1alar que los servicios de emergencia acudieron a la escuela para brindar atenci\u00f3n m\u00e9dica al estudiante.<\/p>\n<p style=\"text-align: justify;\">Asimismo, se tuvieron que suspender las actividades.<\/p>\n<p style=\"text-align: justify;\">Por su parte, las autoridades policiacas investigan como el estudiante ingres\u00f3 el arma de fuego al plantel.<\/p>\n","protected":false},"excerpt":{"rendered":"<p>Iztapalapa.- Un menor de edad se lesion\u00f3 con un arma de fuego -calibre 9mm- al interior de un plantel educativo en Iztapalapa, Ciudad de M\u00e9xico. De acuerdo con autoridades de la escuela Secundaria Diurna No 79, el infante solo se lesion\u00f3 en un dedo de la mano izquierda, sin que nadie m\u00e1s resultar\u00e1 lesionado. Cabe se\u00f1alar que los servicios de emergencia acudieron a la escuela para brindar atenci\u00f3n m\u00e9dica al estudiante. Asimismo, se tuvieron que suspender las actividades. Por su parte, las autoridades policiacas investigan como el estudiante ingres\u00f3 el arma de fuego al plantel.<\/p>\n","protected":false},"author":2,"featured_media":51818,"comment_status":"closed","ping_status":"closed","sticky":false,"template":"","format":"standard","meta":{"footnotes":""},"categories":[46],"tags":[],"class_list":["post-51808","post","type-post","status-publish","format-standard","has-post-thumbnail","hentry","category-nacional","post--single"],"yoast_head":"<!-- This site is optimized with the Yoast SEO plugin v27.4 - https:\/\/yoast.com\/product\/yoast-seo-wordpress\/ -->\n<title>Menor se lesiona con arma de fuego al interior de una secundaria en la CDMX - Canal 7 SLP - 2022<\/title>\n<meta name=\"robots\" content=\"index, follow, max-snippet:-1, max-image-preview:large, max-video-preview:-1\" \/>\n<link rel=\"canonical\" href=\"https:\/\/canal7slp.tv\/2022\/menor-se-lesiona-con-arma-de-fuego-al-interior-de-una-secundaria-en-la-cdmx\/\" \/>\n<meta property=\"og:locale\" content=\"es_ES\" \/>\n<meta property=\"og:type\" content=\"article\" \/>\n<meta property=\"og:title\" content=\"Menor se lesiona con arma de fuego al interior de una secundaria en la CDMX - Canal 7 SLP - 2022\" \/>\n<meta property=\"og:description\" content=\"Iztapalapa.- Un menor de edad se lesion\u00f3 con un arma de fuego -calibre 9mm- al interior de un plantel educativo en Iztapalapa, Ciudad de M\u00e9xico. De acuerdo con autoridades de la escuela Secundaria Diurna No 79, el infante solo se lesion\u00f3 en un dedo de la mano izquierda, sin que nadie m\u00e1s resultar\u00e1 lesionado. Cabe se\u00f1alar que los servicios de emergencia acudieron a la escuela para brindar atenci\u00f3n m\u00e9dica al estudiante. Asimismo, se tuvieron que suspender las actividades. Por su parte, las autoridades policiacas investigan como el estudiante ingres\u00f3 el arma de fuego al plantel.\" \/>\n<meta property=\"og:url\" content=\"https:\/\/canal7slp.tv\/2022\/menor-se-lesiona-con-arma-de-fuego-al-interior-de-una-secundaria-en-la-cdmx\/\" \/>\n<meta property=\"og:site_name\" content=\"Canal 7 SLP - 2022\" \/>\n<meta property=\"article:publisher\" content=\"https:\/\/www.facebook.com\/noticieroscanalsiete\" \/>\n<meta property=\"article:published_time\" content=\"2022-02-21T21:01:22+00:00\" \/>\n<meta property=\"og:image\" content=\"https:\/\/canal7slp.tv\/2022\/wp-content\/uploads\/2022\/02\/02-19.jpg\" \/>\n\t<meta property=\"og:image:width\" content=\"480\" \/>\n\t<meta property=\"og:image:height\" content=\"360\" \/>\n\t<meta property=\"og:image:type\" content=\"image\/jpeg\" \/>\n<meta name=\"author\" content=\"Edici\u00f3n Web\" \/>\n<meta name=\"twitter:card\" content=\"summary_large_image\" \/>\n<meta name=\"twitter:creator\" content=\"@NOTICIEROS7\" \/>\n<meta name=\"twitter:site\" content=\"@NOTICIEROS7\" \/>\n<meta name=\"twitter:label1\" content=\"Escrito por\" \/>\n\t<meta name=\"twitter:data1\" content=\"Edici\u00f3n Web\" \/>\n\t<meta name=\"twitter:label2\" content=\"Tiempo de lectura\" \/>\n\t<meta name=\"twitter:data2\" content=\"1 minuto\" \/>\n<script type=\"application\/ld+json\" class=\"yoast-schema-graph\">{\"@context\":\"https:\\\/\\\/schema.org\",\"@graph\":[{\"@type\":\"Article\",\"@id\":\"https:\\\/\\\/canal7slp.tv\\\/2022\\\/menor-se-lesiona-con-arma-de-fuego-al-interior-de-una-secundaria-en-la-cdmx\\\/#article\",\"isPartOf\":{\"@id\":\"https:\\\/\\\/canal7slp.tv\\\/2022\\\/menor-se-lesiona-con-arma-de-fuego-al-interior-de-una-secundaria-en-la-cdmx\\\/\"},\"author\":{\"name\":\"Edici\u00f3n Web\",\"@id\":\"https:\\\/\\\/canal7slp.tv\\\/2022\\\/#\\\/schema\\\/person\\\/429704152a21f5f856ce29aa69a238da\"},\"headline\":\"Menor se lesiona con arma de fuego al interior de una secundaria en la CDMX\",\"datePublished\":\"2022-02-21T21:01:22+00:00\",\"mainEntityOfPage\":{\"@id\":\"https:\\\/\\\/canal7slp.tv\\\/2022\\\/menor-se-lesiona-con-arma-de-fuego-al-interior-de-una-secundaria-en-la-cdmx\\\/\"},\"wordCount\":115,\"publisher\":{\"@id\":\"https:\\\/\\\/canal7slp.tv\\\/2022\\\/#organization\"},\"image\":{\"@id\":\"https:\\\/\\\/canal7slp.tv\\\/2022\\\/menor-se-lesiona-con-arma-de-fuego-al-interior-de-una-secundaria-en-la-cdmx\\\/#primaryimage\"},\"thumbnailUrl\":\"https:\\\/\\\/canal7slp.tv\\\/2022\\\/wp-content\\\/uploads\\\/2022\\\/02\\\/02-19.jpg\",\"articleSection\":[\"NACIONALES\"],\"inLanguage\":\"es\"},{\"@type\":\"WebPage\",\"@id\":\"https:\\\/\\\/canal7slp.tv\\\/2022\\\/menor-se-lesiona-con-arma-de-fuego-al-interior-de-una-secundaria-en-la-cdmx\\\/\",\"url\":\"https:\\\/\\\/canal7slp.tv\\\/2022\\\/menor-se-lesiona-con-arma-de-fuego-al-interior-de-una-secundaria-en-la-cdmx\\\/\",\"name\":\"Menor se lesiona con arma de fuego al interior de una secundaria en la CDMX - Canal 7 SLP - 2022\",\"isPartOf\":{\"@id\":\"https:\\\/\\\/canal7slp.tv\\\/2022\\\/#website\"},\"primaryImageOfPage\":{\"@id\":\"https:\\\/\\\/canal7slp.tv\\\/2022\\\/menor-se-lesiona-con-arma-de-fuego-al-interior-de-una-secundaria-en-la-cdmx\\\/#primaryimage\"},\"image\":{\"@id\":\"https:\\\/\\\/canal7slp.tv\\\/2022\\\/menor-se-lesiona-con-arma-de-fuego-al-interior-de-una-secundaria-en-la-cdmx\\\/#primaryimage\"},\"thumbnailUrl\":\"https:\\\/\\\/canal7slp.tv\\\/2022\\\/wp-content\\\/uploads\\\/2022\\\/02\\\/02-19.jpg\",\"datePublished\":\"2022-02-21T21:01:22+00:00\",\"breadcrumb\":{\"@id\":\"https:\\\/\\\/canal7slp.tv\\\/2022\\\/menor-se-lesiona-con-arma-de-fuego-al-interior-de-una-secundaria-en-la-cdmx\\\/#breadcrumb\"},\"inLanguage\":\"es\",\"potentialAction\":[{\"@type\":\"ReadAction\",\"target\":[\"https:\\\/\\\/canal7slp.tv\\\/2022\\\/menor-se-lesiona-con-arma-de-fuego-al-interior-de-una-secundaria-en-la-cdmx\\\/\"]}]},{\"@type\":\"ImageObject\",\"inLanguage\":\"es\",\"@id\":\"https:\\\/\\\/canal7slp.tv\\\/2022\\\/menor-se-lesiona-con-arma-de-fuego-al-interior-de-una-secundaria-en-la-cdmx\\\/#primaryimage\",\"url\":\"https:\\\/\\\/canal7slp.tv\\\/2022\\\/wp-content\\\/uploads\\\/2022\\\/02\\\/02-19.jpg\",\"contentUrl\":\"https:\\\/\\\/canal7slp.tv\\\/2022\\\/wp-content\\\/uploads\\\/2022\\\/02\\\/02-19.jpg\",\"width\":480,\"height\":360},{\"@type\":\"BreadcrumbList\",\"@id\":\"https:\\\/\\\/canal7slp.tv\\\/2022\\\/menor-se-lesiona-con-arma-de-fuego-al-interior-de-una-secundaria-en-la-cdmx\\\/#breadcrumb\",\"itemListElement\":[{\"@type\":\"ListItem\",\"position\":1,\"name\":\"Portada\",\"item\":\"https:\\\/\\\/canal7slp.tv\\\/2022\\\/\"},{\"@type\":\"ListItem\",\"position\":2,\"name\":\"Menor se lesiona con arma de fuego al interior de una secundaria en la CDMX\"}]},{\"@type\":\"WebSite\",\"@id\":\"https:\\\/\\\/canal7slp.tv\\\/2022\\\/#website\",\"url\":\"https:\\\/\\\/canal7slp.tv\\\/2022\\\/\",\"name\":\"N7 - Noticieros Canal 7\",\"description\":\"Somos Televisi\u00f3n\",\"publisher\":{\"@id\":\"https:\\\/\\\/canal7slp.tv\\\/2022\\\/#organization\"},\"potentialAction\":[{\"@type\":\"SearchAction\",\"target\":{\"@type\":\"EntryPoint\",\"urlTemplate\":\"https:\\\/\\\/canal7slp.tv\\\/2022\\\/?s={search_term_string}\"},\"query-input\":{\"@type\":\"PropertyValueSpecification\",\"valueRequired\":true,\"valueName\":\"search_term_string\"}}],\"inLanguage\":\"es\"},{\"@type\":\"Organization\",\"@id\":\"https:\\\/\\\/canal7slp.tv\\\/2022\\\/#organization\",\"name\":\"Noticieros Canal 7\",\"url\":\"https:\\\/\\\/canal7slp.tv\\\/2022\\\/\",\"logo\":{\"@type\":\"ImageObject\",\"inLanguage\":\"es\",\"@id\":\"https:\\\/\\\/canal7slp.tv\\\/2022\\\/#\\\/schema\\\/logo\\\/image\\\/\",\"url\":\"https:\\\/\\\/canal7slp.tv\\\/2022\\\/wp-content\\\/uploads\\\/2021\\\/01\\\/logo-noticieros@2x.png\",\"contentUrl\":\"https:\\\/\\\/canal7slp.tv\\\/2022\\\/wp-content\\\/uploads\\\/2021\\\/01\\\/logo-noticieros@2x.png\",\"width\":1017,\"height\":268,\"caption\":\"Noticieros Canal 7\"},\"image\":{\"@id\":\"https:\\\/\\\/canal7slp.tv\\\/2022\\\/#\\\/schema\\\/logo\\\/image\\\/\"},\"sameAs\":[\"https:\\\/\\\/www.facebook.com\\\/noticieroscanalsiete\",\"https:\\\/\\\/x.com\\\/NOTICIEROS7\",\"https:\\\/\\\/www.instagram.com\\\/canal7_slp\",\"https:\\\/\\\/www.youtube.com\\\/channel\\\/UCliiYs-gP3JfJeqdPrNdd5A\"]},{\"@type\":\"Person\",\"@id\":\"https:\\\/\\\/canal7slp.tv\\\/2022\\\/#\\\/schema\\\/person\\\/429704152a21f5f856ce29aa69a238da\",\"name\":\"Edici\u00f3n Web\",\"image\":{\"@type\":\"ImageObject\",\"inLanguage\":\"es\",\"@id\":\"https:\\\/\\\/secure.gravatar.com\\\/avatar\\\/eee448fc3f7164808013b816ba91ac7e43bbe82a70bebac296f8bc6f0addaa1a?s=96&d=mm&r=g\",\"url\":\"https:\\\/\\\/secure.gravatar.com\\\/avatar\\\/eee448fc3f7164808013b816ba91ac7e43bbe82a70bebac296f8bc6f0addaa1a?s=96&d=mm&r=g\",\"contentUrl\":\"https:\\\/\\\/secure.gravatar.com\\\/avatar\\\/eee448fc3f7164808013b816ba91ac7e43bbe82a70bebac296f8bc6f0addaa1a?s=96&d=mm&r=g\",\"caption\":\"Edici\u00f3n Web\"},\"url\":\"https:\\\/\\\/canal7slp.tv\\\/2022\\\/author\\\/edicionweb\\\/\"}]}<\/script>\n<!-- \/ Yoast SEO plugin. -->","yoast_head_json":{"title":"Menor se lesiona con arma de fuego al interior de una secundaria en la CDMX - Canal 7 SLP - 2022","robots":{"index":"index","follow":"follow","max-snippet":"max-snippet:-1","max-image-preview":"max-image-preview:large","max-video-preview":"max-video-preview:-1"},"canonical":"https:\/\/canal7slp.tv\/2022\/menor-se-lesiona-con-arma-de-fuego-al-interior-de-una-secundaria-en-la-cdmx\/","og_locale":"es_ES","og_type":"article","og_title":"Menor se lesiona con arma de fuego al interior de una secundaria en la CDMX - Canal 7 SLP - 2022","og_description":"Iztapalapa.- Un menor de edad se lesion\u00f3 con un arma de fuego -calibre 9mm- al interior de un plantel educativo en Iztapalapa, Ciudad de M\u00e9xico. De acuerdo con autoridades de la escuela Secundaria Diurna No 79, el infante solo se lesion\u00f3 en un dedo de la mano izquierda, sin que nadie m\u00e1s resultar\u00e1 lesionado. Cabe se\u00f1alar que los servicios de emergencia acudieron a la escuela para brindar atenci\u00f3n m\u00e9dica al estudiante. Asimismo, se tuvieron que suspender las actividades. Por su parte, las autoridades policiacas investigan como el estudiante ingres\u00f3 el arma de fuego al plantel.","og_url":"https:\/\/canal7slp.tv\/2022\/menor-se-lesiona-con-arma-de-fuego-al-interior-de-una-secundaria-en-la-cdmx\/","og_site_name":"Canal 7 SLP - 2022","article_publisher":"https:\/\/www.facebook.com\/noticieroscanalsiete","article_published_time":"2022-02-21T21:01:22+00:00","og_image":[{"width":480,"height":360,"url":"https:\/\/canal7slp.tv\/2022\/wp-content\/uploads\/2022\/02\/02-19.jpg","type":"image\/jpeg"}],"author":"Edici\u00f3n Web","twitter_card":"summary_large_image","twitter_creator":"@NOTICIEROS7","twitter_site":"@NOTICIEROS7","twitter_misc":{"Escrito por":"Edici\u00f3n Web","Tiempo de lectura":"1 minuto"},"schema":{"@context":"https:\/\/schema.org","@graph":[{"@type":"Article","@id":"https:\/\/canal7slp.tv\/2022\/menor-se-lesiona-con-arma-de-fuego-al-interior-de-una-secundaria-en-la-cdmx\/#article","isPartOf":{"@id":"https:\/\/canal7slp.tv\/2022\/menor-se-lesiona-con-arma-de-fuego-al-interior-de-una-secundaria-en-la-cdmx\/"},"author":{"name":"Edici\u00f3n Web","@id":"https:\/\/canal7slp.tv\/2022\/#\/schema\/person\/429704152a21f5f856ce29aa69a238da"},"headline":"Menor se lesiona con arma de fuego al interior de una secundaria en la CDMX","datePublished":"2022-02-21T21:01:22+00:00","mainEntityOfPage":{"@id":"https:\/\/canal7slp.tv\/2022\/menor-se-lesiona-con-arma-de-fuego-al-interior-de-una-secundaria-en-la-cdmx\/"},"wordCount":115,"publisher":{"@id":"https:\/\/canal7slp.tv\/2022\/#organization"},"image":{"@id":"https:\/\/canal7slp.tv\/2022\/menor-se-lesiona-con-arma-de-fuego-al-interior-de-una-secundaria-en-la-cdmx\/#primaryimage"},"thumbnailUrl":"https:\/\/canal7slp.tv\/2022\/wp-content\/uploads\/2022\/02\/02-19.jpg","articleSection":["NACIONALES"],"inLanguage":"es"},{"@type":"WebPage","@id":"https:\/\/canal7slp.tv\/2022\/menor-se-lesiona-con-arma-de-fuego-al-interior-de-una-secundaria-en-la-cdmx\/","url":"https:\/\/canal7slp.tv\/2022\/menor-se-lesiona-con-arma-de-fuego-al-interior-de-una-secundaria-en-la-cdmx\/","name":"Menor se lesiona con arma de fuego al interior de una secundaria en la CDMX - Canal 7 SLP - 2022","isPartOf":{"@id":"https:\/\/canal7slp.tv\/2022\/#website"},"primaryImageOfPage":{"@id":"https:\/\/canal7slp.tv\/2022\/menor-se-lesiona-con-arma-de-fuego-al-interior-de-una-secundaria-en-la-cdmx\/#primaryimage"},"image":{"@id":"https:\/\/canal7slp.tv\/2022\/menor-se-lesiona-con-arma-de-fuego-al-interior-de-una-secundaria-en-la-cdmx\/#primaryimage"},"thumbnailUrl":"https:\/\/canal7slp.tv\/2022\/wp-content\/uploads\/2022\/02\/02-19.jpg","datePublished":"2022-02-21T21:01:22+00:00","breadcrumb":{"@id":"https:\/\/canal7slp.tv\/2022\/menor-se-lesiona-con-arma-de-fuego-al-interior-de-una-secundaria-en-la-cdmx\/#breadcrumb"},"inLanguage":"es","potentialAction":[{"@type":"ReadAction","target":["https:\/\/canal7slp.tv\/2022\/menor-se-lesiona-con-arma-de-fuego-al-interior-de-una-secundaria-en-la-cdmx\/"]}]},{"@type":"ImageObject","inLanguage":"es","@id":"https:\/\/canal7slp.tv\/2022\/menor-se-lesiona-con-arma-de-fuego-al-interior-de-una-secundaria-en-la-cdmx\/#primaryimage","url":"https:\/\/canal7slp.tv\/2022\/wp-content\/uploads\/2022\/02\/02-19.jpg","contentUrl":"https:\/\/canal7slp.tv\/2022\/wp-content\/uploads\/2022\/02\/02-19.jpg","width":480,"height":360},{"@type":"BreadcrumbList","@id":"https:\/\/canal7slp.tv\/2022\/menor-se-lesiona-con-arma-de-fuego-al-interior-de-una-secundaria-en-la-cdmx\/#breadcrumb","itemListElement":[{"@type":"ListItem","position":1,"name":"Portada","item":"https:\/\/canal7slp.tv\/2022\/"},{"@type":"ListItem","position":2,"name":"Menor se lesiona con arma de fuego al interior de una secundaria en la CDMX"}]},{"@type":"WebSite","@id":"https:\/\/canal7slp.tv\/2022\/#website","url":"https:\/\/canal7slp.tv\/2022\/","name":"N7 - Noticieros Canal 7","description":"Somos Televisi\u00f3n","publisher":{"@id":"https:\/\/canal7slp.tv\/2022\/#organization"},"potentialAction":[{"@type":"SearchAction","target":{"@type":"EntryPoint","urlTemplate":"https:\/\/canal7slp.tv\/2022\/?s={search_term_string}"},"query-input":{"@type":"PropertyValueSpecification","valueRequired":true,"valueName":"search_term_string"}}],"inLanguage":"es"},{"@type":"Organization","@id":"https:\/\/canal7slp.tv\/2022\/#organization","name":"Noticieros Canal 7","url":"https:\/\/canal7slp.tv\/2022\/","logo":{"@type":"ImageObject","inLanguage":"es","@id":"https:\/\/canal7slp.tv\/2022\/#\/schema\/logo\/image\/","url":"https:\/\/canal7slp.tv\/2022\/wp-content\/uploads\/2021\/01\/logo-noticieros@2x.png","contentUrl":"https:\/\/canal7slp.tv\/2022\/wp-content\/uploads\/2021\/01\/logo-noticieros@2x.png","width":1017,"height":268,"caption":"Noticieros Canal 7"},"image":{"@id":"https:\/\/canal7slp.tv\/2022\/#\/schema\/logo\/image\/"},"sameAs":["https:\/\/www.facebook.com\/noticieroscanalsiete","https:\/\/x.com\/NOTICIEROS7","https:\/\/www.instagram.com\/canal7_slp","https:\/\/www.youtube.com\/channel\/UCliiYs-gP3JfJeqdPrNdd5A"]},{"@type":"Person","@id":"https:\/\/canal7slp.tv\/2022\/#\/schema\/person\/429704152a21f5f856ce29aa69a238da","name":"Edici\u00f3n Web","image":{"@type":"ImageObject","inLanguage":"es","@id":"https:\/\/secure.gravatar.com\/avatar\/eee448fc3f7164808013b816ba91ac7e43bbe82a70bebac296f8bc6f0addaa1a?s=96&d=mm&r=g","url":"https:\/\/secure.gravatar.com\/avatar\/eee448fc3f7164808013b816ba91ac7e43bbe82a70bebac296f8bc6f0addaa1a?s=96&d=mm&r=g","contentUrl":"https:\/\/secure.gravatar.com\/avatar\/eee448fc3f7164808013b816ba91ac7e43bbe82a70bebac296f8bc6f0addaa1a?s=96&d=mm&r=g","caption":"Edici\u00f3n Web"},"url":"https:\/\/canal7slp.tv\/2022\/author\/edicionweb\/"}]}},"amp_enabled":true,"_links":{"self":[{"href":"https:\/\/canal7slp.tv\/2022\/wp-json\/wp\/v2\/posts\/51808","targetHints":{"allow":["GET"]}}],"collection":[{"href":"https:\/\/canal7slp.tv\/2022\/wp-json\/wp\/v2\/posts"}],"about":[{"href":"https:\/\/canal7slp.tv\/2022\/wp-json\/wp\/v2\/types\/post"}],"author":[{"embeddable":true,"href":"https:\/\/canal7slp.tv\/2022\/wp-json\/wp\/v2\/users\/2"}],"replies":[{"embeddable":true,"href":"https:\/\/canal7slp.tv\/2022\/wp-json\/wp\/v2\/comments?post=51808"}],"version-history":[{"count":2,"href":"https:\/\/canal7slp.tv\/2022\/wp-json\/wp\/v2\/posts\/51808\/revisions"}],"predecessor-version":[{"id":51824,"href":"https:\/\/canal7slp.tv\/2022\/wp-json\/wp\/v2\/posts\/51808\/revisions\/51824"}],"wp:featuredmedia":[{"embeddable":true,"href":"https:\/\/canal7slp.tv\/2022\/wp-json\/wp\/v2\/media\/51818"}],"wp:attachment":[{"href":"https:\/\/canal7slp.tv\/2022\/wp-json\/wp\/v2\/media?parent=51808"}],"wp:term":[{"taxonomy":"category","embeddable":true,"href":"https:\/\/canal7slp.tv\/2022\/wp-json\/wp\/v2\/categories?post=51808"},{"taxonomy":"post_tag","embeddable":true,"href":"https:\/\/canal7slp.tv\/2022\/wp-json\/wp\/v2\/tags?post=51808"}],"curies":[{"name":"wp","href":"https:\/\/api.w.org\/{rel}","templated":true}]}}