{"id":50365,"date":"2022-02-07T14:51:32","date_gmt":"2022-02-07T20:51:32","guid":{"rendered":"https:\/\/canal7slp.tv\/2022\/?p=50365"},"modified":"2022-02-07T14:51:32","modified_gmt":"2022-02-07T20:51:32","slug":"ante-protestas-de-antivacunas-ottawa-declara-estado-de-emergencia","status":"publish","type":"post","link":"https:\/\/canal7slp.tv\/2022\/ante-protestas-de-antivacunas-ottawa-declara-estado-de-emergencia\/","title":{"rendered":"Ante protestas de antivacunas, Ottawa declara estado de emergencia"},"content":{"rendered":"<p style=\"text-align: justify;\">Canad\u00e1.- Este 7 de febrero, Ottawa declaro estado emergencia por las protestas que el movimiento antivacunas y grupos radicales mantienen desde hace m\u00e1s de una semana en el centro de la ciudad.<\/p>\n<p style=\"text-align: justify;\">Jim Watson, alcalde de Ottawa, se\u00f1al\u00f3 que la situaci\u00f3n provocada por las protestas ha causado \u00abla emergencia m\u00e1s grave\u00bb que la ciudad ha experimentado en su historia.<\/p>\n<p style=\"text-align: justify;\">Esta declaraci\u00f3n de emergencia permitir\u00e1 a la Polic\u00eda de Ottawa obtener material y equipos m\u00e1s r\u00e1pidamente.<\/p>\n<p style=\"text-align: justify;\">Cabe se\u00f1alar que m\u00e1s de de 200 camiones y miles de personas se concentraron frente al Parlamento canadiense en Ottawa convocados por el movimiento antivacunas y grupos extremistas de derecha.<\/p>\n<p style=\"text-align: justify;\">Este contingente mantiene bloqueadas algunas de las calles que rodean el Parlamento y causan problemas a los habitantes de los alrededores.<\/p>\n<p style=\"text-align: justify;\">Los organizadores de dicho movimiento han declarado que no abandonar\u00e1n su protesta hasta que el gobierno de Canad\u00e1 levante todas las restricciones impuestas para contener la pandemia de COVID-19.<\/p>\n","protected":false},"excerpt":{"rendered":"<p>Canad\u00e1.- Este 7 de febrero, Ottawa declaro estado emergencia por las protestas que el movimiento antivacunas y grupos radicales mantienen desde hace m\u00e1s de una semana en el centro de la ciudad. Jim Watson, alcalde de Ottawa, se\u00f1al\u00f3 que la situaci\u00f3n provocada por las protestas ha causado \u00abla emergencia m\u00e1s grave\u00bb que la ciudad ha experimentado en su historia. Esta declaraci\u00f3n de emergencia permitir\u00e1 a la Polic\u00eda de Ottawa obtener material y equipos m\u00e1s r\u00e1pidamente. Cabe se\u00f1alar que m\u00e1s de de 200 camiones y miles de personas se concentraron frente al Parlamento canadiense en Ottawa convocados por el movimiento antivacunas [&hellip;]<\/p>\n","protected":false},"author":2,"featured_media":50379,"comment_status":"closed","ping_status":"closed","sticky":false,"template":"","format":"standard","meta":{"footnotes":""},"categories":[4,44],"tags":[],"class_list":["post-50365","post","type-post","status-publish","format-standard","has-post-thumbnail","hentry","category-covid-19","category-internacional","post--single"],"yoast_head":"<!-- This site is optimized with the Yoast SEO plugin v27.5 - https:\/\/yoast.com\/product\/yoast-seo-wordpress\/ -->\n<title>Ante protestas de antivacunas, Ottawa declara estado de emergencia - Canal 7 SLP - 2022<\/title>\n<meta name=\"robots\" content=\"index, follow, max-snippet:-1, max-image-preview:large, max-video-preview:-1\" \/>\n<link rel=\"canonical\" href=\"https:\/\/canal7slp.tv\/2022\/ante-protestas-de-antivacunas-ottawa-declara-estado-de-emergencia\/\" \/>\n<meta property=\"og:locale\" content=\"es_ES\" \/>\n<meta property=\"og:type\" content=\"article\" \/>\n<meta property=\"og:title\" content=\"Ante protestas de antivacunas, Ottawa declara estado de emergencia - Canal 7 SLP - 2022\" \/>\n<meta property=\"og:description\" content=\"Canad\u00e1.- Este 7 de febrero, Ottawa declaro estado emergencia por las protestas que el movimiento antivacunas y grupos radicales mantienen desde hace m\u00e1s de una semana en el centro de la ciudad. Jim Watson, alcalde de Ottawa, se\u00f1al\u00f3 que la situaci\u00f3n provocada por las protestas ha causado \u00abla emergencia m\u00e1s grave\u00bb que la ciudad ha experimentado en su historia. Esta declaraci\u00f3n de emergencia permitir\u00e1 a la Polic\u00eda de Ottawa obtener material y equipos m\u00e1s r\u00e1pidamente. Cabe se\u00f1alar que m\u00e1s de de 200 camiones y miles de personas se concentraron frente al Parlamento canadiense en Ottawa convocados por el movimiento antivacunas [&hellip;]\" \/>\n<meta property=\"og:url\" content=\"https:\/\/canal7slp.tv\/2022\/ante-protestas-de-antivacunas-ottawa-declara-estado-de-emergencia\/\" \/>\n<meta property=\"og:site_name\" content=\"Canal 7 SLP - 2022\" \/>\n<meta property=\"article:publisher\" content=\"https:\/\/www.facebook.com\/noticieroscanalsiete\" \/>\n<meta property=\"article:published_time\" content=\"2022-02-07T20:51:32+00:00\" \/>\n<meta property=\"og:image\" content=\"https:\/\/canal7slp.tv\/2022\/wp-content\/uploads\/2022\/02\/06-5.jpg\" \/>\n\t<meta property=\"og:image:width\" content=\"1920\" \/>\n\t<meta property=\"og:image:height\" content=\"1280\" \/>\n\t<meta property=\"og:image:type\" content=\"image\/jpeg\" \/>\n<meta name=\"author\" content=\"Edici\u00f3n Web\" \/>\n<meta name=\"twitter:card\" content=\"summary_large_image\" \/>\n<meta name=\"twitter:creator\" content=\"@NOTICIEROS7\" \/>\n<meta name=\"twitter:site\" content=\"@NOTICIEROS7\" \/>\n<meta name=\"twitter:label1\" content=\"Escrito por\" \/>\n\t<meta name=\"twitter:data1\" content=\"Edici\u00f3n Web\" \/>\n\t<meta name=\"twitter:label2\" content=\"Tiempo de lectura\" \/>\n\t<meta name=\"twitter:data2\" content=\"1 minuto\" \/>\n<script type=\"application\/ld+json\" class=\"yoast-schema-graph\">{\"@context\":\"https:\\\/\\\/schema.org\",\"@graph\":[{\"@type\":\"Article\",\"@id\":\"https:\\\/\\\/canal7slp.tv\\\/2022\\\/ante-protestas-de-antivacunas-ottawa-declara-estado-de-emergencia\\\/#article\",\"isPartOf\":{\"@id\":\"https:\\\/\\\/canal7slp.tv\\\/2022\\\/ante-protestas-de-antivacunas-ottawa-declara-estado-de-emergencia\\\/\"},\"author\":{\"name\":\"Edici\u00f3n Web\",\"@id\":\"https:\\\/\\\/canal7slp.tv\\\/2022\\\/#\\\/schema\\\/person\\\/429704152a21f5f856ce29aa69a238da\"},\"headline\":\"Ante protestas de antivacunas, Ottawa declara estado de emergencia\",\"datePublished\":\"2022-02-07T20:51:32+00:00\",\"mainEntityOfPage\":{\"@id\":\"https:\\\/\\\/canal7slp.tv\\\/2022\\\/ante-protestas-de-antivacunas-ottawa-declara-estado-de-emergencia\\\/\"},\"wordCount\":174,\"publisher\":{\"@id\":\"https:\\\/\\\/canal7slp.tv\\\/2022\\\/#organization\"},\"image\":{\"@id\":\"https:\\\/\\\/canal7slp.tv\\\/2022\\\/ante-protestas-de-antivacunas-ottawa-declara-estado-de-emergencia\\\/#primaryimage\"},\"thumbnailUrl\":\"https:\\\/\\\/canal7slp.tv\\\/2022\\\/wp-content\\\/uploads\\\/2022\\\/02\\\/06-5.jpg\",\"articleSection\":[\"COVID-19\",\"INTERNACIONALES\"],\"inLanguage\":\"es\"},{\"@type\":\"WebPage\",\"@id\":\"https:\\\/\\\/canal7slp.tv\\\/2022\\\/ante-protestas-de-antivacunas-ottawa-declara-estado-de-emergencia\\\/\",\"url\":\"https:\\\/\\\/canal7slp.tv\\\/2022\\\/ante-protestas-de-antivacunas-ottawa-declara-estado-de-emergencia\\\/\",\"name\":\"Ante protestas de antivacunas, Ottawa declara estado de emergencia - Canal 7 SLP - 2022\",\"isPartOf\":{\"@id\":\"https:\\\/\\\/canal7slp.tv\\\/2022\\\/#website\"},\"primaryImageOfPage\":{\"@id\":\"https:\\\/\\\/canal7slp.tv\\\/2022\\\/ante-protestas-de-antivacunas-ottawa-declara-estado-de-emergencia\\\/#primaryimage\"},\"image\":{\"@id\":\"https:\\\/\\\/canal7slp.tv\\\/2022\\\/ante-protestas-de-antivacunas-ottawa-declara-estado-de-emergencia\\\/#primaryimage\"},\"thumbnailUrl\":\"https:\\\/\\\/canal7slp.tv\\\/2022\\\/wp-content\\\/uploads\\\/2022\\\/02\\\/06-5.jpg\",\"datePublished\":\"2022-02-07T20:51:32+00:00\",\"breadcrumb\":{\"@id\":\"https:\\\/\\\/canal7slp.tv\\\/2022\\\/ante-protestas-de-antivacunas-ottawa-declara-estado-de-emergencia\\\/#breadcrumb\"},\"inLanguage\":\"es\",\"potentialAction\":[{\"@type\":\"ReadAction\",\"target\":[\"https:\\\/\\\/canal7slp.tv\\\/2022\\\/ante-protestas-de-antivacunas-ottawa-declara-estado-de-emergencia\\\/\"]}]},{\"@type\":\"ImageObject\",\"inLanguage\":\"es\",\"@id\":\"https:\\\/\\\/canal7slp.tv\\\/2022\\\/ante-protestas-de-antivacunas-ottawa-declara-estado-de-emergencia\\\/#primaryimage\",\"url\":\"https:\\\/\\\/canal7slp.tv\\\/2022\\\/wp-content\\\/uploads\\\/2022\\\/02\\\/06-5.jpg\",\"contentUrl\":\"https:\\\/\\\/canal7slp.tv\\\/2022\\\/wp-content\\\/uploads\\\/2022\\\/02\\\/06-5.jpg\",\"width\":1920,\"height\":1280},{\"@type\":\"BreadcrumbList\",\"@id\":\"https:\\\/\\\/canal7slp.tv\\\/2022\\\/ante-protestas-de-antivacunas-ottawa-declara-estado-de-emergencia\\\/#breadcrumb\",\"itemListElement\":[{\"@type\":\"ListItem\",\"position\":1,\"name\":\"Portada\",\"item\":\"https:\\\/\\\/canal7slp.tv\\\/2022\\\/\"},{\"@type\":\"ListItem\",\"position\":2,\"name\":\"Ante protestas de antivacunas, Ottawa declara estado de emergencia\"}]},{\"@type\":\"WebSite\",\"@id\":\"https:\\\/\\\/canal7slp.tv\\\/2022\\\/#website\",\"url\":\"https:\\\/\\\/canal7slp.tv\\\/2022\\\/\",\"name\":\"N7 - Noticieros Canal 7\",\"description\":\"Somos Televisi\u00f3n\",\"publisher\":{\"@id\":\"https:\\\/\\\/canal7slp.tv\\\/2022\\\/#organization\"},\"potentialAction\":[{\"@type\":\"SearchAction\",\"target\":{\"@type\":\"EntryPoint\",\"urlTemplate\":\"https:\\\/\\\/canal7slp.tv\\\/2022\\\/?s={search_term_string}\"},\"query-input\":{\"@type\":\"PropertyValueSpecification\",\"valueRequired\":true,\"valueName\":\"search_term_string\"}}],\"inLanguage\":\"es\"},{\"@type\":\"Organization\",\"@id\":\"https:\\\/\\\/canal7slp.tv\\\/2022\\\/#organization\",\"name\":\"Noticieros Canal 7\",\"url\":\"https:\\\/\\\/canal7slp.tv\\\/2022\\\/\",\"logo\":{\"@type\":\"ImageObject\",\"inLanguage\":\"es\",\"@id\":\"https:\\\/\\\/canal7slp.tv\\\/2022\\\/#\\\/schema\\\/logo\\\/image\\\/\",\"url\":\"https:\\\/\\\/canal7slp.tv\\\/2022\\\/wp-content\\\/uploads\\\/2021\\\/01\\\/logo-noticieros@2x.png\",\"contentUrl\":\"https:\\\/\\\/canal7slp.tv\\\/2022\\\/wp-content\\\/uploads\\\/2021\\\/01\\\/logo-noticieros@2x.png\",\"width\":1017,\"height\":268,\"caption\":\"Noticieros Canal 7\"},\"image\":{\"@id\":\"https:\\\/\\\/canal7slp.tv\\\/2022\\\/#\\\/schema\\\/logo\\\/image\\\/\"},\"sameAs\":[\"https:\\\/\\\/www.facebook.com\\\/noticieroscanalsiete\",\"https:\\\/\\\/x.com\\\/NOTICIEROS7\",\"https:\\\/\\\/www.instagram.com\\\/canal7_slp\",\"https:\\\/\\\/www.youtube.com\\\/channel\\\/UCliiYs-gP3JfJeqdPrNdd5A\"]},{\"@type\":\"Person\",\"@id\":\"https:\\\/\\\/canal7slp.tv\\\/2022\\\/#\\\/schema\\\/person\\\/429704152a21f5f856ce29aa69a238da\",\"name\":\"Edici\u00f3n Web\",\"image\":{\"@type\":\"ImageObject\",\"inLanguage\":\"es\",\"@id\":\"https:\\\/\\\/secure.gravatar.com\\\/avatar\\\/eee448fc3f7164808013b816ba91ac7e43bbe82a70bebac296f8bc6f0addaa1a?s=96&d=mm&r=g\",\"url\":\"https:\\\/\\\/secure.gravatar.com\\\/avatar\\\/eee448fc3f7164808013b816ba91ac7e43bbe82a70bebac296f8bc6f0addaa1a?s=96&d=mm&r=g\",\"contentUrl\":\"https:\\\/\\\/secure.gravatar.com\\\/avatar\\\/eee448fc3f7164808013b816ba91ac7e43bbe82a70bebac296f8bc6f0addaa1a?s=96&d=mm&r=g\",\"caption\":\"Edici\u00f3n Web\"},\"url\":\"https:\\\/\\\/canal7slp.tv\\\/2022\\\/author\\\/edicionweb\\\/\"}]}<\/script>\n<!-- \/ Yoast SEO plugin. -->","yoast_head_json":{"title":"Ante protestas de antivacunas, Ottawa declara estado de emergencia - Canal 7 SLP - 2022","robots":{"index":"index","follow":"follow","max-snippet":"max-snippet:-1","max-image-preview":"max-image-preview:large","max-video-preview":"max-video-preview:-1"},"canonical":"https:\/\/canal7slp.tv\/2022\/ante-protestas-de-antivacunas-ottawa-declara-estado-de-emergencia\/","og_locale":"es_ES","og_type":"article","og_title":"Ante protestas de antivacunas, Ottawa declara estado de emergencia - Canal 7 SLP - 2022","og_description":"Canad\u00e1.- Este 7 de febrero, Ottawa declaro estado emergencia por las protestas que el movimiento antivacunas y grupos radicales mantienen desde hace m\u00e1s de una semana en el centro de la ciudad. Jim Watson, alcalde de Ottawa, se\u00f1al\u00f3 que la situaci\u00f3n provocada por las protestas ha causado \u00abla emergencia m\u00e1s grave\u00bb que la ciudad ha experimentado en su historia. Esta declaraci\u00f3n de emergencia permitir\u00e1 a la Polic\u00eda de Ottawa obtener material y equipos m\u00e1s r\u00e1pidamente. Cabe se\u00f1alar que m\u00e1s de de 200 camiones y miles de personas se concentraron frente al Parlamento canadiense en Ottawa convocados por el movimiento antivacunas [&hellip;]","og_url":"https:\/\/canal7slp.tv\/2022\/ante-protestas-de-antivacunas-ottawa-declara-estado-de-emergencia\/","og_site_name":"Canal 7 SLP - 2022","article_publisher":"https:\/\/www.facebook.com\/noticieroscanalsiete","article_published_time":"2022-02-07T20:51:32+00:00","og_image":[{"width":1920,"height":1280,"url":"https:\/\/canal7slp.tv\/2022\/wp-content\/uploads\/2022\/02\/06-5.jpg","type":"image\/jpeg"}],"author":"Edici\u00f3n Web","twitter_card":"summary_large_image","twitter_creator":"@NOTICIEROS7","twitter_site":"@NOTICIEROS7","twitter_misc":{"Escrito por":"Edici\u00f3n Web","Tiempo de lectura":"1 minuto"},"schema":{"@context":"https:\/\/schema.org","@graph":[{"@type":"Article","@id":"https:\/\/canal7slp.tv\/2022\/ante-protestas-de-antivacunas-ottawa-declara-estado-de-emergencia\/#article","isPartOf":{"@id":"https:\/\/canal7slp.tv\/2022\/ante-protestas-de-antivacunas-ottawa-declara-estado-de-emergencia\/"},"author":{"name":"Edici\u00f3n Web","@id":"https:\/\/canal7slp.tv\/2022\/#\/schema\/person\/429704152a21f5f856ce29aa69a238da"},"headline":"Ante protestas de antivacunas, Ottawa declara estado de emergencia","datePublished":"2022-02-07T20:51:32+00:00","mainEntityOfPage":{"@id":"https:\/\/canal7slp.tv\/2022\/ante-protestas-de-antivacunas-ottawa-declara-estado-de-emergencia\/"},"wordCount":174,"publisher":{"@id":"https:\/\/canal7slp.tv\/2022\/#organization"},"image":{"@id":"https:\/\/canal7slp.tv\/2022\/ante-protestas-de-antivacunas-ottawa-declara-estado-de-emergencia\/#primaryimage"},"thumbnailUrl":"https:\/\/canal7slp.tv\/2022\/wp-content\/uploads\/2022\/02\/06-5.jpg","articleSection":["COVID-19","INTERNACIONALES"],"inLanguage":"es"},{"@type":"WebPage","@id":"https:\/\/canal7slp.tv\/2022\/ante-protestas-de-antivacunas-ottawa-declara-estado-de-emergencia\/","url":"https:\/\/canal7slp.tv\/2022\/ante-protestas-de-antivacunas-ottawa-declara-estado-de-emergencia\/","name":"Ante protestas de antivacunas, Ottawa declara estado de emergencia - Canal 7 SLP - 2022","isPartOf":{"@id":"https:\/\/canal7slp.tv\/2022\/#website"},"primaryImageOfPage":{"@id":"https:\/\/canal7slp.tv\/2022\/ante-protestas-de-antivacunas-ottawa-declara-estado-de-emergencia\/#primaryimage"},"image":{"@id":"https:\/\/canal7slp.tv\/2022\/ante-protestas-de-antivacunas-ottawa-declara-estado-de-emergencia\/#primaryimage"},"thumbnailUrl":"https:\/\/canal7slp.tv\/2022\/wp-content\/uploads\/2022\/02\/06-5.jpg","datePublished":"2022-02-07T20:51:32+00:00","breadcrumb":{"@id":"https:\/\/canal7slp.tv\/2022\/ante-protestas-de-antivacunas-ottawa-declara-estado-de-emergencia\/#breadcrumb"},"inLanguage":"es","potentialAction":[{"@type":"ReadAction","target":["https:\/\/canal7slp.tv\/2022\/ante-protestas-de-antivacunas-ottawa-declara-estado-de-emergencia\/"]}]},{"@type":"ImageObject","inLanguage":"es","@id":"https:\/\/canal7slp.tv\/2022\/ante-protestas-de-antivacunas-ottawa-declara-estado-de-emergencia\/#primaryimage","url":"https:\/\/canal7slp.tv\/2022\/wp-content\/uploads\/2022\/02\/06-5.jpg","contentUrl":"https:\/\/canal7slp.tv\/2022\/wp-content\/uploads\/2022\/02\/06-5.jpg","width":1920,"height":1280},{"@type":"BreadcrumbList","@id":"https:\/\/canal7slp.tv\/2022\/ante-protestas-de-antivacunas-ottawa-declara-estado-de-emergencia\/#breadcrumb","itemListElement":[{"@type":"ListItem","position":1,"name":"Portada","item":"https:\/\/canal7slp.tv\/2022\/"},{"@type":"ListItem","position":2,"name":"Ante protestas de antivacunas, Ottawa declara estado de emergencia"}]},{"@type":"WebSite","@id":"https:\/\/canal7slp.tv\/2022\/#website","url":"https:\/\/canal7slp.tv\/2022\/","name":"N7 - Noticieros Canal 7","description":"Somos Televisi\u00f3n","publisher":{"@id":"https:\/\/canal7slp.tv\/2022\/#organization"},"potentialAction":[{"@type":"SearchAction","target":{"@type":"EntryPoint","urlTemplate":"https:\/\/canal7slp.tv\/2022\/?s={search_term_string}"},"query-input":{"@type":"PropertyValueSpecification","valueRequired":true,"valueName":"search_term_string"}}],"inLanguage":"es"},{"@type":"Organization","@id":"https:\/\/canal7slp.tv\/2022\/#organization","name":"Noticieros Canal 7","url":"https:\/\/canal7slp.tv\/2022\/","logo":{"@type":"ImageObject","inLanguage":"es","@id":"https:\/\/canal7slp.tv\/2022\/#\/schema\/logo\/image\/","url":"https:\/\/canal7slp.tv\/2022\/wp-content\/uploads\/2021\/01\/logo-noticieros@2x.png","contentUrl":"https:\/\/canal7slp.tv\/2022\/wp-content\/uploads\/2021\/01\/logo-noticieros@2x.png","width":1017,"height":268,"caption":"Noticieros Canal 7"},"image":{"@id":"https:\/\/canal7slp.tv\/2022\/#\/schema\/logo\/image\/"},"sameAs":["https:\/\/www.facebook.com\/noticieroscanalsiete","https:\/\/x.com\/NOTICIEROS7","https:\/\/www.instagram.com\/canal7_slp","https:\/\/www.youtube.com\/channel\/UCliiYs-gP3JfJeqdPrNdd5A"]},{"@type":"Person","@id":"https:\/\/canal7slp.tv\/2022\/#\/schema\/person\/429704152a21f5f856ce29aa69a238da","name":"Edici\u00f3n Web","image":{"@type":"ImageObject","inLanguage":"es","@id":"https:\/\/secure.gravatar.com\/avatar\/eee448fc3f7164808013b816ba91ac7e43bbe82a70bebac296f8bc6f0addaa1a?s=96&d=mm&r=g","url":"https:\/\/secure.gravatar.com\/avatar\/eee448fc3f7164808013b816ba91ac7e43bbe82a70bebac296f8bc6f0addaa1a?s=96&d=mm&r=g","contentUrl":"https:\/\/secure.gravatar.com\/avatar\/eee448fc3f7164808013b816ba91ac7e43bbe82a70bebac296f8bc6f0addaa1a?s=96&d=mm&r=g","caption":"Edici\u00f3n Web"},"url":"https:\/\/canal7slp.tv\/2022\/author\/edicionweb\/"}]}},"amp_enabled":true,"_links":{"self":[{"href":"https:\/\/canal7slp.tv\/2022\/wp-json\/wp\/v2\/posts\/50365","targetHints":{"allow":["GET"]}}],"collection":[{"href":"https:\/\/canal7slp.tv\/2022\/wp-json\/wp\/v2\/posts"}],"about":[{"href":"https:\/\/canal7slp.tv\/2022\/wp-json\/wp\/v2\/types\/post"}],"author":[{"embeddable":true,"href":"https:\/\/canal7slp.tv\/2022\/wp-json\/wp\/v2\/users\/2"}],"replies":[{"embeddable":true,"href":"https:\/\/canal7slp.tv\/2022\/wp-json\/wp\/v2\/comments?post=50365"}],"version-history":[{"count":2,"href":"https:\/\/canal7slp.tv\/2022\/wp-json\/wp\/v2\/posts\/50365\/revisions"}],"predecessor-version":[{"id":50380,"href":"https:\/\/canal7slp.tv\/2022\/wp-json\/wp\/v2\/posts\/50365\/revisions\/50380"}],"wp:featuredmedia":[{"embeddable":true,"href":"https:\/\/canal7slp.tv\/2022\/wp-json\/wp\/v2\/media\/50379"}],"wp:attachment":[{"href":"https:\/\/canal7slp.tv\/2022\/wp-json\/wp\/v2\/media?parent=50365"}],"wp:term":[{"taxonomy":"category","embeddable":true,"href":"https:\/\/canal7slp.tv\/2022\/wp-json\/wp\/v2\/categories?post=50365"},{"taxonomy":"post_tag","embeddable":true,"href":"https:\/\/canal7slp.tv\/2022\/wp-json\/wp\/v2\/tags?post=50365"}],"curies":[{"name":"wp","href":"https:\/\/api.w.org\/{rel}","templated":true}]}}