{"id":50358,"date":"2022-02-07T14:44:52","date_gmt":"2022-02-07T20:44:52","guid":{"rendered":"https:\/\/canal7slp.tv\/2022\/?p=50358"},"modified":"2022-02-07T14:44:52","modified_gmt":"2022-02-07T20:44:52","slug":"avioneta-aterriza-de-emergencia-en-la-carretera-s-l-p-rioverde","status":"publish","type":"post","link":"https:\/\/canal7slp.tv\/2022\/avioneta-aterriza-de-emergencia-en-la-carretera-s-l-p-rioverde\/","title":{"rendered":"Avioneta aterriza de emergencia en la carretera S.L.P.-Rioverde"},"content":{"rendered":"<p style=\"text-align: justify;\">SLP.- Este lunes se registr\u00f3 el aterrizaje de emergencia de una avioneta tipo Cessna en el kil\u00f3metro 2 de la s\u00faper carretera estatal 70, a la altura de la comunidad La Cofrad\u00eda, en Rioverde.<\/p>\n<p style=\"text-align: justify;\">Dicho por los pilotos de la aeronave, la causa de descenso fueron fallas mec\u00e1nicas.<\/p>\n<p style=\"text-align: justify;\">\u00c9sta se encontraba en la liberaci\u00f3n de moscas para el control de plaga de la fruta.<\/p>\n<p style=\"text-align: justify;\">No hubo da\u00f1os materiales ni personas lesionadas.<\/p>\n<p style=\"text-align: justify;\">Polic\u00eda estatal, municipal y Guardia Nacional brindaron apoyo.<\/p>\n<p style=\"text-align: justify;\">Se espera la llegada de una gr\u00faa para su traslado.<\/p>\n","protected":false},"excerpt":{"rendered":"<p>SLP.- Este lunes se registr\u00f3 el aterrizaje de emergencia de una avioneta tipo Cessna en el kil\u00f3metro 2 de la s\u00faper carretera estatal 70, a la altura de la comunidad La Cofrad\u00eda, en Rioverde. Dicho por los pilotos de la aeronave, la causa de descenso fueron fallas mec\u00e1nicas. \u00c9sta se encontraba en la liberaci\u00f3n de moscas para el control de plaga de la fruta. No hubo da\u00f1os materiales ni personas lesionadas. Polic\u00eda estatal, municipal y Guardia Nacional brindaron apoyo. Se espera la llegada de una gr\u00faa para su traslado.<\/p>\n","protected":false},"author":2,"featured_media":50372,"comment_status":"closed","ping_status":"closed","sticky":false,"template":"","format":"video","meta":{"footnotes":""},"categories":[45],"tags":[],"class_list":["post-50358","post","type-post","status-publish","format-video","has-post-thumbnail","hentry","category-localesyregionales","post_format-post-format-video","post--single"],"yoast_head":"<!-- This site is optimized with the Yoast SEO plugin v27.5 - https:\/\/yoast.com\/product\/yoast-seo-wordpress\/ -->\n<title>Avioneta aterriza de emergencia en la carretera S.L.P.-Rioverde - Canal 7 SLP - 2022<\/title>\n<meta name=\"robots\" content=\"index, follow, max-snippet:-1, max-image-preview:large, max-video-preview:-1\" \/>\n<link rel=\"canonical\" href=\"https:\/\/canal7slp.tv\/2022\/avioneta-aterriza-de-emergencia-en-la-carretera-s-l-p-rioverde\/\" \/>\n<meta property=\"og:locale\" content=\"es_ES\" \/>\n<meta property=\"og:type\" content=\"article\" \/>\n<meta property=\"og:title\" content=\"Avioneta aterriza de emergencia en la carretera S.L.P.-Rioverde - Canal 7 SLP - 2022\" \/>\n<meta property=\"og:description\" content=\"SLP.- Este lunes se registr\u00f3 el aterrizaje de emergencia de una avioneta tipo Cessna en el kil\u00f3metro 2 de la s\u00faper carretera estatal 70, a la altura de la comunidad La Cofrad\u00eda, en Rioverde. Dicho por los pilotos de la aeronave, la causa de descenso fueron fallas mec\u00e1nicas. \u00c9sta se encontraba en la liberaci\u00f3n de moscas para el control de plaga de la fruta. No hubo da\u00f1os materiales ni personas lesionadas. Polic\u00eda estatal, municipal y Guardia Nacional brindaron apoyo. Se espera la llegada de una gr\u00faa para su traslado.\" \/>\n<meta property=\"og:url\" content=\"https:\/\/canal7slp.tv\/2022\/avioneta-aterriza-de-emergencia-en-la-carretera-s-l-p-rioverde\/\" \/>\n<meta property=\"og:site_name\" content=\"Canal 7 SLP - 2022\" \/>\n<meta property=\"article:publisher\" content=\"https:\/\/www.facebook.com\/noticieroscanalsiete\" \/>\n<meta property=\"article:published_time\" content=\"2022-02-07T20:44:52+00:00\" \/>\n<meta property=\"og:image\" content=\"https:\/\/canal7slp.tv\/2022\/wp-content\/uploads\/2022\/02\/Avioneta01.jpg\" \/>\n\t<meta property=\"og:image:width\" content=\"889\" \/>\n\t<meta property=\"og:image:height\" content=\"500\" \/>\n\t<meta property=\"og:image:type\" content=\"image\/jpeg\" \/>\n<meta name=\"author\" content=\"Edici\u00f3n Web\" \/>\n<meta name=\"twitter:card\" content=\"summary_large_image\" \/>\n<meta name=\"twitter:creator\" content=\"@NOTICIEROS7\" \/>\n<meta name=\"twitter:site\" content=\"@NOTICIEROS7\" \/>\n<meta name=\"twitter:label1\" content=\"Escrito por\" \/>\n\t<meta name=\"twitter:data1\" content=\"Edici\u00f3n Web\" \/>\n\t<meta name=\"twitter:label2\" content=\"Tiempo de lectura\" \/>\n\t<meta name=\"twitter:data2\" content=\"1 minuto\" \/>\n<script type=\"application\/ld+json\" class=\"yoast-schema-graph\">{\"@context\":\"https:\\\/\\\/schema.org\",\"@graph\":[{\"@type\":\"Article\",\"@id\":\"https:\\\/\\\/canal7slp.tv\\\/2022\\\/avioneta-aterriza-de-emergencia-en-la-carretera-s-l-p-rioverde\\\/#article\",\"isPartOf\":{\"@id\":\"https:\\\/\\\/canal7slp.tv\\\/2022\\\/avioneta-aterriza-de-emergencia-en-la-carretera-s-l-p-rioverde\\\/\"},\"author\":{\"name\":\"Edici\u00f3n Web\",\"@id\":\"https:\\\/\\\/canal7slp.tv\\\/2022\\\/#\\\/schema\\\/person\\\/429704152a21f5f856ce29aa69a238da\"},\"headline\":\"Avioneta aterriza de emergencia en la carretera S.L.P.-Rioverde\",\"datePublished\":\"2022-02-07T20:44:52+00:00\",\"mainEntityOfPage\":{\"@id\":\"https:\\\/\\\/canal7slp.tv\\\/2022\\\/avioneta-aterriza-de-emergencia-en-la-carretera-s-l-p-rioverde\\\/\"},\"wordCount\":107,\"publisher\":{\"@id\":\"https:\\\/\\\/canal7slp.tv\\\/2022\\\/#organization\"},\"image\":{\"@id\":\"https:\\\/\\\/canal7slp.tv\\\/2022\\\/avioneta-aterriza-de-emergencia-en-la-carretera-s-l-p-rioverde\\\/#primaryimage\"},\"thumbnailUrl\":\"https:\\\/\\\/canal7slp.tv\\\/2022\\\/wp-content\\\/uploads\\\/2022\\\/02\\\/Avioneta01.jpg\",\"articleSection\":[\"LOCALES Y REGIONALES\"],\"inLanguage\":\"es\"},{\"@type\":\"WebPage\",\"@id\":\"https:\\\/\\\/canal7slp.tv\\\/2022\\\/avioneta-aterriza-de-emergencia-en-la-carretera-s-l-p-rioverde\\\/\",\"url\":\"https:\\\/\\\/canal7slp.tv\\\/2022\\\/avioneta-aterriza-de-emergencia-en-la-carretera-s-l-p-rioverde\\\/\",\"name\":\"Avioneta aterriza de emergencia en la carretera S.L.P.-Rioverde - Canal 7 SLP - 2022\",\"isPartOf\":{\"@id\":\"https:\\\/\\\/canal7slp.tv\\\/2022\\\/#website\"},\"primaryImageOfPage\":{\"@id\":\"https:\\\/\\\/canal7slp.tv\\\/2022\\\/avioneta-aterriza-de-emergencia-en-la-carretera-s-l-p-rioverde\\\/#primaryimage\"},\"image\":{\"@id\":\"https:\\\/\\\/canal7slp.tv\\\/2022\\\/avioneta-aterriza-de-emergencia-en-la-carretera-s-l-p-rioverde\\\/#primaryimage\"},\"thumbnailUrl\":\"https:\\\/\\\/canal7slp.tv\\\/2022\\\/wp-content\\\/uploads\\\/2022\\\/02\\\/Avioneta01.jpg\",\"datePublished\":\"2022-02-07T20:44:52+00:00\",\"breadcrumb\":{\"@id\":\"https:\\\/\\\/canal7slp.tv\\\/2022\\\/avioneta-aterriza-de-emergencia-en-la-carretera-s-l-p-rioverde\\\/#breadcrumb\"},\"inLanguage\":\"es\",\"potentialAction\":[{\"@type\":\"ReadAction\",\"target\":[\"https:\\\/\\\/canal7slp.tv\\\/2022\\\/avioneta-aterriza-de-emergencia-en-la-carretera-s-l-p-rioverde\\\/\"]}]},{\"@type\":\"ImageObject\",\"inLanguage\":\"es\",\"@id\":\"https:\\\/\\\/canal7slp.tv\\\/2022\\\/avioneta-aterriza-de-emergencia-en-la-carretera-s-l-p-rioverde\\\/#primaryimage\",\"url\":\"https:\\\/\\\/canal7slp.tv\\\/2022\\\/wp-content\\\/uploads\\\/2022\\\/02\\\/Avioneta01.jpg\",\"contentUrl\":\"https:\\\/\\\/canal7slp.tv\\\/2022\\\/wp-content\\\/uploads\\\/2022\\\/02\\\/Avioneta01.jpg\",\"width\":889,\"height\":500},{\"@type\":\"BreadcrumbList\",\"@id\":\"https:\\\/\\\/canal7slp.tv\\\/2022\\\/avioneta-aterriza-de-emergencia-en-la-carretera-s-l-p-rioverde\\\/#breadcrumb\",\"itemListElement\":[{\"@type\":\"ListItem\",\"position\":1,\"name\":\"Portada\",\"item\":\"https:\\\/\\\/canal7slp.tv\\\/2022\\\/\"},{\"@type\":\"ListItem\",\"position\":2,\"name\":\"Avioneta aterriza de emergencia en la carretera S.L.P.-Rioverde\"}]},{\"@type\":\"WebSite\",\"@id\":\"https:\\\/\\\/canal7slp.tv\\\/2022\\\/#website\",\"url\":\"https:\\\/\\\/canal7slp.tv\\\/2022\\\/\",\"name\":\"N7 - Noticieros Canal 7\",\"description\":\"Somos Televisi\u00f3n\",\"publisher\":{\"@id\":\"https:\\\/\\\/canal7slp.tv\\\/2022\\\/#organization\"},\"potentialAction\":[{\"@type\":\"SearchAction\",\"target\":{\"@type\":\"EntryPoint\",\"urlTemplate\":\"https:\\\/\\\/canal7slp.tv\\\/2022\\\/?s={search_term_string}\"},\"query-input\":{\"@type\":\"PropertyValueSpecification\",\"valueRequired\":true,\"valueName\":\"search_term_string\"}}],\"inLanguage\":\"es\"},{\"@type\":\"Organization\",\"@id\":\"https:\\\/\\\/canal7slp.tv\\\/2022\\\/#organization\",\"name\":\"Noticieros Canal 7\",\"url\":\"https:\\\/\\\/canal7slp.tv\\\/2022\\\/\",\"logo\":{\"@type\":\"ImageObject\",\"inLanguage\":\"es\",\"@id\":\"https:\\\/\\\/canal7slp.tv\\\/2022\\\/#\\\/schema\\\/logo\\\/image\\\/\",\"url\":\"https:\\\/\\\/canal7slp.tv\\\/2022\\\/wp-content\\\/uploads\\\/2021\\\/01\\\/logo-noticieros@2x.png\",\"contentUrl\":\"https:\\\/\\\/canal7slp.tv\\\/2022\\\/wp-content\\\/uploads\\\/2021\\\/01\\\/logo-noticieros@2x.png\",\"width\":1017,\"height\":268,\"caption\":\"Noticieros Canal 7\"},\"image\":{\"@id\":\"https:\\\/\\\/canal7slp.tv\\\/2022\\\/#\\\/schema\\\/logo\\\/image\\\/\"},\"sameAs\":[\"https:\\\/\\\/www.facebook.com\\\/noticieroscanalsiete\",\"https:\\\/\\\/x.com\\\/NOTICIEROS7\",\"https:\\\/\\\/www.instagram.com\\\/canal7_slp\",\"https:\\\/\\\/www.youtube.com\\\/channel\\\/UCliiYs-gP3JfJeqdPrNdd5A\"]},{\"@type\":\"Person\",\"@id\":\"https:\\\/\\\/canal7slp.tv\\\/2022\\\/#\\\/schema\\\/person\\\/429704152a21f5f856ce29aa69a238da\",\"name\":\"Edici\u00f3n Web\",\"image\":{\"@type\":\"ImageObject\",\"inLanguage\":\"es\",\"@id\":\"https:\\\/\\\/secure.gravatar.com\\\/avatar\\\/eee448fc3f7164808013b816ba91ac7e43bbe82a70bebac296f8bc6f0addaa1a?s=96&d=mm&r=g\",\"url\":\"https:\\\/\\\/secure.gravatar.com\\\/avatar\\\/eee448fc3f7164808013b816ba91ac7e43bbe82a70bebac296f8bc6f0addaa1a?s=96&d=mm&r=g\",\"contentUrl\":\"https:\\\/\\\/secure.gravatar.com\\\/avatar\\\/eee448fc3f7164808013b816ba91ac7e43bbe82a70bebac296f8bc6f0addaa1a?s=96&d=mm&r=g\",\"caption\":\"Edici\u00f3n Web\"},\"url\":\"https:\\\/\\\/canal7slp.tv\\\/2022\\\/author\\\/edicionweb\\\/\"}]}<\/script>\n<!-- \/ Yoast SEO plugin. -->","yoast_head_json":{"title":"Avioneta aterriza de emergencia en la carretera S.L.P.-Rioverde - Canal 7 SLP - 2022","robots":{"index":"index","follow":"follow","max-snippet":"max-snippet:-1","max-image-preview":"max-image-preview:large","max-video-preview":"max-video-preview:-1"},"canonical":"https:\/\/canal7slp.tv\/2022\/avioneta-aterriza-de-emergencia-en-la-carretera-s-l-p-rioverde\/","og_locale":"es_ES","og_type":"article","og_title":"Avioneta aterriza de emergencia en la carretera S.L.P.-Rioverde - Canal 7 SLP - 2022","og_description":"SLP.- Este lunes se registr\u00f3 el aterrizaje de emergencia de una avioneta tipo Cessna en el kil\u00f3metro 2 de la s\u00faper carretera estatal 70, a la altura de la comunidad La Cofrad\u00eda, en Rioverde. Dicho por los pilotos de la aeronave, la causa de descenso fueron fallas mec\u00e1nicas. \u00c9sta se encontraba en la liberaci\u00f3n de moscas para el control de plaga de la fruta. No hubo da\u00f1os materiales ni personas lesionadas. Polic\u00eda estatal, municipal y Guardia Nacional brindaron apoyo. Se espera la llegada de una gr\u00faa para su traslado.","og_url":"https:\/\/canal7slp.tv\/2022\/avioneta-aterriza-de-emergencia-en-la-carretera-s-l-p-rioverde\/","og_site_name":"Canal 7 SLP - 2022","article_publisher":"https:\/\/www.facebook.com\/noticieroscanalsiete","article_published_time":"2022-02-07T20:44:52+00:00","og_image":[{"width":889,"height":500,"url":"https:\/\/canal7slp.tv\/2022\/wp-content\/uploads\/2022\/02\/Avioneta01.jpg","type":"image\/jpeg"}],"author":"Edici\u00f3n Web","twitter_card":"summary_large_image","twitter_creator":"@NOTICIEROS7","twitter_site":"@NOTICIEROS7","twitter_misc":{"Escrito por":"Edici\u00f3n Web","Tiempo de lectura":"1 minuto"},"schema":{"@context":"https:\/\/schema.org","@graph":[{"@type":"Article","@id":"https:\/\/canal7slp.tv\/2022\/avioneta-aterriza-de-emergencia-en-la-carretera-s-l-p-rioverde\/#article","isPartOf":{"@id":"https:\/\/canal7slp.tv\/2022\/avioneta-aterriza-de-emergencia-en-la-carretera-s-l-p-rioverde\/"},"author":{"name":"Edici\u00f3n Web","@id":"https:\/\/canal7slp.tv\/2022\/#\/schema\/person\/429704152a21f5f856ce29aa69a238da"},"headline":"Avioneta aterriza de emergencia en la carretera S.L.P.-Rioverde","datePublished":"2022-02-07T20:44:52+00:00","mainEntityOfPage":{"@id":"https:\/\/canal7slp.tv\/2022\/avioneta-aterriza-de-emergencia-en-la-carretera-s-l-p-rioverde\/"},"wordCount":107,"publisher":{"@id":"https:\/\/canal7slp.tv\/2022\/#organization"},"image":{"@id":"https:\/\/canal7slp.tv\/2022\/avioneta-aterriza-de-emergencia-en-la-carretera-s-l-p-rioverde\/#primaryimage"},"thumbnailUrl":"https:\/\/canal7slp.tv\/2022\/wp-content\/uploads\/2022\/02\/Avioneta01.jpg","articleSection":["LOCALES Y REGIONALES"],"inLanguage":"es"},{"@type":"WebPage","@id":"https:\/\/canal7slp.tv\/2022\/avioneta-aterriza-de-emergencia-en-la-carretera-s-l-p-rioverde\/","url":"https:\/\/canal7slp.tv\/2022\/avioneta-aterriza-de-emergencia-en-la-carretera-s-l-p-rioverde\/","name":"Avioneta aterriza de emergencia en la carretera S.L.P.-Rioverde - Canal 7 SLP - 2022","isPartOf":{"@id":"https:\/\/canal7slp.tv\/2022\/#website"},"primaryImageOfPage":{"@id":"https:\/\/canal7slp.tv\/2022\/avioneta-aterriza-de-emergencia-en-la-carretera-s-l-p-rioverde\/#primaryimage"},"image":{"@id":"https:\/\/canal7slp.tv\/2022\/avioneta-aterriza-de-emergencia-en-la-carretera-s-l-p-rioverde\/#primaryimage"},"thumbnailUrl":"https:\/\/canal7slp.tv\/2022\/wp-content\/uploads\/2022\/02\/Avioneta01.jpg","datePublished":"2022-02-07T20:44:52+00:00","breadcrumb":{"@id":"https:\/\/canal7slp.tv\/2022\/avioneta-aterriza-de-emergencia-en-la-carretera-s-l-p-rioverde\/#breadcrumb"},"inLanguage":"es","potentialAction":[{"@type":"ReadAction","target":["https:\/\/canal7slp.tv\/2022\/avioneta-aterriza-de-emergencia-en-la-carretera-s-l-p-rioverde\/"]}]},{"@type":"ImageObject","inLanguage":"es","@id":"https:\/\/canal7slp.tv\/2022\/avioneta-aterriza-de-emergencia-en-la-carretera-s-l-p-rioverde\/#primaryimage","url":"https:\/\/canal7slp.tv\/2022\/wp-content\/uploads\/2022\/02\/Avioneta01.jpg","contentUrl":"https:\/\/canal7slp.tv\/2022\/wp-content\/uploads\/2022\/02\/Avioneta01.jpg","width":889,"height":500},{"@type":"BreadcrumbList","@id":"https:\/\/canal7slp.tv\/2022\/avioneta-aterriza-de-emergencia-en-la-carretera-s-l-p-rioverde\/#breadcrumb","itemListElement":[{"@type":"ListItem","position":1,"name":"Portada","item":"https:\/\/canal7slp.tv\/2022\/"},{"@type":"ListItem","position":2,"name":"Avioneta aterriza de emergencia en la carretera S.L.P.-Rioverde"}]},{"@type":"WebSite","@id":"https:\/\/canal7slp.tv\/2022\/#website","url":"https:\/\/canal7slp.tv\/2022\/","name":"N7 - Noticieros Canal 7","description":"Somos Televisi\u00f3n","publisher":{"@id":"https:\/\/canal7slp.tv\/2022\/#organization"},"potentialAction":[{"@type":"SearchAction","target":{"@type":"EntryPoint","urlTemplate":"https:\/\/canal7slp.tv\/2022\/?s={search_term_string}"},"query-input":{"@type":"PropertyValueSpecification","valueRequired":true,"valueName":"search_term_string"}}],"inLanguage":"es"},{"@type":"Organization","@id":"https:\/\/canal7slp.tv\/2022\/#organization","name":"Noticieros Canal 7","url":"https:\/\/canal7slp.tv\/2022\/","logo":{"@type":"ImageObject","inLanguage":"es","@id":"https:\/\/canal7slp.tv\/2022\/#\/schema\/logo\/image\/","url":"https:\/\/canal7slp.tv\/2022\/wp-content\/uploads\/2021\/01\/logo-noticieros@2x.png","contentUrl":"https:\/\/canal7slp.tv\/2022\/wp-content\/uploads\/2021\/01\/logo-noticieros@2x.png","width":1017,"height":268,"caption":"Noticieros Canal 7"},"image":{"@id":"https:\/\/canal7slp.tv\/2022\/#\/schema\/logo\/image\/"},"sameAs":["https:\/\/www.facebook.com\/noticieroscanalsiete","https:\/\/x.com\/NOTICIEROS7","https:\/\/www.instagram.com\/canal7_slp","https:\/\/www.youtube.com\/channel\/UCliiYs-gP3JfJeqdPrNdd5A"]},{"@type":"Person","@id":"https:\/\/canal7slp.tv\/2022\/#\/schema\/person\/429704152a21f5f856ce29aa69a238da","name":"Edici\u00f3n Web","image":{"@type":"ImageObject","inLanguage":"es","@id":"https:\/\/secure.gravatar.com\/avatar\/eee448fc3f7164808013b816ba91ac7e43bbe82a70bebac296f8bc6f0addaa1a?s=96&d=mm&r=g","url":"https:\/\/secure.gravatar.com\/avatar\/eee448fc3f7164808013b816ba91ac7e43bbe82a70bebac296f8bc6f0addaa1a?s=96&d=mm&r=g","contentUrl":"https:\/\/secure.gravatar.com\/avatar\/eee448fc3f7164808013b816ba91ac7e43bbe82a70bebac296f8bc6f0addaa1a?s=96&d=mm&r=g","caption":"Edici\u00f3n Web"},"url":"https:\/\/canal7slp.tv\/2022\/author\/edicionweb\/"}]}},"amp_enabled":true,"_links":{"self":[{"href":"https:\/\/canal7slp.tv\/2022\/wp-json\/wp\/v2\/posts\/50358","targetHints":{"allow":["GET"]}}],"collection":[{"href":"https:\/\/canal7slp.tv\/2022\/wp-json\/wp\/v2\/posts"}],"about":[{"href":"https:\/\/canal7slp.tv\/2022\/wp-json\/wp\/v2\/types\/post"}],"author":[{"embeddable":true,"href":"https:\/\/canal7slp.tv\/2022\/wp-json\/wp\/v2\/users\/2"}],"replies":[{"embeddable":true,"href":"https:\/\/canal7slp.tv\/2022\/wp-json\/wp\/v2\/comments?post=50358"}],"version-history":[{"count":1,"href":"https:\/\/canal7slp.tv\/2022\/wp-json\/wp\/v2\/posts\/50358\/revisions"}],"predecessor-version":[{"id":50359,"href":"https:\/\/canal7slp.tv\/2022\/wp-json\/wp\/v2\/posts\/50358\/revisions\/50359"}],"wp:featuredmedia":[{"embeddable":true,"href":"https:\/\/canal7slp.tv\/2022\/wp-json\/wp\/v2\/media\/50372"}],"wp:attachment":[{"href":"https:\/\/canal7slp.tv\/2022\/wp-json\/wp\/v2\/media?parent=50358"}],"wp:term":[{"taxonomy":"category","embeddable":true,"href":"https:\/\/canal7slp.tv\/2022\/wp-json\/wp\/v2\/categories?post=50358"},{"taxonomy":"post_tag","embeddable":true,"href":"https:\/\/canal7slp.tv\/2022\/wp-json\/wp\/v2\/tags?post=50358"}],"curies":[{"name":"wp","href":"https:\/\/api.w.org\/{rel}","templated":true}]}}