{"id":50306,"date":"2022-02-06T16:29:48","date_gmt":"2022-02-06T22:29:48","guid":{"rendered":"https:\/\/canal7slp.tv\/2022\/?p=50306"},"modified":"2022-02-06T16:29:48","modified_gmt":"2022-02-06T22:29:48","slug":"incendios-presuntamente-provocados-levantan-alertas-en-la-amazonia-y-la-orinoquia","status":"publish","type":"post","link":"https:\/\/canal7slp.tv\/2022\/incendios-presuntamente-provocados-levantan-alertas-en-la-amazonia-y-la-orinoquia\/","title":{"rendered":"Incendios presuntamente provocados levantan alertas en la Amazonia y la Orinoqu\u00eda"},"content":{"rendered":"<p style=\"text-align: justify;\">Colombia.- M\u00e1s de 86 mil hect\u00e1reas de bosques se han visto afectadas en Colombia por incendios causados por manos criminales y la temporada seca, especialmente en la Orinoqu\u00eda y la Amazonia, situaci\u00f3n que afecta la calidad del aire de ciudades como Bogot\u00e1.<\/p>\n<p style=\"text-align: justify;\">La Unidad Nacional para la Gesti\u00f3n de Riesgo de Desastres inform\u00f3 que desde el 16 de diciembre y hasta el 4 de febrero se han atendido 301 incendios forestales en 142 municipios situados en 20 de los 32 Departamentos del pa\u00eds.<\/p>\n<p style=\"text-align: justify;\">De estos 291 han sido sofocadas por el trabajo de los bomberos y el Sistema Nacional de Gesti\u00f3n del Riesgo de Desastres (SNGRD).<\/p>\n<p style=\"text-align: justify;\">El ministro del Interior, Daniel Palacios, dijo en una declaraci\u00f3n a medios que la mayor cantidad de incendios se han registrado en la regi\u00f3n de la Amazon\u00eda, con 173.<\/p>\n<p style=\"text-align: justify;\">Explic\u00f3 que los incendios se han incrementado por la acci\u00f3n de grupos criminales \u201cque operan en esta zona del pa\u00eds\u201d.<\/p>\n","protected":false},"excerpt":{"rendered":"<p>Colombia.- M\u00e1s de 86 mil hect\u00e1reas de bosques se han visto afectadas en Colombia por incendios causados por manos criminales y la temporada seca, especialmente en la Orinoqu\u00eda y la Amazonia, situaci\u00f3n que afecta la calidad del aire de ciudades como Bogot\u00e1. La Unidad Nacional para la Gesti\u00f3n de Riesgo de Desastres inform\u00f3 que desde el 16 de diciembre y hasta el 4 de febrero se han atendido 301 incendios forestales en 142 municipios situados en 20 de los 32 Departamentos del pa\u00eds. De estos 291 han sido sofocadas por el trabajo de los bomberos y el Sistema Nacional de [&hellip;]<\/p>\n","protected":false},"author":2,"featured_media":50319,"comment_status":"closed","ping_status":"closed","sticky":false,"template":"","format":"standard","meta":{"footnotes":""},"categories":[44],"tags":[],"class_list":["post-50306","post","type-post","status-publish","format-standard","has-post-thumbnail","hentry","category-internacional","post--single"],"yoast_head":"<!-- This site is optimized with the Yoast SEO plugin v27.5 - https:\/\/yoast.com\/product\/yoast-seo-wordpress\/ -->\n<title>Incendios presuntamente provocados levantan alertas en la Amazonia y la Orinoqu\u00eda - Canal 7 SLP - 2022<\/title>\n<meta name=\"robots\" content=\"index, follow, max-snippet:-1, max-image-preview:large, max-video-preview:-1\" \/>\n<link rel=\"canonical\" href=\"https:\/\/canal7slp.tv\/2022\/incendios-presuntamente-provocados-levantan-alertas-en-la-amazonia-y-la-orinoquia\/\" \/>\n<meta property=\"og:locale\" content=\"es_ES\" \/>\n<meta property=\"og:type\" content=\"article\" \/>\n<meta property=\"og:title\" content=\"Incendios presuntamente provocados levantan alertas en la Amazonia y la Orinoqu\u00eda - Canal 7 SLP - 2022\" \/>\n<meta property=\"og:description\" content=\"Colombia.- M\u00e1s de 86 mil hect\u00e1reas de bosques se han visto afectadas en Colombia por incendios causados por manos criminales y la temporada seca, especialmente en la Orinoqu\u00eda y la Amazonia, situaci\u00f3n que afecta la calidad del aire de ciudades como Bogot\u00e1. La Unidad Nacional para la Gesti\u00f3n de Riesgo de Desastres inform\u00f3 que desde el 16 de diciembre y hasta el 4 de febrero se han atendido 301 incendios forestales en 142 municipios situados en 20 de los 32 Departamentos del pa\u00eds. De estos 291 han sido sofocadas por el trabajo de los bomberos y el Sistema Nacional de [&hellip;]\" \/>\n<meta property=\"og:url\" content=\"https:\/\/canal7slp.tv\/2022\/incendios-presuntamente-provocados-levantan-alertas-en-la-amazonia-y-la-orinoquia\/\" \/>\n<meta property=\"og:site_name\" content=\"Canal 7 SLP - 2022\" \/>\n<meta property=\"article:publisher\" content=\"https:\/\/www.facebook.com\/noticieroscanalsiete\" \/>\n<meta property=\"article:published_time\" content=\"2022-02-06T22:29:48+00:00\" \/>\n<meta property=\"og:image\" content=\"https:\/\/canal7slp.tv\/2022\/wp-content\/uploads\/2022\/02\/06.jpeg\" \/>\n\t<meta property=\"og:image:width\" content=\"640\" \/>\n\t<meta property=\"og:image:height\" content=\"428\" \/>\n\t<meta property=\"og:image:type\" content=\"image\/jpeg\" \/>\n<meta name=\"author\" content=\"Edici\u00f3n Web\" \/>\n<meta name=\"twitter:card\" content=\"summary_large_image\" \/>\n<meta name=\"twitter:creator\" content=\"@NOTICIEROS7\" \/>\n<meta name=\"twitter:site\" content=\"@NOTICIEROS7\" \/>\n<meta name=\"twitter:label1\" content=\"Escrito por\" \/>\n\t<meta name=\"twitter:data1\" content=\"Edici\u00f3n Web\" \/>\n\t<meta name=\"twitter:label2\" content=\"Tiempo de lectura\" \/>\n\t<meta name=\"twitter:data2\" content=\"1 minuto\" \/>\n<script type=\"application\/ld+json\" class=\"yoast-schema-graph\">{\"@context\":\"https:\\\/\\\/schema.org\",\"@graph\":[{\"@type\":\"Article\",\"@id\":\"https:\\\/\\\/canal7slp.tv\\\/2022\\\/incendios-presuntamente-provocados-levantan-alertas-en-la-amazonia-y-la-orinoquia\\\/#article\",\"isPartOf\":{\"@id\":\"https:\\\/\\\/canal7slp.tv\\\/2022\\\/incendios-presuntamente-provocados-levantan-alertas-en-la-amazonia-y-la-orinoquia\\\/\"},\"author\":{\"name\":\"Edici\u00f3n Web\",\"@id\":\"https:\\\/\\\/canal7slp.tv\\\/2022\\\/#\\\/schema\\\/person\\\/429704152a21f5f856ce29aa69a238da\"},\"headline\":\"Incendios presuntamente provocados levantan alertas en la Amazonia y la Orinoqu\u00eda\",\"datePublished\":\"2022-02-06T22:29:48+00:00\",\"mainEntityOfPage\":{\"@id\":\"https:\\\/\\\/canal7slp.tv\\\/2022\\\/incendios-presuntamente-provocados-levantan-alertas-en-la-amazonia-y-la-orinoquia\\\/\"},\"wordCount\":171,\"publisher\":{\"@id\":\"https:\\\/\\\/canal7slp.tv\\\/2022\\\/#organization\"},\"image\":{\"@id\":\"https:\\\/\\\/canal7slp.tv\\\/2022\\\/incendios-presuntamente-provocados-levantan-alertas-en-la-amazonia-y-la-orinoquia\\\/#primaryimage\"},\"thumbnailUrl\":\"https:\\\/\\\/canal7slp.tv\\\/2022\\\/wp-content\\\/uploads\\\/2022\\\/02\\\/06.jpeg\",\"articleSection\":[\"INTERNACIONALES\"],\"inLanguage\":\"es\"},{\"@type\":\"WebPage\",\"@id\":\"https:\\\/\\\/canal7slp.tv\\\/2022\\\/incendios-presuntamente-provocados-levantan-alertas-en-la-amazonia-y-la-orinoquia\\\/\",\"url\":\"https:\\\/\\\/canal7slp.tv\\\/2022\\\/incendios-presuntamente-provocados-levantan-alertas-en-la-amazonia-y-la-orinoquia\\\/\",\"name\":\"Incendios presuntamente provocados levantan alertas en la Amazonia y la Orinoqu\u00eda - Canal 7 SLP - 2022\",\"isPartOf\":{\"@id\":\"https:\\\/\\\/canal7slp.tv\\\/2022\\\/#website\"},\"primaryImageOfPage\":{\"@id\":\"https:\\\/\\\/canal7slp.tv\\\/2022\\\/incendios-presuntamente-provocados-levantan-alertas-en-la-amazonia-y-la-orinoquia\\\/#primaryimage\"},\"image\":{\"@id\":\"https:\\\/\\\/canal7slp.tv\\\/2022\\\/incendios-presuntamente-provocados-levantan-alertas-en-la-amazonia-y-la-orinoquia\\\/#primaryimage\"},\"thumbnailUrl\":\"https:\\\/\\\/canal7slp.tv\\\/2022\\\/wp-content\\\/uploads\\\/2022\\\/02\\\/06.jpeg\",\"datePublished\":\"2022-02-06T22:29:48+00:00\",\"breadcrumb\":{\"@id\":\"https:\\\/\\\/canal7slp.tv\\\/2022\\\/incendios-presuntamente-provocados-levantan-alertas-en-la-amazonia-y-la-orinoquia\\\/#breadcrumb\"},\"inLanguage\":\"es\",\"potentialAction\":[{\"@type\":\"ReadAction\",\"target\":[\"https:\\\/\\\/canal7slp.tv\\\/2022\\\/incendios-presuntamente-provocados-levantan-alertas-en-la-amazonia-y-la-orinoquia\\\/\"]}]},{\"@type\":\"ImageObject\",\"inLanguage\":\"es\",\"@id\":\"https:\\\/\\\/canal7slp.tv\\\/2022\\\/incendios-presuntamente-provocados-levantan-alertas-en-la-amazonia-y-la-orinoquia\\\/#primaryimage\",\"url\":\"https:\\\/\\\/canal7slp.tv\\\/2022\\\/wp-content\\\/uploads\\\/2022\\\/02\\\/06.jpeg\",\"contentUrl\":\"https:\\\/\\\/canal7slp.tv\\\/2022\\\/wp-content\\\/uploads\\\/2022\\\/02\\\/06.jpeg\",\"width\":640,\"height\":428},{\"@type\":\"BreadcrumbList\",\"@id\":\"https:\\\/\\\/canal7slp.tv\\\/2022\\\/incendios-presuntamente-provocados-levantan-alertas-en-la-amazonia-y-la-orinoquia\\\/#breadcrumb\",\"itemListElement\":[{\"@type\":\"ListItem\",\"position\":1,\"name\":\"Portada\",\"item\":\"https:\\\/\\\/canal7slp.tv\\\/2022\\\/\"},{\"@type\":\"ListItem\",\"position\":2,\"name\":\"Incendios presuntamente provocados levantan alertas en la Amazonia y la Orinoqu\u00eda\"}]},{\"@type\":\"WebSite\",\"@id\":\"https:\\\/\\\/canal7slp.tv\\\/2022\\\/#website\",\"url\":\"https:\\\/\\\/canal7slp.tv\\\/2022\\\/\",\"name\":\"N7 - Noticieros Canal 7\",\"description\":\"Somos Televisi\u00f3n\",\"publisher\":{\"@id\":\"https:\\\/\\\/canal7slp.tv\\\/2022\\\/#organization\"},\"potentialAction\":[{\"@type\":\"SearchAction\",\"target\":{\"@type\":\"EntryPoint\",\"urlTemplate\":\"https:\\\/\\\/canal7slp.tv\\\/2022\\\/?s={search_term_string}\"},\"query-input\":{\"@type\":\"PropertyValueSpecification\",\"valueRequired\":true,\"valueName\":\"search_term_string\"}}],\"inLanguage\":\"es\"},{\"@type\":\"Organization\",\"@id\":\"https:\\\/\\\/canal7slp.tv\\\/2022\\\/#organization\",\"name\":\"Noticieros Canal 7\",\"url\":\"https:\\\/\\\/canal7slp.tv\\\/2022\\\/\",\"logo\":{\"@type\":\"ImageObject\",\"inLanguage\":\"es\",\"@id\":\"https:\\\/\\\/canal7slp.tv\\\/2022\\\/#\\\/schema\\\/logo\\\/image\\\/\",\"url\":\"https:\\\/\\\/canal7slp.tv\\\/2022\\\/wp-content\\\/uploads\\\/2021\\\/01\\\/logo-noticieros@2x.png\",\"contentUrl\":\"https:\\\/\\\/canal7slp.tv\\\/2022\\\/wp-content\\\/uploads\\\/2021\\\/01\\\/logo-noticieros@2x.png\",\"width\":1017,\"height\":268,\"caption\":\"Noticieros Canal 7\"},\"image\":{\"@id\":\"https:\\\/\\\/canal7slp.tv\\\/2022\\\/#\\\/schema\\\/logo\\\/image\\\/\"},\"sameAs\":[\"https:\\\/\\\/www.facebook.com\\\/noticieroscanalsiete\",\"https:\\\/\\\/x.com\\\/NOTICIEROS7\",\"https:\\\/\\\/www.instagram.com\\\/canal7_slp\",\"https:\\\/\\\/www.youtube.com\\\/channel\\\/UCliiYs-gP3JfJeqdPrNdd5A\"]},{\"@type\":\"Person\",\"@id\":\"https:\\\/\\\/canal7slp.tv\\\/2022\\\/#\\\/schema\\\/person\\\/429704152a21f5f856ce29aa69a238da\",\"name\":\"Edici\u00f3n Web\",\"image\":{\"@type\":\"ImageObject\",\"inLanguage\":\"es\",\"@id\":\"https:\\\/\\\/secure.gravatar.com\\\/avatar\\\/eee448fc3f7164808013b816ba91ac7e43bbe82a70bebac296f8bc6f0addaa1a?s=96&d=mm&r=g\",\"url\":\"https:\\\/\\\/secure.gravatar.com\\\/avatar\\\/eee448fc3f7164808013b816ba91ac7e43bbe82a70bebac296f8bc6f0addaa1a?s=96&d=mm&r=g\",\"contentUrl\":\"https:\\\/\\\/secure.gravatar.com\\\/avatar\\\/eee448fc3f7164808013b816ba91ac7e43bbe82a70bebac296f8bc6f0addaa1a?s=96&d=mm&r=g\",\"caption\":\"Edici\u00f3n Web\"},\"url\":\"https:\\\/\\\/canal7slp.tv\\\/2022\\\/author\\\/edicionweb\\\/\"}]}<\/script>\n<!-- \/ Yoast SEO plugin. -->","yoast_head_json":{"title":"Incendios presuntamente provocados levantan alertas en la Amazonia y la Orinoqu\u00eda - Canal 7 SLP - 2022","robots":{"index":"index","follow":"follow","max-snippet":"max-snippet:-1","max-image-preview":"max-image-preview:large","max-video-preview":"max-video-preview:-1"},"canonical":"https:\/\/canal7slp.tv\/2022\/incendios-presuntamente-provocados-levantan-alertas-en-la-amazonia-y-la-orinoquia\/","og_locale":"es_ES","og_type":"article","og_title":"Incendios presuntamente provocados levantan alertas en la Amazonia y la Orinoqu\u00eda - Canal 7 SLP - 2022","og_description":"Colombia.- M\u00e1s de 86 mil hect\u00e1reas de bosques se han visto afectadas en Colombia por incendios causados por manos criminales y la temporada seca, especialmente en la Orinoqu\u00eda y la Amazonia, situaci\u00f3n que afecta la calidad del aire de ciudades como Bogot\u00e1. La Unidad Nacional para la Gesti\u00f3n de Riesgo de Desastres inform\u00f3 que desde el 16 de diciembre y hasta el 4 de febrero se han atendido 301 incendios forestales en 142 municipios situados en 20 de los 32 Departamentos del pa\u00eds. De estos 291 han sido sofocadas por el trabajo de los bomberos y el Sistema Nacional de [&hellip;]","og_url":"https:\/\/canal7slp.tv\/2022\/incendios-presuntamente-provocados-levantan-alertas-en-la-amazonia-y-la-orinoquia\/","og_site_name":"Canal 7 SLP - 2022","article_publisher":"https:\/\/www.facebook.com\/noticieroscanalsiete","article_published_time":"2022-02-06T22:29:48+00:00","og_image":[{"width":640,"height":428,"url":"https:\/\/canal7slp.tv\/2022\/wp-content\/uploads\/2022\/02\/06.jpeg","type":"image\/jpeg"}],"author":"Edici\u00f3n Web","twitter_card":"summary_large_image","twitter_creator":"@NOTICIEROS7","twitter_site":"@NOTICIEROS7","twitter_misc":{"Escrito por":"Edici\u00f3n Web","Tiempo de lectura":"1 minuto"},"schema":{"@context":"https:\/\/schema.org","@graph":[{"@type":"Article","@id":"https:\/\/canal7slp.tv\/2022\/incendios-presuntamente-provocados-levantan-alertas-en-la-amazonia-y-la-orinoquia\/#article","isPartOf":{"@id":"https:\/\/canal7slp.tv\/2022\/incendios-presuntamente-provocados-levantan-alertas-en-la-amazonia-y-la-orinoquia\/"},"author":{"name":"Edici\u00f3n Web","@id":"https:\/\/canal7slp.tv\/2022\/#\/schema\/person\/429704152a21f5f856ce29aa69a238da"},"headline":"Incendios presuntamente provocados levantan alertas en la Amazonia y la Orinoqu\u00eda","datePublished":"2022-02-06T22:29:48+00:00","mainEntityOfPage":{"@id":"https:\/\/canal7slp.tv\/2022\/incendios-presuntamente-provocados-levantan-alertas-en-la-amazonia-y-la-orinoquia\/"},"wordCount":171,"publisher":{"@id":"https:\/\/canal7slp.tv\/2022\/#organization"},"image":{"@id":"https:\/\/canal7slp.tv\/2022\/incendios-presuntamente-provocados-levantan-alertas-en-la-amazonia-y-la-orinoquia\/#primaryimage"},"thumbnailUrl":"https:\/\/canal7slp.tv\/2022\/wp-content\/uploads\/2022\/02\/06.jpeg","articleSection":["INTERNACIONALES"],"inLanguage":"es"},{"@type":"WebPage","@id":"https:\/\/canal7slp.tv\/2022\/incendios-presuntamente-provocados-levantan-alertas-en-la-amazonia-y-la-orinoquia\/","url":"https:\/\/canal7slp.tv\/2022\/incendios-presuntamente-provocados-levantan-alertas-en-la-amazonia-y-la-orinoquia\/","name":"Incendios presuntamente provocados levantan alertas en la Amazonia y la Orinoqu\u00eda - Canal 7 SLP - 2022","isPartOf":{"@id":"https:\/\/canal7slp.tv\/2022\/#website"},"primaryImageOfPage":{"@id":"https:\/\/canal7slp.tv\/2022\/incendios-presuntamente-provocados-levantan-alertas-en-la-amazonia-y-la-orinoquia\/#primaryimage"},"image":{"@id":"https:\/\/canal7slp.tv\/2022\/incendios-presuntamente-provocados-levantan-alertas-en-la-amazonia-y-la-orinoquia\/#primaryimage"},"thumbnailUrl":"https:\/\/canal7slp.tv\/2022\/wp-content\/uploads\/2022\/02\/06.jpeg","datePublished":"2022-02-06T22:29:48+00:00","breadcrumb":{"@id":"https:\/\/canal7slp.tv\/2022\/incendios-presuntamente-provocados-levantan-alertas-en-la-amazonia-y-la-orinoquia\/#breadcrumb"},"inLanguage":"es","potentialAction":[{"@type":"ReadAction","target":["https:\/\/canal7slp.tv\/2022\/incendios-presuntamente-provocados-levantan-alertas-en-la-amazonia-y-la-orinoquia\/"]}]},{"@type":"ImageObject","inLanguage":"es","@id":"https:\/\/canal7slp.tv\/2022\/incendios-presuntamente-provocados-levantan-alertas-en-la-amazonia-y-la-orinoquia\/#primaryimage","url":"https:\/\/canal7slp.tv\/2022\/wp-content\/uploads\/2022\/02\/06.jpeg","contentUrl":"https:\/\/canal7slp.tv\/2022\/wp-content\/uploads\/2022\/02\/06.jpeg","width":640,"height":428},{"@type":"BreadcrumbList","@id":"https:\/\/canal7slp.tv\/2022\/incendios-presuntamente-provocados-levantan-alertas-en-la-amazonia-y-la-orinoquia\/#breadcrumb","itemListElement":[{"@type":"ListItem","position":1,"name":"Portada","item":"https:\/\/canal7slp.tv\/2022\/"},{"@type":"ListItem","position":2,"name":"Incendios presuntamente provocados levantan alertas en la Amazonia y la Orinoqu\u00eda"}]},{"@type":"WebSite","@id":"https:\/\/canal7slp.tv\/2022\/#website","url":"https:\/\/canal7slp.tv\/2022\/","name":"N7 - Noticieros Canal 7","description":"Somos Televisi\u00f3n","publisher":{"@id":"https:\/\/canal7slp.tv\/2022\/#organization"},"potentialAction":[{"@type":"SearchAction","target":{"@type":"EntryPoint","urlTemplate":"https:\/\/canal7slp.tv\/2022\/?s={search_term_string}"},"query-input":{"@type":"PropertyValueSpecification","valueRequired":true,"valueName":"search_term_string"}}],"inLanguage":"es"},{"@type":"Organization","@id":"https:\/\/canal7slp.tv\/2022\/#organization","name":"Noticieros Canal 7","url":"https:\/\/canal7slp.tv\/2022\/","logo":{"@type":"ImageObject","inLanguage":"es","@id":"https:\/\/canal7slp.tv\/2022\/#\/schema\/logo\/image\/","url":"https:\/\/canal7slp.tv\/2022\/wp-content\/uploads\/2021\/01\/logo-noticieros@2x.png","contentUrl":"https:\/\/canal7slp.tv\/2022\/wp-content\/uploads\/2021\/01\/logo-noticieros@2x.png","width":1017,"height":268,"caption":"Noticieros Canal 7"},"image":{"@id":"https:\/\/canal7slp.tv\/2022\/#\/schema\/logo\/image\/"},"sameAs":["https:\/\/www.facebook.com\/noticieroscanalsiete","https:\/\/x.com\/NOTICIEROS7","https:\/\/www.instagram.com\/canal7_slp","https:\/\/www.youtube.com\/channel\/UCliiYs-gP3JfJeqdPrNdd5A"]},{"@type":"Person","@id":"https:\/\/canal7slp.tv\/2022\/#\/schema\/person\/429704152a21f5f856ce29aa69a238da","name":"Edici\u00f3n Web","image":{"@type":"ImageObject","inLanguage":"es","@id":"https:\/\/secure.gravatar.com\/avatar\/eee448fc3f7164808013b816ba91ac7e43bbe82a70bebac296f8bc6f0addaa1a?s=96&d=mm&r=g","url":"https:\/\/secure.gravatar.com\/avatar\/eee448fc3f7164808013b816ba91ac7e43bbe82a70bebac296f8bc6f0addaa1a?s=96&d=mm&r=g","contentUrl":"https:\/\/secure.gravatar.com\/avatar\/eee448fc3f7164808013b816ba91ac7e43bbe82a70bebac296f8bc6f0addaa1a?s=96&d=mm&r=g","caption":"Edici\u00f3n Web"},"url":"https:\/\/canal7slp.tv\/2022\/author\/edicionweb\/"}]}},"amp_enabled":true,"_links":{"self":[{"href":"https:\/\/canal7slp.tv\/2022\/wp-json\/wp\/v2\/posts\/50306","targetHints":{"allow":["GET"]}}],"collection":[{"href":"https:\/\/canal7slp.tv\/2022\/wp-json\/wp\/v2\/posts"}],"about":[{"href":"https:\/\/canal7slp.tv\/2022\/wp-json\/wp\/v2\/types\/post"}],"author":[{"embeddable":true,"href":"https:\/\/canal7slp.tv\/2022\/wp-json\/wp\/v2\/users\/2"}],"replies":[{"embeddable":true,"href":"https:\/\/canal7slp.tv\/2022\/wp-json\/wp\/v2\/comments?post=50306"}],"version-history":[{"count":2,"href":"https:\/\/canal7slp.tv\/2022\/wp-json\/wp\/v2\/posts\/50306\/revisions"}],"predecessor-version":[{"id":50320,"href":"https:\/\/canal7slp.tv\/2022\/wp-json\/wp\/v2\/posts\/50306\/revisions\/50320"}],"wp:featuredmedia":[{"embeddable":true,"href":"https:\/\/canal7slp.tv\/2022\/wp-json\/wp\/v2\/media\/50319"}],"wp:attachment":[{"href":"https:\/\/canal7slp.tv\/2022\/wp-json\/wp\/v2\/media?parent=50306"}],"wp:term":[{"taxonomy":"category","embeddable":true,"href":"https:\/\/canal7slp.tv\/2022\/wp-json\/wp\/v2\/categories?post=50306"},{"taxonomy":"post_tag","embeddable":true,"href":"https:\/\/canal7slp.tv\/2022\/wp-json\/wp\/v2\/tags?post=50306"}],"curies":[{"name":"wp","href":"https:\/\/api.w.org\/{rel}","templated":true}]}}