{"id":50303,"date":"2022-02-06T16:30:01","date_gmt":"2022-02-06T22:30:01","guid":{"rendered":"https:\/\/canal7slp.tv\/2022\/?p=50303"},"modified":"2022-02-06T16:33:06","modified_gmt":"2022-02-06T22:33:06","slug":"uno-mas-asesinan-a-periodista-en-baja-california","status":"publish","type":"post","link":"https:\/\/canal7slp.tv\/2022\/uno-mas-asesinan-a-periodista-en-baja-california\/","title":{"rendered":"\u00a1Uno m\u00e1s!, asesinan a periodista en Baja California"},"content":{"rendered":"<ul style=\"text-align: justify;\">\n<li>Van cinco en lo que va del 2022<\/li>\n<\/ul>\n<p style=\"text-align: justify;\">Tijuana.- Durante la madrugada de este 6 de enero, fue asesinado el reportero Marcos Ernesto Islas Flores en Tijuana, Baja California.<\/p>\n<p style=\"text-align: justify;\">El deceso del periodista fue confirmado por su padre en Redes Sociales.<\/p>\n<p style=\"text-align: justify;\">De acuerdo con su testimonio, los presuntos responsables dejaron en el lugar de los hechos una manta con un mensaje amenazante cuyo mensaje dijo desconocer \u201cpero tiene que ver con que lleg\u00f3 la nueva administraci\u00f3n\u201d, se\u00f1al\u00f3.<\/p>\n<p style=\"text-align: justify;\">\u201cEl hecho criminal que seguramente quedar\u00e1 como parte de la estad\u00edstica, ocurri\u00f3 afuera de uno de los domicilios de la avenida Lomas Verdes, sub delegaci\u00f3n Pinos, en La Mesa de Tijuana. Vecinos que se asomaron luego de que se escucharon de menos cuatro detonaciones, vieron correr hacia el Boulevard D\u00edaz Ordaz a un par de individuos, presuntamente los asesinos\u201d, coment\u00f3 el padre de la victima.<\/p>\n<p style=\"text-align: justify;\">Con este lamentable suceso, ya son cinco los periodistas y comunicadores asesinados en lo que va del a\u00f1o. Tres de ellos en Tijuana.<\/p>\n<p style=\"text-align: justify;\">De acuerdo con la organizaci\u00f3n internacional Art\u00edculo 19, hasta antes del homicidio de Ernesto Islas, registrado este domingo, en M\u00e9xico han sido asesinados 149 periodistas y comunicadores desde el a\u00f1o 2000.<\/p>\n<p style=\"text-align: justify;\">29 de estos homicidios se han registrado durante el actual mandato de Gobierno de Andr\u00e9s Manuel L\u00f3pez Obrador.<\/p>\n","protected":false},"excerpt":{"rendered":"<p>Van cinco en lo que va del 2022 Tijuana.- Durante la madrugada de este 6 de enero, fue asesinado el reportero Marcos Ernesto Islas Flores en Tijuana, Baja California. El deceso del periodista fue confirmado por su padre en Redes Sociales. De acuerdo con su testimonio, los presuntos responsables dejaron en el lugar de los hechos una manta con un mensaje amenazante cuyo mensaje dijo desconocer \u201cpero tiene que ver con que lleg\u00f3 la nueva administraci\u00f3n\u201d, se\u00f1al\u00f3. \u201cEl hecho criminal que seguramente quedar\u00e1 como parte de la estad\u00edstica, ocurri\u00f3 afuera de uno de los domicilios de la avenida Lomas Verdes, [&hellip;]<\/p>\n","protected":false},"author":2,"featured_media":50315,"comment_status":"closed","ping_status":"closed","sticky":false,"template":"","format":"standard","meta":{"footnotes":""},"categories":[46],"tags":[],"class_list":["post-50303","post","type-post","status-publish","format-standard","has-post-thumbnail","hentry","category-nacional","post--single"],"yoast_head":"<!-- This site is optimized with the Yoast SEO plugin v27.5 - https:\/\/yoast.com\/product\/yoast-seo-wordpress\/ -->\n<title>\u00a1Uno m\u00e1s!, asesinan a periodista en Baja California - Canal 7 SLP - 2022<\/title>\n<meta name=\"robots\" content=\"index, follow, max-snippet:-1, max-image-preview:large, max-video-preview:-1\" \/>\n<link rel=\"canonical\" href=\"https:\/\/canal7slp.tv\/2022\/uno-mas-asesinan-a-periodista-en-baja-california\/\" \/>\n<meta property=\"og:locale\" content=\"es_ES\" \/>\n<meta property=\"og:type\" content=\"article\" \/>\n<meta property=\"og:title\" content=\"\u00a1Uno m\u00e1s!, asesinan a periodista en Baja California - Canal 7 SLP - 2022\" \/>\n<meta property=\"og:description\" content=\"Van cinco en lo que va del 2022 Tijuana.- Durante la madrugada de este 6 de enero, fue asesinado el reportero Marcos Ernesto Islas Flores en Tijuana, Baja California. El deceso del periodista fue confirmado por su padre en Redes Sociales. De acuerdo con su testimonio, los presuntos responsables dejaron en el lugar de los hechos una manta con un mensaje amenazante cuyo mensaje dijo desconocer \u201cpero tiene que ver con que lleg\u00f3 la nueva administraci\u00f3n\u201d, se\u00f1al\u00f3. \u201cEl hecho criminal que seguramente quedar\u00e1 como parte de la estad\u00edstica, ocurri\u00f3 afuera de uno de los domicilios de la avenida Lomas Verdes, [&hellip;]\" \/>\n<meta property=\"og:url\" content=\"https:\/\/canal7slp.tv\/2022\/uno-mas-asesinan-a-periodista-en-baja-california\/\" \/>\n<meta property=\"og:site_name\" content=\"Canal 7 SLP - 2022\" \/>\n<meta property=\"article:publisher\" content=\"https:\/\/www.facebook.com\/noticieroscanalsiete\" \/>\n<meta property=\"article:published_time\" content=\"2022-02-06T22:30:01+00:00\" \/>\n<meta property=\"article:modified_time\" content=\"2022-02-06T22:33:06+00:00\" \/>\n<meta property=\"og:image\" content=\"https:\/\/canal7slp.tv\/2022\/wp-content\/uploads\/2022\/02\/03-3.jpg\" \/>\n\t<meta property=\"og:image:width\" content=\"1200\" \/>\n\t<meta property=\"og:image:height\" content=\"628\" \/>\n\t<meta property=\"og:image:type\" content=\"image\/jpeg\" \/>\n<meta name=\"author\" content=\"Edici\u00f3n Web\" \/>\n<meta name=\"twitter:card\" content=\"summary_large_image\" \/>\n<meta name=\"twitter:creator\" content=\"@NOTICIEROS7\" \/>\n<meta name=\"twitter:site\" content=\"@NOTICIEROS7\" \/>\n<meta name=\"twitter:label1\" content=\"Escrito por\" \/>\n\t<meta name=\"twitter:data1\" content=\"Edici\u00f3n Web\" \/>\n\t<meta name=\"twitter:label2\" content=\"Tiempo de lectura\" \/>\n\t<meta name=\"twitter:data2\" content=\"1 minuto\" \/>\n<script type=\"application\/ld+json\" class=\"yoast-schema-graph\">{\"@context\":\"https:\\\/\\\/schema.org\",\"@graph\":[{\"@type\":\"Article\",\"@id\":\"https:\\\/\\\/canal7slp.tv\\\/2022\\\/uno-mas-asesinan-a-periodista-en-baja-california\\\/#article\",\"isPartOf\":{\"@id\":\"https:\\\/\\\/canal7slp.tv\\\/2022\\\/uno-mas-asesinan-a-periodista-en-baja-california\\\/\"},\"author\":{\"name\":\"Edici\u00f3n Web\",\"@id\":\"https:\\\/\\\/canal7slp.tv\\\/2022\\\/#\\\/schema\\\/person\\\/429704152a21f5f856ce29aa69a238da\"},\"headline\":\"\u00a1Uno m\u00e1s!, asesinan a periodista en Baja California\",\"datePublished\":\"2022-02-06T22:30:01+00:00\",\"dateModified\":\"2022-02-06T22:33:06+00:00\",\"mainEntityOfPage\":{\"@id\":\"https:\\\/\\\/canal7slp.tv\\\/2022\\\/uno-mas-asesinan-a-periodista-en-baja-california\\\/\"},\"wordCount\":230,\"publisher\":{\"@id\":\"https:\\\/\\\/canal7slp.tv\\\/2022\\\/#organization\"},\"image\":{\"@id\":\"https:\\\/\\\/canal7slp.tv\\\/2022\\\/uno-mas-asesinan-a-periodista-en-baja-california\\\/#primaryimage\"},\"thumbnailUrl\":\"https:\\\/\\\/canal7slp.tv\\\/2022\\\/wp-content\\\/uploads\\\/2022\\\/02\\\/03-3.jpg\",\"articleSection\":[\"NACIONALES\"],\"inLanguage\":\"es\"},{\"@type\":\"WebPage\",\"@id\":\"https:\\\/\\\/canal7slp.tv\\\/2022\\\/uno-mas-asesinan-a-periodista-en-baja-california\\\/\",\"url\":\"https:\\\/\\\/canal7slp.tv\\\/2022\\\/uno-mas-asesinan-a-periodista-en-baja-california\\\/\",\"name\":\"\u00a1Uno m\u00e1s!, asesinan a periodista en Baja California - Canal 7 SLP - 2022\",\"isPartOf\":{\"@id\":\"https:\\\/\\\/canal7slp.tv\\\/2022\\\/#website\"},\"primaryImageOfPage\":{\"@id\":\"https:\\\/\\\/canal7slp.tv\\\/2022\\\/uno-mas-asesinan-a-periodista-en-baja-california\\\/#primaryimage\"},\"image\":{\"@id\":\"https:\\\/\\\/canal7slp.tv\\\/2022\\\/uno-mas-asesinan-a-periodista-en-baja-california\\\/#primaryimage\"},\"thumbnailUrl\":\"https:\\\/\\\/canal7slp.tv\\\/2022\\\/wp-content\\\/uploads\\\/2022\\\/02\\\/03-3.jpg\",\"datePublished\":\"2022-02-06T22:30:01+00:00\",\"dateModified\":\"2022-02-06T22:33:06+00:00\",\"breadcrumb\":{\"@id\":\"https:\\\/\\\/canal7slp.tv\\\/2022\\\/uno-mas-asesinan-a-periodista-en-baja-california\\\/#breadcrumb\"},\"inLanguage\":\"es\",\"potentialAction\":[{\"@type\":\"ReadAction\",\"target\":[\"https:\\\/\\\/canal7slp.tv\\\/2022\\\/uno-mas-asesinan-a-periodista-en-baja-california\\\/\"]}]},{\"@type\":\"ImageObject\",\"inLanguage\":\"es\",\"@id\":\"https:\\\/\\\/canal7slp.tv\\\/2022\\\/uno-mas-asesinan-a-periodista-en-baja-california\\\/#primaryimage\",\"url\":\"https:\\\/\\\/canal7slp.tv\\\/2022\\\/wp-content\\\/uploads\\\/2022\\\/02\\\/03-3.jpg\",\"contentUrl\":\"https:\\\/\\\/canal7slp.tv\\\/2022\\\/wp-content\\\/uploads\\\/2022\\\/02\\\/03-3.jpg\",\"width\":1200,\"height\":628},{\"@type\":\"BreadcrumbList\",\"@id\":\"https:\\\/\\\/canal7slp.tv\\\/2022\\\/uno-mas-asesinan-a-periodista-en-baja-california\\\/#breadcrumb\",\"itemListElement\":[{\"@type\":\"ListItem\",\"position\":1,\"name\":\"Portada\",\"item\":\"https:\\\/\\\/canal7slp.tv\\\/2022\\\/\"},{\"@type\":\"ListItem\",\"position\":2,\"name\":\"\u00a1Uno m\u00e1s!, asesinan a periodista en Baja California\"}]},{\"@type\":\"WebSite\",\"@id\":\"https:\\\/\\\/canal7slp.tv\\\/2022\\\/#website\",\"url\":\"https:\\\/\\\/canal7slp.tv\\\/2022\\\/\",\"name\":\"N7 - Noticieros Canal 7\",\"description\":\"Somos Televisi\u00f3n\",\"publisher\":{\"@id\":\"https:\\\/\\\/canal7slp.tv\\\/2022\\\/#organization\"},\"potentialAction\":[{\"@type\":\"SearchAction\",\"target\":{\"@type\":\"EntryPoint\",\"urlTemplate\":\"https:\\\/\\\/canal7slp.tv\\\/2022\\\/?s={search_term_string}\"},\"query-input\":{\"@type\":\"PropertyValueSpecification\",\"valueRequired\":true,\"valueName\":\"search_term_string\"}}],\"inLanguage\":\"es\"},{\"@type\":\"Organization\",\"@id\":\"https:\\\/\\\/canal7slp.tv\\\/2022\\\/#organization\",\"name\":\"Noticieros Canal 7\",\"url\":\"https:\\\/\\\/canal7slp.tv\\\/2022\\\/\",\"logo\":{\"@type\":\"ImageObject\",\"inLanguage\":\"es\",\"@id\":\"https:\\\/\\\/canal7slp.tv\\\/2022\\\/#\\\/schema\\\/logo\\\/image\\\/\",\"url\":\"https:\\\/\\\/canal7slp.tv\\\/2022\\\/wp-content\\\/uploads\\\/2021\\\/01\\\/logo-noticieros@2x.png\",\"contentUrl\":\"https:\\\/\\\/canal7slp.tv\\\/2022\\\/wp-content\\\/uploads\\\/2021\\\/01\\\/logo-noticieros@2x.png\",\"width\":1017,\"height\":268,\"caption\":\"Noticieros Canal 7\"},\"image\":{\"@id\":\"https:\\\/\\\/canal7slp.tv\\\/2022\\\/#\\\/schema\\\/logo\\\/image\\\/\"},\"sameAs\":[\"https:\\\/\\\/www.facebook.com\\\/noticieroscanalsiete\",\"https:\\\/\\\/x.com\\\/NOTICIEROS7\",\"https:\\\/\\\/www.instagram.com\\\/canal7_slp\",\"https:\\\/\\\/www.youtube.com\\\/channel\\\/UCliiYs-gP3JfJeqdPrNdd5A\"]},{\"@type\":\"Person\",\"@id\":\"https:\\\/\\\/canal7slp.tv\\\/2022\\\/#\\\/schema\\\/person\\\/429704152a21f5f856ce29aa69a238da\",\"name\":\"Edici\u00f3n Web\",\"image\":{\"@type\":\"ImageObject\",\"inLanguage\":\"es\",\"@id\":\"https:\\\/\\\/secure.gravatar.com\\\/avatar\\\/eee448fc3f7164808013b816ba91ac7e43bbe82a70bebac296f8bc6f0addaa1a?s=96&d=mm&r=g\",\"url\":\"https:\\\/\\\/secure.gravatar.com\\\/avatar\\\/eee448fc3f7164808013b816ba91ac7e43bbe82a70bebac296f8bc6f0addaa1a?s=96&d=mm&r=g\",\"contentUrl\":\"https:\\\/\\\/secure.gravatar.com\\\/avatar\\\/eee448fc3f7164808013b816ba91ac7e43bbe82a70bebac296f8bc6f0addaa1a?s=96&d=mm&r=g\",\"caption\":\"Edici\u00f3n Web\"},\"url\":\"https:\\\/\\\/canal7slp.tv\\\/2022\\\/author\\\/edicionweb\\\/\"}]}<\/script>\n<!-- \/ Yoast SEO plugin. -->","yoast_head_json":{"title":"\u00a1Uno m\u00e1s!, asesinan a periodista en Baja California - Canal 7 SLP - 2022","robots":{"index":"index","follow":"follow","max-snippet":"max-snippet:-1","max-image-preview":"max-image-preview:large","max-video-preview":"max-video-preview:-1"},"canonical":"https:\/\/canal7slp.tv\/2022\/uno-mas-asesinan-a-periodista-en-baja-california\/","og_locale":"es_ES","og_type":"article","og_title":"\u00a1Uno m\u00e1s!, asesinan a periodista en Baja California - Canal 7 SLP - 2022","og_description":"Van cinco en lo que va del 2022 Tijuana.- Durante la madrugada de este 6 de enero, fue asesinado el reportero Marcos Ernesto Islas Flores en Tijuana, Baja California. El deceso del periodista fue confirmado por su padre en Redes Sociales. De acuerdo con su testimonio, los presuntos responsables dejaron en el lugar de los hechos una manta con un mensaje amenazante cuyo mensaje dijo desconocer \u201cpero tiene que ver con que lleg\u00f3 la nueva administraci\u00f3n\u201d, se\u00f1al\u00f3. \u201cEl hecho criminal que seguramente quedar\u00e1 como parte de la estad\u00edstica, ocurri\u00f3 afuera de uno de los domicilios de la avenida Lomas Verdes, [&hellip;]","og_url":"https:\/\/canal7slp.tv\/2022\/uno-mas-asesinan-a-periodista-en-baja-california\/","og_site_name":"Canal 7 SLP - 2022","article_publisher":"https:\/\/www.facebook.com\/noticieroscanalsiete","article_published_time":"2022-02-06T22:30:01+00:00","article_modified_time":"2022-02-06T22:33:06+00:00","og_image":[{"width":1200,"height":628,"url":"https:\/\/canal7slp.tv\/2022\/wp-content\/uploads\/2022\/02\/03-3.jpg","type":"image\/jpeg"}],"author":"Edici\u00f3n Web","twitter_card":"summary_large_image","twitter_creator":"@NOTICIEROS7","twitter_site":"@NOTICIEROS7","twitter_misc":{"Escrito por":"Edici\u00f3n Web","Tiempo de lectura":"1 minuto"},"schema":{"@context":"https:\/\/schema.org","@graph":[{"@type":"Article","@id":"https:\/\/canal7slp.tv\/2022\/uno-mas-asesinan-a-periodista-en-baja-california\/#article","isPartOf":{"@id":"https:\/\/canal7slp.tv\/2022\/uno-mas-asesinan-a-periodista-en-baja-california\/"},"author":{"name":"Edici\u00f3n Web","@id":"https:\/\/canal7slp.tv\/2022\/#\/schema\/person\/429704152a21f5f856ce29aa69a238da"},"headline":"\u00a1Uno m\u00e1s!, asesinan a periodista en Baja California","datePublished":"2022-02-06T22:30:01+00:00","dateModified":"2022-02-06T22:33:06+00:00","mainEntityOfPage":{"@id":"https:\/\/canal7slp.tv\/2022\/uno-mas-asesinan-a-periodista-en-baja-california\/"},"wordCount":230,"publisher":{"@id":"https:\/\/canal7slp.tv\/2022\/#organization"},"image":{"@id":"https:\/\/canal7slp.tv\/2022\/uno-mas-asesinan-a-periodista-en-baja-california\/#primaryimage"},"thumbnailUrl":"https:\/\/canal7slp.tv\/2022\/wp-content\/uploads\/2022\/02\/03-3.jpg","articleSection":["NACIONALES"],"inLanguage":"es"},{"@type":"WebPage","@id":"https:\/\/canal7slp.tv\/2022\/uno-mas-asesinan-a-periodista-en-baja-california\/","url":"https:\/\/canal7slp.tv\/2022\/uno-mas-asesinan-a-periodista-en-baja-california\/","name":"\u00a1Uno m\u00e1s!, asesinan a periodista en Baja California - Canal 7 SLP - 2022","isPartOf":{"@id":"https:\/\/canal7slp.tv\/2022\/#website"},"primaryImageOfPage":{"@id":"https:\/\/canal7slp.tv\/2022\/uno-mas-asesinan-a-periodista-en-baja-california\/#primaryimage"},"image":{"@id":"https:\/\/canal7slp.tv\/2022\/uno-mas-asesinan-a-periodista-en-baja-california\/#primaryimage"},"thumbnailUrl":"https:\/\/canal7slp.tv\/2022\/wp-content\/uploads\/2022\/02\/03-3.jpg","datePublished":"2022-02-06T22:30:01+00:00","dateModified":"2022-02-06T22:33:06+00:00","breadcrumb":{"@id":"https:\/\/canal7slp.tv\/2022\/uno-mas-asesinan-a-periodista-en-baja-california\/#breadcrumb"},"inLanguage":"es","potentialAction":[{"@type":"ReadAction","target":["https:\/\/canal7slp.tv\/2022\/uno-mas-asesinan-a-periodista-en-baja-california\/"]}]},{"@type":"ImageObject","inLanguage":"es","@id":"https:\/\/canal7slp.tv\/2022\/uno-mas-asesinan-a-periodista-en-baja-california\/#primaryimage","url":"https:\/\/canal7slp.tv\/2022\/wp-content\/uploads\/2022\/02\/03-3.jpg","contentUrl":"https:\/\/canal7slp.tv\/2022\/wp-content\/uploads\/2022\/02\/03-3.jpg","width":1200,"height":628},{"@type":"BreadcrumbList","@id":"https:\/\/canal7slp.tv\/2022\/uno-mas-asesinan-a-periodista-en-baja-california\/#breadcrumb","itemListElement":[{"@type":"ListItem","position":1,"name":"Portada","item":"https:\/\/canal7slp.tv\/2022\/"},{"@type":"ListItem","position":2,"name":"\u00a1Uno m\u00e1s!, asesinan a periodista en Baja California"}]},{"@type":"WebSite","@id":"https:\/\/canal7slp.tv\/2022\/#website","url":"https:\/\/canal7slp.tv\/2022\/","name":"N7 - Noticieros Canal 7","description":"Somos Televisi\u00f3n","publisher":{"@id":"https:\/\/canal7slp.tv\/2022\/#organization"},"potentialAction":[{"@type":"SearchAction","target":{"@type":"EntryPoint","urlTemplate":"https:\/\/canal7slp.tv\/2022\/?s={search_term_string}"},"query-input":{"@type":"PropertyValueSpecification","valueRequired":true,"valueName":"search_term_string"}}],"inLanguage":"es"},{"@type":"Organization","@id":"https:\/\/canal7slp.tv\/2022\/#organization","name":"Noticieros Canal 7","url":"https:\/\/canal7slp.tv\/2022\/","logo":{"@type":"ImageObject","inLanguage":"es","@id":"https:\/\/canal7slp.tv\/2022\/#\/schema\/logo\/image\/","url":"https:\/\/canal7slp.tv\/2022\/wp-content\/uploads\/2021\/01\/logo-noticieros@2x.png","contentUrl":"https:\/\/canal7slp.tv\/2022\/wp-content\/uploads\/2021\/01\/logo-noticieros@2x.png","width":1017,"height":268,"caption":"Noticieros Canal 7"},"image":{"@id":"https:\/\/canal7slp.tv\/2022\/#\/schema\/logo\/image\/"},"sameAs":["https:\/\/www.facebook.com\/noticieroscanalsiete","https:\/\/x.com\/NOTICIEROS7","https:\/\/www.instagram.com\/canal7_slp","https:\/\/www.youtube.com\/channel\/UCliiYs-gP3JfJeqdPrNdd5A"]},{"@type":"Person","@id":"https:\/\/canal7slp.tv\/2022\/#\/schema\/person\/429704152a21f5f856ce29aa69a238da","name":"Edici\u00f3n Web","image":{"@type":"ImageObject","inLanguage":"es","@id":"https:\/\/secure.gravatar.com\/avatar\/eee448fc3f7164808013b816ba91ac7e43bbe82a70bebac296f8bc6f0addaa1a?s=96&d=mm&r=g","url":"https:\/\/secure.gravatar.com\/avatar\/eee448fc3f7164808013b816ba91ac7e43bbe82a70bebac296f8bc6f0addaa1a?s=96&d=mm&r=g","contentUrl":"https:\/\/secure.gravatar.com\/avatar\/eee448fc3f7164808013b816ba91ac7e43bbe82a70bebac296f8bc6f0addaa1a?s=96&d=mm&r=g","caption":"Edici\u00f3n Web"},"url":"https:\/\/canal7slp.tv\/2022\/author\/edicionweb\/"}]}},"amp_enabled":true,"_links":{"self":[{"href":"https:\/\/canal7slp.tv\/2022\/wp-json\/wp\/v2\/posts\/50303","targetHints":{"allow":["GET"]}}],"collection":[{"href":"https:\/\/canal7slp.tv\/2022\/wp-json\/wp\/v2\/posts"}],"about":[{"href":"https:\/\/canal7slp.tv\/2022\/wp-json\/wp\/v2\/types\/post"}],"author":[{"embeddable":true,"href":"https:\/\/canal7slp.tv\/2022\/wp-json\/wp\/v2\/users\/2"}],"replies":[{"embeddable":true,"href":"https:\/\/canal7slp.tv\/2022\/wp-json\/wp\/v2\/comments?post=50303"}],"version-history":[{"count":3,"href":"https:\/\/canal7slp.tv\/2022\/wp-json\/wp\/v2\/posts\/50303\/revisions"}],"predecessor-version":[{"id":50326,"href":"https:\/\/canal7slp.tv\/2022\/wp-json\/wp\/v2\/posts\/50303\/revisions\/50326"}],"wp:featuredmedia":[{"embeddable":true,"href":"https:\/\/canal7slp.tv\/2022\/wp-json\/wp\/v2\/media\/50315"}],"wp:attachment":[{"href":"https:\/\/canal7slp.tv\/2022\/wp-json\/wp\/v2\/media?parent=50303"}],"wp:term":[{"taxonomy":"category","embeddable":true,"href":"https:\/\/canal7slp.tv\/2022\/wp-json\/wp\/v2\/categories?post=50303"},{"taxonomy":"post_tag","embeddable":true,"href":"https:\/\/canal7slp.tv\/2022\/wp-json\/wp\/v2\/tags?post=50303"}],"curies":[{"name":"wp","href":"https:\/\/api.w.org\/{rel}","templated":true}]}}