{"id":50290,"date":"2022-02-06T16:56:11","date_gmt":"2022-02-06T22:56:11","guid":{"rendered":"https:\/\/canal7slp.tv\/2022\/?p=50290"},"modified":"2022-02-06T16:56:11","modified_gmt":"2022-02-06T22:56:11","slug":"congreso-preve-buena-participacion-en-proceso-de-revocacion-de-mandato","status":"publish","type":"post","link":"https:\/\/canal7slp.tv\/2022\/congreso-preve-buena-participacion-en-proceso-de-revocacion-de-mandato\/","title":{"rendered":"Congreso prev\u00e9 buena participaci\u00f3n en proceso de revocaci\u00f3n de mandato."},"content":{"rendered":"<p style=\"text-align: justify;\">SLP.- Luego de que el pasado viernes el Instituto Nacional Electoral emitiera la convocatoria para la consulta ciudadana de Revocaci\u00f3n de Mandato, este \u00f3rgano electoral aprob\u00f3 tambi\u00e9n la instalaci\u00f3n de 57 mil casillas.<\/p>\n<p style=\"text-align: justify;\">Al respecto, el diputado del partido MORENA Cuauhtli Badillo Moreno calific\u00f3 como un logro este hecho luego de que en un principio, el INE se negara a realizar esta consulta bajo el argumento de que no dispon\u00eda de los recurso necesarios para realizarla.<\/p>\n<p style=\"text-align: justify;\">La consulta de Revocaci\u00f3n de Mandato es un instrumento de participaci\u00f3n ciudadana que fue publicado por el Ejecutivo en el Diario Oficial de la Federaci\u00f3n, el 14 de septiembre de 2021 previa aprobaci\u00f3n de la C\u00e1mara de Diputados y el Senado de la Rep\u00fablica, y que preguntar\u00e1 a los ciudadanos si est\u00e1n de acuerdo en que el presidente de la rep\u00fablica concluya por anticipado su encargo, por p\u00e9rdida de confianza en el desempe\u00f1o de sus funciones.<\/p>\n<p style=\"text-align: justify;\">De este ejercicio democr\u00e1tico que habr\u00e1 de efectuarse el pr\u00f3ximo 10 de Abril el diputado de MORENA Cuauhtli Badillo afirm\u00f3 que en San Luis Potos\u00ed, habr\u00e1 una buena participaci\u00f3n ciudadana.<\/p>\n<p style=\"text-align: justify;\">Cabe se\u00f1alar que derivado de la consulta a partir de este viernes 4 de Febrero y hasta el 10 de abril habr\u00e1 veda electoral, es decir, se suspender\u00e1 la difusi\u00f3n de propaganda gubernamental por lo que el gobierno federal y los gobiernos locales, no podr\u00e1n difundir sus acciones y logros tal como lo establece el art\u00edculo 33 de la Ley Federal de Revocaci\u00f3n de Mandato, para no influir en la opini\u00f3n de los ciudadanos respecto a esta consulta.<\/p>\n<p style=\"text-align: justify;\">Por: Claudio Ibarra<\/p>\n","protected":false},"excerpt":{"rendered":"<p>SLP.- Luego de que el pasado viernes el Instituto Nacional Electoral emitiera la convocatoria para la consulta ciudadana de Revocaci\u00f3n de Mandato, este \u00f3rgano electoral aprob\u00f3 tambi\u00e9n la instalaci\u00f3n de 57 mil casillas. Al respecto, el diputado del partido MORENA Cuauhtli Badillo Moreno calific\u00f3 como un logro este hecho luego de que en un principio, el INE se negara a realizar esta consulta bajo el argumento de que no dispon\u00eda de los recurso necesarios para realizarla. La consulta de Revocaci\u00f3n de Mandato es un instrumento de participaci\u00f3n ciudadana que fue publicado por el Ejecutivo en el Diario Oficial de la [&hellip;]<\/p>\n","protected":false},"author":2,"featured_media":50327,"comment_status":"closed","ping_status":"closed","sticky":false,"template":"","format":"video","meta":{"footnotes":""},"categories":[3,5,45],"tags":[],"class_list":["post-50290","post","type-post","status-publish","format-video","has-post-thumbnail","hentry","category-congreso","category-destacadas","category-localesyregionales","post_format-post-format-video","post--single"],"yoast_head":"<!-- This site is optimized with the Yoast SEO plugin v27.5 - https:\/\/yoast.com\/product\/yoast-seo-wordpress\/ -->\n<title>Congreso prev\u00e9 buena participaci\u00f3n en proceso de revocaci\u00f3n de mandato. - Canal 7 SLP - 2022<\/title>\n<meta name=\"robots\" content=\"index, follow, max-snippet:-1, max-image-preview:large, max-video-preview:-1\" \/>\n<link rel=\"canonical\" href=\"https:\/\/canal7slp.tv\/2022\/congreso-preve-buena-participacion-en-proceso-de-revocacion-de-mandato\/\" \/>\n<meta property=\"og:locale\" content=\"es_ES\" \/>\n<meta property=\"og:type\" content=\"article\" \/>\n<meta property=\"og:title\" content=\"Congreso prev\u00e9 buena participaci\u00f3n en proceso de revocaci\u00f3n de mandato. - Canal 7 SLP - 2022\" \/>\n<meta property=\"og:description\" content=\"SLP.- Luego de que el pasado viernes el Instituto Nacional Electoral emitiera la convocatoria para la consulta ciudadana de Revocaci\u00f3n de Mandato, este \u00f3rgano electoral aprob\u00f3 tambi\u00e9n la instalaci\u00f3n de 57 mil casillas. Al respecto, el diputado del partido MORENA Cuauhtli Badillo Moreno calific\u00f3 como un logro este hecho luego de que en un principio, el INE se negara a realizar esta consulta bajo el argumento de que no dispon\u00eda de los recurso necesarios para realizarla. La consulta de Revocaci\u00f3n de Mandato es un instrumento de participaci\u00f3n ciudadana que fue publicado por el Ejecutivo en el Diario Oficial de la [&hellip;]\" \/>\n<meta property=\"og:url\" content=\"https:\/\/canal7slp.tv\/2022\/congreso-preve-buena-participacion-en-proceso-de-revocacion-de-mandato\/\" \/>\n<meta property=\"og:site_name\" content=\"Canal 7 SLP - 2022\" \/>\n<meta property=\"article:publisher\" content=\"https:\/\/www.facebook.com\/noticieroscanalsiete\" \/>\n<meta property=\"article:published_time\" content=\"2022-02-06T22:56:11+00:00\" \/>\n<meta property=\"og:image\" content=\"https:\/\/canal7slp.tv\/2022\/wp-content\/uploads\/2022\/02\/Claudio01Consulta.jpg\" \/>\n\t<meta property=\"og:image:width\" content=\"888\" \/>\n\t<meta property=\"og:image:height\" content=\"500\" \/>\n\t<meta property=\"og:image:type\" content=\"image\/jpeg\" \/>\n<meta name=\"author\" content=\"Edici\u00f3n Web\" \/>\n<meta name=\"twitter:card\" content=\"summary_large_image\" \/>\n<meta name=\"twitter:creator\" content=\"@NOTICIEROS7\" \/>\n<meta name=\"twitter:site\" content=\"@NOTICIEROS7\" \/>\n<meta name=\"twitter:label1\" content=\"Escrito por\" \/>\n\t<meta name=\"twitter:data1\" content=\"Edici\u00f3n Web\" \/>\n\t<meta name=\"twitter:label2\" content=\"Tiempo de lectura\" \/>\n\t<meta name=\"twitter:data2\" content=\"2 minutos\" \/>\n<script type=\"application\/ld+json\" class=\"yoast-schema-graph\">{\"@context\":\"https:\\\/\\\/schema.org\",\"@graph\":[{\"@type\":\"Article\",\"@id\":\"https:\\\/\\\/canal7slp.tv\\\/2022\\\/congreso-preve-buena-participacion-en-proceso-de-revocacion-de-mandato\\\/#article\",\"isPartOf\":{\"@id\":\"https:\\\/\\\/canal7slp.tv\\\/2022\\\/congreso-preve-buena-participacion-en-proceso-de-revocacion-de-mandato\\\/\"},\"author\":{\"name\":\"Edici\u00f3n Web\",\"@id\":\"https:\\\/\\\/canal7slp.tv\\\/2022\\\/#\\\/schema\\\/person\\\/429704152a21f5f856ce29aa69a238da\"},\"headline\":\"Congreso prev\u00e9 buena participaci\u00f3n en proceso de revocaci\u00f3n de mandato.\",\"datePublished\":\"2022-02-06T22:56:11+00:00\",\"mainEntityOfPage\":{\"@id\":\"https:\\\/\\\/canal7slp.tv\\\/2022\\\/congreso-preve-buena-participacion-en-proceso-de-revocacion-de-mandato\\\/\"},\"wordCount\":292,\"publisher\":{\"@id\":\"https:\\\/\\\/canal7slp.tv\\\/2022\\\/#organization\"},\"image\":{\"@id\":\"https:\\\/\\\/canal7slp.tv\\\/2022\\\/congreso-preve-buena-participacion-en-proceso-de-revocacion-de-mandato\\\/#primaryimage\"},\"thumbnailUrl\":\"https:\\\/\\\/canal7slp.tv\\\/2022\\\/wp-content\\\/uploads\\\/2022\\\/02\\\/Claudio01Consulta.jpg\",\"articleSection\":[\"CONGRESO\",\"DESTACADAS\",\"LOCALES Y REGIONALES\"],\"inLanguage\":\"es\"},{\"@type\":\"WebPage\",\"@id\":\"https:\\\/\\\/canal7slp.tv\\\/2022\\\/congreso-preve-buena-participacion-en-proceso-de-revocacion-de-mandato\\\/\",\"url\":\"https:\\\/\\\/canal7slp.tv\\\/2022\\\/congreso-preve-buena-participacion-en-proceso-de-revocacion-de-mandato\\\/\",\"name\":\"Congreso prev\u00e9 buena participaci\u00f3n en proceso de revocaci\u00f3n de mandato. - Canal 7 SLP - 2022\",\"isPartOf\":{\"@id\":\"https:\\\/\\\/canal7slp.tv\\\/2022\\\/#website\"},\"primaryImageOfPage\":{\"@id\":\"https:\\\/\\\/canal7slp.tv\\\/2022\\\/congreso-preve-buena-participacion-en-proceso-de-revocacion-de-mandato\\\/#primaryimage\"},\"image\":{\"@id\":\"https:\\\/\\\/canal7slp.tv\\\/2022\\\/congreso-preve-buena-participacion-en-proceso-de-revocacion-de-mandato\\\/#primaryimage\"},\"thumbnailUrl\":\"https:\\\/\\\/canal7slp.tv\\\/2022\\\/wp-content\\\/uploads\\\/2022\\\/02\\\/Claudio01Consulta.jpg\",\"datePublished\":\"2022-02-06T22:56:11+00:00\",\"breadcrumb\":{\"@id\":\"https:\\\/\\\/canal7slp.tv\\\/2022\\\/congreso-preve-buena-participacion-en-proceso-de-revocacion-de-mandato\\\/#breadcrumb\"},\"inLanguage\":\"es\",\"potentialAction\":[{\"@type\":\"ReadAction\",\"target\":[\"https:\\\/\\\/canal7slp.tv\\\/2022\\\/congreso-preve-buena-participacion-en-proceso-de-revocacion-de-mandato\\\/\"]}]},{\"@type\":\"ImageObject\",\"inLanguage\":\"es\",\"@id\":\"https:\\\/\\\/canal7slp.tv\\\/2022\\\/congreso-preve-buena-participacion-en-proceso-de-revocacion-de-mandato\\\/#primaryimage\",\"url\":\"https:\\\/\\\/canal7slp.tv\\\/2022\\\/wp-content\\\/uploads\\\/2022\\\/02\\\/Claudio01Consulta.jpg\",\"contentUrl\":\"https:\\\/\\\/canal7slp.tv\\\/2022\\\/wp-content\\\/uploads\\\/2022\\\/02\\\/Claudio01Consulta.jpg\",\"width\":888,\"height\":500},{\"@type\":\"BreadcrumbList\",\"@id\":\"https:\\\/\\\/canal7slp.tv\\\/2022\\\/congreso-preve-buena-participacion-en-proceso-de-revocacion-de-mandato\\\/#breadcrumb\",\"itemListElement\":[{\"@type\":\"ListItem\",\"position\":1,\"name\":\"Portada\",\"item\":\"https:\\\/\\\/canal7slp.tv\\\/2022\\\/\"},{\"@type\":\"ListItem\",\"position\":2,\"name\":\"Congreso prev\u00e9 buena participaci\u00f3n en proceso de revocaci\u00f3n de mandato.\"}]},{\"@type\":\"WebSite\",\"@id\":\"https:\\\/\\\/canal7slp.tv\\\/2022\\\/#website\",\"url\":\"https:\\\/\\\/canal7slp.tv\\\/2022\\\/\",\"name\":\"N7 - Noticieros Canal 7\",\"description\":\"Somos Televisi\u00f3n\",\"publisher\":{\"@id\":\"https:\\\/\\\/canal7slp.tv\\\/2022\\\/#organization\"},\"potentialAction\":[{\"@type\":\"SearchAction\",\"target\":{\"@type\":\"EntryPoint\",\"urlTemplate\":\"https:\\\/\\\/canal7slp.tv\\\/2022\\\/?s={search_term_string}\"},\"query-input\":{\"@type\":\"PropertyValueSpecification\",\"valueRequired\":true,\"valueName\":\"search_term_string\"}}],\"inLanguage\":\"es\"},{\"@type\":\"Organization\",\"@id\":\"https:\\\/\\\/canal7slp.tv\\\/2022\\\/#organization\",\"name\":\"Noticieros Canal 7\",\"url\":\"https:\\\/\\\/canal7slp.tv\\\/2022\\\/\",\"logo\":{\"@type\":\"ImageObject\",\"inLanguage\":\"es\",\"@id\":\"https:\\\/\\\/canal7slp.tv\\\/2022\\\/#\\\/schema\\\/logo\\\/image\\\/\",\"url\":\"https:\\\/\\\/canal7slp.tv\\\/2022\\\/wp-content\\\/uploads\\\/2021\\\/01\\\/logo-noticieros@2x.png\",\"contentUrl\":\"https:\\\/\\\/canal7slp.tv\\\/2022\\\/wp-content\\\/uploads\\\/2021\\\/01\\\/logo-noticieros@2x.png\",\"width\":1017,\"height\":268,\"caption\":\"Noticieros Canal 7\"},\"image\":{\"@id\":\"https:\\\/\\\/canal7slp.tv\\\/2022\\\/#\\\/schema\\\/logo\\\/image\\\/\"},\"sameAs\":[\"https:\\\/\\\/www.facebook.com\\\/noticieroscanalsiete\",\"https:\\\/\\\/x.com\\\/NOTICIEROS7\",\"https:\\\/\\\/www.instagram.com\\\/canal7_slp\",\"https:\\\/\\\/www.youtube.com\\\/channel\\\/UCliiYs-gP3JfJeqdPrNdd5A\"]},{\"@type\":\"Person\",\"@id\":\"https:\\\/\\\/canal7slp.tv\\\/2022\\\/#\\\/schema\\\/person\\\/429704152a21f5f856ce29aa69a238da\",\"name\":\"Edici\u00f3n Web\",\"image\":{\"@type\":\"ImageObject\",\"inLanguage\":\"es\",\"@id\":\"https:\\\/\\\/secure.gravatar.com\\\/avatar\\\/eee448fc3f7164808013b816ba91ac7e43bbe82a70bebac296f8bc6f0addaa1a?s=96&d=mm&r=g\",\"url\":\"https:\\\/\\\/secure.gravatar.com\\\/avatar\\\/eee448fc3f7164808013b816ba91ac7e43bbe82a70bebac296f8bc6f0addaa1a?s=96&d=mm&r=g\",\"contentUrl\":\"https:\\\/\\\/secure.gravatar.com\\\/avatar\\\/eee448fc3f7164808013b816ba91ac7e43bbe82a70bebac296f8bc6f0addaa1a?s=96&d=mm&r=g\",\"caption\":\"Edici\u00f3n Web\"},\"url\":\"https:\\\/\\\/canal7slp.tv\\\/2022\\\/author\\\/edicionweb\\\/\"}]}<\/script>\n<!-- \/ Yoast SEO plugin. -->","yoast_head_json":{"title":"Congreso prev\u00e9 buena participaci\u00f3n en proceso de revocaci\u00f3n de mandato. - Canal 7 SLP - 2022","robots":{"index":"index","follow":"follow","max-snippet":"max-snippet:-1","max-image-preview":"max-image-preview:large","max-video-preview":"max-video-preview:-1"},"canonical":"https:\/\/canal7slp.tv\/2022\/congreso-preve-buena-participacion-en-proceso-de-revocacion-de-mandato\/","og_locale":"es_ES","og_type":"article","og_title":"Congreso prev\u00e9 buena participaci\u00f3n en proceso de revocaci\u00f3n de mandato. - Canal 7 SLP - 2022","og_description":"SLP.- Luego de que el pasado viernes el Instituto Nacional Electoral emitiera la convocatoria para la consulta ciudadana de Revocaci\u00f3n de Mandato, este \u00f3rgano electoral aprob\u00f3 tambi\u00e9n la instalaci\u00f3n de 57 mil casillas. Al respecto, el diputado del partido MORENA Cuauhtli Badillo Moreno calific\u00f3 como un logro este hecho luego de que en un principio, el INE se negara a realizar esta consulta bajo el argumento de que no dispon\u00eda de los recurso necesarios para realizarla. La consulta de Revocaci\u00f3n de Mandato es un instrumento de participaci\u00f3n ciudadana que fue publicado por el Ejecutivo en el Diario Oficial de la [&hellip;]","og_url":"https:\/\/canal7slp.tv\/2022\/congreso-preve-buena-participacion-en-proceso-de-revocacion-de-mandato\/","og_site_name":"Canal 7 SLP - 2022","article_publisher":"https:\/\/www.facebook.com\/noticieroscanalsiete","article_published_time":"2022-02-06T22:56:11+00:00","og_image":[{"width":888,"height":500,"url":"https:\/\/canal7slp.tv\/2022\/wp-content\/uploads\/2022\/02\/Claudio01Consulta.jpg","type":"image\/jpeg"}],"author":"Edici\u00f3n Web","twitter_card":"summary_large_image","twitter_creator":"@NOTICIEROS7","twitter_site":"@NOTICIEROS7","twitter_misc":{"Escrito por":"Edici\u00f3n Web","Tiempo de lectura":"2 minutos"},"schema":{"@context":"https:\/\/schema.org","@graph":[{"@type":"Article","@id":"https:\/\/canal7slp.tv\/2022\/congreso-preve-buena-participacion-en-proceso-de-revocacion-de-mandato\/#article","isPartOf":{"@id":"https:\/\/canal7slp.tv\/2022\/congreso-preve-buena-participacion-en-proceso-de-revocacion-de-mandato\/"},"author":{"name":"Edici\u00f3n Web","@id":"https:\/\/canal7slp.tv\/2022\/#\/schema\/person\/429704152a21f5f856ce29aa69a238da"},"headline":"Congreso prev\u00e9 buena participaci\u00f3n en proceso de revocaci\u00f3n de mandato.","datePublished":"2022-02-06T22:56:11+00:00","mainEntityOfPage":{"@id":"https:\/\/canal7slp.tv\/2022\/congreso-preve-buena-participacion-en-proceso-de-revocacion-de-mandato\/"},"wordCount":292,"publisher":{"@id":"https:\/\/canal7slp.tv\/2022\/#organization"},"image":{"@id":"https:\/\/canal7slp.tv\/2022\/congreso-preve-buena-participacion-en-proceso-de-revocacion-de-mandato\/#primaryimage"},"thumbnailUrl":"https:\/\/canal7slp.tv\/2022\/wp-content\/uploads\/2022\/02\/Claudio01Consulta.jpg","articleSection":["CONGRESO","DESTACADAS","LOCALES Y REGIONALES"],"inLanguage":"es"},{"@type":"WebPage","@id":"https:\/\/canal7slp.tv\/2022\/congreso-preve-buena-participacion-en-proceso-de-revocacion-de-mandato\/","url":"https:\/\/canal7slp.tv\/2022\/congreso-preve-buena-participacion-en-proceso-de-revocacion-de-mandato\/","name":"Congreso prev\u00e9 buena participaci\u00f3n en proceso de revocaci\u00f3n de mandato. - Canal 7 SLP - 2022","isPartOf":{"@id":"https:\/\/canal7slp.tv\/2022\/#website"},"primaryImageOfPage":{"@id":"https:\/\/canal7slp.tv\/2022\/congreso-preve-buena-participacion-en-proceso-de-revocacion-de-mandato\/#primaryimage"},"image":{"@id":"https:\/\/canal7slp.tv\/2022\/congreso-preve-buena-participacion-en-proceso-de-revocacion-de-mandato\/#primaryimage"},"thumbnailUrl":"https:\/\/canal7slp.tv\/2022\/wp-content\/uploads\/2022\/02\/Claudio01Consulta.jpg","datePublished":"2022-02-06T22:56:11+00:00","breadcrumb":{"@id":"https:\/\/canal7slp.tv\/2022\/congreso-preve-buena-participacion-en-proceso-de-revocacion-de-mandato\/#breadcrumb"},"inLanguage":"es","potentialAction":[{"@type":"ReadAction","target":["https:\/\/canal7slp.tv\/2022\/congreso-preve-buena-participacion-en-proceso-de-revocacion-de-mandato\/"]}]},{"@type":"ImageObject","inLanguage":"es","@id":"https:\/\/canal7slp.tv\/2022\/congreso-preve-buena-participacion-en-proceso-de-revocacion-de-mandato\/#primaryimage","url":"https:\/\/canal7slp.tv\/2022\/wp-content\/uploads\/2022\/02\/Claudio01Consulta.jpg","contentUrl":"https:\/\/canal7slp.tv\/2022\/wp-content\/uploads\/2022\/02\/Claudio01Consulta.jpg","width":888,"height":500},{"@type":"BreadcrumbList","@id":"https:\/\/canal7slp.tv\/2022\/congreso-preve-buena-participacion-en-proceso-de-revocacion-de-mandato\/#breadcrumb","itemListElement":[{"@type":"ListItem","position":1,"name":"Portada","item":"https:\/\/canal7slp.tv\/2022\/"},{"@type":"ListItem","position":2,"name":"Congreso prev\u00e9 buena participaci\u00f3n en proceso de revocaci\u00f3n de mandato."}]},{"@type":"WebSite","@id":"https:\/\/canal7slp.tv\/2022\/#website","url":"https:\/\/canal7slp.tv\/2022\/","name":"N7 - Noticieros Canal 7","description":"Somos Televisi\u00f3n","publisher":{"@id":"https:\/\/canal7slp.tv\/2022\/#organization"},"potentialAction":[{"@type":"SearchAction","target":{"@type":"EntryPoint","urlTemplate":"https:\/\/canal7slp.tv\/2022\/?s={search_term_string}"},"query-input":{"@type":"PropertyValueSpecification","valueRequired":true,"valueName":"search_term_string"}}],"inLanguage":"es"},{"@type":"Organization","@id":"https:\/\/canal7slp.tv\/2022\/#organization","name":"Noticieros Canal 7","url":"https:\/\/canal7slp.tv\/2022\/","logo":{"@type":"ImageObject","inLanguage":"es","@id":"https:\/\/canal7slp.tv\/2022\/#\/schema\/logo\/image\/","url":"https:\/\/canal7slp.tv\/2022\/wp-content\/uploads\/2021\/01\/logo-noticieros@2x.png","contentUrl":"https:\/\/canal7slp.tv\/2022\/wp-content\/uploads\/2021\/01\/logo-noticieros@2x.png","width":1017,"height":268,"caption":"Noticieros Canal 7"},"image":{"@id":"https:\/\/canal7slp.tv\/2022\/#\/schema\/logo\/image\/"},"sameAs":["https:\/\/www.facebook.com\/noticieroscanalsiete","https:\/\/x.com\/NOTICIEROS7","https:\/\/www.instagram.com\/canal7_slp","https:\/\/www.youtube.com\/channel\/UCliiYs-gP3JfJeqdPrNdd5A"]},{"@type":"Person","@id":"https:\/\/canal7slp.tv\/2022\/#\/schema\/person\/429704152a21f5f856ce29aa69a238da","name":"Edici\u00f3n Web","image":{"@type":"ImageObject","inLanguage":"es","@id":"https:\/\/secure.gravatar.com\/avatar\/eee448fc3f7164808013b816ba91ac7e43bbe82a70bebac296f8bc6f0addaa1a?s=96&d=mm&r=g","url":"https:\/\/secure.gravatar.com\/avatar\/eee448fc3f7164808013b816ba91ac7e43bbe82a70bebac296f8bc6f0addaa1a?s=96&d=mm&r=g","contentUrl":"https:\/\/secure.gravatar.com\/avatar\/eee448fc3f7164808013b816ba91ac7e43bbe82a70bebac296f8bc6f0addaa1a?s=96&d=mm&r=g","caption":"Edici\u00f3n Web"},"url":"https:\/\/canal7slp.tv\/2022\/author\/edicionweb\/"}]}},"amp_enabled":true,"_links":{"self":[{"href":"https:\/\/canal7slp.tv\/2022\/wp-json\/wp\/v2\/posts\/50290","targetHints":{"allow":["GET"]}}],"collection":[{"href":"https:\/\/canal7slp.tv\/2022\/wp-json\/wp\/v2\/posts"}],"about":[{"href":"https:\/\/canal7slp.tv\/2022\/wp-json\/wp\/v2\/types\/post"}],"author":[{"embeddable":true,"href":"https:\/\/canal7slp.tv\/2022\/wp-json\/wp\/v2\/users\/2"}],"replies":[{"embeddable":true,"href":"https:\/\/canal7slp.tv\/2022\/wp-json\/wp\/v2\/comments?post=50290"}],"version-history":[{"count":3,"href":"https:\/\/canal7slp.tv\/2022\/wp-json\/wp\/v2\/posts\/50290\/revisions"}],"predecessor-version":[{"id":50328,"href":"https:\/\/canal7slp.tv\/2022\/wp-json\/wp\/v2\/posts\/50290\/revisions\/50328"}],"wp:featuredmedia":[{"embeddable":true,"href":"https:\/\/canal7slp.tv\/2022\/wp-json\/wp\/v2\/media\/50327"}],"wp:attachment":[{"href":"https:\/\/canal7slp.tv\/2022\/wp-json\/wp\/v2\/media?parent=50290"}],"wp:term":[{"taxonomy":"category","embeddable":true,"href":"https:\/\/canal7slp.tv\/2022\/wp-json\/wp\/v2\/categories?post=50290"},{"taxonomy":"post_tag","embeddable":true,"href":"https:\/\/canal7slp.tv\/2022\/wp-json\/wp\/v2\/tags?post=50290"}],"curies":[{"name":"wp","href":"https:\/\/api.w.org\/{rel}","templated":true}]}}