{"id":50271,"date":"2022-02-05T16:49:40","date_gmt":"2022-02-05T22:49:40","guid":{"rendered":"https:\/\/canal7slp.tv\/2022\/?p=50271"},"modified":"2022-02-05T16:49:40","modified_gmt":"2022-02-05T22:49:40","slug":"juez-de-control-determina-que-rosario-robles-permanecera-en-prision","status":"publish","type":"post","link":"https:\/\/canal7slp.tv\/2022\/juez-de-control-determina-que-rosario-robles-permanecera-en-prision\/","title":{"rendered":"Juez de Control determina que Rosario Robles permanecer\u00e1 en prisi\u00f3n"},"content":{"rendered":"<p style=\"text-align: justify;\">M\u00e9xico.- Ganther Alejandro Villar Ceballos, Juez de Control del Reclusorio Sur, se\u00f1al\u00f3 que el delito de \u201cuso indebido de funciones\u201d -por el que est\u00e1 procesada Mar\u00eda del Rosario Robles Berlanga- no ha prescrito, por lo que determin\u00f3 que la exfuncionaria permanecer\u00e1 en prisi\u00f3n.<\/p>\n<p style=\"text-align: justify;\">Cabe se\u00f1alar que Robles Berlanga no quiso acudir a las salas del Centro de Justicia Penal Federal y seg\u00fan su defensa, esa negativa deriv\u00f3 de ver por cuestiones de salud, debido a que la exsecretaria federal padeci\u00f3 COVID-19 y mantiene secuelas.<\/p>\n<p style=\"text-align: justify;\">Durante la misma, fueron indicados los antecedentes del amparo promovido y sus alcances a favor de Rosario Robles.<\/p>\n<p style=\"text-align: justify;\">Pese a esto, Villar Ceballos determin\u00f3 que la omisi\u00f3n en el desv\u00edo de recursos segu\u00eda vigente, de acuerdo a lo estipulado en el art\u00edculo 114 de la Ley Federal de Presupuesto y Responsabilidad Hacendaria.<\/p>\n<p style=\"text-align: justify;\">De haber decido lo contrario, hab\u00eda posibilidad de dejar libre a la imputada.<\/p>\n","protected":false},"excerpt":{"rendered":"<p>M\u00e9xico.- Ganther Alejandro Villar Ceballos, Juez de Control del Reclusorio Sur, se\u00f1al\u00f3 que el delito de \u201cuso indebido de funciones\u201d -por el que est\u00e1 procesada Mar\u00eda del Rosario Robles Berlanga- no ha prescrito, por lo que determin\u00f3 que la exfuncionaria permanecer\u00e1 en prisi\u00f3n. Cabe se\u00f1alar que Robles Berlanga no quiso acudir a las salas del Centro de Justicia Penal Federal y seg\u00fan su defensa, esa negativa deriv\u00f3 de ver por cuestiones de salud, debido a que la exsecretaria federal padeci\u00f3 COVID-19 y mantiene secuelas. Durante la misma, fueron indicados los antecedentes del amparo promovido y sus alcances a favor de [&hellip;]<\/p>\n","protected":false},"author":2,"featured_media":50281,"comment_status":"closed","ping_status":"closed","sticky":false,"template":"","format":"standard","meta":{"footnotes":""},"categories":[46],"tags":[],"class_list":["post-50271","post","type-post","status-publish","format-standard","has-post-thumbnail","hentry","category-nacional","post--single"],"yoast_head":"<!-- This site is optimized with the Yoast SEO plugin v27.5 - https:\/\/yoast.com\/product\/yoast-seo-wordpress\/ -->\n<title>Juez de Control determina que Rosario Robles permanecer\u00e1 en prisi\u00f3n - Canal 7 SLP - 2022<\/title>\n<meta name=\"robots\" content=\"index, follow, max-snippet:-1, max-image-preview:large, max-video-preview:-1\" \/>\n<link rel=\"canonical\" href=\"https:\/\/canal7slp.tv\/2022\/juez-de-control-determina-que-rosario-robles-permanecera-en-prision\/\" \/>\n<meta property=\"og:locale\" content=\"es_ES\" \/>\n<meta property=\"og:type\" content=\"article\" \/>\n<meta property=\"og:title\" content=\"Juez de Control determina que Rosario Robles permanecer\u00e1 en prisi\u00f3n - Canal 7 SLP - 2022\" \/>\n<meta property=\"og:description\" content=\"M\u00e9xico.- Ganther Alejandro Villar Ceballos, Juez de Control del Reclusorio Sur, se\u00f1al\u00f3 que el delito de \u201cuso indebido de funciones\u201d -por el que est\u00e1 procesada Mar\u00eda del Rosario Robles Berlanga- no ha prescrito, por lo que determin\u00f3 que la exfuncionaria permanecer\u00e1 en prisi\u00f3n. Cabe se\u00f1alar que Robles Berlanga no quiso acudir a las salas del Centro de Justicia Penal Federal y seg\u00fan su defensa, esa negativa deriv\u00f3 de ver por cuestiones de salud, debido a que la exsecretaria federal padeci\u00f3 COVID-19 y mantiene secuelas. Durante la misma, fueron indicados los antecedentes del amparo promovido y sus alcances a favor de [&hellip;]\" \/>\n<meta property=\"og:url\" content=\"https:\/\/canal7slp.tv\/2022\/juez-de-control-determina-que-rosario-robles-permanecera-en-prision\/\" \/>\n<meta property=\"og:site_name\" content=\"Canal 7 SLP - 2022\" \/>\n<meta property=\"article:publisher\" content=\"https:\/\/www.facebook.com\/noticieroscanalsiete\" \/>\n<meta property=\"article:published_time\" content=\"2022-02-05T22:49:40+00:00\" \/>\n<meta property=\"og:image\" content=\"https:\/\/canal7slp.tv\/2022\/wp-content\/uploads\/2022\/02\/02-2.jpg\" \/>\n\t<meta property=\"og:image:width\" content=\"608\" \/>\n\t<meta property=\"og:image:height\" content=\"342\" \/>\n\t<meta property=\"og:image:type\" content=\"image\/jpeg\" \/>\n<meta name=\"author\" content=\"Edici\u00f3n Web\" \/>\n<meta name=\"twitter:card\" content=\"summary_large_image\" \/>\n<meta name=\"twitter:creator\" content=\"@NOTICIEROS7\" \/>\n<meta name=\"twitter:site\" content=\"@NOTICIEROS7\" \/>\n<meta name=\"twitter:label1\" content=\"Escrito por\" \/>\n\t<meta name=\"twitter:data1\" content=\"Edici\u00f3n Web\" \/>\n\t<meta name=\"twitter:label2\" content=\"Tiempo de lectura\" \/>\n\t<meta name=\"twitter:data2\" content=\"1 minuto\" \/>\n<script type=\"application\/ld+json\" class=\"yoast-schema-graph\">{\"@context\":\"https:\\\/\\\/schema.org\",\"@graph\":[{\"@type\":\"Article\",\"@id\":\"https:\\\/\\\/canal7slp.tv\\\/2022\\\/juez-de-control-determina-que-rosario-robles-permanecera-en-prision\\\/#article\",\"isPartOf\":{\"@id\":\"https:\\\/\\\/canal7slp.tv\\\/2022\\\/juez-de-control-determina-que-rosario-robles-permanecera-en-prision\\\/\"},\"author\":{\"name\":\"Edici\u00f3n Web\",\"@id\":\"https:\\\/\\\/canal7slp.tv\\\/2022\\\/#\\\/schema\\\/person\\\/429704152a21f5f856ce29aa69a238da\"},\"headline\":\"Juez de Control determina que Rosario Robles permanecer\u00e1 en prisi\u00f3n\",\"datePublished\":\"2022-02-05T22:49:40+00:00\",\"mainEntityOfPage\":{\"@id\":\"https:\\\/\\\/canal7slp.tv\\\/2022\\\/juez-de-control-determina-que-rosario-robles-permanecera-en-prision\\\/\"},\"wordCount\":171,\"publisher\":{\"@id\":\"https:\\\/\\\/canal7slp.tv\\\/2022\\\/#organization\"},\"image\":{\"@id\":\"https:\\\/\\\/canal7slp.tv\\\/2022\\\/juez-de-control-determina-que-rosario-robles-permanecera-en-prision\\\/#primaryimage\"},\"thumbnailUrl\":\"https:\\\/\\\/canal7slp.tv\\\/2022\\\/wp-content\\\/uploads\\\/2022\\\/02\\\/02-2.jpg\",\"articleSection\":[\"NACIONALES\"],\"inLanguage\":\"es\"},{\"@type\":\"WebPage\",\"@id\":\"https:\\\/\\\/canal7slp.tv\\\/2022\\\/juez-de-control-determina-que-rosario-robles-permanecera-en-prision\\\/\",\"url\":\"https:\\\/\\\/canal7slp.tv\\\/2022\\\/juez-de-control-determina-que-rosario-robles-permanecera-en-prision\\\/\",\"name\":\"Juez de Control determina que Rosario Robles permanecer\u00e1 en prisi\u00f3n - Canal 7 SLP - 2022\",\"isPartOf\":{\"@id\":\"https:\\\/\\\/canal7slp.tv\\\/2022\\\/#website\"},\"primaryImageOfPage\":{\"@id\":\"https:\\\/\\\/canal7slp.tv\\\/2022\\\/juez-de-control-determina-que-rosario-robles-permanecera-en-prision\\\/#primaryimage\"},\"image\":{\"@id\":\"https:\\\/\\\/canal7slp.tv\\\/2022\\\/juez-de-control-determina-que-rosario-robles-permanecera-en-prision\\\/#primaryimage\"},\"thumbnailUrl\":\"https:\\\/\\\/canal7slp.tv\\\/2022\\\/wp-content\\\/uploads\\\/2022\\\/02\\\/02-2.jpg\",\"datePublished\":\"2022-02-05T22:49:40+00:00\",\"breadcrumb\":{\"@id\":\"https:\\\/\\\/canal7slp.tv\\\/2022\\\/juez-de-control-determina-que-rosario-robles-permanecera-en-prision\\\/#breadcrumb\"},\"inLanguage\":\"es\",\"potentialAction\":[{\"@type\":\"ReadAction\",\"target\":[\"https:\\\/\\\/canal7slp.tv\\\/2022\\\/juez-de-control-determina-que-rosario-robles-permanecera-en-prision\\\/\"]}]},{\"@type\":\"ImageObject\",\"inLanguage\":\"es\",\"@id\":\"https:\\\/\\\/canal7slp.tv\\\/2022\\\/juez-de-control-determina-que-rosario-robles-permanecera-en-prision\\\/#primaryimage\",\"url\":\"https:\\\/\\\/canal7slp.tv\\\/2022\\\/wp-content\\\/uploads\\\/2022\\\/02\\\/02-2.jpg\",\"contentUrl\":\"https:\\\/\\\/canal7slp.tv\\\/2022\\\/wp-content\\\/uploads\\\/2022\\\/02\\\/02-2.jpg\",\"width\":608,\"height\":342},{\"@type\":\"BreadcrumbList\",\"@id\":\"https:\\\/\\\/canal7slp.tv\\\/2022\\\/juez-de-control-determina-que-rosario-robles-permanecera-en-prision\\\/#breadcrumb\",\"itemListElement\":[{\"@type\":\"ListItem\",\"position\":1,\"name\":\"Portada\",\"item\":\"https:\\\/\\\/canal7slp.tv\\\/2022\\\/\"},{\"@type\":\"ListItem\",\"position\":2,\"name\":\"Juez de Control determina que Rosario Robles permanecer\u00e1 en prisi\u00f3n\"}]},{\"@type\":\"WebSite\",\"@id\":\"https:\\\/\\\/canal7slp.tv\\\/2022\\\/#website\",\"url\":\"https:\\\/\\\/canal7slp.tv\\\/2022\\\/\",\"name\":\"N7 - Noticieros Canal 7\",\"description\":\"Somos Televisi\u00f3n\",\"publisher\":{\"@id\":\"https:\\\/\\\/canal7slp.tv\\\/2022\\\/#organization\"},\"potentialAction\":[{\"@type\":\"SearchAction\",\"target\":{\"@type\":\"EntryPoint\",\"urlTemplate\":\"https:\\\/\\\/canal7slp.tv\\\/2022\\\/?s={search_term_string}\"},\"query-input\":{\"@type\":\"PropertyValueSpecification\",\"valueRequired\":true,\"valueName\":\"search_term_string\"}}],\"inLanguage\":\"es\"},{\"@type\":\"Organization\",\"@id\":\"https:\\\/\\\/canal7slp.tv\\\/2022\\\/#organization\",\"name\":\"Noticieros Canal 7\",\"url\":\"https:\\\/\\\/canal7slp.tv\\\/2022\\\/\",\"logo\":{\"@type\":\"ImageObject\",\"inLanguage\":\"es\",\"@id\":\"https:\\\/\\\/canal7slp.tv\\\/2022\\\/#\\\/schema\\\/logo\\\/image\\\/\",\"url\":\"https:\\\/\\\/canal7slp.tv\\\/2022\\\/wp-content\\\/uploads\\\/2021\\\/01\\\/logo-noticieros@2x.png\",\"contentUrl\":\"https:\\\/\\\/canal7slp.tv\\\/2022\\\/wp-content\\\/uploads\\\/2021\\\/01\\\/logo-noticieros@2x.png\",\"width\":1017,\"height\":268,\"caption\":\"Noticieros Canal 7\"},\"image\":{\"@id\":\"https:\\\/\\\/canal7slp.tv\\\/2022\\\/#\\\/schema\\\/logo\\\/image\\\/\"},\"sameAs\":[\"https:\\\/\\\/www.facebook.com\\\/noticieroscanalsiete\",\"https:\\\/\\\/x.com\\\/NOTICIEROS7\",\"https:\\\/\\\/www.instagram.com\\\/canal7_slp\",\"https:\\\/\\\/www.youtube.com\\\/channel\\\/UCliiYs-gP3JfJeqdPrNdd5A\"]},{\"@type\":\"Person\",\"@id\":\"https:\\\/\\\/canal7slp.tv\\\/2022\\\/#\\\/schema\\\/person\\\/429704152a21f5f856ce29aa69a238da\",\"name\":\"Edici\u00f3n Web\",\"image\":{\"@type\":\"ImageObject\",\"inLanguage\":\"es\",\"@id\":\"https:\\\/\\\/secure.gravatar.com\\\/avatar\\\/eee448fc3f7164808013b816ba91ac7e43bbe82a70bebac296f8bc6f0addaa1a?s=96&d=mm&r=g\",\"url\":\"https:\\\/\\\/secure.gravatar.com\\\/avatar\\\/eee448fc3f7164808013b816ba91ac7e43bbe82a70bebac296f8bc6f0addaa1a?s=96&d=mm&r=g\",\"contentUrl\":\"https:\\\/\\\/secure.gravatar.com\\\/avatar\\\/eee448fc3f7164808013b816ba91ac7e43bbe82a70bebac296f8bc6f0addaa1a?s=96&d=mm&r=g\",\"caption\":\"Edici\u00f3n Web\"},\"url\":\"https:\\\/\\\/canal7slp.tv\\\/2022\\\/author\\\/edicionweb\\\/\"}]}<\/script>\n<!-- \/ Yoast SEO plugin. -->","yoast_head_json":{"title":"Juez de Control determina que Rosario Robles permanecer\u00e1 en prisi\u00f3n - Canal 7 SLP - 2022","robots":{"index":"index","follow":"follow","max-snippet":"max-snippet:-1","max-image-preview":"max-image-preview:large","max-video-preview":"max-video-preview:-1"},"canonical":"https:\/\/canal7slp.tv\/2022\/juez-de-control-determina-que-rosario-robles-permanecera-en-prision\/","og_locale":"es_ES","og_type":"article","og_title":"Juez de Control determina que Rosario Robles permanecer\u00e1 en prisi\u00f3n - Canal 7 SLP - 2022","og_description":"M\u00e9xico.- Ganther Alejandro Villar Ceballos, Juez de Control del Reclusorio Sur, se\u00f1al\u00f3 que el delito de \u201cuso indebido de funciones\u201d -por el que est\u00e1 procesada Mar\u00eda del Rosario Robles Berlanga- no ha prescrito, por lo que determin\u00f3 que la exfuncionaria permanecer\u00e1 en prisi\u00f3n. Cabe se\u00f1alar que Robles Berlanga no quiso acudir a las salas del Centro de Justicia Penal Federal y seg\u00fan su defensa, esa negativa deriv\u00f3 de ver por cuestiones de salud, debido a que la exsecretaria federal padeci\u00f3 COVID-19 y mantiene secuelas. Durante la misma, fueron indicados los antecedentes del amparo promovido y sus alcances a favor de [&hellip;]","og_url":"https:\/\/canal7slp.tv\/2022\/juez-de-control-determina-que-rosario-robles-permanecera-en-prision\/","og_site_name":"Canal 7 SLP - 2022","article_publisher":"https:\/\/www.facebook.com\/noticieroscanalsiete","article_published_time":"2022-02-05T22:49:40+00:00","og_image":[{"width":608,"height":342,"url":"https:\/\/canal7slp.tv\/2022\/wp-content\/uploads\/2022\/02\/02-2.jpg","type":"image\/jpeg"}],"author":"Edici\u00f3n Web","twitter_card":"summary_large_image","twitter_creator":"@NOTICIEROS7","twitter_site":"@NOTICIEROS7","twitter_misc":{"Escrito por":"Edici\u00f3n Web","Tiempo de lectura":"1 minuto"},"schema":{"@context":"https:\/\/schema.org","@graph":[{"@type":"Article","@id":"https:\/\/canal7slp.tv\/2022\/juez-de-control-determina-que-rosario-robles-permanecera-en-prision\/#article","isPartOf":{"@id":"https:\/\/canal7slp.tv\/2022\/juez-de-control-determina-que-rosario-robles-permanecera-en-prision\/"},"author":{"name":"Edici\u00f3n Web","@id":"https:\/\/canal7slp.tv\/2022\/#\/schema\/person\/429704152a21f5f856ce29aa69a238da"},"headline":"Juez de Control determina que Rosario Robles permanecer\u00e1 en prisi\u00f3n","datePublished":"2022-02-05T22:49:40+00:00","mainEntityOfPage":{"@id":"https:\/\/canal7slp.tv\/2022\/juez-de-control-determina-que-rosario-robles-permanecera-en-prision\/"},"wordCount":171,"publisher":{"@id":"https:\/\/canal7slp.tv\/2022\/#organization"},"image":{"@id":"https:\/\/canal7slp.tv\/2022\/juez-de-control-determina-que-rosario-robles-permanecera-en-prision\/#primaryimage"},"thumbnailUrl":"https:\/\/canal7slp.tv\/2022\/wp-content\/uploads\/2022\/02\/02-2.jpg","articleSection":["NACIONALES"],"inLanguage":"es"},{"@type":"WebPage","@id":"https:\/\/canal7slp.tv\/2022\/juez-de-control-determina-que-rosario-robles-permanecera-en-prision\/","url":"https:\/\/canal7slp.tv\/2022\/juez-de-control-determina-que-rosario-robles-permanecera-en-prision\/","name":"Juez de Control determina que Rosario Robles permanecer\u00e1 en prisi\u00f3n - Canal 7 SLP - 2022","isPartOf":{"@id":"https:\/\/canal7slp.tv\/2022\/#website"},"primaryImageOfPage":{"@id":"https:\/\/canal7slp.tv\/2022\/juez-de-control-determina-que-rosario-robles-permanecera-en-prision\/#primaryimage"},"image":{"@id":"https:\/\/canal7slp.tv\/2022\/juez-de-control-determina-que-rosario-robles-permanecera-en-prision\/#primaryimage"},"thumbnailUrl":"https:\/\/canal7slp.tv\/2022\/wp-content\/uploads\/2022\/02\/02-2.jpg","datePublished":"2022-02-05T22:49:40+00:00","breadcrumb":{"@id":"https:\/\/canal7slp.tv\/2022\/juez-de-control-determina-que-rosario-robles-permanecera-en-prision\/#breadcrumb"},"inLanguage":"es","potentialAction":[{"@type":"ReadAction","target":["https:\/\/canal7slp.tv\/2022\/juez-de-control-determina-que-rosario-robles-permanecera-en-prision\/"]}]},{"@type":"ImageObject","inLanguage":"es","@id":"https:\/\/canal7slp.tv\/2022\/juez-de-control-determina-que-rosario-robles-permanecera-en-prision\/#primaryimage","url":"https:\/\/canal7slp.tv\/2022\/wp-content\/uploads\/2022\/02\/02-2.jpg","contentUrl":"https:\/\/canal7slp.tv\/2022\/wp-content\/uploads\/2022\/02\/02-2.jpg","width":608,"height":342},{"@type":"BreadcrumbList","@id":"https:\/\/canal7slp.tv\/2022\/juez-de-control-determina-que-rosario-robles-permanecera-en-prision\/#breadcrumb","itemListElement":[{"@type":"ListItem","position":1,"name":"Portada","item":"https:\/\/canal7slp.tv\/2022\/"},{"@type":"ListItem","position":2,"name":"Juez de Control determina que Rosario Robles permanecer\u00e1 en prisi\u00f3n"}]},{"@type":"WebSite","@id":"https:\/\/canal7slp.tv\/2022\/#website","url":"https:\/\/canal7slp.tv\/2022\/","name":"N7 - Noticieros Canal 7","description":"Somos Televisi\u00f3n","publisher":{"@id":"https:\/\/canal7slp.tv\/2022\/#organization"},"potentialAction":[{"@type":"SearchAction","target":{"@type":"EntryPoint","urlTemplate":"https:\/\/canal7slp.tv\/2022\/?s={search_term_string}"},"query-input":{"@type":"PropertyValueSpecification","valueRequired":true,"valueName":"search_term_string"}}],"inLanguage":"es"},{"@type":"Organization","@id":"https:\/\/canal7slp.tv\/2022\/#organization","name":"Noticieros Canal 7","url":"https:\/\/canal7slp.tv\/2022\/","logo":{"@type":"ImageObject","inLanguage":"es","@id":"https:\/\/canal7slp.tv\/2022\/#\/schema\/logo\/image\/","url":"https:\/\/canal7slp.tv\/2022\/wp-content\/uploads\/2021\/01\/logo-noticieros@2x.png","contentUrl":"https:\/\/canal7slp.tv\/2022\/wp-content\/uploads\/2021\/01\/logo-noticieros@2x.png","width":1017,"height":268,"caption":"Noticieros Canal 7"},"image":{"@id":"https:\/\/canal7slp.tv\/2022\/#\/schema\/logo\/image\/"},"sameAs":["https:\/\/www.facebook.com\/noticieroscanalsiete","https:\/\/x.com\/NOTICIEROS7","https:\/\/www.instagram.com\/canal7_slp","https:\/\/www.youtube.com\/channel\/UCliiYs-gP3JfJeqdPrNdd5A"]},{"@type":"Person","@id":"https:\/\/canal7slp.tv\/2022\/#\/schema\/person\/429704152a21f5f856ce29aa69a238da","name":"Edici\u00f3n Web","image":{"@type":"ImageObject","inLanguage":"es","@id":"https:\/\/secure.gravatar.com\/avatar\/eee448fc3f7164808013b816ba91ac7e43bbe82a70bebac296f8bc6f0addaa1a?s=96&d=mm&r=g","url":"https:\/\/secure.gravatar.com\/avatar\/eee448fc3f7164808013b816ba91ac7e43bbe82a70bebac296f8bc6f0addaa1a?s=96&d=mm&r=g","contentUrl":"https:\/\/secure.gravatar.com\/avatar\/eee448fc3f7164808013b816ba91ac7e43bbe82a70bebac296f8bc6f0addaa1a?s=96&d=mm&r=g","caption":"Edici\u00f3n Web"},"url":"https:\/\/canal7slp.tv\/2022\/author\/edicionweb\/"}]}},"amp_enabled":true,"_links":{"self":[{"href":"https:\/\/canal7slp.tv\/2022\/wp-json\/wp\/v2\/posts\/50271","targetHints":{"allow":["GET"]}}],"collection":[{"href":"https:\/\/canal7slp.tv\/2022\/wp-json\/wp\/v2\/posts"}],"about":[{"href":"https:\/\/canal7slp.tv\/2022\/wp-json\/wp\/v2\/types\/post"}],"author":[{"embeddable":true,"href":"https:\/\/canal7slp.tv\/2022\/wp-json\/wp\/v2\/users\/2"}],"replies":[{"embeddable":true,"href":"https:\/\/canal7slp.tv\/2022\/wp-json\/wp\/v2\/comments?post=50271"}],"version-history":[{"count":2,"href":"https:\/\/canal7slp.tv\/2022\/wp-json\/wp\/v2\/posts\/50271\/revisions"}],"predecessor-version":[{"id":50288,"href":"https:\/\/canal7slp.tv\/2022\/wp-json\/wp\/v2\/posts\/50271\/revisions\/50288"}],"wp:featuredmedia":[{"embeddable":true,"href":"https:\/\/canal7slp.tv\/2022\/wp-json\/wp\/v2\/media\/50281"}],"wp:attachment":[{"href":"https:\/\/canal7slp.tv\/2022\/wp-json\/wp\/v2\/media?parent=50271"}],"wp:term":[{"taxonomy":"category","embeddable":true,"href":"https:\/\/canal7slp.tv\/2022\/wp-json\/wp\/v2\/categories?post=50271"},{"taxonomy":"post_tag","embeddable":true,"href":"https:\/\/canal7slp.tv\/2022\/wp-json\/wp\/v2\/tags?post=50271"}],"curies":[{"name":"wp","href":"https:\/\/api.w.org\/{rel}","templated":true}]}}